{"id":17897,"date":"2023-09-20T16:23:32","date_gmt":"2023-09-20T14:23:32","guid":{"rendered":"https:\/\/agora.xtec.cat\/escmadorell\/?p=17897"},"modified":"2023-09-20T16:23:32","modified_gmt":"2023-09-20T14:23:32","slug":"1r-consell-dalumnes-del-curs","status":"publish","type":"post","link":"https:\/\/agora.xtec.cat\/escmadorell\/portada\/1r-consell-dalumnes-del-curs\/","title":{"rendered":"1r Consell d&#8217;alumnes del curs"},"content":{"rendered":"<p>Fam\u00edlies,<\/p>\n<p>Avui hem realitzat el 1r Consell d&#8217;Alumnes de l&#8217;escola d&#8217;aquest curs. Infant d&#8217;I5 fins a 6\u00e8 han parlat sobre els seg\u00fcents temes:<\/p>\n<ul>\n<li>Benvinguda<\/li>\n<li>Nit de la Recerca<\/li>\n<li>Centenari del naixement d\u2019en Josep Maria Madorell<\/li>\n<li>Recull de propostes d\u2019algun grup<\/li>\n<li>Col\u00f2nies<\/li>\n<li>Dec\u00e0leg del \u201cSaber estar\u201d\n<p>Acords:<\/li>\n<li>Amb la festa major de Molins celebrem la Nit de la Recerca, totes les fam\u00edlies de l\u2019escola estan convidades a la Biblioteca Municipal a les 18:30 per assistir a una xerrada al voltant de l\u2019ODS 15.<\/li>\n<li>El 7\/11\/2023 inaugurem l&#8217;exposici\u00f3 del centenari del naixement d\u2019en Josep Maria Madorell. Tots els nens i nenes hi participarem (dibuixos, c\u00f2mics\u2026).<\/li>\n<li>Marxarem de col\u00f2nies: I5, 1r, 2n, 3r, 4t i 5\u00e8. Podrem practicar el \u201cSaber estar\u201d (CONVIVIM).<\/li>\n<li>Farem arribar fotocopiat el \u201cCONVIVIM\u201d a cada classe perqu\u00e8 quedi clar qu\u00e8 representa aquest dec\u00e0leg i al proper Consell ens diguin si es comprometen a treballar-lo.<\/li>\n<\/ul>\n","protected":false},"excerpt":{"rendered":"<p>Fam\u00edlies,<br \/>\nAvui hem realitzat el 1r Consell d&#8217;Alumnes de l&#8217;escola d&#8217;aquest curs. Infant d&#8217;I5 fins a 6\u00e8 han parlat sobre els seg\u00fcents temes:<\/p>\n<ul>\n<li>Benvinguda<\/li>\n<li>Nit de la Recerca<\/li>\n<li>Centenari del naixement d\u2019en Josep Maria Madorell<\/li>\n<li>Recull de propostes d\u2019algun grup<\/li>\n<li>Col\u00f2nies<\/li>\n<li>Dec\u00e0leg del \u201cSaber estar\u201d<br \/>\nAcords:<\/li>\n<li>Amb la festa major de Molins celebrem la&hellip;  <a href=\"https:\/\/agora.xtec.cat\/escmadorell\/portada\/1r-consell-dalumnes-del-curs\/\" title=\"Read 1r Consell d&#8217;alumnes del curs\">Llegeix m\u00e9s\u00bb<\/a><br \/>\n","protected":false},"author":4,"featured_media":0,"comment_status":"open","ping_status":"closed","sticky":false,"template":"","format":"standard","meta":{"_bbp_topic_count":0,"_bbp_reply_count":0,"_bbp_total_topic_count":0,"_bbp_total_reply_count":0,"_bbp_voice_count":0,"_bbp_anonymous_reply_count":0,"_bbp_topic_count_hidden":0,"_bbp_reply_count_hidden":0,"_bbp_forum_subforum_count":0,"footnotes":""},"categories":[184,267,4],"tags":[],"class_list":["post-17897","post","type-post","status-publish","format-standard","hentry","category-consell-dalumnes","category-curs-23-24","category-portada"],"post_mailing_queue_ids":[],"_links":{"self":[{"href":"https:\/\/agora.xtec.cat\/escmadorell\/wp-json\/wp\/v2\/posts\/17897","targetHints":{"allow":["GET"]}}],"collection":[{"href":"https:\/\/agora.xtec.cat\/escmadorell\/wp-json\/wp\/v2\/posts"}],"about":[{"href":"https:\/\/agora.xtec.cat\/escmadorell\/wp-json\/wp\/v2\/types\/post"}],"author":[{"embeddable":true,"href":"https:\/\/agora.xtec.cat\/escmadorell\/wp-json\/wp\/v2\/users\/4"}],"replies":[{"embeddable":true,"href":"https:\/\/agora.xtec.cat\/escmadorell\/wp-json\/wp\/v2\/comments?post=17897"}],"version-history":[{"count":1,"href":"https:\/\/agora.xtec.cat\/escmadorell\/wp-json\/wp\/v2\/posts\/17897\/revisions"}],"predecessor-version":[{"id":17898,"href":"https:\/\/agora.xtec.cat\/escmadorell\/wp-json\/wp\/v2\/posts\/17897\/revisions\/17898"}],"wp:attachment":[{"href":"https:\/\/agora.xtec.cat\/escmadorell\/wp-json\/wp\/v2\/media?parent=17897"}],"wp:term":[{"taxonomy":"category","embeddable":true,"href":"https:\/\/agora.xtec.cat\/escmadorell\/wp-json\/wp\/v2\/categories?post=17897"},{"taxonomy":"post_tag","embeddable":true,"href":"https:\/\/agora.xtec.cat\/escmadorell\/wp-json\/wp\/v2\/tags?post=17897"}],"curies":[{"name":"wp","href":"https:\/\/api.w.org\/{rel}","templated":true}]}}