{"id":17353,"date":"2023-03-13T12:13:09","date_gmt":"2023-03-13T11:13:09","guid":{"rendered":"https:\/\/agora.xtec.cat\/escmadorell\/?p=17353"},"modified":"2023-04-13T16:04:25","modified_gmt":"2023-04-13T14:04:25","slug":"expertes-en-nuvols","status":"publish","type":"post","link":"https:\/\/agora.xtec.cat\/escmadorell\/primaria\/expertes-en-nuvols\/","title":{"rendered":"EXPERTES EN N\u00daVOLS!"},"content":{"rendered":"<p><span style=\"font-weight: 400;\">Fa un parell de setmanes que tots els cursos de l\u2019escola han comen\u00e7at a treballar en el seu projecte Magnet.\u00a0<\/span><\/p>\n<p><span style=\"font-weight: 400;\">Doncs la classe d&#8217;I5, del cel, ens va venir a visitar amb una proposta. Els havien vingut al cap moltes preguntes sobre el n\u00favols, i sabent que som els encarregats de la meteorologia a l\u2019escola, ens van venir a demanar informaci\u00f3.\u00a0<\/span><\/p>\n<p><span style=\"font-weight: 400;\">Molt engrescats amb l\u2019enc\u00e0rrec, vam proposar-los de fer una exposici\u00f3 on els explicar\u00edem diferents cosetes sobre els n\u00favols i els diferents tipus que poden haver-hi. Van acceptar encantats!\u00a0<\/span><\/p>\n<p><span style=\"font-weight: 400;\">Quan vam fer la nuvolp\u00e8dia per grups, vam classificar diferents tipus de n\u00favols. Doncs vam aprofitar aquest recull per preparar-nos l\u2019exposici\u00f3. I despr\u00e9s d\u2019unes quantes sessions de preparaci\u00f3, va arribar el dia de retrobar-nos i compartir coneixements.<\/span><\/p>\n<p><span style=\"font-weight: 400;\">Va ser una estona molt enriquidora per tots i totes. Grans i petits vam poder aprendre els uns dels altres. I segons les informacions que ens han arribat, els nens i nenes de I5 van quedar encantats amb l\u2019exposici\u00f3. I nosaltres, molt satisfetes!<\/span><\/p>\n<p>&nbsp;<\/p>\n<p><a href=\"https:\/\/agora.xtec.cat\/escmadorell\/wp-content\/uploads\/usu1350\/2023\/03\/Foto-3.jpg\"><img loading=\"lazy\" decoding=\"async\" class=\"alignnone size-medium wp-image-17354\" src=\"https:\/\/agora.xtec.cat\/escmadorell\/wp-content\/uploads\/usu1350\/2023\/03\/Foto-3-300x181.jpg\" alt=\"\" width=\"300\" height=\"181\" srcset=\"https:\/\/agora.xtec.cat\/escmadorell\/wp-content\/uploads\/usu1350\/2023\/03\/Foto-3-300x181.jpg 300w, https:\/\/agora.xtec.cat\/escmadorell\/wp-content\/uploads\/usu1350\/2023\/03\/Foto-3-1024x617.jpg 1024w, https:\/\/agora.xtec.cat\/escmadorell\/wp-content\/uploads\/usu1350\/2023\/03\/Foto-3-768x463.jpg 768w, https:\/\/agora.xtec.cat\/escmadorell\/wp-content\/uploads\/usu1350\/2023\/03\/Foto-3-1536x925.jpg 1536w, https:\/\/agora.xtec.cat\/escmadorell\/wp-content\/uploads\/usu1350\/2023\/03\/Foto-3.jpg 1600w\" sizes=\"auto, (max-width: 300px) 100vw, 300px\" \/><\/a> <a href=\"https:\/\/agora.xtec.cat\/escmadorell\/wp-content\/uploads\/usu1350\/2023\/03\/Foto-2.jpg\"><img loading=\"lazy\" decoding=\"async\" class=\"alignnone size-medium wp-image-17355\" src=\"https:\/\/agora.xtec.cat\/escmadorell\/wp-content\/uploads\/usu1350\/2023\/03\/Foto-2-300x225.jpg\" alt=\"\" width=\"300\" height=\"225\" srcset=\"https:\/\/agora.xtec.cat\/escmadorell\/wp-content\/uploads\/usu1350\/2023\/03\/Foto-2-300x225.jpg 300w, https:\/\/agora.xtec.cat\/escmadorell\/wp-content\/uploads\/usu1350\/2023\/03\/Foto-2-1024x768.jpg 1024w, https:\/\/agora.xtec.cat\/escmadorell\/wp-content\/uploads\/usu1350\/2023\/03\/Foto-2-768x576.jpg 768w, https:\/\/agora.xtec.cat\/escmadorell\/wp-content\/uploads\/usu1350\/2023\/03\/Foto-2-1536x1152.jpg 1536w, https:\/\/agora.xtec.cat\/escmadorell\/wp-content\/uploads\/usu1350\/2023\/03\/Foto-2-200x150.jpg 200w, https:\/\/agora.xtec.cat\/escmadorell\/wp-content\/uploads\/usu1350\/2023\/03\/Foto-2.jpg 2000w\" sizes=\"auto, (max-width: 300px) 100vw, 300px\" \/><\/a> <a href=\"https:\/\/agora.xtec.cat\/escmadorell\/wp-content\/uploads\/usu1350\/2023\/03\/Foto-1.jpg\"><img loading=\"lazy\" decoding=\"async\" class=\"alignnone size-medium wp-image-17356\" src=\"https:\/\/agora.xtec.cat\/escmadorell\/wp-content\/uploads\/usu1350\/2023\/03\/Foto-1-300x225.jpg\" alt=\"\" width=\"300\" height=\"225\" srcset=\"https:\/\/agora.xtec.cat\/escmadorell\/wp-content\/uploads\/usu1350\/2023\/03\/Foto-1-300x225.jpg 300w, https:\/\/agora.xtec.cat\/escmadorell\/wp-content\/uploads\/usu1350\/2023\/03\/Foto-1-1024x768.jpg 1024w, https:\/\/agora.xtec.cat\/escmadorell\/wp-content\/uploads\/usu1350\/2023\/03\/Foto-1-768x576.jpg 768w, https:\/\/agora.xtec.cat\/escmadorell\/wp-content\/uploads\/usu1350\/2023\/03\/Foto-1-1536x1152.jpg 1536w, https:\/\/agora.xtec.cat\/escmadorell\/wp-content\/uploads\/usu1350\/2023\/03\/Foto-1-200x150.jpg 200w, https:\/\/agora.xtec.cat\/escmadorell\/wp-content\/uploads\/usu1350\/2023\/03\/Foto-1.jpg 2000w\" sizes=\"auto, (max-width: 300px) 100vw, 300px\" \/><\/a><\/p>\n","protected":false},"excerpt":{"rendered":"<p>Fa un parell de setmanes que tots els cursos de l\u2019escola han comen\u00e7at a treballar en el seu projecte Magnet.\u00a0<br \/>\nDoncs la classe d&#8217;I5, del cel, ens va venir a visitar amb una proposta. Els havien vingut al cap moltes preguntes sobre el n\u00favols, i sabent&hellip;  <a href=\"https:\/\/agora.xtec.cat\/escmadorell\/primaria\/expertes-en-nuvols\/\" title=\"Read EXPERTES EN N\u00daVOLS!\">Llegeix m\u00e9s\u00bb<\/a><\/p>\n","protected":false},"author":42,"featured_media":0,"comment_status":"open","ping_status":"closed","sticky":false,"template":"","format":"standard","meta":{"_bbp_topic_count":0,"_bbp_reply_count":0,"_bbp_total_topic_count":0,"_bbp_total_reply_count":0,"_bbp_voice_count":0,"_bbp_anonymous_reply_count":0,"_bbp_topic_count_hidden":0,"_bbp_reply_count_hidden":0,"_bbp_forum_subforum_count":0,"footnotes":""},"categories":[14,257,5],"tags":[],"class_list":["post-17353","post","type-post","status-publish","format-standard","hentry","category-5e","category-curs-22-23","category-primaria"],"post_mailing_queue_ids":[],"_links":{"self":[{"href":"https:\/\/agora.xtec.cat\/escmadorell\/wp-json\/wp\/v2\/posts\/17353","targetHints":{"allow":["GET"]}}],"collection":[{"href":"https:\/\/agora.xtec.cat\/escmadorell\/wp-json\/wp\/v2\/posts"}],"about":[{"href":"https:\/\/agora.xtec.cat\/escmadorell\/wp-json\/wp\/v2\/types\/post"}],"author":[{"embeddable":true,"href":"https:\/\/agora.xtec.cat\/escmadorell\/wp-json\/wp\/v2\/users\/42"}],"replies":[{"embeddable":true,"href":"https:\/\/agora.xtec.cat\/escmadorell\/wp-json\/wp\/v2\/comments?post=17353"}],"version-history":[{"count":2,"href":"https:\/\/agora.xtec.cat\/escmadorell\/wp-json\/wp\/v2\/posts\/17353\/revisions"}],"predecessor-version":[{"id":17358,"href":"https:\/\/agora.xtec.cat\/escmadorell\/wp-json\/wp\/v2\/posts\/17353\/revisions\/17358"}],"wp:attachment":[{"href":"https:\/\/agora.xtec.cat\/escmadorell\/wp-json\/wp\/v2\/media?parent=17353"}],"wp:term":[{"taxonomy":"category","embeddable":true,"href":"https:\/\/agora.xtec.cat\/escmadorell\/wp-json\/wp\/v2\/categories?post=17353"},{"taxonomy":"post_tag","embeddable":true,"href":"https:\/\/agora.xtec.cat\/escmadorell\/wp-json\/wp\/v2\/tags?post=17353"}],"curies":[{"name":"wp","href":"https:\/\/api.w.org\/{rel}","templated":true}]}}