{"id":16807,"date":"2022-11-18T13:43:36","date_gmt":"2022-11-18T12:43:36","guid":{"rendered":"https:\/\/agora.xtec.cat\/escmadorell\/?p=16807"},"modified":"2022-12-21T15:52:57","modified_gmt":"2022-12-21T14:52:57","slug":"expertes-en-meteorologia","status":"publish","type":"post","link":"https:\/\/agora.xtec.cat\/escmadorell\/primaria\/expertes-en-meteorologia\/","title":{"rendered":"Expertes en Meteorologia!"},"content":{"rendered":"<p><span style=\"font-weight: 400;\">Els nens i nenes de 5\u00e8 som els encarregats, durant aquest curs, d\u2019informar a l\u2019escola el temps que fa cada dia. Ho fem a primera hora del dia i ho informem per megafonia. Cada dia els hi toca a dues persones de la classe. \u00c9s una tasca que realitzem amb moltes ganes.\u00a0<\/span><\/p>\n<p><span style=\"font-weight: 400;\">\u00c9s un dels motius pels quals la primera sortida que hem fet aquest curs ha estat anar a Can Santoi, un camp d\u2019aprenentatge on vam fer una s\u00e8rie d\u2019activitats relacionades amb la meteorologia.\u00a0<\/span><\/p>\n<p><span style=\"font-weight: 400;\">Entre altres temes, a Can Santoi ens van parlar dels diferents tipus de n\u00favols i ho vam veure tan interessant que a classe ens hem posat a crear la nostra pr\u00f2pia \u201cnuvolp\u00e8dia\u201d. Un recull d\u2019imatges dels diferents tipus de n\u00favols creats per nosaltres amb cot\u00f3, acompanyats de la seva explicaci\u00f3. Cada tipus de n\u00favol t\u00e9 un s\u00edmbol, una altura, i una composici\u00f3 diferents, ja que hi ha n\u00favols que estan formats d\u2019aigua i altres de cristalls de gel segons a quina altura es situ\u00efn. Tamb\u00e9 sabem que hi ha n\u00favols que produeixen precipitacions i d\u2019altres que no.\u00a0<\/span><\/p>\n<p><span style=\"font-weight: 400;\">Totes aquestes activitats ens serviran tamb\u00e9 per al nostre programa de r\u00e0dio, en el que parlarem de diferents temes relacionats amb la meteorologia, el temps atmosf\u00e8ric, i el canvi clim\u00e0tic. De moment l\u2019hem comen\u00e7at a planificar, i aviat ens podr\u00e0 escoltar tota la comunitat educativa de l\u2019escola parlant d\u2019aquests temes.\u00a0<\/span><\/p>\n<p><span style=\"font-weight: 400;\">Estem molt \u201cmeteoengrescades\u201d!\u00a0<\/span><\/p>\n<p><a href=\"https:\/\/agora.xtec.cat\/escmadorell\/wp-content\/uploads\/usu1350\/2022\/11\/Foto-AW5e-2-scaled.jpg\"><img loading=\"lazy\" decoding=\"async\" class=\"alignnone wp-image-16808\" src=\"https:\/\/agora.xtec.cat\/escmadorell\/wp-content\/uploads\/usu1350\/2022\/11\/Foto-AW5e-2-300x176.jpg\" alt=\"\" width=\"350\" height=\"205\" srcset=\"https:\/\/agora.xtec.cat\/escmadorell\/wp-content\/uploads\/usu1350\/2022\/11\/Foto-AW5e-2-300x176.jpg 300w, https:\/\/agora.xtec.cat\/escmadorell\/wp-content\/uploads\/usu1350\/2022\/11\/Foto-AW5e-2-1024x600.jpg 1024w, https:\/\/agora.xtec.cat\/escmadorell\/wp-content\/uploads\/usu1350\/2022\/11\/Foto-AW5e-2-768x450.jpg 768w, https:\/\/agora.xtec.cat\/escmadorell\/wp-content\/uploads\/usu1350\/2022\/11\/Foto-AW5e-2-1536x900.jpg 1536w, https:\/\/agora.xtec.cat\/escmadorell\/wp-content\/uploads\/usu1350\/2022\/11\/Foto-AW5e-2-2048x1200.jpg 2048w\" sizes=\"auto, (max-width: 350px) 100vw, 350px\" \/><\/a> <a href=\"https:\/\/agora.xtec.cat\/escmadorell\/wp-content\/uploads\/usu1350\/2022\/11\/Foto-AW5e-1-scaled.jpg\"><img loading=\"lazy\" decoding=\"async\" class=\"alignnone wp-image-16809\" src=\"https:\/\/agora.xtec.cat\/escmadorell\/wp-content\/uploads\/usu1350\/2022\/11\/Foto-AW5e-1-300x157.jpg\" alt=\"\" width=\"350\" height=\"183\" srcset=\"https:\/\/agora.xtec.cat\/escmadorell\/wp-content\/uploads\/usu1350\/2022\/11\/Foto-AW5e-1-300x157.jpg 300w, https:\/\/agora.xtec.cat\/escmadorell\/wp-content\/uploads\/usu1350\/2022\/11\/Foto-AW5e-1-1024x537.jpg 1024w, https:\/\/agora.xtec.cat\/escmadorell\/wp-content\/uploads\/usu1350\/2022\/11\/Foto-AW5e-1-768x402.jpg 768w, https:\/\/agora.xtec.cat\/escmadorell\/wp-content\/uploads\/usu1350\/2022\/11\/Foto-AW5e-1-1536x805.jpg 1536w, https:\/\/agora.xtec.cat\/escmadorell\/wp-content\/uploads\/usu1350\/2022\/11\/Foto-AW5e-1-2048x1073.jpg 2048w\" sizes=\"auto, (max-width: 350px) 100vw, 350px\" \/><\/a><a href=\"https:\/\/agora.xtec.cat\/escmadorell\/wp-content\/uploads\/usu1350\/2022\/11\/Foto-AW-5e-4-1.jpg\"><img loading=\"lazy\" decoding=\"async\" class=\"alignnone wp-image-16810\" src=\"https:\/\/agora.xtec.cat\/escmadorell\/wp-content\/uploads\/usu1350\/2022\/11\/Foto-AW-5e-4-1-300x225.jpg\" alt=\"\" width=\"350\" height=\"263\" srcset=\"https:\/\/agora.xtec.cat\/escmadorell\/wp-content\/uploads\/usu1350\/2022\/11\/Foto-AW-5e-4-1-300x225.jpg 300w, https:\/\/agora.xtec.cat\/escmadorell\/wp-content\/uploads\/usu1350\/2022\/11\/Foto-AW-5e-4-1-1024x768.jpg 1024w, https:\/\/agora.xtec.cat\/escmadorell\/wp-content\/uploads\/usu1350\/2022\/11\/Foto-AW-5e-4-1-768x576.jpg 768w, https:\/\/agora.xtec.cat\/escmadorell\/wp-content\/uploads\/usu1350\/2022\/11\/Foto-AW-5e-4-1-1536x1152.jpg 1536w, https:\/\/agora.xtec.cat\/escmadorell\/wp-content\/uploads\/usu1350\/2022\/11\/Foto-AW-5e-4-1-200x150.jpg 200w, https:\/\/agora.xtec.cat\/escmadorell\/wp-content\/uploads\/usu1350\/2022\/11\/Foto-AW-5e-4-1.jpg 2001w\" sizes=\"auto, (max-width: 350px) 100vw, 350px\" \/><\/a> <a href=\"https:\/\/agora.xtec.cat\/escmadorell\/wp-content\/uploads\/usu1350\/2022\/11\/Foto-AW5e-3-1.jpg\"><img loading=\"lazy\" decoding=\"async\" class=\"alignnone wp-image-16811\" src=\"https:\/\/agora.xtec.cat\/escmadorell\/wp-content\/uploads\/usu1350\/2022\/11\/Foto-AW5e-3-1-300x225.jpg\" alt=\"\" width=\"350\" height=\"263\" srcset=\"https:\/\/agora.xtec.cat\/escmadorell\/wp-content\/uploads\/usu1350\/2022\/11\/Foto-AW5e-3-1-300x225.jpg 300w, https:\/\/agora.xtec.cat\/escmadorell\/wp-content\/uploads\/usu1350\/2022\/11\/Foto-AW5e-3-1-1024x768.jpg 1024w, https:\/\/agora.xtec.cat\/escmadorell\/wp-content\/uploads\/usu1350\/2022\/11\/Foto-AW5e-3-1-768x576.jpg 768w, https:\/\/agora.xtec.cat\/escmadorell\/wp-content\/uploads\/usu1350\/2022\/11\/Foto-AW5e-3-1-200x150.jpg 200w, https:\/\/agora.xtec.cat\/escmadorell\/wp-content\/uploads\/usu1350\/2022\/11\/Foto-AW5e-3-1.jpg 1500w\" sizes=\"auto, (max-width: 350px) 100vw, 350px\" \/><\/a><\/p>\n","protected":false},"excerpt":{"rendered":"<p>Els nens i nenes de 5\u00e8 som els encarregats, durant aquest curs, d\u2019informar a l\u2019escola el temps que fa cada dia. Ho fem a primera hora del dia i ho informem per megafonia. Cada dia els hi toca a dues persones de la classe. \u00c9s&hellip;  <a href=\"https:\/\/agora.xtec.cat\/escmadorell\/primaria\/expertes-en-meteorologia\/\" title=\"Read Expertes en Meteorologia!\">Llegeix m\u00e9s\u00bb<\/a><\/p>\n","protected":false},"author":42,"featured_media":0,"comment_status":"open","ping_status":"closed","sticky":false,"template":"","format":"standard","meta":{"_bbp_topic_count":0,"_bbp_reply_count":0,"_bbp_total_topic_count":0,"_bbp_total_reply_count":0,"_bbp_voice_count":0,"_bbp_anonymous_reply_count":0,"_bbp_topic_count_hidden":0,"_bbp_reply_count_hidden":0,"_bbp_forum_subforum_count":0,"footnotes":""},"categories":[14,257,5],"tags":[],"class_list":["post-16807","post","type-post","status-publish","format-standard","hentry","category-5e","category-curs-22-23","category-primaria"],"post_mailing_queue_ids":[],"_links":{"self":[{"href":"https:\/\/agora.xtec.cat\/escmadorell\/wp-json\/wp\/v2\/posts\/16807","targetHints":{"allow":["GET"]}}],"collection":[{"href":"https:\/\/agora.xtec.cat\/escmadorell\/wp-json\/wp\/v2\/posts"}],"about":[{"href":"https:\/\/agora.xtec.cat\/escmadorell\/wp-json\/wp\/v2\/types\/post"}],"author":[{"embeddable":true,"href":"https:\/\/agora.xtec.cat\/escmadorell\/wp-json\/wp\/v2\/users\/42"}],"replies":[{"embeddable":true,"href":"https:\/\/agora.xtec.cat\/escmadorell\/wp-json\/wp\/v2\/comments?post=16807"}],"version-history":[{"count":1,"href":"https:\/\/agora.xtec.cat\/escmadorell\/wp-json\/wp\/v2\/posts\/16807\/revisions"}],"predecessor-version":[{"id":16812,"href":"https:\/\/agora.xtec.cat\/escmadorell\/wp-json\/wp\/v2\/posts\/16807\/revisions\/16812"}],"wp:attachment":[{"href":"https:\/\/agora.xtec.cat\/escmadorell\/wp-json\/wp\/v2\/media?parent=16807"}],"wp:term":[{"taxonomy":"category","embeddable":true,"href":"https:\/\/agora.xtec.cat\/escmadorell\/wp-json\/wp\/v2\/categories?post=16807"},{"taxonomy":"post_tag","embeddable":true,"href":"https:\/\/agora.xtec.cat\/escmadorell\/wp-json\/wp\/v2\/tags?post=16807"}],"curies":[{"name":"wp","href":"https:\/\/api.w.org\/{rel}","templated":true}]}}