{"id":16305,"date":"2022-05-20T13:04:55","date_gmt":"2022-05-20T11:04:55","guid":{"rendered":"https:\/\/agora.xtec.cat\/escmadorell\/?p=16305"},"modified":"2022-10-19T12:59:53","modified_gmt":"2022-10-19T10:59:53","slug":"cantata-on-es-el-pont","status":"publish","type":"post","link":"https:\/\/agora.xtec.cat\/escmadorell\/general\/cantata-on-es-el-pont\/","title":{"rendered":"Cantata &#8220;On \u00e9s el Pont?&#8221;"},"content":{"rendered":"<p>Els infants de 4t hem participat en la <a href=\"https:\/\/www.molinsderei.cat\/es\/cantata-on-es-el-pont\/\">cantata &#8220;On \u00e9s el Pont?&#8221;<\/a> juntament amb totes les escoles de Molins de Rei, per commemorar el 50\u00e8 aniversari de la caiguda del pont de les 15 arcades.<br \/>\nDespr\u00e9s d&#8217;haver apr\u00e8s totes les can\u00e7ons i moviments, ha estat un gran plaer poder gaudir d&#8217;aquest dia plegats.<\/p>\n<p><a href=\"https:\/\/agora.xtec.cat\/escmadorell\/wp-content\/uploads\/usu1350\/2022\/05\/84a7df1e-a4e8-4ad5-80fe-3d8f0b04f2fd.jpg\"><img loading=\"lazy\" decoding=\"async\" class=\"aligncenter wp-image-16306\" src=\"https:\/\/agora.xtec.cat\/escmadorell\/wp-content\/uploads\/usu1350\/2022\/05\/84a7df1e-a4e8-4ad5-80fe-3d8f0b04f2fd.jpg\" alt=\"\" width=\"650\" height=\"488\" srcset=\"https:\/\/agora.xtec.cat\/escmadorell\/wp-content\/uploads\/usu1350\/2022\/05\/84a7df1e-a4e8-4ad5-80fe-3d8f0b04f2fd.jpg 2000w, https:\/\/agora.xtec.cat\/escmadorell\/wp-content\/uploads\/usu1350\/2022\/05\/84a7df1e-a4e8-4ad5-80fe-3d8f0b04f2fd-300x225.jpg 300w, https:\/\/agora.xtec.cat\/escmadorell\/wp-content\/uploads\/usu1350\/2022\/05\/84a7df1e-a4e8-4ad5-80fe-3d8f0b04f2fd-1024x768.jpg 1024w, https:\/\/agora.xtec.cat\/escmadorell\/wp-content\/uploads\/usu1350\/2022\/05\/84a7df1e-a4e8-4ad5-80fe-3d8f0b04f2fd-768x576.jpg 768w, https:\/\/agora.xtec.cat\/escmadorell\/wp-content\/uploads\/usu1350\/2022\/05\/84a7df1e-a4e8-4ad5-80fe-3d8f0b04f2fd-1536x1152.jpg 1536w, https:\/\/agora.xtec.cat\/escmadorell\/wp-content\/uploads\/usu1350\/2022\/05\/84a7df1e-a4e8-4ad5-80fe-3d8f0b04f2fd-200x150.jpg 200w\" sizes=\"auto, (max-width: 650px) 100vw, 650px\" \/><\/a><\/p>\n","protected":false},"excerpt":{"rendered":"<p>Els infants de 4t hem participat en la <a href=\"https:\/\/www.molinsderei.cat\/es\/cantata-on-es-el-pont\/\">cantata &#8220;On \u00e9s el Pont?&#8221;<\/a> juntament amb totes les escoles de Molins de Rei, per commemorar el 50\u00e8 aniversari de la caiguda del pont de les 15 arcades.<br \/>\nDespr\u00e9s d&#8217;haver apr\u00e8s totes les can\u00e7ons i moviments, ha&hellip;  <a href=\"https:\/\/agora.xtec.cat\/escmadorell\/general\/cantata-on-es-el-pont\/\" title=\"Read Cantata &#8220;On \u00e9s el Pont?&#8221;\">Llegeix m\u00e9s\u00bb<\/a><\/p>\n","protected":false},"author":9,"featured_media":0,"comment_status":"open","ping_status":"closed","sticky":false,"template":"","format":"standard","meta":{"_bbp_topic_count":0,"_bbp_reply_count":0,"_bbp_total_topic_count":0,"_bbp_total_reply_count":0,"_bbp_voice_count":0,"_bbp_anonymous_reply_count":0,"_bbp_topic_count_hidden":0,"_bbp_reply_count_hidden":0,"_bbp_forum_subforum_count":0,"footnotes":""},"categories":[13,250,1,251,5],"tags":[],"class_list":["post-16305","post","type-post","status-publish","format-standard","hentry","category-4t","category-curs-21-22","category-general","category-musica","category-primaria"],"post_mailing_queue_ids":[],"_links":{"self":[{"href":"https:\/\/agora.xtec.cat\/escmadorell\/wp-json\/wp\/v2\/posts\/16305","targetHints":{"allow":["GET"]}}],"collection":[{"href":"https:\/\/agora.xtec.cat\/escmadorell\/wp-json\/wp\/v2\/posts"}],"about":[{"href":"https:\/\/agora.xtec.cat\/escmadorell\/wp-json\/wp\/v2\/types\/post"}],"author":[{"embeddable":true,"href":"https:\/\/agora.xtec.cat\/escmadorell\/wp-json\/wp\/v2\/users\/9"}],"replies":[{"embeddable":true,"href":"https:\/\/agora.xtec.cat\/escmadorell\/wp-json\/wp\/v2\/comments?post=16305"}],"version-history":[{"count":2,"href":"https:\/\/agora.xtec.cat\/escmadorell\/wp-json\/wp\/v2\/posts\/16305\/revisions"}],"predecessor-version":[{"id":16308,"href":"https:\/\/agora.xtec.cat\/escmadorell\/wp-json\/wp\/v2\/posts\/16305\/revisions\/16308"}],"wp:attachment":[{"href":"https:\/\/agora.xtec.cat\/escmadorell\/wp-json\/wp\/v2\/media?parent=16305"}],"wp:term":[{"taxonomy":"category","embeddable":true,"href":"https:\/\/agora.xtec.cat\/escmadorell\/wp-json\/wp\/v2\/categories?post=16305"},{"taxonomy":"post_tag","embeddable":true,"href":"https:\/\/agora.xtec.cat\/escmadorell\/wp-json\/wp\/v2\/tags?post=16305"}],"curies":[{"name":"wp","href":"https:\/\/api.w.org\/{rel}","templated":true}]}}