{"id":16173,"date":"2022-04-27T12:48:13","date_gmt":"2022-04-27T10:48:13","guid":{"rendered":"https:\/\/agora.xtec.cat\/escmadorell\/?p=16173"},"modified":"2022-10-19T12:56:28","modified_gmt":"2022-10-19T10:56:28","slug":"visita-de-la-colla-castellera-matossers-de-molins-de-rei","status":"publish","type":"post","link":"https:\/\/agora.xtec.cat\/escmadorell\/general\/visita-de-la-colla-castellera-matossers-de-molins-de-rei\/","title":{"rendered":"Visita de la colla castellera Matossers de Molins de Rei"},"content":{"rendered":"<p dir=\"ltr\" style=\"line-height: 1.38; margin-top: 0pt; margin-bottom: 0pt;\"><span style=\"font-size: 11pt; font-family: Arial; color: #000000; background-color: transparent; font-weight: 400; font-style: normal; font-variant: normal; text-decoration: none; vertical-align: baseline; white-space: pre-wrap;\">Els castellers de Molins de Rei van venir a l\u2019escola i ens ho vam passar molt b\u00e9.<\/span><\/p>\n<p dir=\"ltr\" style=\"line-height: 1.38; margin-top: 0pt; margin-bottom: 0pt;\"><span style=\"font-size: 11pt; font-family: Arial; color: #000000; background-color: transparent; font-weight: 400; font-style: normal; font-variant: normal; text-decoration: none; vertical-align: baseline; white-space: pre-wrap;\">Pr\u00e8viament vam treballar el conte <\/span><span style=\"font-size: 11pt; font-family: Arial; color: #000000; background-color: transparent; font-weight: bold; font-style: normal; font-variant: normal; text-decoration: none; vertical-align: baseline; white-space: pre-wrap;\">Jan, puges?<\/span><\/p>\n<p dir=\"ltr\" style=\"line-height: 1.38; margin-top: 0pt; margin-bottom: 0pt;\"><span style=\"font-size: 11pt; font-family: Arial; color: #000000; background-color: transparent; font-weight: 400; font-style: normal; font-variant: normal; text-decoration: none; vertical-align: baseline; white-space: pre-wrap;\">Despr\u00e9s ens van explicar la hist\u00f2ria dels Castellers. Ara ja sabem que porten una camisa marr\u00f3 argila perqu\u00e8 l\u2019antic Pont de les Quinze Arcades era de color marr\u00f3.<\/span><\/p>\n<p dir=\"ltr\" style=\"line-height: 1.38; margin-top: 0pt; margin-bottom: 0pt;\"><span style=\"font-size: 11pt; font-family: Arial; color: #000000; background-color: transparent; font-weight: 400; font-style: normal; font-variant: normal; text-decoration: none; vertical-align: baseline; white-space: pre-wrap;\">Tamb\u00e9 porten diferents instruments, com la gralla que els matossers tenen que escoltar per saber quan comencen a fer la torre els matossers. Per aix\u00f2 ens acompanyen els tambors i les gralles mentres es va formant el\u00a0 castell hum\u00e0. Aquests castells poden ser de 7 pisos, castells de 8, castells de 9\u2026<\/span><\/p>\n<p dir=\"ltr\" style=\"line-height: 1.38; margin-top: 0pt; margin-bottom: 0pt;\"><span style=\"font-size: 11pt; font-family: Arial; color: #000000; background-color: transparent; font-weight: 400; font-style: normal; font-variant: normal; text-decoration: none; vertical-align: baseline; white-space: pre-wrap;\">Despr\u00e9s vam anar al pati de l\u2019escola i ens van ensenyar com es posen una llarga faixa a la cintura de color negra molt ben enrotllada perqu\u00e8 protegeix l\u2019esquena dels matossers.<\/span><\/p>\n<p dir=\"ltr\" style=\"line-height: 1.38; margin-top: 0pt; margin-bottom: 0pt;\"><span style=\"font-size: 11pt; font-family: Arial; color: #000000; background-color: transparent; font-weight: 400; font-style: normal; font-variant: normal; text-decoration: none; vertical-align: baseline; white-space: pre-wrap;\">Finalment vam gaudir nosaltres de fer de matossers.<\/span><\/p>\n<p dir=\"ltr\" style=\"line-height: 1.38; margin-top: 0pt; margin-bottom: 0pt;\"><span style=\"font-size: 11pt; font-family: Arial; color: #000000; background-color: transparent; font-weight: 400; font-style: normal; font-variant: normal; text-decoration: none; vertical-align: baseline; white-space: pre-wrap;\">Primer un peu fins aqu\u00ed, un altre peu a la faixa, ara fes for\u00e7a amb els bra\u00e7os, amunt i fes l\u2019aleta.<\/span><\/p>\n<p dir=\"ltr\" style=\"line-height: 1.38; margin-top: 0pt; margin-bottom: 0pt;\"><span style=\"font-size: 11pt; font-family: Arial; color: #000000; background-color: transparent; font-weight: 400; font-style: normal; font-variant: normal; text-decoration: none; vertical-align: baseline; white-space: pre-wrap;\">Ara ja sabem que fer l\u2019aleta \u00e9s saludar des de dalt del castell aixecant la m\u00e0. Ho fa l\u2019enxaneta per dir a tothom que el castell esta carregat.<\/span><\/p>\n<p dir=\"ltr\" style=\"line-height: 1.38; margin-top: 0pt; margin-bottom: 0pt;\"><span style=\"font-size: 11pt; font-family: Arial; color: #000000; background-color: transparent; font-weight: 400; font-style: normal; font-variant: normal; text-decoration: none; vertical-align: baseline; white-space: pre-wrap;\">Aix\u00ed doncs, hem apr\u00e8s que amb una colla necessitem l&#8217;ajut de tothom per poder construir els castells m\u00e9s grans que hagis somiat.<\/span><\/p>\n<p><span id=\"docs-internal-guid-9a27bf88-7fff-9cbc-3c2f-11d56f92c58d\">\u00a0<\/span><\/p>\n<p dir=\"ltr\" style=\"line-height: 1.38; margin-top: 0pt; margin-bottom: 0pt;\"><span style=\"font-size: 11pt; font-family: Arial; color: #000000; background-color: transparent; font-weight: 400; font-style: normal; font-variant: normal; text-decoration: none; vertical-align: baseline; white-space: pre-wrap;\">CLASSE DEL PAPIR<\/span><\/p>\n<p dir=\"ltr\"><a href=\"https:\/\/agora.xtec.cat\/escmadorell\/wp-content\/uploads\/usu1350\/2022\/04\/PHOTO-2022-04-27-11-09-05.jpg\"><img loading=\"lazy\" decoding=\"async\" class=\"aligncenter  wp-image-16174\" src=\"https:\/\/agora.xtec.cat\/escmadorell\/wp-content\/uploads\/usu1350\/2022\/04\/PHOTO-2022-04-27-11-09-05.jpg\" alt=\"\" width=\"500\" height=\"667\" srcset=\"https:\/\/agora.xtec.cat\/escmadorell\/wp-content\/uploads\/usu1350\/2022\/04\/PHOTO-2022-04-27-11-09-05.jpg 768w, https:\/\/agora.xtec.cat\/escmadorell\/wp-content\/uploads\/usu1350\/2022\/04\/PHOTO-2022-04-27-11-09-05-225x300.jpg 225w\" sizes=\"auto, (max-width: 500px) 100vw, 500px\" \/><\/a> <a href=\"https:\/\/agora.xtec.cat\/escmadorell\/wp-content\/uploads\/usu1350\/2022\/04\/PHOTO-2022-04-27-11-08-37.jpg\"><img loading=\"lazy\" decoding=\"async\" class=\"aligncenter  wp-image-16175\" src=\"https:\/\/agora.xtec.cat\/escmadorell\/wp-content\/uploads\/usu1350\/2022\/04\/PHOTO-2022-04-27-11-08-37.jpg\" alt=\"\" width=\"500\" height=\"375\" srcset=\"https:\/\/agora.xtec.cat\/escmadorell\/wp-content\/uploads\/usu1350\/2022\/04\/PHOTO-2022-04-27-11-08-37.jpg 1024w, https:\/\/agora.xtec.cat\/escmadorell\/wp-content\/uploads\/usu1350\/2022\/04\/PHOTO-2022-04-27-11-08-37-300x225.jpg 300w, https:\/\/agora.xtec.cat\/escmadorell\/wp-content\/uploads\/usu1350\/2022\/04\/PHOTO-2022-04-27-11-08-37-768x576.jpg 768w, https:\/\/agora.xtec.cat\/escmadorell\/wp-content\/uploads\/usu1350\/2022\/04\/PHOTO-2022-04-27-11-08-37-200x150.jpg 200w\" sizes=\"auto, (max-width: 500px) 100vw, 500px\" \/><\/a> <a href=\"https:\/\/agora.xtec.cat\/escmadorell\/wp-content\/uploads\/usu1350\/2022\/04\/PHOTO-2022-04-27-11-07-19.jpg\"><img loading=\"lazy\" decoding=\"async\" class=\"aligncenter  wp-image-16176\" src=\"https:\/\/agora.xtec.cat\/escmadorell\/wp-content\/uploads\/usu1350\/2022\/04\/PHOTO-2022-04-27-11-07-19.jpg\" alt=\"\" width=\"500\" height=\"375\" srcset=\"https:\/\/agora.xtec.cat\/escmadorell\/wp-content\/uploads\/usu1350\/2022\/04\/PHOTO-2022-04-27-11-07-19.jpg 1024w, https:\/\/agora.xtec.cat\/escmadorell\/wp-content\/uploads\/usu1350\/2022\/04\/PHOTO-2022-04-27-11-07-19-300x225.jpg 300w, https:\/\/agora.xtec.cat\/escmadorell\/wp-content\/uploads\/usu1350\/2022\/04\/PHOTO-2022-04-27-11-07-19-768x576.jpg 768w, https:\/\/agora.xtec.cat\/escmadorell\/wp-content\/uploads\/usu1350\/2022\/04\/PHOTO-2022-04-27-11-07-19-200x150.jpg 200w\" sizes=\"auto, (max-width: 500px) 100vw, 500px\" \/><\/a><\/p>\n","protected":false},"excerpt":{"rendered":"<p>Els castellers de Molins de Rei van venir a l\u2019escola i ens ho vam passar molt b\u00e9.<br \/>\nPr\u00e8viament vam treballar el conte Jan, puges?<br \/>\nDespr\u00e9s ens van explicar la hist\u00f2ria dels Castellers. Ara ja sabem que porten una camisa marr\u00f3 argila perqu\u00e8 l\u2019antic Pont de les Quinze&hellip;  <a href=\"https:\/\/agora.xtec.cat\/escmadorell\/general\/visita-de-la-colla-castellera-matossers-de-molins-de-rei\/\" title=\"Read Visita de la colla castellera Matossers de Molins de Rei\">Llegeix m\u00e9s\u00bb<\/a><\/p>\n","protected":false},"author":9,"featured_media":0,"comment_status":"open","ping_status":"closed","sticky":false,"template":"","format":"standard","meta":{"_bbp_topic_count":0,"_bbp_reply_count":0,"_bbp_total_topic_count":0,"_bbp_total_reply_count":0,"_bbp_voice_count":0,"_bbp_anonymous_reply_count":0,"_bbp_topic_count_hidden":0,"_bbp_reply_count_hidden":0,"_bbp_forum_subforum_count":0,"footnotes":""},"categories":[10,250,1,5],"tags":[],"class_list":["post-16173","post","type-post","status-publish","format-standard","hentry","category-1r","category-curs-21-22","category-general","category-primaria"],"post_mailing_queue_ids":[],"_links":{"self":[{"href":"https:\/\/agora.xtec.cat\/escmadorell\/wp-json\/wp\/v2\/posts\/16173","targetHints":{"allow":["GET"]}}],"collection":[{"href":"https:\/\/agora.xtec.cat\/escmadorell\/wp-json\/wp\/v2\/posts"}],"about":[{"href":"https:\/\/agora.xtec.cat\/escmadorell\/wp-json\/wp\/v2\/types\/post"}],"author":[{"embeddable":true,"href":"https:\/\/agora.xtec.cat\/escmadorell\/wp-json\/wp\/v2\/users\/9"}],"replies":[{"embeddable":true,"href":"https:\/\/agora.xtec.cat\/escmadorell\/wp-json\/wp\/v2\/comments?post=16173"}],"version-history":[{"count":1,"href":"https:\/\/agora.xtec.cat\/escmadorell\/wp-json\/wp\/v2\/posts\/16173\/revisions"}],"predecessor-version":[{"id":16177,"href":"https:\/\/agora.xtec.cat\/escmadorell\/wp-json\/wp\/v2\/posts\/16173\/revisions\/16177"}],"wp:attachment":[{"href":"https:\/\/agora.xtec.cat\/escmadorell\/wp-json\/wp\/v2\/media?parent=16173"}],"wp:term":[{"taxonomy":"category","embeddable":true,"href":"https:\/\/agora.xtec.cat\/escmadorell\/wp-json\/wp\/v2\/categories?post=16173"},{"taxonomy":"post_tag","embeddable":true,"href":"https:\/\/agora.xtec.cat\/escmadorell\/wp-json\/wp\/v2\/tags?post=16173"}],"curies":[{"name":"wp","href":"https:\/\/api.w.org\/{rel}","templated":true}]}}