{"id":15688,"date":"2021-12-20T09:21:22","date_gmt":"2021-12-20T08:21:22","guid":{"rendered":"https:\/\/agora.xtec.cat\/escmadorell\/?p=15688"},"modified":"2022-02-23T12:18:22","modified_gmt":"2022-02-23T11:18:22","slug":"els-microespais","status":"publish","type":"post","link":"https:\/\/agora.xtec.cat\/escmadorell\/general\/els-microespais\/","title":{"rendered":"Els microespais"},"content":{"rendered":"<p><span style=\"font-weight: 400;\">A finals d\u2019aquest trimestre la classe del cel ha comen\u00e7at a treballar un cop a la setmana mitjan\u00e7ant microespais. Tot just comencen i els estan coneixent. Al mat\u00ed arriben i tenen tot un seguit de propostes que recullen diferents tipus de continguts: lectoescriptura, pr\u00e0xies bucofonat\u00f2ries, grafisme, numeraci\u00f3, seriacions, peces soltes, construcci\u00f3\u2026 De manera lliure van fent les diferents activitats, tot adaptant-les al nivell de cadasc\u00fa, compartint estones amb els companys i companyes, gaudint i sobretot APRENENT.\u00a0<\/span><\/p>\n<p><span style=\"font-weight: 400;\">Cada setmana aquestes propostes canvien aix\u00ed que entren motivats i amb ganes de saber qu\u00e8 els espera en arribar! Us deixem un recull d\u2019alguns d\u2019aquests microespais en imatges!<\/span><\/p>\n<p><a href=\"https:\/\/agora.xtec.cat\/escmadorell\/wp-content\/uploads\/usu1350\/2022\/01\/IMG_20211125_093810-scaled.jpg\"><img loading=\"lazy\" decoding=\"async\" class=\"aligncenter wp-image-15689\" src=\"https:\/\/agora.xtec.cat\/escmadorell\/wp-content\/uploads\/usu1350\/2022\/01\/IMG_20211125_093810-scaled.jpg\" alt=\"\" width=\"450\" height=\"338\" srcset=\"https:\/\/agora.xtec.cat\/escmadorell\/wp-content\/uploads\/usu1350\/2022\/01\/IMG_20211125_093810-scaled.jpg 2560w, https:\/\/agora.xtec.cat\/escmadorell\/wp-content\/uploads\/usu1350\/2022\/01\/IMG_20211125_093810-300x225.jpg 300w, https:\/\/agora.xtec.cat\/escmadorell\/wp-content\/uploads\/usu1350\/2022\/01\/IMG_20211125_093810-1024x768.jpg 1024w, https:\/\/agora.xtec.cat\/escmadorell\/wp-content\/uploads\/usu1350\/2022\/01\/IMG_20211125_093810-768x576.jpg 768w, https:\/\/agora.xtec.cat\/escmadorell\/wp-content\/uploads\/usu1350\/2022\/01\/IMG_20211125_093810-1536x1152.jpg 1536w, https:\/\/agora.xtec.cat\/escmadorell\/wp-content\/uploads\/usu1350\/2022\/01\/IMG_20211125_093810-2048x1536.jpg 2048w, https:\/\/agora.xtec.cat\/escmadorell\/wp-content\/uploads\/usu1350\/2022\/01\/IMG_20211125_093810-200x150.jpg 200w\" sizes=\"auto, (max-width: 450px) 100vw, 450px\" \/><\/a> <a href=\"https:\/\/agora.xtec.cat\/escmadorell\/wp-content\/uploads\/usu1350\/2022\/01\/IMG_20211125_094257-scaled.jpg\"><img loading=\"lazy\" decoding=\"async\" class=\"aligncenter wp-image-15690\" src=\"https:\/\/agora.xtec.cat\/escmadorell\/wp-content\/uploads\/usu1350\/2022\/01\/IMG_20211125_094257-scaled.jpg\" alt=\"\" width=\"450\" height=\"338\" srcset=\"https:\/\/agora.xtec.cat\/escmadorell\/wp-content\/uploads\/usu1350\/2022\/01\/IMG_20211125_094257-scaled.jpg 2560w, https:\/\/agora.xtec.cat\/escmadorell\/wp-content\/uploads\/usu1350\/2022\/01\/IMG_20211125_094257-300x225.jpg 300w, https:\/\/agora.xtec.cat\/escmadorell\/wp-content\/uploads\/usu1350\/2022\/01\/IMG_20211125_094257-1024x768.jpg 1024w, https:\/\/agora.xtec.cat\/escmadorell\/wp-content\/uploads\/usu1350\/2022\/01\/IMG_20211125_094257-768x576.jpg 768w, https:\/\/agora.xtec.cat\/escmadorell\/wp-content\/uploads\/usu1350\/2022\/01\/IMG_20211125_094257-1536x1152.jpg 1536w, https:\/\/agora.xtec.cat\/escmadorell\/wp-content\/uploads\/usu1350\/2022\/01\/IMG_20211125_094257-2048x1536.jpg 2048w, https:\/\/agora.xtec.cat\/escmadorell\/wp-content\/uploads\/usu1350\/2022\/01\/IMG_20211125_094257-200x150.jpg 200w\" sizes=\"auto, (max-width: 450px) 100vw, 450px\" \/><\/a> <a href=\"https:\/\/agora.xtec.cat\/escmadorell\/wp-content\/uploads\/usu1350\/2022\/01\/IMG_20211125_094437-scaled.jpg\"><img loading=\"lazy\" decoding=\"async\" class=\"aligncenter wp-image-15691\" src=\"https:\/\/agora.xtec.cat\/escmadorell\/wp-content\/uploads\/usu1350\/2022\/01\/IMG_20211125_094437-scaled.jpg\" alt=\"\" width=\"450\" height=\"600\" srcset=\"https:\/\/agora.xtec.cat\/escmadorell\/wp-content\/uploads\/usu1350\/2022\/01\/IMG_20211125_094437-scaled.jpg 1920w, https:\/\/agora.xtec.cat\/escmadorell\/wp-content\/uploads\/usu1350\/2022\/01\/IMG_20211125_094437-225x300.jpg 225w, https:\/\/agora.xtec.cat\/escmadorell\/wp-content\/uploads\/usu1350\/2022\/01\/IMG_20211125_094437-768x1024.jpg 768w, https:\/\/agora.xtec.cat\/escmadorell\/wp-content\/uploads\/usu1350\/2022\/01\/IMG_20211125_094437-1152x1536.jpg 1152w, https:\/\/agora.xtec.cat\/escmadorell\/wp-content\/uploads\/usu1350\/2022\/01\/IMG_20211125_094437-1536x2048.jpg 1536w\" sizes=\"auto, (max-width: 450px) 100vw, 450px\" \/><\/a> <a href=\"https:\/\/agora.xtec.cat\/escmadorell\/wp-content\/uploads\/usu1350\/2022\/01\/IMG_20211202_095738-scaled.jpg\"><img loading=\"lazy\" decoding=\"async\" class=\"aligncenter wp-image-15692\" src=\"https:\/\/agora.xtec.cat\/escmadorell\/wp-content\/uploads\/usu1350\/2022\/01\/IMG_20211202_095738-scaled.jpg\" alt=\"\" width=\"450\" height=\"600\" srcset=\"https:\/\/agora.xtec.cat\/escmadorell\/wp-content\/uploads\/usu1350\/2022\/01\/IMG_20211202_095738-scaled.jpg 1920w, https:\/\/agora.xtec.cat\/escmadorell\/wp-content\/uploads\/usu1350\/2022\/01\/IMG_20211202_095738-225x300.jpg 225w, https:\/\/agora.xtec.cat\/escmadorell\/wp-content\/uploads\/usu1350\/2022\/01\/IMG_20211202_095738-768x1024.jpg 768w, https:\/\/agora.xtec.cat\/escmadorell\/wp-content\/uploads\/usu1350\/2022\/01\/IMG_20211202_095738-1152x1536.jpg 1152w, https:\/\/agora.xtec.cat\/escmadorell\/wp-content\/uploads\/usu1350\/2022\/01\/IMG_20211202_095738-1536x2048.jpg 1536w\" sizes=\"auto, (max-width: 450px) 100vw, 450px\" \/><\/a><\/p>\n","protected":false},"excerpt":{"rendered":"<p>A finals d\u2019aquest trimestre la classe del cel ha comen\u00e7at a treballar un cop a la setmana mitjan\u00e7ant microespais. Tot just comencen i els estan coneixent. Al mat\u00ed arriben i tenen tot un seguit de propostes que recullen diferents tipus de continguts: lectoescriptura, pr\u00e0xies bucofonat\u00f2ries,&hellip;  <a href=\"https:\/\/agora.xtec.cat\/escmadorell\/general\/els-microespais\/\" title=\"Read Els microespais\">Llegeix m\u00e9s\u00bb<\/a><\/p>\n","protected":false},"author":9,"featured_media":2681,"comment_status":"open","ping_status":"closed","sticky":false,"template":"","format":"standard","meta":{"_bbp_topic_count":0,"_bbp_reply_count":0,"_bbp_total_topic_count":0,"_bbp_total_reply_count":0,"_bbp_voice_count":0,"_bbp_anonymous_reply_count":0,"_bbp_topic_count_hidden":0,"_bbp_reply_count_hidden":0,"_bbp_forum_subforum_count":0,"footnotes":""},"categories":[250,1,9,2],"tags":[],"class_list":["post-15688","post","type-post","status-publish","format-standard","has-post-thumbnail","hentry","category-curs-21-22","category-general","category-i5","category-infantil"],"post_mailing_queue_ids":[],"_links":{"self":[{"href":"https:\/\/agora.xtec.cat\/escmadorell\/wp-json\/wp\/v2\/posts\/15688","targetHints":{"allow":["GET"]}}],"collection":[{"href":"https:\/\/agora.xtec.cat\/escmadorell\/wp-json\/wp\/v2\/posts"}],"about":[{"href":"https:\/\/agora.xtec.cat\/escmadorell\/wp-json\/wp\/v2\/types\/post"}],"author":[{"embeddable":true,"href":"https:\/\/agora.xtec.cat\/escmadorell\/wp-json\/wp\/v2\/users\/9"}],"replies":[{"embeddable":true,"href":"https:\/\/agora.xtec.cat\/escmadorell\/wp-json\/wp\/v2\/comments?post=15688"}],"version-history":[{"count":1,"href":"https:\/\/agora.xtec.cat\/escmadorell\/wp-json\/wp\/v2\/posts\/15688\/revisions"}],"predecessor-version":[{"id":15693,"href":"https:\/\/agora.xtec.cat\/escmadorell\/wp-json\/wp\/v2\/posts\/15688\/revisions\/15693"}],"wp:featuredmedia":[{"embeddable":true,"href":"https:\/\/agora.xtec.cat\/escmadorell\/wp-json\/wp\/v2\/media\/2681"}],"wp:attachment":[{"href":"https:\/\/agora.xtec.cat\/escmadorell\/wp-json\/wp\/v2\/media?parent=15688"}],"wp:term":[{"taxonomy":"category","embeddable":true,"href":"https:\/\/agora.xtec.cat\/escmadorell\/wp-json\/wp\/v2\/categories?post=15688"},{"taxonomy":"post_tag","embeddable":true,"href":"https:\/\/agora.xtec.cat\/escmadorell\/wp-json\/wp\/v2\/tags?post=15688"}],"curies":[{"name":"wp","href":"https:\/\/api.w.org\/{rel}","templated":true}]}}