{"id":15324,"date":"2021-10-28T18:39:15","date_gmt":"2021-10-28T16:39:15","guid":{"rendered":"https:\/\/agora.xtec.cat\/escmadorell\/?p=15324"},"modified":"2021-12-16T16:00:08","modified_gmt":"2021-12-16T15:00:08","slug":"2n-consell-escolar-21-22","status":"publish","type":"post","link":"https:\/\/agora.xtec.cat\/escmadorell\/consell-escolar\/2n-consell-escolar-21-22\/","title":{"rendered":"2n Consell Escolar 21\/22"},"content":{"rendered":"<p>Avui s&#8217;ha celebrat el 2n Consell Escolar. En aquest s&#8217;han tractat els seg\u00fcents temes:<\/p>\n<ol>\n<li>Aprovaci\u00f3 de l&#8217;acta anterior.<\/li>\n<li>Aprovaci\u00f3 de la Programaci\u00f3 Anual General<\/li>\n<li>Renovaci\u00f3 del Consell Escolar: es recorda el proc\u00e9s i s&#8217;agraeix als membres que finalitzen mandat per la seva dedicaci\u00f3.<\/li>\n<\/ol>\n","protected":false},"excerpt":{"rendered":"<p>Avui s&#8217;ha celebrat el 2n Consell Escolar. En aquest s&#8217;han tractat els seg\u00fcents temes:<\/p>\n<ol>\n<li>Aprovaci\u00f3 de l&#8217;acta anterior.<\/li>\n<li>Aprovaci\u00f3 de la Programaci\u00f3 Anual General<\/li>\n<li>Renovaci\u00f3 del Consell Escolar: es recorda el proc\u00e9s i s&#8217;agraeix als membres que finalitzen mandat per la seva dedicaci\u00f3.<\/li>\n<\/ol>\n","protected":false},"author":4,"featured_media":0,"comment_status":"open","ping_status":"closed","sticky":false,"template":"","format":"standard","meta":{"_bbp_topic_count":0,"_bbp_reply_count":0,"_bbp_total_topic_count":0,"_bbp_total_reply_count":0,"_bbp_voice_count":0,"_bbp_anonymous_reply_count":0,"_bbp_topic_count_hidden":0,"_bbp_reply_count_hidden":0,"_bbp_forum_subforum_count":0,"footnotes":""},"categories":[108,250],"tags":[],"class_list":["post-15324","post","type-post","status-publish","format-standard","hentry","category-consell-escolar","category-curs-21-22"],"post_mailing_queue_ids":[],"_links":{"self":[{"href":"https:\/\/agora.xtec.cat\/escmadorell\/wp-json\/wp\/v2\/posts\/15324","targetHints":{"allow":["GET"]}}],"collection":[{"href":"https:\/\/agora.xtec.cat\/escmadorell\/wp-json\/wp\/v2\/posts"}],"about":[{"href":"https:\/\/agora.xtec.cat\/escmadorell\/wp-json\/wp\/v2\/types\/post"}],"author":[{"embeddable":true,"href":"https:\/\/agora.xtec.cat\/escmadorell\/wp-json\/wp\/v2\/users\/4"}],"replies":[{"embeddable":true,"href":"https:\/\/agora.xtec.cat\/escmadorell\/wp-json\/wp\/v2\/comments?post=15324"}],"version-history":[{"count":1,"href":"https:\/\/agora.xtec.cat\/escmadorell\/wp-json\/wp\/v2\/posts\/15324\/revisions"}],"predecessor-version":[{"id":15325,"href":"https:\/\/agora.xtec.cat\/escmadorell\/wp-json\/wp\/v2\/posts\/15324\/revisions\/15325"}],"wp:attachment":[{"href":"https:\/\/agora.xtec.cat\/escmadorell\/wp-json\/wp\/v2\/media?parent=15324"}],"wp:term":[{"taxonomy":"category","embeddable":true,"href":"https:\/\/agora.xtec.cat\/escmadorell\/wp-json\/wp\/v2\/categories?post=15324"},{"taxonomy":"post_tag","embeddable":true,"href":"https:\/\/agora.xtec.cat\/escmadorell\/wp-json\/wp\/v2\/tags?post=15324"}],"curies":[{"name":"wp","href":"https:\/\/api.w.org\/{rel}","templated":true}]}}