{"id":15297,"date":"2021-10-26T16:03:45","date_gmt":"2021-10-26T14:03:45","guid":{"rendered":"https:\/\/agora.xtec.cat\/escmadorell\/?p=15297"},"modified":"2021-12-16T15:55:01","modified_gmt":"2021-12-16T14:55:01","slug":"6e-b-fabricant-un-detector-de-colors","status":"publish","type":"post","link":"https:\/\/agora.xtec.cat\/escmadorell\/general\/6e-b-fabricant-un-detector-de-colors\/","title":{"rendered":"6\u00e8-B: Fabricant un detector de colors"},"content":{"rendered":"<p><span style=\"font-weight: 400;\">Som l\u2019Ana, el Sergi, el Biel, el Roy, El Marco,la Silvia i la Laura.<\/span><\/p>\n<p><span style=\"font-weight: 400;\">El dia 25-10-2021 vam fer una activitat de robots, en aquesta activitat hav\u00edem de\u00a0 fer un prototip de robot per ajudar a persones amb alguna\u00a0 discapacitat.<\/span><\/p>\n<p><span style=\"font-weight: 400;\">Nosaltres vam decidir construir un robot que ajud\u00e9s a la gent amb discapacitat visual. El nostre robot estava dissenyat per detectar el color d\u2019un sem\u00e0for i avisar si estava en vermell.\u00a0<\/span><\/p>\n<p><span style=\"font-weight: 400;\">Per construir-lo vam fer servir dues rodes, unes peces de lego, uns detectors de colors, uns cables i un ordinador, de base ten\u00edem un robot que es deia M-bot.<\/span><\/p>\n<p><a href=\"https:\/\/agora.xtec.cat\/escmadorell\/wp-content\/uploads\/usu1350\/2021\/10\/unnamed-1-scaled.jpg\"><img loading=\"lazy\" decoding=\"async\" class=\"aligncenter size-medium wp-image-15300\" src=\"https:\/\/agora.xtec.cat\/escmadorell\/wp-content\/uploads\/usu1350\/2021\/10\/unnamed-1-300x225.jpg\" alt=\"\" width=\"300\" height=\"225\" srcset=\"https:\/\/agora.xtec.cat\/escmadorell\/wp-content\/uploads\/usu1350\/2021\/10\/unnamed-1-300x225.jpg 300w, https:\/\/agora.xtec.cat\/escmadorell\/wp-content\/uploads\/usu1350\/2021\/10\/unnamed-1-1024x768.jpg 1024w, https:\/\/agora.xtec.cat\/escmadorell\/wp-content\/uploads\/usu1350\/2021\/10\/unnamed-1-768x576.jpg 768w, https:\/\/agora.xtec.cat\/escmadorell\/wp-content\/uploads\/usu1350\/2021\/10\/unnamed-1-1536x1152.jpg 1536w, https:\/\/agora.xtec.cat\/escmadorell\/wp-content\/uploads\/usu1350\/2021\/10\/unnamed-1-2048x1536.jpg 2048w, https:\/\/agora.xtec.cat\/escmadorell\/wp-content\/uploads\/usu1350\/2021\/10\/unnamed-1-200x150.jpg 200w\" sizes=\"auto, (max-width: 300px) 100vw, 300px\" \/><\/a> <a href=\"https:\/\/agora.xtec.cat\/escmadorell\/wp-content\/uploads\/usu1350\/2021\/10\/unnamed-scaled.jpg\"><img loading=\"lazy\" decoding=\"async\" class=\"aligncenter size-medium wp-image-15301\" src=\"https:\/\/agora.xtec.cat\/escmadorell\/wp-content\/uploads\/usu1350\/2021\/10\/unnamed-300x225.jpg\" alt=\"\" width=\"300\" height=\"225\" srcset=\"https:\/\/agora.xtec.cat\/escmadorell\/wp-content\/uploads\/usu1350\/2021\/10\/unnamed-300x225.jpg 300w, https:\/\/agora.xtec.cat\/escmadorell\/wp-content\/uploads\/usu1350\/2021\/10\/unnamed-1024x768.jpg 1024w, https:\/\/agora.xtec.cat\/escmadorell\/wp-content\/uploads\/usu1350\/2021\/10\/unnamed-768x576.jpg 768w, https:\/\/agora.xtec.cat\/escmadorell\/wp-content\/uploads\/usu1350\/2021\/10\/unnamed-1536x1152.jpg 1536w, https:\/\/agora.xtec.cat\/escmadorell\/wp-content\/uploads\/usu1350\/2021\/10\/unnamed-2048x1536.jpg 2048w, https:\/\/agora.xtec.cat\/escmadorell\/wp-content\/uploads\/usu1350\/2021\/10\/unnamed-200x150.jpg 200w\" sizes=\"auto, (max-width: 300px) 100vw, 300px\" \/><\/a><\/p>\n<p><span style=\"font-weight: 400;\">Primer vam ficar dues rodes m\u00e9s i les vam connectar amb peces de lego, despr\u00e9s vam comen\u00e7ar a programar el robot perqu\u00e8 es mogues i quan el sem\u00e0for est\u00e9s en vermell digues stop! Per\u00f2 l\u2019ordinador es va bloquejar i van haver d\u2019agafar un\u00a0 USB perqu\u00e8 torn\u00e9s a\u00a0 funcionar.<\/span><\/p>\n<p><span style=\"font-weight: 400;\">Al final nom\u00e9s vam aconseguir que es mogu\u0155s, per\u00f2 va ser molt divertit.<\/span><\/p>\n","protected":false},"excerpt":{"rendered":"<p>Som l\u2019Ana, el Sergi, el Biel, el Roy, El Marco,la Silvia i la Laura.<br \/>\nEl dia 25-10-2021 vam fer una activitat de robots, en aquesta activitat hav\u00edem de\u00a0 fer un prototip de robot per ajudar a persones amb alguna\u00a0 discapacitat.<br \/>\nNosaltres vam decidir construir un robot que&hellip;  <a href=\"https:\/\/agora.xtec.cat\/escmadorell\/general\/6e-b-fabricant-un-detector-de-colors\/\" title=\"Read 6\u00e8-B: Fabricant un detector de colors\">Llegeix m\u00e9s\u00bb<\/a><\/p>\n","protected":false},"author":7,"featured_media":0,"comment_status":"open","ping_status":"closed","sticky":false,"template":"","format":"standard","meta":{"_bbp_topic_count":0,"_bbp_reply_count":0,"_bbp_total_topic_count":0,"_bbp_total_reply_count":0,"_bbp_voice_count":0,"_bbp_anonymous_reply_count":0,"_bbp_topic_count_hidden":0,"_bbp_reply_count_hidden":0,"_bbp_forum_subforum_count":0,"footnotes":""},"categories":[15,250,161,1,5],"tags":[],"class_list":["post-15297","post","type-post","status-publish","format-standard","hentry","category-6e","category-curs-21-22","category-espaidigital-2","category-general","category-primaria"],"post_mailing_queue_ids":[],"_links":{"self":[{"href":"https:\/\/agora.xtec.cat\/escmadorell\/wp-json\/wp\/v2\/posts\/15297","targetHints":{"allow":["GET"]}}],"collection":[{"href":"https:\/\/agora.xtec.cat\/escmadorell\/wp-json\/wp\/v2\/posts"}],"about":[{"href":"https:\/\/agora.xtec.cat\/escmadorell\/wp-json\/wp\/v2\/types\/post"}],"author":[{"embeddable":true,"href":"https:\/\/agora.xtec.cat\/escmadorell\/wp-json\/wp\/v2\/users\/7"}],"replies":[{"embeddable":true,"href":"https:\/\/agora.xtec.cat\/escmadorell\/wp-json\/wp\/v2\/comments?post=15297"}],"version-history":[{"count":2,"href":"https:\/\/agora.xtec.cat\/escmadorell\/wp-json\/wp\/v2\/posts\/15297\/revisions"}],"predecessor-version":[{"id":15304,"href":"https:\/\/agora.xtec.cat\/escmadorell\/wp-json\/wp\/v2\/posts\/15297\/revisions\/15304"}],"wp:attachment":[{"href":"https:\/\/agora.xtec.cat\/escmadorell\/wp-json\/wp\/v2\/media?parent=15297"}],"wp:term":[{"taxonomy":"category","embeddable":true,"href":"https:\/\/agora.xtec.cat\/escmadorell\/wp-json\/wp\/v2\/categories?post=15297"},{"taxonomy":"post_tag","embeddable":true,"href":"https:\/\/agora.xtec.cat\/escmadorell\/wp-json\/wp\/v2\/tags?post=15297"}],"curies":[{"name":"wp","href":"https:\/\/api.w.org\/{rel}","templated":true}]}}