{"id":14775,"date":"2021-04-29T23:38:03","date_gmt":"2021-04-29T21:38:03","guid":{"rendered":"http:\/\/agora.xtec.cat\/escmadorell\/?p=14775"},"modified":"2021-12-16T16:00:25","modified_gmt":"2021-12-16T15:00:25","slug":"ens-visita-una-bestia-molt-especial","status":"publish","type":"post","link":"https:\/\/agora.xtec.cat\/escmadorell\/primaria\/1r\/ens-visita-una-bestia-molt-especial\/","title":{"rendered":"Ens visita una b\u00e8stia molt especial"},"content":{"rendered":"<p>La colla de diables i b\u00e8sties de Molins de Rei ha creat un nou drac que ens ha vingut a visitar a l\u2019escola: el nad\u00f3 de l\u2019Entxuscat.<\/p>\n<p>Ha vingut una noia, responsable d\u2019aquesta b\u00e8stia, i ens ha explicat que sortir\u00e0 durant els correfocs infantils i els m\u00e9s petits seran els encarregats de portar-lo i fer-lo ballar al ritme dels timbalers.<\/p>\n<p>L\u2019Entxuscat va posar un ou durant la Festa Major de l\u2019any passat, i d\u2019aqu\u00ed va n\u00e9ixer el seu nad\u00f3.<\/p>\n<p>A difer\u00e8ncia de la seva mare, \u00e9s una b\u00e8stia m\u00e9s lleugera, porta un xumet, no t\u00e9 ullals ni urpes i no pot moure les ales.<a href=\"https:\/\/agora.xtec.cat\/escmadorell\/wp-content\/uploads\/usu1350\/2021\/04\/20210422_084112-1.jpg\"><img loading=\"lazy\" decoding=\"async\" class=\" wp-image-14776 alignleft\" src=\"https:\/\/agora.xtec.cat\/escmadorell\/wp-content\/uploads\/usu1350\/2021\/04\/20210422_084112-1-225x300.jpg\" alt=\"\" width=\"217\" height=\"289\" \/><\/a><\/p>\n<p>Ara per ara, el nad\u00f3 de l\u2019Enxuscat gran no t\u00e9 nom, i ens ha explicat que per la propera Festa Major de Molins que puguem gaudir, els nens o nenes que vulguin podran apropar-se a les colles i proposar un nom per aquesta nova b\u00e8stia. Entre els noms proposats es far\u00e0 una tria, i el nen o la nena que hagi proposat el nom que surti com a escollit ser\u00e0 el padr\u00ed del nad\u00f3.<\/p>\n<p>Al final de la sessi\u00f3 explicativa ens va deixar apropar-nos i gaudir-lo de m\u00e9s a prop.<\/p>\n<p>Aprofitant que estem a les portes de Sant Jordi i ens ha visitat aquest drac tant imponent, us volem desitjar que tingueu un feli\u00e7 dia del llibre amb aquesta foto que hem pogut fer amb el drac i la rosa que ha collit en Jordi del nostre hort.<\/p>\n<p>&nbsp;<\/p>\n","protected":false},"excerpt":{"rendered":"<p>La colla de diables i b\u00e8sties de Molins de Rei ha creat un nou drac que ens ha vingut a visitar a l\u2019escola: el nad\u00f3 de l\u2019Entxuscat.<br \/>\nHa vingut una noia, responsable d\u2019aquesta b\u00e8stia, i ens ha explicat que sortir\u00e0 durant els correfocs infantils i els&hellip;  <a href=\"https:\/\/agora.xtec.cat\/escmadorell\/primaria\/1r\/ens-visita-una-bestia-molt-especial\/\" title=\"Read Ens visita una b\u00e8stia molt especial\">Llegeix m\u00e9s\u00bb<\/a><\/p>\n","protected":false},"author":1,"featured_media":14778,"comment_status":"open","ping_status":"closed","sticky":false,"template":"","format":"standard","meta":{"_bbp_topic_count":0,"_bbp_reply_count":0,"_bbp_total_topic_count":0,"_bbp_total_reply_count":0,"_bbp_voice_count":0,"_bbp_anonymous_reply_count":0,"_bbp_topic_count_hidden":0,"_bbp_reply_count_hidden":0,"_bbp_forum_subforum_count":0,"footnotes":""},"categories":[10,231],"tags":[],"class_list":["post-14775","post","type-post","status-publish","format-standard","has-post-thumbnail","hentry","category-1r","category-curs-20-21"],"post_mailing_queue_ids":[],"_links":{"self":[{"href":"https:\/\/agora.xtec.cat\/escmadorell\/wp-json\/wp\/v2\/posts\/14775","targetHints":{"allow":["GET"]}}],"collection":[{"href":"https:\/\/agora.xtec.cat\/escmadorell\/wp-json\/wp\/v2\/posts"}],"about":[{"href":"https:\/\/agora.xtec.cat\/escmadorell\/wp-json\/wp\/v2\/types\/post"}],"author":[{"embeddable":true,"href":"https:\/\/agora.xtec.cat\/escmadorell\/wp-json\/wp\/v2\/users\/1"}],"replies":[{"embeddable":true,"href":"https:\/\/agora.xtec.cat\/escmadorell\/wp-json\/wp\/v2\/comments?post=14775"}],"version-history":[{"count":3,"href":"https:\/\/agora.xtec.cat\/escmadorell\/wp-json\/wp\/v2\/posts\/14775\/revisions"}],"predecessor-version":[{"id":14781,"href":"https:\/\/agora.xtec.cat\/escmadorell\/wp-json\/wp\/v2\/posts\/14775\/revisions\/14781"}],"wp:featuredmedia":[{"embeddable":true,"href":"https:\/\/agora.xtec.cat\/escmadorell\/wp-json\/wp\/v2\/media\/14778"}],"wp:attachment":[{"href":"https:\/\/agora.xtec.cat\/escmadorell\/wp-json\/wp\/v2\/media?parent=14775"}],"wp:term":[{"taxonomy":"category","embeddable":true,"href":"https:\/\/agora.xtec.cat\/escmadorell\/wp-json\/wp\/v2\/categories?post=14775"},{"taxonomy":"post_tag","embeddable":true,"href":"https:\/\/agora.xtec.cat\/escmadorell\/wp-json\/wp\/v2\/tags?post=14775"}],"curies":[{"name":"wp","href":"https:\/\/api.w.org\/{rel}","templated":true}]}}