{"id":14593,"date":"2021-03-08T16:28:24","date_gmt":"2021-03-08T15:28:24","guid":{"rendered":"http:\/\/agora.xtec.cat\/escmadorell\/?p=14593"},"modified":"2021-12-16T15:35:58","modified_gmt":"2021-12-16T14:35:58","slug":"8m","status":"publish","type":"post","link":"https:\/\/agora.xtec.cat\/escmadorell\/infantil\/8m\/","title":{"rendered":"8M"},"content":{"rendered":"<p>El dia 8 de mar\u00e7, a la classe de P3 tamb\u00e9 vam posar el nostre granet de sorra per treballar un tema tan important com la igualtat de g\u00e8nere.<br \/>\nVam explicar un conte, on la protagonista, una nena que es diu Clara, va fent un llistat de coses que li agradaria ser de gran: fornera, mec\u00e0nica, jardinera&#8230;<br \/>\nUn conte que va ser de gran ajuda per parlar que tothom, sigui nen o nena, ha de lluitar per ser el que vulgui i, sobretot, per fer realitat els nostres somnis.<\/p>\n<p><a href=\"https:\/\/agora.xtec.cat\/escmadorell\/wp-content\/uploads\/usu1350\/2021\/03\/image0-2.jpeg\"><img loading=\"lazy\" decoding=\"async\" class=\"aligncenter  wp-image-14594\" src=\"https:\/\/agora.xtec.cat\/escmadorell\/wp-content\/uploads\/usu1350\/2021\/03\/image0-2-300x223.jpeg\" alt=\"\" width=\"400\" height=\"297\" srcset=\"https:\/\/agora.xtec.cat\/escmadorell\/wp-content\/uploads\/usu1350\/2021\/03\/image0-2-300x223.jpeg 300w, https:\/\/agora.xtec.cat\/escmadorell\/wp-content\/uploads\/usu1350\/2021\/03\/image0-2-768x571.jpeg 768w, https:\/\/agora.xtec.cat\/escmadorell\/wp-content\/uploads\/usu1350\/2021\/03\/image0-2-1024x762.jpeg 1024w, https:\/\/agora.xtec.cat\/escmadorell\/wp-content\/uploads\/usu1350\/2021\/03\/image0-2-200x150.jpeg 200w, https:\/\/agora.xtec.cat\/escmadorell\/wp-content\/uploads\/usu1350\/2021\/03\/image0-2.jpeg 1600w\" sizes=\"auto, (max-width: 400px) 100vw, 400px\" \/><\/a><\/p>\n<p><a href=\"https:\/\/agora.xtec.cat\/escmadorell\/wp-content\/uploads\/usu1350\/2021\/03\/image1-2.jpeg\"><img loading=\"lazy\" decoding=\"async\" class=\"aligncenter  wp-image-14595\" src=\"https:\/\/agora.xtec.cat\/escmadorell\/wp-content\/uploads\/usu1350\/2021\/03\/image1-2-300x225.jpeg\" alt=\"\" width=\"400\" height=\"300\" srcset=\"https:\/\/agora.xtec.cat\/escmadorell\/wp-content\/uploads\/usu1350\/2021\/03\/image1-2-300x225.jpeg 300w, https:\/\/agora.xtec.cat\/escmadorell\/wp-content\/uploads\/usu1350\/2021\/03\/image1-2-768x576.jpeg 768w, https:\/\/agora.xtec.cat\/escmadorell\/wp-content\/uploads\/usu1350\/2021\/03\/image1-2-1024x768.jpeg 1024w, https:\/\/agora.xtec.cat\/escmadorell\/wp-content\/uploads\/usu1350\/2021\/03\/image1-2-200x150.jpeg 200w, https:\/\/agora.xtec.cat\/escmadorell\/wp-content\/uploads\/usu1350\/2021\/03\/image1-2.jpeg 1984w\" sizes=\"auto, (max-width: 400px) 100vw, 400px\" \/><\/a><\/p>\n","protected":false},"excerpt":{"rendered":"<p>El dia 8 de mar\u00e7, a la classe de P3 tamb\u00e9 vam posar el nostre granet de sorra per treballar un tema tan important com la igualtat de g\u00e8nere.<br \/>\nVam explicar un conte, on la protagonista, una nena que es diu Clara, va fent un llistat&hellip;  <a href=\"https:\/\/agora.xtec.cat\/escmadorell\/infantil\/8m\/\" title=\"Read 8M\">Llegeix m\u00e9s\u00bb<\/a><\/p>\n","protected":false},"author":9,"featured_media":0,"comment_status":"open","ping_status":"closed","sticky":false,"template":"","format":"standard","meta":{"_bbp_topic_count":0,"_bbp_reply_count":0,"_bbp_total_topic_count":0,"_bbp_total_reply_count":0,"_bbp_voice_count":0,"_bbp_anonymous_reply_count":0,"_bbp_topic_count_hidden":0,"_bbp_reply_count_hidden":0,"_bbp_forum_subforum_count":0,"footnotes":""},"categories":[231,3,2],"tags":[],"class_list":["post-14593","post","type-post","status-publish","format-standard","hentry","category-curs-20-21","category-i3","category-infantil"],"post_mailing_queue_ids":[],"_links":{"self":[{"href":"https:\/\/agora.xtec.cat\/escmadorell\/wp-json\/wp\/v2\/posts\/14593","targetHints":{"allow":["GET"]}}],"collection":[{"href":"https:\/\/agora.xtec.cat\/escmadorell\/wp-json\/wp\/v2\/posts"}],"about":[{"href":"https:\/\/agora.xtec.cat\/escmadorell\/wp-json\/wp\/v2\/types\/post"}],"author":[{"embeddable":true,"href":"https:\/\/agora.xtec.cat\/escmadorell\/wp-json\/wp\/v2\/users\/9"}],"replies":[{"embeddable":true,"href":"https:\/\/agora.xtec.cat\/escmadorell\/wp-json\/wp\/v2\/comments?post=14593"}],"version-history":[{"count":2,"href":"https:\/\/agora.xtec.cat\/escmadorell\/wp-json\/wp\/v2\/posts\/14593\/revisions"}],"predecessor-version":[{"id":14597,"href":"https:\/\/agora.xtec.cat\/escmadorell\/wp-json\/wp\/v2\/posts\/14593\/revisions\/14597"}],"wp:attachment":[{"href":"https:\/\/agora.xtec.cat\/escmadorell\/wp-json\/wp\/v2\/media?parent=14593"}],"wp:term":[{"taxonomy":"category","embeddable":true,"href":"https:\/\/agora.xtec.cat\/escmadorell\/wp-json\/wp\/v2\/categories?post=14593"},{"taxonomy":"post_tag","embeddable":true,"href":"https:\/\/agora.xtec.cat\/escmadorell\/wp-json\/wp\/v2\/tags?post=14593"}],"curies":[{"name":"wp","href":"https:\/\/api.w.org\/{rel}","templated":true}]}}