{"id":14410,"date":"2021-02-12T16:09:24","date_gmt":"2021-02-12T15:09:24","guid":{"rendered":"http:\/\/agora.xtec.cat\/escmadorell\/?p=14410"},"modified":"2021-12-16T15:29:04","modified_gmt":"2021-12-16T14:29:04","slug":"carnaval-2021","status":"publish","type":"post","link":"https:\/\/agora.xtec.cat\/escmadorell\/infantil\/carnaval-2021\/","title":{"rendered":"Carnaval 2021"},"content":{"rendered":"<p>A l\u2019escola avui hem celebrat el Carnaval!<\/p>\n<p>El Carnaval de la SOSTENIBILITAT, el CARNAVAL DELS ODS, el CARNAVAL del MADORELL! Ten\u00edem clar que els nostres infants ho volien celebrar i l\u2019equip de mestres tamb\u00e9. De bon mat\u00ed, hem arrencat amb un photo call, per tal de compartir amb vosaltres els models confeccionats a casa.<\/p>\n<p>Aix\u00ed doncs, seguint totes les mesures de seguretat, hem fet la tradicional desfilada amb el suport de les fam\u00edlies i trobant a faltar la seva abs\u00e8ncia.<br \/>\nEl pati de l\u2019escola s\u2019ha omplert amb un trosset de mar on el grup de P3, disfressats de peixos, estrelles de mar, popets\u2026 Ens han fet emocionar a tots! La vida al bosc ens ha arribat de la classe de P4, vestits d\u2019arbres, envoltats de fulles, branques&#8230; fins i tot d\u2019arbres fruiters! Per \u00faltim ens hem enlairat fins al cel amb la desfilada d\u2019ocells, papallones, abelles, lloros&#8230;. a c\u00e0rrec de P5.<\/p>\n<p>Tot seguit, hem arrencat a pedalar amb el grup de primer, responsables de fomentar el transport sostenible. La pista s\u2019ha omplert de ciclistes, malles, cascos, armilles antireflectants, genolleres, ulleres de sol, seguint el ritme de \u201cbicicletes\u201d. A continuaci\u00f3 l\u2019aigua ha tornat a fer acte de pres\u00e8ncia i els infants de segon han fet sorgir la vida submarina del fons dels mars i oceans; i perqu\u00e8 som conscients de que el nostre planeta, el planeta blau, ha de vetllar per tenir una aigua neta i sana, el pati s\u2019ha omplert, novament, de mol\u00e8cules d\u2019aigua, n\u00favols, pluja, cristalls de neu&#8230; amb la posada en escena de la classe de tercer.<\/p>\n<p>El darrer bloc de la desfilada ha estat el moment dels grans de l\u2019escola. Sensibles al consum responsable i de proximitat ens han sorpr\u00e8s amb codis de barres, on pod\u00edem llegir \u201cGaletes Madorell, Iogurt ODS, medicament Molins.. \u201cque llu\u00efen a les samarretes de l\u2019alumnat<br \/>\nA continuaci\u00f3, de la lluita per l\u2019acci\u00f3 clim\u00e0tica s\u2019ha encarregat cinqu\u00e8 i molts elements i fen\u00f2mens meteorol\u00f2gics: sol, pluja, boira, tempesta, fred, n\u00favols, neu, vent, calamarsa\u2026. han seguit el ritme de la m\u00fasica.<\/p>\n<p>I sis\u00e8? Com ja \u00e9s tradicional a l\u2019escola, ha posat el punt i final de la festa amb una tamborinada. Tota la celebraci\u00f3 ha estat sota l\u2019atenta mirada de Sa Majestat en Carnestoltes present durant aquests darrers dies al centre.<\/p>\n<p>A la tarda, cada grup bombolla ha hagut de donar resposta a un repte, aconseguir resoldre un scape room. Ha estat un dia ple d&#8217;emocions. En l&#8217;article anterior, les fam\u00edlies del centre podeu veure les imatges del dia.<\/p>\n<p><img loading=\"lazy\" decoding=\"async\" class=\"alignnone size-full wp-image-14411 aligncenter\" src=\"https:\/\/agora.xtec.cat\/escmadorell\/wp-content\/uploads\/usu1350\/2021\/02\/70961-e1613142544695.jpg\" alt=\"\" width=\"750\" height=\"779\" srcset=\"https:\/\/agora.xtec.cat\/escmadorell\/wp-content\/uploads\/usu1350\/2021\/02\/70961-e1613142544695.jpg 750w, https:\/\/agora.xtec.cat\/escmadorell\/wp-content\/uploads\/usu1350\/2021\/02\/70961-e1613142544695-289x300.jpg 289w\" sizes=\"auto, (max-width: 750px) 100vw, 750px\" \/><\/p>\n","protected":false},"excerpt":{"rendered":"<p>A l\u2019escola avui hem celebrat el Carnaval!<br \/>\nEl Carnaval de la SOSTENIBILITAT, el CARNAVAL DELS ODS, el CARNAVAL del MADORELL! Ten\u00edem clar que els nostres infants ho volien celebrar i l\u2019equip de mestres tamb\u00e9. De bon mat\u00ed, hem arrencat amb un photo call, per tal de&hellip;  <a href=\"https:\/\/agora.xtec.cat\/escmadorell\/infantil\/carnaval-2021\/\" title=\"Read Carnaval 2021\">Llegeix m\u00e9s\u00bb<\/a><\/p>\n","protected":false},"author":4,"featured_media":0,"comment_status":"open","ping_status":"closed","sticky":false,"template":"","format":"standard","meta":{"_bbp_topic_count":0,"_bbp_reply_count":0,"_bbp_total_topic_count":0,"_bbp_total_reply_count":0,"_bbp_voice_count":0,"_bbp_anonymous_reply_count":0,"_bbp_topic_count_hidden":0,"_bbp_reply_count_hidden":0,"_bbp_forum_subforum_count":0,"footnotes":""},"categories":[231,2,5],"tags":[],"class_list":["post-14410","post","type-post","status-publish","format-standard","hentry","category-curs-20-21","category-infantil","category-primaria"],"post_mailing_queue_ids":[],"_links":{"self":[{"href":"https:\/\/agora.xtec.cat\/escmadorell\/wp-json\/wp\/v2\/posts\/14410","targetHints":{"allow":["GET"]}}],"collection":[{"href":"https:\/\/agora.xtec.cat\/escmadorell\/wp-json\/wp\/v2\/posts"}],"about":[{"href":"https:\/\/agora.xtec.cat\/escmadorell\/wp-json\/wp\/v2\/types\/post"}],"author":[{"embeddable":true,"href":"https:\/\/agora.xtec.cat\/escmadorell\/wp-json\/wp\/v2\/users\/4"}],"replies":[{"embeddable":true,"href":"https:\/\/agora.xtec.cat\/escmadorell\/wp-json\/wp\/v2\/comments?post=14410"}],"version-history":[{"count":1,"href":"https:\/\/agora.xtec.cat\/escmadorell\/wp-json\/wp\/v2\/posts\/14410\/revisions"}],"predecessor-version":[{"id":14412,"href":"https:\/\/agora.xtec.cat\/escmadorell\/wp-json\/wp\/v2\/posts\/14410\/revisions\/14412"}],"wp:attachment":[{"href":"https:\/\/agora.xtec.cat\/escmadorell\/wp-json\/wp\/v2\/media?parent=14410"}],"wp:term":[{"taxonomy":"category","embeddable":true,"href":"https:\/\/agora.xtec.cat\/escmadorell\/wp-json\/wp\/v2\/categories?post=14410"},{"taxonomy":"post_tag","embeddable":true,"href":"https:\/\/agora.xtec.cat\/escmadorell\/wp-json\/wp\/v2\/tags?post=14410"}],"curies":[{"name":"wp","href":"https:\/\/api.w.org\/{rel}","templated":true}]}}