{"id":14155,"date":"2021-01-18T15:19:14","date_gmt":"2021-01-18T14:19:14","guid":{"rendered":"http:\/\/agora.xtec.cat\/escmadorell\/?p=14155"},"modified":"2021-01-18T15:19:14","modified_gmt":"2021-01-18T14:19:14","slug":"informacio-general","status":"publish","type":"post","link":"https:\/\/agora.xtec.cat\/escmadorell\/general\/informacio-general\/","title":{"rendered":"Informaci\u00f3 General"},"content":{"rendered":"<p>Informaci\u00f3 General<br \/>\nLa preinscripci\u00f3 \u00e9s el tr\u00e0mit que cal fer per ser adm\u00e8s per primera vegada en un centre sostingut amb fons p\u00fablics i per canviar de centre.<\/p>\n<p>Per fer la preinscripci\u00f3 cal:<\/p>\n<p>con\u00e8ixer el calendari de tot el proc\u00e9s,<br \/>\nconsultar els centres i l\u2019oferta de places escolars,<br \/>\ncon\u00e8ixer els criteris de prioritat amb qu\u00e8 s\u2019ordenen les sol\u00b7licituds i la documentaci\u00f3 necess\u00e0ria per justificar-los,<br \/>\npresentar la sol\u00b7licitud i la documentaci\u00f3 en el terminis establerts.<br \/>\nLes sol\u00b7licituds s\u2019ordenen a partir de l\u2019aplicaci\u00f3 dels criteris de prioritat.<\/p>\n<p>Cada centre educatiu informa del seu projecte educatiu, dels ensenyaments que imparteix, de les places de qu\u00e8 disposa, de l\u2019adscripci\u00f3 a altres centres i si t\u00e9 mitjans espec\u00edfics d\u2019adaptaci\u00f3 a determinades discapacitats dels alumnes. Normalment els centres organitzen jornades de portes obertes abans del per\u00edode de preinscripci\u00f3.<\/p>\n<p>Cada any el Departament publica la resoluci\u00f3 que regula el proc\u00e9s de preinscripci\u00f3, on s\u2019estableixen les dates i els terminis que s\u00f3n espec\u00edfics per a cada ensenyament.<\/p>\n<p>Dates de la preinscripci\u00f3 del curs 2020-2021<br \/>\nPreinscripci\u00f3<\/p>\n<p>Oferta inicial de places escolars: 8 de maig de 2020<br \/>\nPresentaci\u00f3 de sol\u00b7licituds en suport inform\u00e0tic: del 13 al 22 de maig de 2020<br \/>\nPresentaci\u00f3 de sol\u00b7licituds presencialment amb cita pr\u00e8via: del 19 al 22 de maig de 2020<br \/>\nPresentaci\u00f3 de documentaci\u00f3: fins al 25 de maig de 2020<\/p>\n<p>Av\u00eds: Les dates proposades del mes de juny i posteriors s\u00f3n provisionals i poden variar en funci\u00f3 de l\u2019evoluci\u00f3 de la pand\u00e8mia.<\/p>\n<p>Llista de sol\u00b7licituds amb la puntuaci\u00f3 provisional: 29 de maig de 2020<br \/>\nPresentaci\u00f3 de reclamacions: del 2 al 5 de juny de 2020<br \/>\nLlista de sol\u00b7licituds amb la puntuaci\u00f3 un cop resoltes les reclamacions: 9 de juny de 2020<br \/>\nSorteig del n\u00famero de desempat: 9 de juny de 2020, a les 11 h<br \/>\nLlista ordenada definitiva: 11 de juny de 2020<br \/>\nAmpliaci\u00f3 de petici\u00f3 de centres per a les sol\u00b7licituds que no han obtingut cap assignaci\u00f3 (assignaci\u00f3 d\u2019ofici): del del 26 al 29 de juny de 2020<br \/>\nOferta final de places escolars: 6 de juliol de 2020<br \/>\nLlista d\u2019alumnes admesos i llista d\u2019espera: 7 de juliol de 2020<br \/>\nMatr\u00edcula<br \/>\nAlumnes preinscrits amb pla\u00e7a assignada a segon cicle d\u2019educaci\u00f3 infantil, educaci\u00f3 prim\u00e0ria: del 13 al 17 de juliol de 2020<\/p>\n<p>La llista d\u2019alumnes matriculats al centre procedents del proc\u00e9s de preinscripci\u00f3 i admissi\u00f3 es publica el 30 de setembre de 2020.<\/p>\n<p>FacebookTwitterCompartir<\/p>\n","protected":false},"excerpt":{"rendered":"<p>Informaci\u00f3 General<br \/>\nLa preinscripci\u00f3 \u00e9s el tr\u00e0mit que cal fer per ser adm\u00e8s per primera vegada en un centre sostingut amb fons p\u00fablics i per canviar de centre.<br \/>\nPer fer la preinscripci\u00f3 cal:<br \/>\ncon\u00e8ixer el calendari de tot el proc\u00e9s,<br \/>\nconsultar els centres i l\u2019oferta de places escolars,<br \/>\ncon\u00e8ixer els&hellip;  <a href=\"https:\/\/agora.xtec.cat\/escmadorell\/general\/informacio-general\/\" title=\"Read Informaci\u00f3 General\">Llegeix m\u00e9s\u00bb<\/a><\/p>\n","protected":false},"author":4,"featured_media":0,"comment_status":"open","ping_status":"closed","sticky":false,"template":"","format":"standard","meta":{"_bbp_topic_count":0,"_bbp_reply_count":0,"_bbp_total_topic_count":0,"_bbp_total_reply_count":0,"_bbp_voice_count":0,"_bbp_anonymous_reply_count":0,"_bbp_topic_count_hidden":0,"_bbp_reply_count_hidden":0,"_bbp_forum_subforum_count":0,"footnotes":""},"categories":[1],"tags":[],"class_list":["post-14155","post","type-post","status-publish","format-standard","hentry","category-general"],"post_mailing_queue_ids":[],"_links":{"self":[{"href":"https:\/\/agora.xtec.cat\/escmadorell\/wp-json\/wp\/v2\/posts\/14155","targetHints":{"allow":["GET"]}}],"collection":[{"href":"https:\/\/agora.xtec.cat\/escmadorell\/wp-json\/wp\/v2\/posts"}],"about":[{"href":"https:\/\/agora.xtec.cat\/escmadorell\/wp-json\/wp\/v2\/types\/post"}],"author":[{"embeddable":true,"href":"https:\/\/agora.xtec.cat\/escmadorell\/wp-json\/wp\/v2\/users\/4"}],"replies":[{"embeddable":true,"href":"https:\/\/agora.xtec.cat\/escmadorell\/wp-json\/wp\/v2\/comments?post=14155"}],"version-history":[{"count":1,"href":"https:\/\/agora.xtec.cat\/escmadorell\/wp-json\/wp\/v2\/posts\/14155\/revisions"}],"predecessor-version":[{"id":14156,"href":"https:\/\/agora.xtec.cat\/escmadorell\/wp-json\/wp\/v2\/posts\/14155\/revisions\/14156"}],"wp:attachment":[{"href":"https:\/\/agora.xtec.cat\/escmadorell\/wp-json\/wp\/v2\/media?parent=14155"}],"wp:term":[{"taxonomy":"category","embeddable":true,"href":"https:\/\/agora.xtec.cat\/escmadorell\/wp-json\/wp\/v2\/categories?post=14155"},{"taxonomy":"post_tag","embeddable":true,"href":"https:\/\/agora.xtec.cat\/escmadorell\/wp-json\/wp\/v2\/tags?post=14155"}],"curies":[{"name":"wp","href":"https:\/\/api.w.org\/{rel}","templated":true}]}}