{"id":14037,"date":"2020-11-06T09:47:42","date_gmt":"2020-11-06T08:47:42","guid":{"rendered":"http:\/\/agora.xtec.cat\/escmadorell\/?p=14037"},"modified":"2021-01-18T13:20:27","modified_gmt":"2021-01-18T12:20:27","slug":"consell-escolar-5-de-novembre-de-2020","status":"publish","type":"post","link":"https:\/\/agora.xtec.cat\/escmadorell\/consell-escolar\/consell-escolar-5-de-novembre-de-2020\/","title":{"rendered":"Consell escolar &#8211; 5 de novembre de 2020"},"content":{"rendered":"<p>Benvolgudes fam\u00edlies,<\/p>\n<p>Ahir a la tarda es va reunir virtualment el Consell Escolar del centre a les 17:30 hores.<\/p>\n<p>Els temes tractats, seguint l&#8217;ordre del dia establert foren:<\/p>\n<ol>\n<li>Aprovaci\u00f3 de l&#8217;acta anterior.<\/li>\n<li>Consell d&#8217;alumnes del centre: Es va explicar els temes tractats en el 1r Consell d&#8217;Alumnes de l&#8217;escola. Vam parlar de les novetats del pati, de si trobaven alguna mancan\u00e7a&#8230; Tamb\u00e9 van valorar els primers dies d&#8217;escola i van fer aportacions d&#8217;aspectes que es podien millorar.<\/li>\n<li>Programaci\u00f3 General Anual: es va explicar la programaci\u00f3 anual general del centre, que juntament amb el pla d&#8217;organitzaci\u00f3 de l&#8217;escola, marquen els objectius del curs.<\/li>\n<li>Modificaci\u00f3 de pressupost: es va comunicar una modificaci\u00f3 pressupost\u00e0ria per reassignar les dotacions de diferents partides econ\u00f2miques..<\/li>\n<li>Altres:<\/li>\n<\/ol>\n<ul>\n<li style=\"list-style-type: none;\">\n<ul style=\"list-style-type: circle;\">\n<li>L&#8217;Ajuntament explica com ha anat la reuni\u00f3 amb la comissi\u00f3 del projecte Magnet.<\/li>\n<\/ul>\n<\/li>\n<\/ul>\n","protected":false},"excerpt":{"rendered":"<p>Benvolgudes fam\u00edlies,<br \/>\nAhir a la tarda es va reunir virtualment el Consell Escolar del centre a les 17:30 hores.<br \/>\nEls temes tractats, seguint l&#8217;ordre del dia establert foren:<\/p>\n<ol>\n<li>Aprovaci\u00f3 de l&#8217;acta anterior.<\/li>\n<li>Consell d&#8217;alumnes del centre: Es va explicar els temes tractats en el 1r Consell d&#8217;Alumnes de l&#8217;escola.&hellip;  <a href=\"https:\/\/agora.xtec.cat\/escmadorell\/consell-escolar\/consell-escolar-5-de-novembre-de-2020\/\" title=\"Read Consell escolar &#8211; 5 de novembre de 2020\">Llegeix m\u00e9s\u00bb<\/a><br \/>\n","protected":false},"author":4,"featured_media":0,"comment_status":"open","ping_status":"closed","sticky":false,"template":"","format":"standard","meta":{"_bbp_topic_count":0,"_bbp_reply_count":0,"_bbp_total_topic_count":0,"_bbp_total_reply_count":0,"_bbp_voice_count":0,"_bbp_anonymous_reply_count":0,"_bbp_topic_count_hidden":0,"_bbp_reply_count_hidden":0,"_bbp_forum_subforum_count":0,"footnotes":""},"categories":[108,231],"tags":[],"class_list":["post-14037","post","type-post","status-publish","format-standard","hentry","category-consell-escolar","category-curs-20-21"],"post_mailing_queue_ids":[],"_links":{"self":[{"href":"https:\/\/agora.xtec.cat\/escmadorell\/wp-json\/wp\/v2\/posts\/14037","targetHints":{"allow":["GET"]}}],"collection":[{"href":"https:\/\/agora.xtec.cat\/escmadorell\/wp-json\/wp\/v2\/posts"}],"about":[{"href":"https:\/\/agora.xtec.cat\/escmadorell\/wp-json\/wp\/v2\/types\/post"}],"author":[{"embeddable":true,"href":"https:\/\/agora.xtec.cat\/escmadorell\/wp-json\/wp\/v2\/users\/4"}],"replies":[{"embeddable":true,"href":"https:\/\/agora.xtec.cat\/escmadorell\/wp-json\/wp\/v2\/comments?post=14037"}],"version-history":[{"count":1,"href":"https:\/\/agora.xtec.cat\/escmadorell\/wp-json\/wp\/v2\/posts\/14037\/revisions"}],"predecessor-version":[{"id":14038,"href":"https:\/\/agora.xtec.cat\/escmadorell\/wp-json\/wp\/v2\/posts\/14037\/revisions\/14038"}],"wp:attachment":[{"href":"https:\/\/agora.xtec.cat\/escmadorell\/wp-json\/wp\/v2\/media?parent=14037"}],"wp:term":[{"taxonomy":"category","embeddable":true,"href":"https:\/\/agora.xtec.cat\/escmadorell\/wp-json\/wp\/v2\/categories?post=14037"},{"taxonomy":"post_tag","embeddable":true,"href":"https:\/\/agora.xtec.cat\/escmadorell\/wp-json\/wp\/v2\/tags?post=14037"}],"curies":[{"name":"wp","href":"https:\/\/api.w.org\/{rel}","templated":true}]}}