{"id":13795,"date":"2020-10-21T10:01:03","date_gmt":"2020-10-21T08:01:03","guid":{"rendered":"http:\/\/agora.xtec.cat\/escmadorell\/?p=13795"},"modified":"2021-01-18T13:24:20","modified_gmt":"2021-01-18T12:24:20","slug":"tema-central-descola","status":"publish","type":"post","link":"https:\/\/agora.xtec.cat\/escmadorell\/curs-20-21\/tema-central-descola\/","title":{"rendered":"Tema central d&#8217;escola"},"content":{"rendered":"<p>Bon dia fam\u00edlies,<\/p>\n<p>Enguany, el treball dels ODS, \u00e9s el tema central d&#8217;escola i per tant l&#8217;eix de molts aprenentatges. Perqu\u00e8 aneu coneixent una mica la tem\u00e0tica, us anirem presentant diferents informacions extretes de la p\u00e0gina d<a href=\"http:\/\/ensenyament.gencat.cat\/ca\/departament\/linies-estrategiques\/ods\/\" target=\"_blank\" rel=\"noopener noreferrer\">&#8216;Xtec<\/a>.<\/p>\n<p>Els\u00a0<strong>ODS<\/strong>\u00a0s\u00f3n els\u00a0<strong>objectius de desenvolupament sostenible<\/strong>, inclosos en la resoluci\u00f3 &#8220;Agenda 2030: transformar el nostre m\u00f3n&#8221;, que el setembre de 2015 l&#8217;Assemblea General de les Nacions Unides va aprovar, per tal de\u00a0definir\u00a0un full de ruta unificat per fer front als reptes globals de la humanitat. Aquest document identifica cinc grans \u00e0rees d&#8217;actuaci\u00f3\u00a0(persones, planeta, prosperitat, pau i\u00a0partenariat), al voltant de les quals hi ha 17 objectius de desenvolupament sostenible\u00a0(ODS)<em>\u00a0<\/em>i 169 fites per assolir en l&#8217;horitz\u00f3 2030, amb l&#8217;objectiu final de promoure la prosperitat a la vegada que es protegeix el medi ambient.<\/p>\n<p>Els\u00a0<strong>17 ODS<\/strong>\u00a0no s\u00f3n independents els uns dels altres, sin\u00f3 que estan interconnectats. Les intervencions en una \u00e0rea afectaran els resultats de les altres, i \u00e9s per aix\u00f2 que el desenvolupament ha d&#8217;equilibrar la sostenibilitat mediambiental, l&#8217;econ\u00f2mica i la social. Aix\u00ed, posar fi a la pobresa ha d&#8217;anar acompanyat d&#8217;un seguit d&#8217;estrat\u00e8gies per al creixement econ\u00f2mic i per al desenvolupament de respostes a necessitats socials com l&#8217;educaci\u00f3, la salut, la igualtat i les oportunitats laborals, a la vegada que es lluita contra el canvi clim\u00e0tic i es treballa per preservar boscos i oceans.<\/p>\n<p><a class=\"\" style=\"font-size: 2.3125em; font-weight: bold;\" href=\"http:\/\/ensenyament.gencat.cat\/ca\/departament\/linies-estrategiques\/ods\/#bloc1\" data-toggle=\"collapse\" data-parent=\"#acordio_distribuidora\">Qui hi participa i a qui van adre\u00e7ats?<\/a><\/p>\n<div id=\"bloc1\" class=\"panel-collapse collapse in\">\n<div class=\"col-xs-12 columna_esquerra\">\n<div class=\"cos_bloc basic_text_peq pd-15\">\n<p>La resoluci\u00f3 la van signar els 193 pa\u00efsos membres de les Nacions Unides, i constitueix una crida a l&#8217;acci\u00f3 a tots els governs perqu\u00e8 n&#8217;assumeixin els principis i la implementin al seu \u00e0mbit d&#8217;actuaci\u00f3, sigui quina en sigui la realitat social i econ\u00f2mica. L&#8217;Agenda 2030 i els ODS s&#8217;adrecen a tots els pa\u00efsos, independentment de la seva situaci\u00f3 socioecon\u00f2mica, i es comprometen a no deixar a ning\u00fa enrere i a fer l&#8217;esfor\u00e7 per atendre primer a aquells que es trobin m\u00e9s enrere.<\/p>\n<p>Els ODS, per\u00f2, no s&#8217;adrecen nom\u00e9s a pol\u00edtics i governs: tamb\u00e9 volen implicar tota la societat, el sector privat, la societat civil i tota la ciutadania; tothom pot posar el seu petit gra de sorra per posar fi a la pobresa, reduir les desigualtats i fer front al canvi clim\u00e0tic.<\/p>\n<p>&nbsp;<\/p>\n<\/div>\n<div class=\"panel-heading\">\n<h2 class=\"panel-title\"><a class=\"\" href=\"http:\/\/ensenyament.gencat.cat\/ca\/departament\/linies-estrategiques\/ods\/#bloc2\" data-toggle=\"collapse\" data-parent=\"#acordio_distribuidora\">L&#8217;Agenda 2030 a Catalunya<\/a><\/h2>\n<\/div>\n<div id=\"bloc2\" class=\"panel-collapse collapse in\">\n<div class=\"col-xs-12 columna_esquerra\">\n<div class=\"cos_bloc basic_text_peq pd-15\">\n<p>L&#8217;any 2015, el Govern de Catalunya es va fer ress\u00f2 de la crida de les Nacions Unides i va iniciar el proc\u00e9s per elaborar el Pla nacional per a la implementaci\u00f3 de l&#8217;Agenda 2030 a Catalunya, que es va aprovar el 25 de setembre de 2019.<\/p>\n<p>Aquest document, fruit de la col\u00b7laboraci\u00f3 interdepartamental, t\u00e9 com a objectiu principal l&#8217;assoliment a Catalunya dels 17 ODS i vincula els compromisos de l&#8217;Agenda 2030 amb el marc normatiu catal\u00e0, el Pla de Govern i els plans departamentals de l&#8217;actual legislatura.<\/p>\n<p>El Pla nacional per a la implementaci\u00f3 de l&#8217;Agenda 2030 a Catalunya inclou un total 920 compromisos que han de portar cap a l&#8217;assoliment dels ODS, alguns dels quals es troben en diversos ODS, fet que reflecteix la transversalitat del Pla.<\/p>\n<p>Aix\u00ed, el nombre de compromisos \u00fanics \u00e9s de 696, que s&#8217;han d&#8217;entendre com a objectius program\u00e0tics que permeten avan\u00e7ar en l&#8217;assoliment dels ODS a partir del conjunt de pol\u00edtiques p\u00fabliques que impulsa i gestiona el Govern de Catalunya. Des del punt de vista geogr\u00e0fic, la majoria dels 920 compromisos s&#8217;orienten a Catalunya (concretament 810) i n&#8217;hi ha 110 que s\u00f3n d&#8217;\u00e0mbit mundial, per tant, es referma el comprom\u00eds de Catalunya amb la comunitat internacional i la cooperaci\u00f3 al desenvolupament.<\/p>\n<p>El treball per a la consecuci\u00f3 dels ODS, per\u00f2, no \u00e9s exclusiu del Govern de la Generalitat, sin\u00f3 que \u00e9s un espai obert i compartit amb tota la societat catalana, tal com reflecteix l&#8217;Alian\u00e7a Catalunya 2030, que es va presentar el 21 de febrer de 2020 a Barcelona, amb una gran coalici\u00f3 de pa\u00eds per compartir recursos i impulsar iniciatives conjuntes a favor de l&#8217;Agenda 2030, en qu\u00e8 en van ser propotors un total de 33 organitzacions i entitats catalanes de tots els \u00e0mbits (tercer sector, sindicats, m\u00f3n local, universitats, representants de la gent gran, col\u00b7lectius LGTBI i defensors de la conservaci\u00f3 del medi ambient).<\/p>\n<p>&nbsp;<\/p>\n<\/div>\n<div class=\"panel-heading\">\n<h2 class=\"panel-title\"><a class=\"\" href=\"http:\/\/ensenyament.gencat.cat\/ca\/departament\/linies-estrategiques\/ods\/#bloc3\" data-toggle=\"collapse\" data-parent=\"#acordio_distribuidora\">L&#8217;Agenda 2030 al Departament d&#8217;Educaci\u00f3<\/a><\/h2>\n<\/div>\n<div id=\"bloc3\" class=\"panel-collapse collapse in\">\n<div class=\"col-xs-12 columna_esquerra\">\n<div class=\"cos_bloc basic_text_peq pd-15\">\n<p>El Departament d&#8217;Educaci\u00f3, d&#8217;acord amb les seves compet\u00e8ncies, coordina l&#8217;ODS 4 (educaci\u00f3 de qualitat), tot i que aix\u00f2 no exclou que el Departament pugui estar implicat en altres fites i compromisos vinculats a altres ODS, at\u00e8s el car\u00e0cter transversal de l&#8217;Agenda 2030.<\/p>\n<p>D&#8217;acord amb el Pla nacional per a l&#8217;Agenda 2030, el Departament tamb\u00e9 t\u00e9 compromisos vinculats a altres quatre ODS (a banda de l&#8217;ODS 4 esmentada), concretament amb les seg\u00fcents:<\/p>\n<ul>\n<li>ODS 1: Erradicar la pobresa a tot el m\u00f3n i en totes les seves formes.<\/li>\n<li>ODS 3: Garantir una vida sana i promoure el benestar per a totes les persones de totes les edats.<\/li>\n<li>ODS 5: Aconseguir la igualtat entre els g\u00e8neres i apoderar totes les dones i les nenes.<\/li>\n<li>ODS 13: Adoptar mesures urgents per combatre el canvi clim\u00e0tic i els seus efectes.<\/li>\n<\/ul>\n<p>Dins d&#8217;aquests cinc objectius, el Departament \u00e9s present en 13 fites i \u00e9s responsable de 68 compromisos, 66 dels quals s\u00f3n compromisos \u00fanics i 2 apareixen repetits en dues fites diferents. I si es t\u00e9 en compte l&#8217;\u00e0mbit d&#8217;actuaci\u00f3, dels 68 compromisos del Departament d&#8217;Educaci\u00f3, tots estan ubicats a Catalunya.<\/p>\n<\/div>\n<p>&nbsp;<\/p>\n<\/div>\n<\/div>\n<\/div>\n<\/div>\n<\/div>\n<\/div>\n","protected":false},"excerpt":{"rendered":"<p>Els\u00a0ODS\u00a0s\u00f3n els\u00a0objectius de desenvolupament sostenible, inclosos en la resoluci\u00f3 &#8220;Agenda 2030: transformar el nostre m\u00f3n&#8221;, que el setembre de 2015 l&#8217;Assemblea General de les Nacions Unides va aprovar, per tal de\u00a0definir\u00a0un full de ruta unificat per fer front als reptes globals de la humanitat. Aquest document identifica cinc grans \u00e0rees d&#8217;actuaci\u00f3\u00a0(persones, planeta, prosperitat, pau i\u00a0partenariat), al voltant de les quals hi ha 17 objectius de desenvolupament sostenible\u00a0(ODS)\u00a0i 169 fites per assolir en l&#8217;horitz\u00f3 2030, amb l&#8217;objectiu final de promoure la prosperitat a la vegada que es protegeix el medi ambient.&hellip;  <a href=\"https:\/\/agora.xtec.cat\/escmadorell\/curs-20-21\/tema-central-descola\/\" title=\"Read Tema central d&#8217;escola\">Llegeix m\u00e9s\u00bb<\/a><\/p>\n","protected":false},"author":4,"featured_media":0,"comment_status":"open","ping_status":"closed","sticky":false,"template":"","format":"standard","meta":{"_bbp_topic_count":0,"_bbp_reply_count":0,"_bbp_total_topic_count":0,"_bbp_total_reply_count":0,"_bbp_voice_count":0,"_bbp_anonymous_reply_count":0,"_bbp_topic_count_hidden":0,"_bbp_reply_count_hidden":0,"_bbp_forum_subforum_count":0,"footnotes":""},"categories":[231],"tags":[],"class_list":["post-13795","post","type-post","status-publish","format-standard","hentry","category-curs-20-21"],"post_mailing_queue_ids":[],"_links":{"self":[{"href":"https:\/\/agora.xtec.cat\/escmadorell\/wp-json\/wp\/v2\/posts\/13795","targetHints":{"allow":["GET"]}}],"collection":[{"href":"https:\/\/agora.xtec.cat\/escmadorell\/wp-json\/wp\/v2\/posts"}],"about":[{"href":"https:\/\/agora.xtec.cat\/escmadorell\/wp-json\/wp\/v2\/types\/post"}],"author":[{"embeddable":true,"href":"https:\/\/agora.xtec.cat\/escmadorell\/wp-json\/wp\/v2\/users\/4"}],"replies":[{"embeddable":true,"href":"https:\/\/agora.xtec.cat\/escmadorell\/wp-json\/wp\/v2\/comments?post=13795"}],"version-history":[{"count":1,"href":"https:\/\/agora.xtec.cat\/escmadorell\/wp-json\/wp\/v2\/posts\/13795\/revisions"}],"predecessor-version":[{"id":13796,"href":"https:\/\/agora.xtec.cat\/escmadorell\/wp-json\/wp\/v2\/posts\/13795\/revisions\/13796"}],"wp:attachment":[{"href":"https:\/\/agora.xtec.cat\/escmadorell\/wp-json\/wp\/v2\/media?parent=13795"}],"wp:term":[{"taxonomy":"category","embeddable":true,"href":"https:\/\/agora.xtec.cat\/escmadorell\/wp-json\/wp\/v2\/categories?post=13795"},{"taxonomy":"post_tag","embeddable":true,"href":"https:\/\/agora.xtec.cat\/escmadorell\/wp-json\/wp\/v2\/tags?post=13795"}],"curies":[{"name":"wp","href":"https:\/\/api.w.org\/{rel}","templated":true}]}}