{"id":13793,"date":"2020-10-16T09:45:51","date_gmt":"2020-10-16T07:45:51","guid":{"rendered":"http:\/\/agora.xtec.cat\/escmadorell\/?p=13793"},"modified":"2021-01-18T13:24:48","modified_gmt":"2021-01-18T12:24:48","slug":"consell-escolar-15-doctubre-de-2020","status":"publish","type":"post","link":"https:\/\/agora.xtec.cat\/escmadorell\/consell-escolar\/consell-escolar-15-doctubre-de-2020\/","title":{"rendered":"Consell escolar &#8211; 15 d&#8217;octubre de 2020"},"content":{"rendered":"<p>Benvolgudes fam\u00edlies,<\/p>\n<p>Ahir a la tarda es va reunir virtualment el Consell Escolar del centre a les 17:30 hores.<\/p>\n<p>Els temes tractats, seguint l&#8217;ordre del dia establert foren:<\/p>\n<ol>\n<li>Aprovaci\u00f3 de l&#8217;acta anterior.<\/li>\n<li>Valoraci\u00f3 del 1r mes d&#8217;escola: es va valorar molt positivament l&#8217;esfor\u00e7 de les fam\u00edlies, la col\u00b7laboraci\u00f3 de l&#8217;alumnat i dels mestres per haver possibilitat l&#8217;obertura d&#8217;una forma tan ordenada. Es van explicar les noves mesures, com l&#8217;assignaci\u00f3 de blocs de lavabos per cursos, l&#8217;horari de neteja d&#8217;aquests i d&#8217;altres espais durant el dia, l&#8217;organitzaci\u00f3 dels men\u00fas per endur i les mesures acordades amb l&#8217;Ajuntament (xarxa de suport i connectivitat). S&#8217;aproven les modificacions presentades del pla d&#8217;obertura.<\/li>\n<li>Modificaci\u00f3 de pressupost: es va comunicar una modificaci\u00f3 pressupost\u00e0ria referent al retorn de pagues i senyals de sortides no realitzades el curs passat, aix\u00ed com la creaci\u00f3 de la partida COVID 19.<\/li>\n<li>Sortides escolars: es van aprovar les sortides escolars en relaci\u00f3 al Camp d&#8217;Aprenentatge de Can Santoi pels cursos de Prim\u00e0ria, el cost de l&#8217;activitat l&#8217;assumeix l&#8217;AFA. En cas de necessitar transport o monitoratge extra, anir\u00e0 a c\u00e0rrec de les fam\u00edlies. Tanmateix es va fer una relaci\u00f3 de totes les sortides previstes. S&#8217;aproven totes, inclosa la del Parc de l&#8217;Obac per a 6\u00e8, financiada per la Diputaci\u00f3 de Barcelona i l&#8217;Ajuntament de Molins de Rei.<\/li>\n<\/ol>\n<p>Es valora positivament el nou sistema de confirmaci\u00f3 o no d&#8217;assist\u00e8ncia a les sortides mitjan\u00e7ant els formularis.<\/p>\n<p>5. Magnet: s&#8217;explica la reuni\u00f3 mantinguda amb la Fundaci\u00f3 Bofill sobre la participaci\u00f3 del centre. L&#8217;Ajuntament enviar\u00e0 una sol\u00b7licitud per a reunir-se amb ells.<\/p>\n<p>6. Actualitzaci\u00f3 de les comissions del Consell Escolar.<\/p>\n<p>7. Altres:<\/p>\n<ul>\n<li style=\"list-style-type: none;\">\n<ul style=\"list-style-type: circle;\">\n<li>S&#8217;informa l&#8217;actuaci\u00f3 realitzada de l&#8217;Ajuntament sobre els coloms.<\/li>\n<li>Es parla de l&#8217;hort escolar ecol\u00f2gic.<\/li>\n<li>La regidora d&#8217;educaci\u00f3 explica que les subvencions a l&#8217;AFA del curs anterior es podran destinar a despeses ocasionades per la pand\u00e8mia COVID19.<\/li>\n<\/ul>\n<\/li>\n<\/ul>\n","protected":false},"excerpt":{"rendered":"<p>Benvolgudes fam\u00edlies,<br \/>\nAhir a la tarda es va reunir virtualment el Consell Escolar del centre a les 17:30 hores.<br \/>\nEls temes tractats, seguint l&#8217;ordre del dia establert foren:<\/p>\n<ol>\n<li>Aprovaci\u00f3 de l&#8217;acta anterior.<\/li>\n<li>Valoraci\u00f3 del 1r mes d&#8217;escola: es va valorar molt positivament l&#8217;esfor\u00e7 de les fam\u00edlies, la col\u00b7laboraci\u00f3 de&hellip;  <a href=\"https:\/\/agora.xtec.cat\/escmadorell\/consell-escolar\/consell-escolar-15-doctubre-de-2020\/\" title=\"Read Consell escolar &#8211; 15 d&#8217;octubre de 2020\">Llegeix m\u00e9s\u00bb<\/a><br \/>\n","protected":false},"author":4,"featured_media":0,"comment_status":"open","ping_status":"closed","sticky":false,"template":"","format":"standard","meta":{"_bbp_topic_count":0,"_bbp_reply_count":0,"_bbp_total_topic_count":0,"_bbp_total_reply_count":0,"_bbp_voice_count":0,"_bbp_anonymous_reply_count":0,"_bbp_topic_count_hidden":0,"_bbp_reply_count_hidden":0,"_bbp_forum_subforum_count":0,"footnotes":""},"categories":[108,231],"tags":[],"class_list":["post-13793","post","type-post","status-publish","format-standard","hentry","category-consell-escolar","category-curs-20-21"],"post_mailing_queue_ids":[],"_links":{"self":[{"href":"https:\/\/agora.xtec.cat\/escmadorell\/wp-json\/wp\/v2\/posts\/13793","targetHints":{"allow":["GET"]}}],"collection":[{"href":"https:\/\/agora.xtec.cat\/escmadorell\/wp-json\/wp\/v2\/posts"}],"about":[{"href":"https:\/\/agora.xtec.cat\/escmadorell\/wp-json\/wp\/v2\/types\/post"}],"author":[{"embeddable":true,"href":"https:\/\/agora.xtec.cat\/escmadorell\/wp-json\/wp\/v2\/users\/4"}],"replies":[{"embeddable":true,"href":"https:\/\/agora.xtec.cat\/escmadorell\/wp-json\/wp\/v2\/comments?post=13793"}],"version-history":[{"count":1,"href":"https:\/\/agora.xtec.cat\/escmadorell\/wp-json\/wp\/v2\/posts\/13793\/revisions"}],"predecessor-version":[{"id":13794,"href":"https:\/\/agora.xtec.cat\/escmadorell\/wp-json\/wp\/v2\/posts\/13793\/revisions\/13794"}],"wp:attachment":[{"href":"https:\/\/agora.xtec.cat\/escmadorell\/wp-json\/wp\/v2\/media?parent=13793"}],"wp:term":[{"taxonomy":"category","embeddable":true,"href":"https:\/\/agora.xtec.cat\/escmadorell\/wp-json\/wp\/v2\/categories?post=13793"},{"taxonomy":"post_tag","embeddable":true,"href":"https:\/\/agora.xtec.cat\/escmadorell\/wp-json\/wp\/v2\/tags?post=13793"}],"curies":[{"name":"wp","href":"https:\/\/api.w.org\/{rel}","templated":true}]}}