{"id":11390,"date":"2020-02-21T16:40:26","date_gmt":"2020-02-21T15:40:26","guid":{"rendered":"http:\/\/agora.xtec.cat\/escmadorell\/?p=11390"},"modified":"2020-06-25T18:24:21","modified_gmt":"2020-06-25T16:24:21","slug":"esparriots-a-lescola","status":"publish","type":"post","link":"https:\/\/agora.xtec.cat\/escmadorell\/general\/esparriots-a-lescola\/","title":{"rendered":"ESPARRIOTS A L&#8217;ESCOLA"},"content":{"rendered":"<p>El Camell de Molins t\u00e9 el seu origen dos segles enrere, quan per Carnestoltes la quitxalla recollia diferents materials per construir una b\u00e8stia fant\u00e0stica per divertir-se.<br \/>\nEn aquest context de festa van apar\u00e8ixer els Esparriots. Aquests personatges hist\u00f2ricament, anaven vestits amb roba de sac, cintur\u00f3 d&#8217;esquellots i picarols als turmells. Tamb\u00e9 portaven un barret de palla al cap i espardenyes.<br \/>\nEls Esparriots s&#8217;encarregaven de molestar als arist\u00f2crates en el moment de fer el seu ball. Al so d&#8217;una m\u00fasica alegre, els Esparriots anaven formant serps i cargols, tot saltant i ballant al so de les gralles i el tambor\u00ed.<br \/>\nA l&#8217;escola, recuperem la figura d&#8217;aquest personatge tradicional per Carnestoltes, sent els alumnes de sis\u00e8, els encarregats de representar aquests paper.<br \/>\nAmb una camisa blanca plena de cintes i picarols, els Esparriots de l&#8217;escola s\u00f3n els representants de Sa Majestat el Carnestoltes.<br \/>\nEls alumnes de sis\u00e8 decideixen democr\u00e0ticament les tres consignes, que els alumnes i mestres de l&#8217;escola hauran de complir durant tres dies.<br \/>\nAquestes consignes s\u00f3n consensuades entre tots els alumnes de sis\u00e8 i acceptades per la comunitat educativa.<br \/>\nUna de les caracter\u00edstiques destacables dels nostres Esparriots \u00e9s que com ells mateixos diuen:<br \/>\n&#8220;&#8230;.som els nens i nenes m\u00e9s sorollosos del m\u00f3n&#8221;.<\/p>\n<p>Amb cassoles,paelles,cullerots, i estris de cuina vells,els alummes de sis\u00e8 passen per les classes fent soroll. La resta d&#8217;alumnes espera impacient l&#8217;arribada dels Esparriots que els hi comunicaran quines s\u00f3n les consignes a complir.<br \/>\nAix\u00ed mateix els Esparriots, vetllaran per tal que les consignes es compleixin i s&#8217;encarregaran de fer pagar una penyora a qui s&#8217;hagi despistat de no complir-la.<br \/>\nL&#8217;experi\u00e8ncia dels alumnes de sis\u00e8 com a Esparriots \u00e9s del tot gratificant, els hi encanta assumir per uns dies el paper d&#8217;aquests personatges tan arrelats a la nostra tradici\u00f3 com a poble.<\/p>\n<p><a href=\"https:\/\/agora.xtec.cat\/escmadorell\/wp-content\/uploads\/usu1350\/2020\/03\/IMG_7255.jpg\"><img loading=\"lazy\" decoding=\"async\" class=\"aligncenter size-medium wp-image-11391\" src=\"https:\/\/agora.xtec.cat\/escmadorell\/wp-content\/uploads\/usu1350\/2020\/03\/IMG_7255-300x225.jpg\" alt=\"\" width=\"300\" height=\"225\" srcset=\"https:\/\/agora.xtec.cat\/escmadorell\/wp-content\/uploads\/usu1350\/2020\/03\/IMG_7255-300x225.jpg 300w, https:\/\/agora.xtec.cat\/escmadorell\/wp-content\/uploads\/usu1350\/2020\/03\/IMG_7255-768x576.jpg 768w, https:\/\/agora.xtec.cat\/escmadorell\/wp-content\/uploads\/usu1350\/2020\/03\/IMG_7255-1024x768.jpg 1024w, https:\/\/agora.xtec.cat\/escmadorell\/wp-content\/uploads\/usu1350\/2020\/03\/IMG_7255-200x150.jpg 200w\" sizes=\"auto, (max-width: 300px) 100vw, 300px\" \/><\/a><\/p>\n<p><a href=\"https:\/\/agora.xtec.cat\/escmadorell\/wp-content\/uploads\/usu1350\/2020\/03\/IMG_7256.jpg\"><img loading=\"lazy\" decoding=\"async\" class=\"aligncenter size-medium wp-image-11392\" src=\"https:\/\/agora.xtec.cat\/escmadorell\/wp-content\/uploads\/usu1350\/2020\/03\/IMG_7256-300x225.jpg\" alt=\"\" width=\"300\" height=\"225\" srcset=\"https:\/\/agora.xtec.cat\/escmadorell\/wp-content\/uploads\/usu1350\/2020\/03\/IMG_7256-300x225.jpg 300w, https:\/\/agora.xtec.cat\/escmadorell\/wp-content\/uploads\/usu1350\/2020\/03\/IMG_7256-768x576.jpg 768w, https:\/\/agora.xtec.cat\/escmadorell\/wp-content\/uploads\/usu1350\/2020\/03\/IMG_7256-1024x768.jpg 1024w, https:\/\/agora.xtec.cat\/escmadorell\/wp-content\/uploads\/usu1350\/2020\/03\/IMG_7256-200x150.jpg 200w\" sizes=\"auto, (max-width: 300px) 100vw, 300px\" \/><\/a><\/p>\n<p><a href=\"https:\/\/agora.xtec.cat\/escmadorell\/wp-content\/uploads\/usu1350\/2020\/03\/IMG_7268.jpg\"><img loading=\"lazy\" decoding=\"async\" class=\"aligncenter size-medium wp-image-11393\" src=\"https:\/\/agora.xtec.cat\/escmadorell\/wp-content\/uploads\/usu1350\/2020\/03\/IMG_7268-300x225.jpg\" alt=\"\" width=\"300\" height=\"225\" srcset=\"https:\/\/agora.xtec.cat\/escmadorell\/wp-content\/uploads\/usu1350\/2020\/03\/IMG_7268-300x225.jpg 300w, https:\/\/agora.xtec.cat\/escmadorell\/wp-content\/uploads\/usu1350\/2020\/03\/IMG_7268-768x576.jpg 768w, https:\/\/agora.xtec.cat\/escmadorell\/wp-content\/uploads\/usu1350\/2020\/03\/IMG_7268-1024x768.jpg 1024w, https:\/\/agora.xtec.cat\/escmadorell\/wp-content\/uploads\/usu1350\/2020\/03\/IMG_7268-200x150.jpg 200w\" sizes=\"auto, (max-width: 300px) 100vw, 300px\" \/><\/a><\/p>\n<p><a href=\"https:\/\/agora.xtec.cat\/escmadorell\/wp-content\/uploads\/usu1350\/2020\/03\/IMG_7270.jpg\"><img loading=\"lazy\" decoding=\"async\" class=\"aligncenter size-medium wp-image-11394\" src=\"https:\/\/agora.xtec.cat\/escmadorell\/wp-content\/uploads\/usu1350\/2020\/03\/IMG_7270-300x225.jpg\" alt=\"\" width=\"300\" height=\"225\" srcset=\"https:\/\/agora.xtec.cat\/escmadorell\/wp-content\/uploads\/usu1350\/2020\/03\/IMG_7270-300x225.jpg 300w, https:\/\/agora.xtec.cat\/escmadorell\/wp-content\/uploads\/usu1350\/2020\/03\/IMG_7270-768x576.jpg 768w, https:\/\/agora.xtec.cat\/escmadorell\/wp-content\/uploads\/usu1350\/2020\/03\/IMG_7270-1024x768.jpg 1024w, https:\/\/agora.xtec.cat\/escmadorell\/wp-content\/uploads\/usu1350\/2020\/03\/IMG_7270-200x150.jpg 200w\" sizes=\"auto, (max-width: 300px) 100vw, 300px\" \/><\/a><\/p>\n","protected":false},"excerpt":{"rendered":"<p>El Camell de Molins t\u00e9 el seu origen dos segles enrere, quan per Carnestoltes la quitxalla recollia diferents materials per construir una b\u00e8stia fant\u00e0stica per divertir-se.<br \/>\nEn aquest context de festa van apar\u00e8ixer els Esparriots. Aquests personatges hist\u00f2ricament, anaven vestits amb roba de sac, cintur\u00f3 d&#8217;esquellots&hellip;  <a href=\"https:\/\/agora.xtec.cat\/escmadorell\/general\/esparriots-a-lescola\/\" title=\"Read ESPARRIOTS A L&#8217;ESCOLA\">Llegeix m\u00e9s\u00bb<\/a><\/p>\n","protected":false},"author":9,"featured_media":0,"comment_status":"open","ping_status":"closed","sticky":false,"template":"","format":"standard","meta":{"_bbp_topic_count":0,"_bbp_reply_count":0,"_bbp_total_topic_count":0,"_bbp_total_reply_count":0,"_bbp_voice_count":0,"_bbp_anonymous_reply_count":0,"_bbp_topic_count_hidden":0,"_bbp_reply_count_hidden":0,"_bbp_forum_subforum_count":0,"footnotes":""},"categories":[15,190,188,1],"tags":[],"class_list":["post-11390","post","type-post","status-publish","format-standard","hentry","category-6e","category-carnestoltes-2020","category-curs-19-20","category-general"],"post_mailing_queue_ids":[],"_links":{"self":[{"href":"https:\/\/agora.xtec.cat\/escmadorell\/wp-json\/wp\/v2\/posts\/11390","targetHints":{"allow":["GET"]}}],"collection":[{"href":"https:\/\/agora.xtec.cat\/escmadorell\/wp-json\/wp\/v2\/posts"}],"about":[{"href":"https:\/\/agora.xtec.cat\/escmadorell\/wp-json\/wp\/v2\/types\/post"}],"author":[{"embeddable":true,"href":"https:\/\/agora.xtec.cat\/escmadorell\/wp-json\/wp\/v2\/users\/9"}],"replies":[{"embeddable":true,"href":"https:\/\/agora.xtec.cat\/escmadorell\/wp-json\/wp\/v2\/comments?post=11390"}],"version-history":[{"count":3,"href":"https:\/\/agora.xtec.cat\/escmadorell\/wp-json\/wp\/v2\/posts\/11390\/revisions"}],"predecessor-version":[{"id":13714,"href":"https:\/\/agora.xtec.cat\/escmadorell\/wp-json\/wp\/v2\/posts\/11390\/revisions\/13714"}],"wp:attachment":[{"href":"https:\/\/agora.xtec.cat\/escmadorell\/wp-json\/wp\/v2\/media?parent=11390"}],"wp:term":[{"taxonomy":"category","embeddable":true,"href":"https:\/\/agora.xtec.cat\/escmadorell\/wp-json\/wp\/v2\/categories?post=11390"},{"taxonomy":"post_tag","embeddable":true,"href":"https:\/\/agora.xtec.cat\/escmadorell\/wp-json\/wp\/v2\/tags?post=11390"}],"curies":[{"name":"wp","href":"https:\/\/api.w.org\/{rel}","templated":true}]}}