{"id":11354,"date":"2020-02-13T14:46:29","date_gmt":"2020-02-13T13:46:29","guid":{"rendered":"http:\/\/agora.xtec.cat\/escmadorell\/?p=11354"},"modified":"2020-06-25T18:26:57","modified_gmt":"2020-06-25T16:26:57","slug":"dia-mundial-de-la-radio","status":"publish","type":"post","link":"https:\/\/agora.xtec.cat\/escmadorell\/primaria\/6e\/dia-mundial-de-la-radio\/","title":{"rendered":"Dia Mundial de la R\u00e0dio"},"content":{"rendered":"<p>Avui, 13 de febrer, \u00e9s el Dia Mundial de la R\u00e0dio i, amb aquesta excusa, volem donar la benvinguda al naixement de\u2026. R\u00e0dioMadorell.<br \/>\nLa nostra r\u00e0dio escolar tindr\u00e0 un espai setmanal on, alumnes de CM i CS, ens oferiran programes de r\u00e0dio ben variats.<\/p>\n<p>A continuaci\u00f3, l\u2019Eloi, L\u2019Izan i l\u2019Aitor ens expliquen l\u2019experi\u00e8ncia viscuda a l\u2019espai digital:<\/p>\n<p>\u201cHola, som tres nois de 6\u00e8A que hem estat elaborant un programa de r\u00e0dio. El primer que vam fer va ser escollir el tema i a la seg\u00fcent sessi\u00f3 ja vam comen\u00e7ar a elaborar el gui\u00f3.<br \/>\nPer poder elaborar el gui\u00f3 vam necessitar temps, una tablet, dos o tres chromebooks i imaginaci\u00f3.<br \/>\nAmb els chromebooks vam estar buscant els sons sense copyright i, despr\u00e9s d\u2019escollir els sons, vam comen\u00e7ar a gravar amb una tablet.<br \/>\nAmb el gui\u00f3 a punt i els sons guardats vam comen\u00e7ar l\u2019experi\u00e8ncia de la gravaci\u00f3. Vam donar-li al PLAY i&#8230;cadasc\u00fa activava els sons en el moment oport\u00fa.<\/p>\n<p>Volem aprofitar per donar-vos un consell: no us estresseu i tingueu paci\u00e8ncia, al final t\u2019ho acabes passant molt b\u00e9.<\/p>\n<p>Fent aquest projecte ens hem sentit molt a gust perqu\u00e8 ens agrada que la gent pugui escoltar el nostre treball i esperem que us agradi molt.\u201d<\/p>\n<!--[if lt IE 9]><script>document.createElement('audio');<\/script><![endif]-->\n<audio class=\"wp-audio-shortcode\" id=\"audio-11354-1\" preload=\"none\" style=\"width: 100%;\" controls=\"controls\"><source type=\"audio\/mpeg\" src=\"https:\/\/agora.xtec.cat\/escmadorell\/wp-content\/uploads\/usu1350\/2020\/02\/Definitiu-radio-6\u00e8A.mp3?_=1\" \/><a href=\"https:\/\/agora.xtec.cat\/escmadorell\/wp-content\/uploads\/usu1350\/2020\/02\/Definitiu-radio-6\u00e8A.mp3\">https:\/\/agora.xtec.cat\/escmadorell\/wp-content\/uploads\/usu1350\/2020\/02\/Definitiu-radio-6\u00e8A.mp3<\/a><\/audio>\n","protected":false},"excerpt":{"rendered":"<p>Avui, 13 de febrer, \u00e9s el Dia Mundial de la R\u00e0dio i, amb aquesta excusa, volem donar la benvinguda al naixement de\u2026. R\u00e0dioMadorell.<br \/>\nLa nostra r\u00e0dio escolar tindr\u00e0 un espai setmanal on, alumnes de CM i CS, ens oferiran programes de r\u00e0dio ben variats.<br \/>\nA continuaci\u00f3, l\u2019Eloi,&hellip;  <a href=\"https:\/\/agora.xtec.cat\/escmadorell\/primaria\/6e\/dia-mundial-de-la-radio\/\" title=\"Read Dia Mundial de la R\u00e0dio\">Llegeix m\u00e9s\u00bb<\/a><\/p>\n","protected":false},"author":4,"featured_media":0,"comment_status":"open","ping_status":"closed","sticky":false,"template":"","format":"standard","meta":{"_bbp_topic_count":0,"_bbp_reply_count":0,"_bbp_total_topic_count":0,"_bbp_total_reply_count":0,"_bbp_voice_count":0,"_bbp_anonymous_reply_count":0,"_bbp_topic_count_hidden":0,"_bbp_reply_count_hidden":0,"_bbp_forum_subforum_count":0,"footnotes":""},"categories":[15,188,161,193],"tags":[],"class_list":["post-11354","post","type-post","status-publish","format-standard","hentry","category-6e","category-curs-19-20","category-espaidigital-2","category-radio"],"post_mailing_queue_ids":[],"_links":{"self":[{"href":"https:\/\/agora.xtec.cat\/escmadorell\/wp-json\/wp\/v2\/posts\/11354","targetHints":{"allow":["GET"]}}],"collection":[{"href":"https:\/\/agora.xtec.cat\/escmadorell\/wp-json\/wp\/v2\/posts"}],"about":[{"href":"https:\/\/agora.xtec.cat\/escmadorell\/wp-json\/wp\/v2\/types\/post"}],"author":[{"embeddable":true,"href":"https:\/\/agora.xtec.cat\/escmadorell\/wp-json\/wp\/v2\/users\/4"}],"replies":[{"embeddable":true,"href":"https:\/\/agora.xtec.cat\/escmadorell\/wp-json\/wp\/v2\/comments?post=11354"}],"version-history":[{"count":3,"href":"https:\/\/agora.xtec.cat\/escmadorell\/wp-json\/wp\/v2\/posts\/11354\/revisions"}],"predecessor-version":[{"id":13715,"href":"https:\/\/agora.xtec.cat\/escmadorell\/wp-json\/wp\/v2\/posts\/11354\/revisions\/13715"}],"wp:attachment":[{"href":"https:\/\/agora.xtec.cat\/escmadorell\/wp-json\/wp\/v2\/media?parent=11354"}],"wp:term":[{"taxonomy":"category","embeddable":true,"href":"https:\/\/agora.xtec.cat\/escmadorell\/wp-json\/wp\/v2\/categories?post=11354"},{"taxonomy":"post_tag","embeddable":true,"href":"https:\/\/agora.xtec.cat\/escmadorell\/wp-json\/wp\/v2\/tags?post=11354"}],"curies":[{"name":"wp","href":"https:\/\/api.w.org\/{rel}","templated":true}]}}