{"id":11329,"date":"2020-02-05T13:13:33","date_gmt":"2020-02-05T12:13:33","guid":{"rendered":"http:\/\/agora.xtec.cat\/escmadorell\/?p=11329"},"modified":"2020-06-25T18:27:34","modified_gmt":"2020-06-25T16:27:34","slug":"tallers-per-la-pau","status":"publish","type":"post","link":"https:\/\/agora.xtec.cat\/escmadorell\/general\/tallers-per-la-pau\/","title":{"rendered":"Tallers per la pau"},"content":{"rendered":"<p>Durant aquesta setmana hem realitzat uns tallers per la pau. El primer taller ha estat &#8220;AIGUA PLIS-PLAS&#8221; on hem parlat sobre la poca aigua potable que disposem i com la podem aprofitar. Tamb\u00e9 hem parlat de la contaminaci\u00f3 dels nostres mars, rius i aig\u00fces del subs\u00f2l per causa dels pl\u00e0stics, petroli, les coses que aboquem al v\u00e0ter, el tractament de residus de les granges i fabriques&#8230;<br \/>\nHem apr\u00e8s a valorar l&#8217;aigua que tenim i intentar no contaminar-la, ja que aix\u00f2 afecta a tots els \u00e9ssers vius de la Terra.<\/p>\n<p>El segon taller ha estat &#8220;FAL\u00cd\u2013FAL\u00c0&#8221;, on hem dividit la classe en dos grups. Cada grup representava un pa\u00eds. A cadascun es jugava a un joc amb unes regles diferents. SENSE PARLAR. A la meitat del joc vam anar canviant de pa\u00eds i com que no es podia parlar, ens va dificultar molt entendre que estava passant.<br \/>\nEns ha ajudat a entendre com es pot sentir alg\u00fa que arriba a un nou pa\u00eds i no sap les normes ni l&#8217;idioma.<\/p>\n<p>Per \u00faltim hem fet el taller &#8220;QUI S\u00d3C JO&#8221;, on el Botsho ha demanat que expliqu\u00e9ssim coses sobre la seva vida sense saber res d&#8217;ell. Hem parlat dels prejudicis i hem apr\u00e8s que per con\u00e8ixer a una persona hem de parlar amb ella.<\/p>\n<p>Ha estat una setmana molt interessant!<\/p>\n<p><a href=\"https:\/\/agora.xtec.cat\/escmadorell\/wp-content\/uploads\/usu1350\/2020\/02\/63f4bde8-464c-436e-924d-cc2d44e21c41.jpg\"><img loading=\"lazy\" decoding=\"async\" class=\"aligncenter size-medium wp-image-11330\" src=\"https:\/\/agora.xtec.cat\/escmadorell\/wp-content\/uploads\/usu1350\/2020\/02\/63f4bde8-464c-436e-924d-cc2d44e21c41-300x225.jpg\" alt=\"\" width=\"300\" height=\"225\" srcset=\"https:\/\/agora.xtec.cat\/escmadorell\/wp-content\/uploads\/usu1350\/2020\/02\/63f4bde8-464c-436e-924d-cc2d44e21c41-300x225.jpg 300w, https:\/\/agora.xtec.cat\/escmadorell\/wp-content\/uploads\/usu1350\/2020\/02\/63f4bde8-464c-436e-924d-cc2d44e21c41-768x576.jpg 768w, https:\/\/agora.xtec.cat\/escmadorell\/wp-content\/uploads\/usu1350\/2020\/02\/63f4bde8-464c-436e-924d-cc2d44e21c41-1024x768.jpg 1024w, https:\/\/agora.xtec.cat\/escmadorell\/wp-content\/uploads\/usu1350\/2020\/02\/63f4bde8-464c-436e-924d-cc2d44e21c41-200x150.jpg 200w, https:\/\/agora.xtec.cat\/escmadorell\/wp-content\/uploads\/usu1350\/2020\/02\/63f4bde8-464c-436e-924d-cc2d44e21c41.jpg 1600w\" sizes=\"auto, (max-width: 300px) 100vw, 300px\" \/><\/a><\/p>\n<p><a href=\"https:\/\/agora.xtec.cat\/escmadorell\/wp-content\/uploads\/usu1350\/2020\/02\/6438b5f3-b527-43f9-ad4a-1afc03d54cbe.jpg\"><img loading=\"lazy\" decoding=\"async\" class=\"aligncenter size-medium wp-image-11331\" src=\"https:\/\/agora.xtec.cat\/escmadorell\/wp-content\/uploads\/usu1350\/2020\/02\/6438b5f3-b527-43f9-ad4a-1afc03d54cbe-225x300.jpg\" alt=\"\" width=\"225\" height=\"300\" srcset=\"https:\/\/agora.xtec.cat\/escmadorell\/wp-content\/uploads\/usu1350\/2020\/02\/6438b5f3-b527-43f9-ad4a-1afc03d54cbe-225x300.jpg 225w, https:\/\/agora.xtec.cat\/escmadorell\/wp-content\/uploads\/usu1350\/2020\/02\/6438b5f3-b527-43f9-ad4a-1afc03d54cbe-768x1024.jpg 768w, https:\/\/agora.xtec.cat\/escmadorell\/wp-content\/uploads\/usu1350\/2020\/02\/6438b5f3-b527-43f9-ad4a-1afc03d54cbe.jpg 1200w\" sizes=\"auto, (max-width: 225px) 100vw, 225px\" \/><\/a><\/p>\n","protected":false},"excerpt":{"rendered":"<p>Durant aquesta setmana hem realitzat uns tallers per la pau. El primer taller ha estat &#8220;AIGUA PLIS-PLAS&#8221; on hem parlat sobre la poca aigua potable que disposem i com la podem aprofitar. Tamb\u00e9 hem parlat de la contaminaci\u00f3 dels nostres mars, rius i aig\u00fces del&hellip;  <a href=\"https:\/\/agora.xtec.cat\/escmadorell\/general\/tallers-per-la-pau\/\" title=\"Read Tallers per la pau\">Llegeix m\u00e9s\u00bb<\/a><\/p>\n","protected":false},"author":9,"featured_media":0,"comment_status":"open","ping_status":"closed","sticky":false,"template":"","format":"standard","meta":{"_bbp_topic_count":0,"_bbp_reply_count":0,"_bbp_total_topic_count":0,"_bbp_total_reply_count":0,"_bbp_voice_count":0,"_bbp_anonymous_reply_count":0,"_bbp_topic_count_hidden":0,"_bbp_reply_count_hidden":0,"_bbp_forum_subforum_count":0,"footnotes":""},"categories":[14,188,1],"tags":[],"class_list":["post-11329","post","type-post","status-publish","format-standard","hentry","category-5e","category-curs-19-20","category-general"],"post_mailing_queue_ids":[],"_links":{"self":[{"href":"https:\/\/agora.xtec.cat\/escmadorell\/wp-json\/wp\/v2\/posts\/11329","targetHints":{"allow":["GET"]}}],"collection":[{"href":"https:\/\/agora.xtec.cat\/escmadorell\/wp-json\/wp\/v2\/posts"}],"about":[{"href":"https:\/\/agora.xtec.cat\/escmadorell\/wp-json\/wp\/v2\/types\/post"}],"author":[{"embeddable":true,"href":"https:\/\/agora.xtec.cat\/escmadorell\/wp-json\/wp\/v2\/users\/9"}],"replies":[{"embeddable":true,"href":"https:\/\/agora.xtec.cat\/escmadorell\/wp-json\/wp\/v2\/comments?post=11329"}],"version-history":[{"count":2,"href":"https:\/\/agora.xtec.cat\/escmadorell\/wp-json\/wp\/v2\/posts\/11329\/revisions"}],"predecessor-version":[{"id":13718,"href":"https:\/\/agora.xtec.cat\/escmadorell\/wp-json\/wp\/v2\/posts\/11329\/revisions\/13718"}],"wp:attachment":[{"href":"https:\/\/agora.xtec.cat\/escmadorell\/wp-json\/wp\/v2\/media?parent=11329"}],"wp:term":[{"taxonomy":"category","embeddable":true,"href":"https:\/\/agora.xtec.cat\/escmadorell\/wp-json\/wp\/v2\/categories?post=11329"},{"taxonomy":"post_tag","embeddable":true,"href":"https:\/\/agora.xtec.cat\/escmadorell\/wp-json\/wp\/v2\/tags?post=11329"}],"curies":[{"name":"wp","href":"https:\/\/api.w.org\/{rel}","templated":true}]}}