{"id":10455,"date":"2021-03-21T12:46:09","date_gmt":"2021-03-21T11:46:09","guid":{"rendered":"https:\/\/agora.xtec.cat\/esclescomesrodonya\/?p=10455"},"modified":"2021-03-21T12:46:09","modified_gmt":"2021-03-21T11:46:09","slug":"viu-la-recerca-amb-la-laura-i-en-joan","status":"publish","type":"post","link":"https:\/\/agora.xtec.cat\/esclescomesrodonya\/general\/viu-la-recerca-amb-la-laura-i-en-joan\/","title":{"rendered":"VIU LA RECERCA AMB LA LAURA I EN JOAN"},"content":{"rendered":"<p>L&#8217;altre dia van venir la Laura i el Joan, que tenen un munt de <a href=\"https:\/\/conteslaurajoan.cat\/guies\/\" target=\"_blank\" rel=\"noopener noreferrer\">contes<\/a> sobre la recerca que es fa a Catalunya, i per a qu\u00e8 serveix. D&#8217;aquesta manera es vol potenciar futurs i futures cient\u00edfiques.<\/p>\n<p>En aquest cas els i les alumnes de 4t i 5\u00e8 vam parlar sobre la recerca en general i sobre l&#8217;astronomia, m\u00e9s concretament, a trav\u00e9s del <a href=\"https:\/\/conteslaurajoan.cat\/guies\/conta_contes\/contacontes.pdf\" target=\"_blank\" rel=\"noopener noreferrer\">Programa educatiu: &#8220;Viu la recerca amb la Laura i en Joan&#8221;<\/a><\/p>\n<p>Cliqueu la imatge i en veureu m\u00e9s:<\/p>\n<p><a href=\"https:\/\/photos.app.goo.gl\/CMDeQxQCAKa6CNUR9\" target=\"_blank\" rel=\"noopener noreferrer\"><img loading=\"lazy\" decoding=\"async\" class=\"aligncenter size-full wp-image-10456\" src=\"https:\/\/agora.xtec.cat\/esclescomesrodonya\/wp-content\/uploads\/usu1986\/2021\/03\/lAURA-I-JOAN.jpg\" alt=\"\" width=\"765\" height=\"546\" srcset=\"https:\/\/agora.xtec.cat\/esclescomesrodonya\/wp-content\/uploads\/usu1986\/2021\/03\/lAURA-I-JOAN.jpg 765w, https:\/\/agora.xtec.cat\/esclescomesrodonya\/wp-content\/uploads\/usu1986\/2021\/03\/lAURA-I-JOAN-300x214.jpg 300w\" sizes=\"auto, (max-width: 765px) 100vw, 765px\" \/><\/a><\/p>\n","protected":false},"excerpt":{"rendered":"<p>L&#8217;altre dia van venir la Laura i el Joan, que tenen un munt de contes sobre la recerca que es fa a Catalunya, i per a qu\u00e8 serveix. D&#8217;aquesta manera es vol potenciar futurs i futures cient\u00edfiques. En aquest cas els i les alumnes de 4t i 5\u00e8 vam parlar sobre la recerca en general [&hellip;]<\/p>\n","protected":false},"author":1,"featured_media":10456,"comment_status":"closed","ping_status":"closed","sticky":false,"template":"","format":"standard","meta":{"_bbp_topic_count":0,"_bbp_reply_count":0,"_bbp_total_topic_count":0,"_bbp_total_reply_count":0,"_bbp_voice_count":0,"_bbp_anonymous_reply_count":0,"_bbp_topic_count_hidden":0,"_bbp_reply_count_hidden":0,"_bbp_forum_subforum_count":0,"site-sidebar-layout":"default","site-content-layout":"","ast-site-content-layout":"","site-content-style":"default","site-sidebar-style":"default","ast-global-header-display":"","ast-banner-title-visibility":"","ast-main-header-display":"","ast-hfb-above-header-display":"","ast-hfb-below-header-display":"","ast-hfb-mobile-header-display":"","site-post-title":"","ast-breadcrumbs-content":"","ast-featured-img":"","footer-sml-layout":"","theme-transparent-header-meta":"","adv-header-id-meta":"","stick-header-meta":"","header-above-stick-meta":"","header-main-stick-meta":"","header-below-stick-meta":"","astra-migrate-meta-layouts":"default","ast-page-background-enabled":"default","ast-page-background-meta":{"desktop":{"background-color":"var(--ast-global-color-4)","background-image":"","background-repeat":"repeat","background-position":"center center","background-size":"auto","background-attachment":"scroll","background-type":"","background-media":"","overlay-type":"","overlay-color":"","overlay-opacity":"","overlay-gradient":""},"tablet":{"background-color":"","background-image":"","background-repeat":"repeat","background-position":"center center","background-size":"auto","background-attachment":"scroll","background-type":"","background-media":"","overlay-type":"","overlay-color":"","overlay-opacity":"","overlay-gradient":""},"mobile":{"background-color":"","background-image":"","background-repeat":"repeat","background-position":"center center","background-size":"auto","background-attachment":"scroll","background-type":"","background-media":"","overlay-type":"","overlay-color":"","overlay-opacity":"","overlay-gradient":""}},"ast-content-background-meta":{"desktop":{"background-color":"var(--ast-global-color-5)","background-image":"","background-repeat":"repeat","background-position":"center center","background-size":"auto","background-attachment":"scroll","background-type":"","background-media":"","overlay-type":"","overlay-color":"","overlay-opacity":"","overlay-gradient":""},"tablet":{"background-color":"var(--ast-global-color-5)","background-image":"","background-repeat":"repeat","background-position":"center center","background-size":"auto","background-attachment":"scroll","background-type":"","background-media":"","overlay-type":"","overlay-color":"","overlay-opacity":"","overlay-gradient":""},"mobile":{"background-color":"var(--ast-global-color-5)","background-image":"","background-repeat":"repeat","background-position":"center center","background-size":"auto","background-attachment":"scroll","background-type":"","background-media":"","overlay-type":"","overlay-color":"","overlay-opacity":"","overlay-gradient":""}},"footnotes":""},"categories":[79,15,14,1,4],"tags":[],"class_list":["post-10455","post","type-post","status-publish","format-standard","has-post-thumbnail","hentry","category-activitats-a-lescola","category-cicle-mitja","category-cicle-superior","category-general","category-portada"],"post_mailing_queue_ids":[],"_links":{"self":[{"href":"https:\/\/agora.xtec.cat\/esclescomesrodonya\/wp-json\/wp\/v2\/posts\/10455","targetHints":{"allow":["GET"]}}],"collection":[{"href":"https:\/\/agora.xtec.cat\/esclescomesrodonya\/wp-json\/wp\/v2\/posts"}],"about":[{"href":"https:\/\/agora.xtec.cat\/esclescomesrodonya\/wp-json\/wp\/v2\/types\/post"}],"author":[{"embeddable":true,"href":"https:\/\/agora.xtec.cat\/esclescomesrodonya\/wp-json\/wp\/v2\/users\/1"}],"replies":[{"embeddable":true,"href":"https:\/\/agora.xtec.cat\/esclescomesrodonya\/wp-json\/wp\/v2\/comments?post=10455"}],"version-history":[{"count":1,"href":"https:\/\/agora.xtec.cat\/esclescomesrodonya\/wp-json\/wp\/v2\/posts\/10455\/revisions"}],"predecessor-version":[{"id":10457,"href":"https:\/\/agora.xtec.cat\/esclescomesrodonya\/wp-json\/wp\/v2\/posts\/10455\/revisions\/10457"}],"wp:featuredmedia":[{"embeddable":true,"href":"https:\/\/agora.xtec.cat\/esclescomesrodonya\/wp-json\/wp\/v2\/media\/10456"}],"wp:attachment":[{"href":"https:\/\/agora.xtec.cat\/esclescomesrodonya\/wp-json\/wp\/v2\/media?parent=10455"}],"wp:term":[{"taxonomy":"category","embeddable":true,"href":"https:\/\/agora.xtec.cat\/esclescomesrodonya\/wp-json\/wp\/v2\/categories?post=10455"},{"taxonomy":"post_tag","embeddable":true,"href":"https:\/\/agora.xtec.cat\/esclescomesrodonya\/wp-json\/wp\/v2\/tags?post=10455"}],"curies":[{"name":"wp","href":"https:\/\/api.w.org\/{rel}","templated":true}]}}