{"id":12187,"date":"2026-04-16T10:32:02","date_gmt":"2026-04-16T08:32:02","guid":{"rendered":"https:\/\/agora.xtec.cat\/esclesarrels-mollerussa\/?p=12187"},"modified":"2026-04-16T11:33:25","modified_gmt":"2026-04-16T09:33:25","slug":"la-basma-zait-es-premiada-a-la-xviii-edicio-del-certamen-literari-sol-del-pla","status":"publish","type":"post","link":"https:\/\/agora.xtec.cat\/esclesarrels-mollerussa\/portada\/la-basma-zait-es-premiada-a-la-xviii-edicio-del-certamen-literari-sol-del-pla\/","title":{"rendered":"La Basma Zait \u00e9s premiada a la XVIII edici\u00f3 del certamen literari Sol del Pla"},"content":{"rendered":"<p>El passat dissabte 11 d&#8217;abril de 2026 el Consell Comarcal del Pla d&#8217;Urgell va fer entrega dels XVIII Premis Sol del Pla, un certamen literari de llarga tradici\u00f3 a la comarca en qu\u00e8 participen tots els centres educatius de prim\u00e0ria i secund\u00e0ria.<\/p>\n<p>La cerim\u00f2nia va presentar totes les obres guanyadores dels tres premiats de cada categoria, en la modalitat de poesia i en la modalitat d&#8217;il\u00b7lustraci\u00f3.<\/p>\n<p>En la Categoria A (alumnat de 1r i 2n de prim\u00e0ria) el 2n premi va ser per la nostra alumna Basma Zait per la poesia La Bruixa Lola.<\/p>\n<p>Enhorabona Basma!<\/p>\n<p>&nbsp;<\/p>\n<p><a href=\"https:\/\/www.plaurgell.cat\/actualitat\/noticies\/carles-palau-defensa-el-paper-actiu-dels-premis-sol-del-pla-contra-la-reculada-del-catala-en-l2019us-social\">M\u00e9s informaci\u00f3<\/a><\/p>\n<p><a href=\"https:\/\/agora.xtec.cat\/esclesarrels-mollerussa\/wp-content\/uploads\/usu1994\/2026\/04\/poesia-basma-zait-la-bruixa-lola-2n-premi-Sol-del-Pla-Categoria-A-2026.jpg\"><img loading=\"lazy\" decoding=\"async\" class=\"alignnone size-full wp-image-12188\" src=\"https:\/\/agora.xtec.cat\/esclesarrels-mollerussa\/wp-content\/uploads\/usu1994\/2026\/04\/poesia-basma-zait-la-bruixa-lola-2n-premi-Sol-del-Pla-Categoria-A-2026.jpg\" alt=\"\" width=\"2000\" height=\"1125\" srcset=\"https:\/\/agora.xtec.cat\/esclesarrels-mollerussa\/wp-content\/uploads\/usu1994\/2026\/04\/poesia-basma-zait-la-bruixa-lola-2n-premi-Sol-del-Pla-Categoria-A-2026.jpg 2000w, https:\/\/agora.xtec.cat\/esclesarrels-mollerussa\/wp-content\/uploads\/usu1994\/2026\/04\/poesia-basma-zait-la-bruixa-lola-2n-premi-Sol-del-Pla-Categoria-A-2026-300x169.jpg 300w, https:\/\/agora.xtec.cat\/esclesarrels-mollerussa\/wp-content\/uploads\/usu1994\/2026\/04\/poesia-basma-zait-la-bruixa-lola-2n-premi-Sol-del-Pla-Categoria-A-2026-1024x576.jpg 1024w, https:\/\/agora.xtec.cat\/esclesarrels-mollerussa\/wp-content\/uploads\/usu1994\/2026\/04\/poesia-basma-zait-la-bruixa-lola-2n-premi-Sol-del-Pla-Categoria-A-2026-768x432.jpg 768w, https:\/\/agora.xtec.cat\/esclesarrels-mollerussa\/wp-content\/uploads\/usu1994\/2026\/04\/poesia-basma-zait-la-bruixa-lola-2n-premi-Sol-del-Pla-Categoria-A-2026-1536x864.jpg 1536w\" sizes=\"auto, (max-width: 2000px) 100vw, 2000px\" \/><\/a><\/p>\n<p><a href=\"https:\/\/agora.xtec.cat\/esclesarrels-mollerussa\/wp-content\/uploads\/usu1994\/2026\/04\/moment-dentrega-del-premi-a-Basma-Zait-Sol-del-Pla-2026.jpeg\"><img loading=\"lazy\" decoding=\"async\" class=\"alignnone size-full wp-image-12189\" src=\"https:\/\/agora.xtec.cat\/esclesarrels-mollerussa\/wp-content\/uploads\/usu1994\/2026\/04\/moment-dentrega-del-premi-a-Basma-Zait-Sol-del-Pla-2026.jpeg\" alt=\"\" width=\"1201\" height=\"1600\" srcset=\"https:\/\/agora.xtec.cat\/esclesarrels-mollerussa\/wp-content\/uploads\/usu1994\/2026\/04\/moment-dentrega-del-premi-a-Basma-Zait-Sol-del-Pla-2026.jpeg 1201w, https:\/\/agora.xtec.cat\/esclesarrels-mollerussa\/wp-content\/uploads\/usu1994\/2026\/04\/moment-dentrega-del-premi-a-Basma-Zait-Sol-del-Pla-2026-225x300.jpeg 225w, https:\/\/agora.xtec.cat\/esclesarrels-mollerussa\/wp-content\/uploads\/usu1994\/2026\/04\/moment-dentrega-del-premi-a-Basma-Zait-Sol-del-Pla-2026-769x1024.jpeg 769w, https:\/\/agora.xtec.cat\/esclesarrels-mollerussa\/wp-content\/uploads\/usu1994\/2026\/04\/moment-dentrega-del-premi-a-Basma-Zait-Sol-del-Pla-2026-768x1023.jpeg 768w, https:\/\/agora.xtec.cat\/esclesarrels-mollerussa\/wp-content\/uploads\/usu1994\/2026\/04\/moment-dentrega-del-premi-a-Basma-Zait-Sol-del-Pla-2026-1153x1536.jpeg 1153w\" sizes=\"auto, (max-width: 1201px) 100vw, 1201px\" \/><\/a><\/p>\n<p>&nbsp;<\/p>\n","protected":false},"excerpt":{"rendered":"<p>El passat dissabte 11 d&#8217;abril de 2026 el Consell Comarcal del Pla d&#8217;Urgell va fer entrega dels XVIII Premis Sol del Pla, un certamen literari de llarga tradici\u00f3 a la comarca en qu\u00e8 participen tots els centres educatius de prim\u00e0ria i secund\u00e0ria.<br \/>\nLa cerim\u00f2nia va presentar&hellip;  <a href=\"https:\/\/agora.xtec.cat\/esclesarrels-mollerussa\/portada\/la-basma-zait-es-premiada-a-la-xviii-edicio-del-certamen-literari-sol-del-pla\/\" title=\"Read La Basma Zait \u00e9s premiada a la XVIII edici\u00f3 del certamen literari Sol del Pla\">Llegeix m\u00e9s\u00bb<\/a><\/p>\n","protected":false},"author":68,"featured_media":0,"comment_status":"open","ping_status":"open","sticky":false,"template":"","format":"standard","meta":{"_bbp_topic_count":0,"_bbp_reply_count":0,"_bbp_total_topic_count":0,"_bbp_total_reply_count":0,"_bbp_voice_count":0,"_bbp_anonymous_reply_count":0,"_bbp_topic_count_hidden":0,"_bbp_reply_count_hidden":0,"_bbp_forum_subforum_count":0,"footnotes":""},"categories":[4],"tags":[],"class_list":["post-12187","post","type-post","status-publish","format-standard","hentry","category-portada"],"post_mailing_queue_ids":[],"_links":{"self":[{"href":"https:\/\/agora.xtec.cat\/esclesarrels-mollerussa\/wp-json\/wp\/v2\/posts\/12187","targetHints":{"allow":["GET"]}}],"collection":[{"href":"https:\/\/agora.xtec.cat\/esclesarrels-mollerussa\/wp-json\/wp\/v2\/posts"}],"about":[{"href":"https:\/\/agora.xtec.cat\/esclesarrels-mollerussa\/wp-json\/wp\/v2\/types\/post"}],"author":[{"embeddable":true,"href":"https:\/\/agora.xtec.cat\/esclesarrels-mollerussa\/wp-json\/wp\/v2\/users\/68"}],"replies":[{"embeddable":true,"href":"https:\/\/agora.xtec.cat\/esclesarrels-mollerussa\/wp-json\/wp\/v2\/comments?post=12187"}],"version-history":[{"count":4,"href":"https:\/\/agora.xtec.cat\/esclesarrels-mollerussa\/wp-json\/wp\/v2\/posts\/12187\/revisions"}],"predecessor-version":[{"id":12199,"href":"https:\/\/agora.xtec.cat\/esclesarrels-mollerussa\/wp-json\/wp\/v2\/posts\/12187\/revisions\/12199"}],"wp:attachment":[{"href":"https:\/\/agora.xtec.cat\/esclesarrels-mollerussa\/wp-json\/wp\/v2\/media?parent=12187"}],"wp:term":[{"taxonomy":"category","embeddable":true,"href":"https:\/\/agora.xtec.cat\/esclesarrels-mollerussa\/wp-json\/wp\/v2\/categories?post=12187"},{"taxonomy":"post_tag","embeddable":true,"href":"https:\/\/agora.xtec.cat\/esclesarrels-mollerussa\/wp-json\/wp\/v2\/tags?post=12187"}],"curies":[{"name":"wp","href":"https:\/\/api.w.org\/{rel}","templated":true}]}}