{"id":11987,"date":"2025-08-29T13:37:36","date_gmt":"2025-08-29T11:37:36","guid":{"rendered":"https:\/\/agora.xtec.cat\/esclesarrels-mollerussa\/?p=11987"},"modified":"2026-07-30T16:46:49","modified_gmt":"2026-07-30T14:46:49","slug":"val-escolar-de-les-arrels","status":"publish","type":"post","link":"https:\/\/agora.xtec.cat\/esclesarrels-mollerussa\/jo-em-quedo-a-casa\/val-escolar-de-les-arrels\/","title":{"rendered":"Val Escolar de Les Arrels"},"content":{"rendered":"<p>El\u00a0<strong>val escolar de 60 euros<\/strong> s\u2019adre\u00e7a a les fam\u00edlies dels alumnes que al curs 2026-2027 facin prim\u00e0ria o secund\u00e0ria en centres p\u00fablics o concertats.<\/p>\n<h4>Activaci\u00f3 dels vals<\/h4>\n<p class=\"light-p\">Els vals s\u2019han d\u2019activar per poder-los utilitzar.<\/p>\n<p><strong>MAI NO SE\u2019T DEMANARAN LES TEVES DADES BANC\u00c0RIES.<\/strong><\/p>\n<h4>Valor dels vals<\/h4>\n<p>L\u2019ajut es dona en dos vals de 30 euros cadascun, per fer servir alhora o per separat.<\/p>\n<h4>Cessi\u00f3 dels vals<\/h4>\n<p>Pots cedir el val al centre educatiu per reduir l&#8217;aportaci\u00f3 en concepte de material escolar fins al 19 de setembre.<\/p>\n<p><a href=\"https:\/\/valescolar.cat\/vals\/identificacio\">Clica aqu\u00ed per accedir a la p\u00e0gina d&#8217;activaci\u00f3 dels vals.<\/a><\/p>\n<p>Tingues en compte que el n\u00famero Identificador de l&#8217;alumne\/a \u00e9s l&#8217;IDALU i el pots trobar a l&#8217;apartat ALUMNE de l&#8217;aplicaci\u00f3 de l&#8217;escola.<\/p>\n<p>En el moment d&#8217;activar el val has de clicar l&#8217;opci\u00f3 CEDIR EL VAL ESCOLAR i apareix el nom de l&#8217;escola.<\/p>\n<p>Recorda que hi ha temps fins al 19 de setembre!<\/p>\n<p>Per qualsevol dubte acudeix a l&#8217;escola entre 9h i 12:30h perqu\u00e8 t&#8217;ajudem.<\/p>\n","protected":false},"excerpt":{"rendered":"<p>El\u00a0val escolar de 60 euros s\u2019adre\u00e7a a les fam\u00edlies dels alumnes que al curs 2026-2027 facin prim\u00e0ria o secund\u00e0ria en centres p\u00fablics o concertats. Activaci\u00f3 dels vals Els vals s\u2019han d\u2019activar per poder-los utilitzar. MAI NO SE\u2019T DEMANARAN LES TEVES DADES BANC\u00c0RIES. Valor dels vals L\u2019ajut es dona en dos vals de 30 euros cadascun, [&hellip;]<\/p>\n","protected":false},"author":68,"featured_media":0,"comment_status":"open","ping_status":"open","sticky":false,"template":"","format":"standard","meta":{"_bbp_topic_count":0,"_bbp_reply_count":0,"_bbp_total_topic_count":0,"_bbp_total_reply_count":0,"_bbp_voice_count":0,"_bbp_anonymous_reply_count":0,"_bbp_topic_count_hidden":0,"_bbp_reply_count_hidden":0,"_bbp_forum_subforum_count":0,"site-sidebar-layout":"default","site-content-layout":"","ast-site-content-layout":"default","site-content-style":"default","site-sidebar-style":"default","ast-global-header-display":"","ast-banner-title-visibility":"","ast-main-header-display":"","ast-hfb-above-header-display":"","ast-hfb-below-header-display":"","ast-hfb-mobile-header-display":"","site-post-title":"","ast-breadcrumbs-content":"","ast-featured-img":"","footer-sml-layout":"","theme-transparent-header-meta":"","adv-header-id-meta":"","stick-header-meta":"","header-above-stick-meta":"","header-main-stick-meta":"","header-below-stick-meta":"","astra-migrate-meta-layouts":"set","ast-page-background-enabled":"default","ast-page-background-meta":{"desktop":{"background-color":"var(--ast-global-color-4)","background-image":"","background-repeat":"repeat","background-position":"center center","background-size":"auto","background-attachment":"scroll","background-type":"","background-media":"","overlay-type":"","overlay-color":"","overlay-opacity":"","overlay-gradient":""},"tablet":{"background-color":"","background-image":"","background-repeat":"repeat","background-position":"center center","background-size":"auto","background-attachment":"scroll","background-type":"","background-media":"","overlay-type":"","overlay-color":"","overlay-opacity":"","overlay-gradient":""},"mobile":{"background-color":"","background-image":"","background-repeat":"repeat","background-position":"center center","background-size":"auto","background-attachment":"scroll","background-type":"","background-media":"","overlay-type":"","overlay-color":"","overlay-opacity":"","overlay-gradient":""}},"ast-content-background-meta":{"desktop":{"background-color":"var(--ast-global-color-5)","background-image":"","background-repeat":"repeat","background-position":"center center","background-size":"auto","background-attachment":"scroll","background-type":"","background-media":"","overlay-type":"","overlay-color":"","overlay-opacity":"","overlay-gradient":""},"tablet":{"background-color":"var(--ast-global-color-5)","background-image":"","background-repeat":"repeat","background-position":"center center","background-size":"auto","background-attachment":"scroll","background-type":"","background-media":"","overlay-type":"","overlay-color":"","overlay-opacity":"","overlay-gradient":""},"mobile":{"background-color":"var(--ast-global-color-5)","background-image":"","background-repeat":"repeat","background-position":"center center","background-size":"auto","background-attachment":"scroll","background-type":"","background-media":"","overlay-type":"","overlay-color":"","overlay-opacity":"","overlay-gradient":""}},"footnotes":""},"categories":[1],"tags":[],"class_list":["post-11987","post","type-post","status-publish","format-standard","hentry","category-jo-em-quedo-a-casa"],"post_mailing_queue_ids":[],"_links":{"self":[{"href":"https:\/\/agora.xtec.cat\/esclesarrels-mollerussa\/wp-json\/wp\/v2\/posts\/11987","targetHints":{"allow":["GET"]}}],"collection":[{"href":"https:\/\/agora.xtec.cat\/esclesarrels-mollerussa\/wp-json\/wp\/v2\/posts"}],"about":[{"href":"https:\/\/agora.xtec.cat\/esclesarrels-mollerussa\/wp-json\/wp\/v2\/types\/post"}],"author":[{"embeddable":true,"href":"https:\/\/agora.xtec.cat\/esclesarrels-mollerussa\/wp-json\/wp\/v2\/users\/68"}],"replies":[{"embeddable":true,"href":"https:\/\/agora.xtec.cat\/esclesarrels-mollerussa\/wp-json\/wp\/v2\/comments?post=11987"}],"version-history":[{"count":2,"href":"https:\/\/agora.xtec.cat\/esclesarrels-mollerussa\/wp-json\/wp\/v2\/posts\/11987\/revisions"}],"predecessor-version":[{"id":12353,"href":"https:\/\/agora.xtec.cat\/esclesarrels-mollerussa\/wp-json\/wp\/v2\/posts\/11987\/revisions\/12353"}],"wp:attachment":[{"href":"https:\/\/agora.xtec.cat\/esclesarrels-mollerussa\/wp-json\/wp\/v2\/media?parent=11987"}],"wp:term":[{"taxonomy":"category","embeddable":true,"href":"https:\/\/agora.xtec.cat\/esclesarrels-mollerussa\/wp-json\/wp\/v2\/categories?post=11987"},{"taxonomy":"post_tag","embeddable":true,"href":"https:\/\/agora.xtec.cat\/esclesarrels-mollerussa\/wp-json\/wp\/v2\/tags?post=11987"}],"curies":[{"name":"wp","href":"https:\/\/api.w.org\/{rel}","templated":true}]}}