{"id":11096,"date":"2024-04-26T12:56:09","date_gmt":"2024-04-26T10:56:09","guid":{"rendered":"https:\/\/agora.xtec.cat\/esclesarrels-mollerussa\/?p=11096"},"modified":"2024-04-26T12:56:09","modified_gmt":"2024-04-26T10:56:09","slug":"fem-hort-a-cicle-mitja-%f0%9f%8d%86%f0%9f%a5%a6%f0%9f%a5%ac","status":"publish","type":"post","link":"https:\/\/agora.xtec.cat\/esclesarrels-mollerussa\/primaria\/fem-hort-a-cicle-mitja-%f0%9f%8d%86%f0%9f%a5%a6%f0%9f%a5%ac\/","title":{"rendered":"Fem hort a Cicle Mitj\u00e0 \ud83c\udf46\ud83e\udd66\ud83e\udd6c"},"content":{"rendered":"<p>A cicle mitj\u00e0 vam decidir posar en marxa l&#8217;hort de l&#8217;escola.<\/p>\n<p>Vam comen\u00e7ar mesurant les dimensions dels bancals de l&#8217;hort per saber que s&#8217;hi podia plantar i la quantitat de planter que pod\u00edem posar. A quart vam aprofitar per ampliar continguts matem\u00e0tics relacionats amb les \u00e0rees i superf\u00edcies dels bancals.<\/p>\n<p>Per fer-ho, al llarg de la setmana cultural ens hem repartit les diferents tasques, com: anar a comprar el planter i les llavors, netejar l&#8217;espai de l&#8217;hort i preparar la terra dels bancals, dissenyar l&#8217;estructura de l&#8217;hort, elaborar els cartells amb la informaci\u00f3 de les diferents hortalisses i plantes i tamb\u00e9 hem pintat pedres per decorar l&#8217;espai.<\/p>\n<p>Ha sigut molt vivencial i divertit! Ens ha agradat molt!!<\/p>\n<p><a href=\"https:\/\/photos.app.goo.gl\/hQpsF1Hu5WSyhLaN8\"><img loading=\"lazy\" decoding=\"async\" class=\"wp-image-11102 aligncenter\" src=\"https:\/\/agora.xtec.cat\/esclesarrels-mollerussa\/wp-content\/uploads\/usu1994\/2024\/04\/WhatsApp-Image-2024-04-25-at-22.39.36-2.jpeg\" alt=\"\" width=\"240\" height=\"320\" srcset=\"https:\/\/agora.xtec.cat\/esclesarrels-mollerussa\/wp-content\/uploads\/usu1994\/2024\/04\/WhatsApp-Image-2024-04-25-at-22.39.36-2.jpeg 668w, https:\/\/agora.xtec.cat\/esclesarrels-mollerussa\/wp-content\/uploads\/usu1994\/2024\/04\/WhatsApp-Image-2024-04-25-at-22.39.36-2-225x300.jpeg 225w\" sizes=\"auto, (max-width: 240px) 100vw, 240px\" \/><\/a><\/p>\n<p>Esperem recollir algunes hortalisses ben aviat!!!\ud83d\ude0a\ud83c\udf46\ud83e\udd66\ud83e\udd6c<\/p>\n","protected":false},"excerpt":{"rendered":"<p>A cicle mitj\u00e0 vam decidir posar en marxa l&#8217;hort de l&#8217;escola. Vam comen\u00e7ar mesurant les dimensions dels bancals de l&#8217;hort per saber que s&#8217;hi podia plantar i la quantitat de planter que pod\u00edem posar. A quart vam aprofitar per ampliar continguts matem\u00e0tics relacionats amb les \u00e0rees i superf\u00edcies dels bancals. Per fer-ho, al llarg de [&hellip;]<\/p>\n","protected":false},"author":59,"featured_media":0,"comment_status":"open","ping_status":"closed","sticky":false,"template":"","format":"standard","meta":{"_bbp_topic_count":0,"_bbp_reply_count":0,"_bbp_total_topic_count":0,"_bbp_total_reply_count":0,"_bbp_voice_count":0,"_bbp_anonymous_reply_count":0,"_bbp_topic_count_hidden":0,"_bbp_reply_count_hidden":0,"_bbp_forum_subforum_count":0,"site-sidebar-layout":"default","site-content-layout":"","ast-site-content-layout":"","site-content-style":"default","site-sidebar-style":"default","ast-global-header-display":"","ast-banner-title-visibility":"","ast-main-header-display":"","ast-hfb-above-header-display":"","ast-hfb-below-header-display":"","ast-hfb-mobile-header-display":"","site-post-title":"","ast-breadcrumbs-content":"","ast-featured-img":"","footer-sml-layout":"","theme-transparent-header-meta":"","adv-header-id-meta":"","stick-header-meta":"","header-above-stick-meta":"","header-main-stick-meta":"","header-below-stick-meta":"","astra-migrate-meta-layouts":"default","ast-page-background-enabled":"default","ast-page-background-meta":{"desktop":{"background-color":"var(--ast-global-color-4)","background-image":"","background-repeat":"repeat","background-position":"center center","background-size":"auto","background-attachment":"scroll","background-type":"","background-media":"","overlay-type":"","overlay-color":"","overlay-opacity":"","overlay-gradient":""},"tablet":{"background-color":"","background-image":"","background-repeat":"repeat","background-position":"center center","background-size":"auto","background-attachment":"scroll","background-type":"","background-media":"","overlay-type":"","overlay-color":"","overlay-opacity":"","overlay-gradient":""},"mobile":{"background-color":"","background-image":"","background-repeat":"repeat","background-position":"center center","background-size":"auto","background-attachment":"scroll","background-type":"","background-media":"","overlay-type":"","overlay-color":"","overlay-opacity":"","overlay-gradient":""}},"ast-content-background-meta":{"desktop":{"background-color":"var(--ast-global-color-5)","background-image":"","background-repeat":"repeat","background-position":"center center","background-size":"auto","background-attachment":"scroll","background-type":"","background-media":"","overlay-type":"","overlay-color":"","overlay-opacity":"","overlay-gradient":""},"tablet":{"background-color":"var(--ast-global-color-5)","background-image":"","background-repeat":"repeat","background-position":"center center","background-size":"auto","background-attachment":"scroll","background-type":"","background-media":"","overlay-type":"","overlay-color":"","overlay-opacity":"","overlay-gradient":""},"mobile":{"background-color":"var(--ast-global-color-5)","background-image":"","background-repeat":"repeat","background-position":"center center","background-size":"auto","background-attachment":"scroll","background-type":"","background-media":"","overlay-type":"","overlay-color":"","overlay-opacity":"","overlay-gradient":""}},"footnotes":""},"categories":[12,71,5],"tags":[],"class_list":["post-11096","post","type-post","status-publish","format-standard","hentry","category-cicle-mitja","category-jornades-culturals","category-primaria"],"post_mailing_queue_ids":[],"_links":{"self":[{"href":"https:\/\/agora.xtec.cat\/esclesarrels-mollerussa\/wp-json\/wp\/v2\/posts\/11096","targetHints":{"allow":["GET"]}}],"collection":[{"href":"https:\/\/agora.xtec.cat\/esclesarrels-mollerussa\/wp-json\/wp\/v2\/posts"}],"about":[{"href":"https:\/\/agora.xtec.cat\/esclesarrels-mollerussa\/wp-json\/wp\/v2\/types\/post"}],"author":[{"embeddable":true,"href":"https:\/\/agora.xtec.cat\/esclesarrels-mollerussa\/wp-json\/wp\/v2\/users\/59"}],"replies":[{"embeddable":true,"href":"https:\/\/agora.xtec.cat\/esclesarrels-mollerussa\/wp-json\/wp\/v2\/comments?post=11096"}],"version-history":[{"count":2,"href":"https:\/\/agora.xtec.cat\/esclesarrels-mollerussa\/wp-json\/wp\/v2\/posts\/11096\/revisions"}],"predecessor-version":[{"id":11104,"href":"https:\/\/agora.xtec.cat\/esclesarrels-mollerussa\/wp-json\/wp\/v2\/posts\/11096\/revisions\/11104"}],"wp:attachment":[{"href":"https:\/\/agora.xtec.cat\/esclesarrels-mollerussa\/wp-json\/wp\/v2\/media?parent=11096"}],"wp:term":[{"taxonomy":"category","embeddable":true,"href":"https:\/\/agora.xtec.cat\/esclesarrels-mollerussa\/wp-json\/wp\/v2\/categories?post=11096"},{"taxonomy":"post_tag","embeddable":true,"href":"https:\/\/agora.xtec.cat\/esclesarrels-mollerussa\/wp-json\/wp\/v2\/tags?post=11096"}],"curies":[{"name":"wp","href":"https:\/\/api.w.org\/{rel}","templated":true}]}}