{"id":11058,"date":"2024-04-17T19:50:50","date_gmt":"2024-04-17T17:50:50","guid":{"rendered":"https:\/\/agora.xtec.cat\/esclesarrels-mollerussa\/?p=11058"},"modified":"2024-04-17T20:25:31","modified_gmt":"2024-04-17T18:25:31","slug":"obrim-la-biblioteca-%f0%9f%93%9a","status":"publish","type":"post","link":"https:\/\/agora.xtec.cat\/esclesarrels-mollerussa\/primaria\/obrim-la-biblioteca-%f0%9f%93%9a\/","title":{"rendered":"OBRIM LA BIBLIOTECA \ud83d\udcda"},"content":{"rendered":"<p>Comencem un nou projecte de la biblioteca, una extraescolar, que es dur\u00e0 a terme els dimecres a la tarda.<\/p>\n<p>En aquesta activitat volem apropar la biblioteca de l&#8217;escola a tot l&#8217;alumnat, que gaudeixin de tots els llibres i recursos que en formen part. Aix\u00ed doncs, hem preparat diverses activitats relacionades amb t\u00edtols molt destacats de la Literatura Infantil i Juvenil i tamb\u00e9 d&#8217;altres de coneixement del funcionament de la biblioteca. Per fer-ho es duran a terme diferents jocs, <span style=\"font-weight: 400;\">lectura en veu alta, lectura individual, contacontes, &#8230;<\/span><\/p>\n<p>Hem comen\u00e7at amb l&#8217;aventura de l&#8217;Elmer i el seu cos\u00ed Wilbur, que l&#8217;han gaudit els nens i nenes de primer de prim\u00e0ria. S&#8217;ho han passat d&#8217;all\u00f2 m\u00e9s b\u00e9 amb els dos elefantets! Despr\u00e9s, han muntat una titella dels protagonistes. I fins i tot, han tingut temps de comen\u00e7ar a fer una ullada d&#8217;altres llibres sobre animals.<\/p>\n<p>Fent clic a les imatges veureu com de b\u00e9 ens ho hem passat:<\/p>\n<p><a href=\"https:\/\/photos.app.goo.gl\/s5Nm2RgAhvQZZP3T7\"><br \/>\n<img loading=\"lazy\" decoding=\"async\" class=\"wp-image-11059 aligncenter\" src=\"https:\/\/agora.xtec.cat\/esclesarrels-mollerussa\/wp-content\/uploads\/usu1994\/2024\/04\/IMG_4151-1024x768.jpeg\" alt=\"\" width=\"355\" height=\"266\" srcset=\"https:\/\/agora.xtec.cat\/esclesarrels-mollerussa\/wp-content\/uploads\/usu1994\/2024\/04\/IMG_4151-1024x768.jpeg 1024w, https:\/\/agora.xtec.cat\/esclesarrels-mollerussa\/wp-content\/uploads\/usu1994\/2024\/04\/IMG_4151-300x225.jpeg 300w, https:\/\/agora.xtec.cat\/esclesarrels-mollerussa\/wp-content\/uploads\/usu1994\/2024\/04\/IMG_4151-768x576.jpeg 768w, https:\/\/agora.xtec.cat\/esclesarrels-mollerussa\/wp-content\/uploads\/usu1994\/2024\/04\/IMG_4151-1536x1152.jpeg 1536w, https:\/\/agora.xtec.cat\/esclesarrels-mollerussa\/wp-content\/uploads\/usu1994\/2024\/04\/IMG_4151-2048x1536.jpeg 2048w, https:\/\/agora.xtec.cat\/esclesarrels-mollerussa\/wp-content\/uploads\/usu1994\/2024\/04\/IMG_4151-200x150.jpeg 200w\" sizes=\"auto, (max-width: 355px) 100vw, 355px\" \/><\/a><a href=\"https:\/\/agora.xtec.cat\/esclesarrels-mollerussa\/wp-content\/uploads\/usu1994\/2024\/04\/IMG_4153-scaled.jpeg\"><img loading=\"lazy\" decoding=\"async\" class=\"wp-image-11063 aligncenter\" src=\"https:\/\/agora.xtec.cat\/esclesarrels-mollerussa\/wp-content\/uploads\/usu1994\/2024\/04\/IMG_4153-scaled-e1713375930121-225x300.jpeg\" alt=\"\" width=\"274\" height=\"365\" srcset=\"https:\/\/agora.xtec.cat\/esclesarrels-mollerussa\/wp-content\/uploads\/usu1994\/2024\/04\/IMG_4153-scaled-e1713375930121-225x300.jpeg 225w, https:\/\/agora.xtec.cat\/esclesarrels-mollerussa\/wp-content\/uploads\/usu1994\/2024\/04\/IMG_4153-scaled-e1713375930121-768x1024.jpeg 768w, https:\/\/agora.xtec.cat\/esclesarrels-mollerussa\/wp-content\/uploads\/usu1994\/2024\/04\/IMG_4153-scaled-e1713375930121-1152x1536.jpeg 1152w, https:\/\/agora.xtec.cat\/esclesarrels-mollerussa\/wp-content\/uploads\/usu1994\/2024\/04\/IMG_4153-scaled-e1713375930121-1536x2048.jpeg 1536w, https:\/\/agora.xtec.cat\/esclesarrels-mollerussa\/wp-content\/uploads\/usu1994\/2024\/04\/IMG_4153-scaled-e1713375930121.jpeg 1920w\" sizes=\"auto, (max-width: 274px) 100vw, 274px\" \/><\/a><\/p>\n<p>Voleu con\u00e8ixer el seg\u00fcent t\u00edtol? Us esperem els dimecres!!<\/p>\n<p style=\"text-align: right;\"><span lang=\"ca\">&#8220;Un llibre \u00e9s l\u2019arma m\u00e9s efectiva contra la intoler\u00e0ncia i la ignor\u00e0ncia.&#8221;<\/span><\/p>\n<p style=\"text-align: right;\"><em><span lang=\"ca\"> Lyndon Baines Johnson<\/span><\/em><\/p>\n","protected":false},"excerpt":{"rendered":"<p>Comencem un nou projecte de la biblioteca, una extraescolar, que es dur\u00e0 a terme els dimecres a la tarda.<br \/>\nEn aquesta activitat volem apropar la biblioteca de l&#8217;escola a tot l&#8217;alumnat, que gaudeixin de tots els llibres i recursos que en formen part. Aix\u00ed doncs, hem&hellip;  <a href=\"https:\/\/agora.xtec.cat\/esclesarrels-mollerussa\/primaria\/obrim-la-biblioteca-%f0%9f%93%9a\/\" title=\"Read OBRIM LA BIBLIOTECA \ud83d\udcda\">Llegeix m\u00e9s\u00bb<\/a><\/p>\n","protected":false},"author":59,"featured_media":0,"comment_status":"open","ping_status":"closed","sticky":false,"template":"","format":"standard","meta":{"_bbp_topic_count":0,"_bbp_reply_count":0,"_bbp_total_topic_count":0,"_bbp_total_reply_count":0,"_bbp_voice_count":0,"_bbp_anonymous_reply_count":0,"_bbp_topic_count_hidden":0,"_bbp_reply_count_hidden":0,"_bbp_forum_subforum_count":0,"footnotes":""},"categories":[5,97],"tags":[],"class_list":["post-11058","post","type-post","status-publish","format-standard","hentry","category-primaria","category-biblioteca"],"post_mailing_queue_ids":[],"_links":{"self":[{"href":"https:\/\/agora.xtec.cat\/esclesarrels-mollerussa\/wp-json\/wp\/v2\/posts\/11058","targetHints":{"allow":["GET"]}}],"collection":[{"href":"https:\/\/agora.xtec.cat\/esclesarrels-mollerussa\/wp-json\/wp\/v2\/posts"}],"about":[{"href":"https:\/\/agora.xtec.cat\/esclesarrels-mollerussa\/wp-json\/wp\/v2\/types\/post"}],"author":[{"embeddable":true,"href":"https:\/\/agora.xtec.cat\/esclesarrels-mollerussa\/wp-json\/wp\/v2\/users\/59"}],"replies":[{"embeddable":true,"href":"https:\/\/agora.xtec.cat\/esclesarrels-mollerussa\/wp-json\/wp\/v2\/comments?post=11058"}],"version-history":[{"count":5,"href":"https:\/\/agora.xtec.cat\/esclesarrels-mollerussa\/wp-json\/wp\/v2\/posts\/11058\/revisions"}],"predecessor-version":[{"id":11072,"href":"https:\/\/agora.xtec.cat\/esclesarrels-mollerussa\/wp-json\/wp\/v2\/posts\/11058\/revisions\/11072"}],"wp:attachment":[{"href":"https:\/\/agora.xtec.cat\/esclesarrels-mollerussa\/wp-json\/wp\/v2\/media?parent=11058"}],"wp:term":[{"taxonomy":"category","embeddable":true,"href":"https:\/\/agora.xtec.cat\/esclesarrels-mollerussa\/wp-json\/wp\/v2\/categories?post=11058"},{"taxonomy":"post_tag","embeddable":true,"href":"https:\/\/agora.xtec.cat\/esclesarrels-mollerussa\/wp-json\/wp\/v2\/tags?post=11058"}],"curies":[{"name":"wp","href":"https:\/\/api.w.org\/{rel}","templated":true}]}}