{"id":2944,"date":"2020-03-18T17:21:34","date_gmt":"2020-03-18T16:21:34","guid":{"rendered":"http:\/\/agora.xtec.cat\/escjoseppenuelas\/?p=2944"},"modified":"2021-11-18T12:59:06","modified_gmt":"2021-11-18T11:59:06","slug":"activitats-per-seguir-aprenent-des-de-casa-3","status":"publish","type":"post","link":"https:\/\/agora.xtec.cat\/escjoseppenuelas\/primaria\/activitats-per-seguir-aprenent-des-de-casa-3\/","title":{"rendered":"ACTIVITATS PER SEGUIR APRENENT DES DE CASA"},"content":{"rendered":"<p>&nbsp;<\/p>\n<div dir=\"auto\">\n<div dir=\"auto\">\n<p><span style=\"font-weight: 400;\">Hola Nens i nenes de cicle mitj\u00e0!!<\/span><\/p>\n<p><span style=\"font-weight: 400;\">Aqu\u00ed us deixem activitats per fer a casa. Esperem que us agradin!!<\/span><\/p>\n<p><span style=\"color: #ff0000;\"><b>ACTIVITATS NOVES<\/b><\/span><\/p>\n<\/div>\n<p><span style=\"color: #0000ff;\"><b>DIVENDRES 12\u00a0 DE JUNY<\/b><\/span><\/p>\n<p><span style=\"color: #0000ff;\"><b>ACTIVITATS 4t<\/b><\/span><\/p>\n<p><span style=\"font-weight: 400;\">Bon dia nens i nenes de 4t! ?\ufe0f Estem arribant a la recta final ? del curs i \u00e9s per aix\u00f2 que avui us hem preparat aquestes activitats tan especials: ??<\/span><\/p>\n<p><b>VIATGE ALS TEUS RECORDS<\/b><span style=\"font-weight: 400;\"> ?<\/span><\/p>\n<p><span style=\"font-weight: 400;\">Durant aquests dos anys hem viscut moments inoblidables.?\u00a0<\/span><span style=\"font-weight: 400;\">Que\u0300 et sembla si els tornem a reviure? ??<\/span><\/p>\n<p><span style=\"font-weight: 400;\"><strong>Llegeix el ti\u0301tol de cada adhesiu, tanca els ulls? i vola ?\ufe0ffins aquell instant.<\/strong>?<\/span><\/p>\n<p><span style=\"font-weight: 400;\">Quan els tinguis escrits,? <strong>fes una foto ?i me l\u2019envies.<\/strong>? M\u2019encantara\u0300 compartir amb tu el teu viatge.?\u2708\ufe0f?<\/span><\/p>\n<p><a href=\"https:\/\/drive.google.com\/open?id=1lhukSrJWM0Snq_kuRf4QdzPyreLqawda\"><span style=\"font-weight: 400;\">VIATGE ALS TEUS RECORDS<\/span><\/a><\/p>\n<p><b>M\u00daSICA<\/b><span style=\"font-weight: 400;\"> ?\u00a0<\/span><\/p>\n<p><span style=\"font-weight: 400;\">Ja falta molt poquet per poder gaudir de l\u2019estiu.? ?\ufe0f\u00a0 Aquest curs ja s\u2019acaba!?<\/span><\/p>\n<p><span style=\"font-weight: 400;\">Aqu\u00ed tens diferents enlla\u00e7os, ?? et volia desitjar un *Feli\u00e7 Estiu *\u26f1\ufe0f a trav\u00e9s d\u2019ells.\u00a0<\/span><\/p>\n<p><span style=\"font-weight: 400;\">Esperem que passin aviat aquests temps ? i que puguem sortir a la vida explorar.??<\/span><\/p>\n<p><span style=\"font-weight: 400;\">\u00a0Espero que t\u2019agradin: ??<\/span><\/p>\n<p><a href=\"https:\/\/www.youtube.com\/watch?v=7_Gci6pgd3E\"><span style=\"font-weight: 400;\">Ritmograma Percussi\u00f3 corporal &#8211; DANCE MONKEY (Tones and I)<\/span><\/a><\/p>\n<p><a href=\"https:\/\/www.youtube.com\/watch?v=ymigWt5TOV8\"><span style=\"font-weight: 400;\">Zumba Kids. I like to move it<\/span><\/a><\/p>\n<p><a href=\"https:\/\/www.youtube.com\/watch?v=azJhK9YYI-s\"><span style=\"font-weight: 400;\">STAY HOMAS &#8211; Ta tudo bem (XXVIII)<\/span><\/a><\/p>\n<p><span style=\"color: #0000ff;\"><b>DIVENDRES 12 DE JUNY<\/b><\/span><\/p>\n<p><span style=\"color: #0000ff;\"><b>ACTIVITATS 3r<\/b><\/span><\/p>\n<p><span style=\"font-weight: 400;\">Bon dia, nois i noies de 3r! ?\ufe0f?\u00a0\u00a0\u00a0\u00a0\u00a0\u00a0\u00a0\u00a0\u00a0\u00a0\u00a0\u00a0\u00a0\u00a0\u00a0\u00a0\u00a0\u00a0\u00a0\u00a0\u00a0\u00a0\u00a0\u00a0\u00a0\u00a0\u00a0\u00a0\u00a0\u00a0\u00a0\u00a0\u00a0\u00a0\u00a0\u00a0\u00a0\u00a0\u00a0\u00a0\u00a0\u00a0\u00a0\u00a0\u00a0\u00a0\u00a0\u00a0\u00a0\u00a0\u00a0\u00a0\u00a0\u00a0\u00a0\u00a0\u00a0\u00a0\u00a0\u00a0\u00a0\u00a0\u00a0\u00a0\u00a0\u00a0\u00a0\u00a0\u00a0\u00a0\u00a0<\/span><\/p>\n<p><span style=\"font-weight: 400;\">Som-hi que aix\u00f2 ja s\u2019acaba ??\u00a0 <\/span><span style=\"font-weight: 400;\">Us hem preparat un parell d\u2019activitats ben entretingudes. \u00c0nims guap@s!??<\/span><\/p>\n<p><b>LLENGUA<\/b><span style=\"font-weight: 400;\"> ?<\/span><\/p>\n<p><span style=\"font-weight: 400;\">Qui pot resistir-se a cantar i ballar la seva can\u00e7\u00f3 preferida? ????\u00a0 \u00a0 \u00a0 Doncs, la que escoltareu avui, potser no \u00e9s la vostra preferida, per\u00f2 \u00e9s molt especial i emotiva ?,<\/span><b> Dona-li A La Vida de Manu Guix amb Pau Don\u00e9s.<\/b><span style=\"font-weight: 400;\"> Escolteu-la b\u00e9 i contesteu tres senzilles preguntes.\u270d? ?<\/span><\/p>\n<p><a href=\"https:\/\/www.youtube.com\/watch?v=n5cAlYM_O3o&amp;list=RDn5cAlYM_O3o&amp;start_radio=1\"><span style=\"font-weight: 400;\">Manu Guix Amb Pau Don\u00e9s &#8211; Dona-li A La Vida<\/span><\/a><\/p>\n<p><a href=\"https:\/\/drive.google.com\/file\/d\/1qkikGwPxsrheBLjhvuJjEImTMZYLf62I\/view\"><span style=\"font-weight: 400;\">CANTAR ENS ENCANTA<\/span><\/a><\/p>\n<p><b>M\u00daSICA<\/b><span style=\"font-weight: 400;\"> ?\u00a0<\/span><\/p>\n<p><span style=\"font-weight: 400;\">Ja falta molt poquet per poder gaudir de l\u2019estiu.? ?\ufe0f\u00a0 Aquest curs ja s\u2019acaba!?<\/span><\/p>\n<p><span style=\"font-weight: 400;\">Aqu\u00ed tens diferents enlla\u00e7os, ?? et volia desitjar un *Feli\u00e7 Estiu *\u26f1\ufe0f a trav\u00e9s d\u2019ells.\u00a0<\/span><\/p>\n<p><span style=\"font-weight: 400;\">Esperem que passin aviat aquests temps ? i que puguem sortir a la vida explorar.??<\/span><\/p>\n<p><span style=\"font-weight: 400;\">\u00a0Espero que t\u2019agradin: ??<\/span><\/p>\n<p><a href=\"https:\/\/www.youtube.com\/watch?v=7_Gci6pgd3E\"><span style=\"font-weight: 400;\">Ritmograma Percussi\u00f3 corporal &#8211; DANCE MONKEY (Tones and I)<\/span><\/a><\/p>\n<p><a href=\"https:\/\/www.youtube.com\/watch?v=ymigWt5TOV8\"><span style=\"font-weight: 400;\">Zumba Kids. I like to move it<\/span><\/a><\/p>\n<p><a href=\"https:\/\/www.youtube.com\/watch?v=azJhK9YYI-s\"><span style=\"font-weight: 400;\">STAY HOMAS &#8211; Ta tudo bem (XXVIII)<\/span><\/a><\/p>\n<div dir=\"auto\">\n<p><span style=\"color: #0000ff;\"><b>DIMECRES 10 DE JUNY<\/b><\/span><\/p>\n<p><span style=\"color: #0000ff;\"><b>ACTIVITATS 4t<\/b><\/span><\/p>\n<p><span style=\"font-weight: 400;\">Bon dia nenes i nens de 4t! \u2763\ufe0f Som-hi que aix\u00f2 ja s\u2019acaba! ? Avui us hem preparat un parell d\u2019activitats ben entretingudes. \u00c0nims guap@s! ??<\/span><\/p>\n<p><b>LLENGUA<\/b><span style=\"font-weight: 400;\">?<\/span><\/p>\n<p><span style=\"font-weight: 400;\">Qui pot resistir-se a cantar ?i ballar ???? quan sona la vostra can\u00e7\u00f3 preferida? Ning\u00fa, veritat? Doncs no sabem si \u00e9s la vostra can\u00e7\u00f3 ? preferida per\u00f2 a nosaltres la can\u00e7\u00f3 que treballarem avui \u00e9s molt especial ? i emotiva.\u00a0<\/span><\/p>\n<p><span style=\"font-weight: 400;\">Esperem que per vosaltres tamb\u00e9 ho sigui. Escolteu la can\u00e7\u00f3? \u201c*<\/span><b>Dona-li A La Vida\u201d de Manu Guix amb Pau Don\u00e9s<\/b><span style=\"font-weight: 400;\"> *\u2728 i contesteu tres senzilles preguntes.\u00a0<\/span><\/p>\n<p><a href=\"https:\/\/drive.google.com\/open?id=1qkikGwPxsrheBLjhvuJjEImTMZYLf62I\"><span style=\"font-weight: 400;\">ACTIVITAT<\/span><\/a><\/p>\n<p><a href=\"https:\/\/www.youtube.com\/watch?v=n5cAlYM_O3o\"><span style=\"font-weight: 400;\">Manu Guix Amb Pau Don\u00e9s &#8211; Dona-li A La Vida\u00a0<\/span><\/a><\/p>\n<p><b>MATEM\u00c0TIQUES<\/b><span style=\"font-weight: 400;\">?<\/span><\/p>\n<p><span style=\"font-weight: 400;\">Us sembla si fem una mica de problemes? Aqu\u00ed en teniu uns quants que heu de fer a la vostra llibreta, ?com sempre. Us deixem tamb\u00e9 les solucions ??\u200d\u2640\ufe0f perqu\u00e8 una vegada els acabeu, <\/span><b>els pugueu corregir vosaltres mateixos.\u00a0<\/b><\/p>\n<p><a href=\"https:\/\/drive.google.com\/open?id=1MwpBAjSpqGjH0yQqYB9uUObfbEUGzczM\"><span style=\"font-weight: 400;\">PROBLEMES<\/span><\/a><\/p>\n<p><a href=\"https:\/\/drive.google.com\/open?id=1Lcs9izQEbFzq7f7RfNMAcZSFkOsgEsYj\"><span style=\"font-weight: 400;\">SOLUCIONS<\/span><\/a><\/p>\n<p><span style=\"color: #0000ff;\"><b>DIMECRES 10 DE JUNY<\/b><\/span><\/p>\n<p><span style=\"color: #0000ff;\"><b>ACTIVITATS 3r<\/b><\/span><\/p>\n<p><b><span style=\"color: #ff6600;\">PAQUET TARONJA<\/span><\/b><\/p>\n<p><span style=\"font-weight: 400;\">Bon dia a tots i totes!\u00a0 \u2728?\u2728Avui us fem arribar activitats noves. ?\u200d???\u200d?Anem a treballar \u270d?una estoneta? Doncs\u2026. som-hi! ??<\/span><\/p>\n<p><b>MATEM\u00c0TIQUES<\/b><span style=\"font-weight: 400;\">?<\/span><\/p>\n<p><span style=\"font-weight: 400;\">Us sembla b\u00e9 fer una miqueta de <\/span><b>problemes<\/b><span style=\"font-weight: 400;\">? Avui us proposem aquesta activitat d\u2019un munt de problemes, <\/span><b>podeu utilitzar la calculadora\u2795\u2716\ufe0f\u2796<\/b><span style=\"font-weight: 400;\">. Recordeu ? que <\/span><b>no cal copiar l\u2019enunciat<\/b><span style=\"font-weight: 400;\"> dels problemes, poseu el n\u00famero del problema i el resultat al costat. Per exemple: 1) 12 llibres. Aquesta \u00e9s <\/span><b>l&#8217;activitat de RETON d&#8217;avui.<\/b><span style=\"font-weight: 400;\"> \u00c0nims!\u2728?\u2728<\/span><\/p>\n<p><a href=\"https:\/\/drive.google.com\/drive\/folders\/1d09kmpHkw3kEyd6CqfbSzcsNI878KDat\"><span style=\"font-weight: 400;\">UN MUNT DE PROBLEMES<\/span><\/a><\/p>\n<p><b>FRANC\u00c8S<\/b><span style=\"font-weight: 400;\">??<\/span><\/p>\n<p><span style=\"font-weight: 400;\">Voleu jugar a un joc de taula?? Vinga va, recordeu? \u201c<\/span><b>on parle fran\u00e7ais!<\/b><span style=\"font-weight: 400;\">\u201d<\/span><\/p>\n<p><a href=\"https:\/\/drive.google.com\/open?id=1Kls3zdzzHJBMnyMKgz6kWvLoLILb4U9h\"><span style=\"font-weight: 400;\">JEU DE SOCI\u00c9T\u00c9 FIN D&#8217;ANN\u00c9E<\/span><\/a><\/p>\n<p><span style=\"color: #ff0000;\"><b>PAQUET VERMELL<\/b><\/span><\/p>\n<p><b>MATEM\u00c0TIQUES<\/b><span style=\"font-weight: 400;\">?<\/span><\/p>\n<p><span style=\"font-weight: 400;\">Us sembla b\u00e9 fer una miqueta de <\/span><b>problemes<\/b><span style=\"font-weight: 400;\">? Avui us proposem aquesta activitat d\u2019un munt de problemes, <\/span><b>podeu utilitzar la calculadora\u2795\u2716\ufe0f\u2796<\/b><span style=\"font-weight: 400;\">. Recordeu ? que <\/span><b>no cal copiar l\u2019enunciat<\/b><span style=\"font-weight: 400;\"> dels problemes, poseu el n\u00famero del problema i el resultat al costat. Per exemple: 1) 12 llibres. Aquesta \u00e9s <\/span><b>l&#8217;activitat de RETON d&#8217;avui.<\/b><span style=\"font-weight: 400;\"> \u00c0nims!\u2728?\u2728<\/span><\/p>\n<p><a href=\"https:\/\/drive.google.com\/drive\/folders\/1rZM1OrtZ6-0MBOyiCmhEo7dEfy2n0n1W\"><span style=\"font-weight: 400;\">UN MUNT DE PROBLEMES<\/span><\/a><\/p>\n<p><b>FRANC\u00c8S<\/b><span style=\"font-weight: 400;\">??<\/span><\/p>\n<p><span style=\"font-weight: 400;\">Voleu jugar a un joc de taula?? Vinga va, recordeu? \u201c<\/span><b>on parle fran\u00e7ais!<\/b><span style=\"font-weight: 400;\">\u201d<\/span><\/p>\n<p><a href=\"https:\/\/drive.google.com\/open?id=1Kls3zdzzHJBMnyMKgz6kWvLoLILb4U9h\"><span style=\"font-weight: 400;\">JEU DE SOCI\u00c9T\u00c9 FIN D&#8217;ANN\u00c9E<\/span><\/a><\/p>\n<p><span style=\"color: #00ff00;\"><b>PAQUET VERD<\/b><\/span><\/p>\n<p><b>MATEM\u00c0TIQUES<\/b><span style=\"font-weight: 400;\">?<\/span><\/p>\n<p><span style=\"font-weight: 400;\">Us sembla b\u00e9 fer una miqueta de <\/span><b>problemes<\/b><span style=\"font-weight: 400;\">? Avui us proposem aquesta activitat d\u2019un munt de problemes, <\/span><b>podeu utilitzar la calculadora\u2795\u2716\ufe0f\u2796<\/b><span style=\"font-weight: 400;\">. Recordeu ? que <\/span><b>no cal copiar l\u2019enunciat <\/b><span style=\"font-weight: 400;\">dels problemes, poseu el n\u00famero del problema i el resultat al costat. Per exemple: 1) 12 llibres. Aquesta \u00e9s <\/span><b>l&#8217;activitat de RETON d&#8217;avui.<\/b><span style=\"font-weight: 400;\"> \u00c0nims!\u2728?\u2728<\/span><\/p>\n<p><a href=\"https:\/\/drive.google.com\/drive\/folders\/1bEqJFaVHEB36YxoydTZH0tu8Qpyeo9sp\"><span style=\"font-weight: 400;\">UN MUNT DE PROBLEMES<\/span><\/a><\/p>\n<p><b>FRANC\u00c8S<span style=\"font-weight: 400;\"><strong>??<\/strong><\/span><\/b><\/p>\n<p><span style=\"font-weight: 400;\">Voleu jugar a un joc de taula?? Vinga va, recordeu? \u201c<\/span><b>on parle fran\u00e7ais!<\/b><span style=\"font-weight: 400;\">\u201d<\/span><\/p>\n<p><a href=\"https:\/\/drive.google.com\/open?id=1Kls3zdzzHJBMnyMKgz6kWvLoLILb4U9h\"><span style=\"font-weight: 400;\">JEU DE SOCI\u00c9T\u00c9 FIN D&#8217;ANN\u00c9E<\/span><\/a><\/p>\n<p><b style=\"color: #0000ff; font-family: inherit; font-size: 1em;\">DILLUNS 8\u00a0 DE JUNY<\/b><\/p>\n<p><span style=\"color: #0000ff;\"><b>ACTIVITATS 4t<\/b><\/span><\/p>\n<p><span style=\"font-weight: 400;\">Bon dia nens i nenes de 4t! ? Avui comencem la pen\u00faltima setmana d\u2019aquest curs tan at\u00edpic per\u00f2 intens ??i emotiu. Aqu\u00ed us deixem les activitats ? que us proposem per avui dilluns. Som-hi! ?<\/span><\/p>\n<p><b>LLENGUA <\/b><span style=\"font-weight: 400;\">?<\/span><\/p>\n<p><span style=\"font-weight: 400;\">L\u2019activitat que us proposem avui est\u00e0 relacionada amb <\/span><b>fam\u00edlies de paraules,<\/b><span style=\"font-weight: 400;\"> \u00e9s a dir, paraules que tenen la mateixa arrel. Feu-les a la vostra llibreta i un cop acabades<\/span><b> ens les feu arribar<\/b><span style=\"font-weight: 400;\">. ??<\/span><\/p>\n<p><a href=\"https:\/\/drive.google.com\/open?id=1LolERUdzm0fnHHDVCTk__LComylQ3x18\"><span style=\"font-weight: 400;\">FAM\u00cdLIES DE PARAULES<\/span><\/a><\/p>\n<p><b>MATEM\u00c0TIQUES<\/b><span style=\"font-weight: 400;\">?<\/span><\/p>\n<p><span style=\"font-weight: 400;\">Us agrada desxifrar codis secrets? Doncs avui us proposem un de ben divertit i nom\u00e9s el podreu resoldre si utilitzeu i coneixeu b\u00e9 les fraccions. Quan acabeu, si voleu, podeu fer el vostre codi secret!<\/span><\/p>\n<p><a href=\"https:\/\/drive.google.com\/open?id=1AnceiG90ZqCZkR4qy182SbpRiK7rmEJp\"><span style=\"font-weight: 400;\">FRACCIONS<\/span><\/a><\/p>\n<p><b>EDUCACI\u00d3 F\u00cdSICA<\/b><\/p>\n<p><span style=\"font-weight: 400;\">Aquesta setmana us proposo una gimcana d\u2019orientaci\u00f3 per casa. I per acabar, podreu jugar amb el material reciclat que fa dies us vaig demanar que guard\u00e9ssiu. ?<\/span><\/p>\n<p><a href=\"https:\/\/drive.google.com\/file\/d\/1vALtGh4SFBpm4X-C6bGnBiVu0Y08wlTQ\/view?usp=sharing\"><span style=\"font-weight: 400;\">El GRAN TRESOR<\/span><\/a><\/p>\n<p><span style=\"color: #0000ff;\"><b>DILLUNS 8 DE JUNY<\/b><\/span><\/p>\n<p><span style=\"color: #0000ff;\"><b>ACTIVITATS 3r<\/b><\/span><\/p>\n<p><span style=\"color: #ff6600;\"><b>PAQUET TARONJA<\/b><\/span><\/p>\n<p><span style=\"font-weight: 400;\">Bon dia nois i noies!!! ?\u200d\u2640\ufe0f??\u200d\u2642\ufe0f Comencem la setmana plujosa en plena forma\u2614?<\/span><\/p>\n<p><b>MATEM\u00c0TIQUES<\/b><span style=\"font-weight: 400;\">?<\/span><\/p>\n<p><span style=\"font-weight: 400;\">Avui us proposem unes activitats de multiplicacions, per anar practicant. Aquesta activitat <\/span><b>us la podeu corregir\u00a0 vosaltres mateixos,<\/b><span style=\"font-weight: 400;\"> ja que us fem arribar <\/span><b>les solucions<\/b><span style=\"font-weight: 400;\">. Som-hi! ??<\/span><\/p>\n<p><a href=\"https:\/\/drive.google.com\/drive\/folders\/17cymQdcaeutL_oJGuxsGh81MuJqudIFc\"><span style=\"font-weight: 400;\">MULTIPLICACIONS<\/span><\/a><\/p>\n<p><b>LENGUA<\/b><\/p>\n<p><span style=\"font-weight: 400;\">La actividad de hoy te servir\u00e1 para practicar y repasar el uso de la may\u00fascula y el punto. Puedes hacer las actividades en tu libreta ?y despu\u00e9s<\/span><b> mandarnos una foto<\/b><span style=\"font-weight: 400;\">?. Seguro que lo vas a hacer muy bien!?<\/span><\/p>\n<p><a href=\"https:\/\/drive.google.com\/drive\/folders\/13X-TC0LqlbrPzQA5KI8pC_CnO-5gUehE\"><span style=\"font-weight: 400;\">LA MAY\u00daSCULA Y EL PUNTO<\/span><\/a><\/p>\n<p><b>EDUCACI\u00d3 F\u00cdSICA<\/b><\/p>\n<p><span style=\"font-weight: 400;\">Aquesta setmana us proposo una gimcana d\u2019orientaci\u00f3 per casa??. I per acabar, podreu jugar amb el material reciclat que fa dies us vaig demanar que guard\u00e9ssiu. ?<\/span><\/p>\n<p><a href=\"https:\/\/drive.google.com\/file\/d\/1vALtGh4SFBpm4X-C6bGnBiVu0Y08wlTQ\/view?usp=sharing\"><span style=\"font-weight: 400;\">El GRAN TRESOR<\/span><\/a><\/p>\n<p><span style=\"color: #ff0000;\"><b>PAQUET VERMELL<\/b><\/span><\/p>\n<p><span style=\"font-weight: 400;\">Bon dia nois i noies!!!??\u200d\u2642\ufe0f?\u200d\u2640\ufe0f Comencem la setmana plujosa en plena forma! \u2614?<\/span><\/p>\n<p><b>MATEM\u00c0TIQUES ?<\/b><\/p>\n<p><span style=\"font-weight: 400;\">Avui us proposem unes activitats de<\/span><b> multiplicacions, <\/b><span style=\"font-weight: 400;\">per anar practicant. Aquesta activitat us<\/span><b> la podeu corregir\u00a0 vosaltres mateixos, <\/b><span style=\"font-weight: 400;\">ja que us fem arribar<\/span><b> les solucions. Som-hi! ??<\/b><\/p>\n<p><a href=\"https:\/\/drive.google.com\/drive\/folders\/13m01dW9R0kPs-SwwE5ioHofRvpMuURCW\"><b>MULTIPLICACIONS<\/b><\/a><\/p>\n<p><b>LENGUA<\/b><\/p>\n<p><span style=\"font-weight: 400;\">La actividad de hoy te servir\u00e1 para practicar y repasar el uso de<\/span><b> la may\u00fascula y el punto. <\/b><span style=\"font-weight: 400;\">Puedes hacer las actividades en tu libreta <\/span><b>?y despu\u00e9s mandarnos una foto?.<\/b><span style=\"font-weight: 400;\"> Seguro que lo vas a hacer muy bien! <\/span><b>?<\/b><\/p>\n<p><a href=\"https:\/\/drive.google.com\/drive\/folders\/1t2GGLHz_3c48xAArfCSmAFuQXWGlHMVi\"><b>LA MAY\u00daSCULA\u00a0 Y EL PUNTO<\/b><\/a><\/p>\n<p><b>EDUCACI\u00d3 F\u00cdSICA<\/b><\/p>\n<p><span style=\"font-weight: 400;\">Aquesta setmana us proposo una gimcana d\u2019orientaci\u00f3 per casa??. I per acabar, podreu jugar amb el material reciclat que fa dies us vaig demanar que guard\u00e9ssiu. ?<\/span><\/p>\n<p><a href=\"https:\/\/drive.google.com\/file\/d\/1vALtGh4SFBpm4X-C6bGnBiVu0Y08wlTQ\/view?usp=sharing\"><span style=\"font-weight: 400;\">El GRAN TRESOR<\/span><\/a><\/p>\n<p><span style=\"color: #00ff00;\"><b>PAQUET VERD<\/b><\/span><\/p>\n<p><span style=\"font-weight: 400;\">Bon dia nois i noies!!! ??\u200d\u2642\ufe0f?\u200d\u2640\ufe0fComencem la setmana plujosa en plena forma! \u2614?<\/span><\/p>\n<p><b>MATEM\u00c0TIQUES<\/b><span style=\"font-weight: 400;\">?<\/span><\/p>\n<p><span style=\"font-weight: 400;\">Avui us proposem unes activitats de <\/span><b>multiplicacions<\/b><span style=\"font-weight: 400;\">, per anar practicant. Aquesta activitat <\/span><b>us la podeu corregir vosaltres mateixos<\/b><span style=\"font-weight: 400;\">, ja que us fem arribar <\/span><b>les solucions<\/b><span style=\"font-weight: 400;\">. Som-hi! ??<\/span><\/p>\n<p><a href=\"https:\/\/drive.google.com\/drive\/folders\/1foS3LJdcVAyZR04yTXvZPirOI3C3m2y6\"><span style=\"font-weight: 400;\">MULTIPLICACIONS<\/span><\/a><\/p>\n<p><b>LENGUA<\/b><\/p>\n<p><span style=\"font-weight: 400;\">La actividad de hoy te servir\u00e1 para practicar y repasar <\/span><b>el uso de la may\u00fascula y el punto<\/b><span style=\"font-weight: 400;\">. Puedes hacer las actividades en tu libreta ?y despu\u00e9s<\/span><b> mandarnos una foto<\/b><span style=\"font-weight: 400;\">?. Seguro que lo vas a hacer muy bien! ?<\/span><\/p>\n<p><a href=\"https:\/\/drive.google.com\/drive\/folders\/16Vn3F8pGZyRe6HBOOyxxmt53FJvxQEje\"><span style=\"font-weight: 400;\">LA MAY\u00daSCULA Y EL PUNTO<\/span><\/a><\/p>\n<p><b>EDUCACI\u00d3 F\u00cdSICA<\/b><\/p>\n<p><span style=\"font-weight: 400;\">Aquesta setmana us proposo una gimcana d\u2019orientaci\u00f3 per casa??. I per acabar, podreu jugar amb el material reciclat que fa dies us vaig demanar que guard\u00e9ssiu. ?<\/span><\/p>\n<p><a href=\"https:\/\/drive.google.com\/file\/d\/1vALtGh4SFBpm4X-C6bGnBiVu0Y08wlTQ\/view?usp=sharing\"><span style=\"font-weight: 400;\">El GRAN TRESOR<\/span><\/a><\/p>\n<p><span style=\"color: #0000ff;\"><b>DIVENDRES 5\u00a0 DE JUNY<\/b><\/span><\/p>\n<p><span style=\"color: #0000ff;\"><b>ACTIVITATS 4t<\/b><\/span><\/p>\n<p><span style=\"font-weight: 400;\">Hola guap\u00edssims i guap\u00edssimes!! ? Per acabar la setmana us proposem les seg\u00fcents activitats:<\/span><\/p>\n<p><b>LLENGUA<\/b><\/p>\n<p><span style=\"font-weight: 400;\">Avui practicarem una mica d&#8217;ortografia ? i veurem quan utilitzem la &#8220;h&#8221;. Si trobeu alguna paraula desconeguda o b\u00e9 no la sabeu escriure, podeu consultar un diccionari virtual.?<\/span><\/p>\n<p><a href=\"https:\/\/drive.google.com\/open?id=1S8uIANbwbkGs5RuhxFmsu-jXKsyQrSQ0\"><span style=\"font-weight: 400;\">ORTOGRAFIA LA LLETRA H<\/span><\/a><\/p>\n<p><b>MATEM\u00c0TIQUES<\/b><\/p>\n<p><span style=\"font-weight: 400;\">Com ara ja fa uns dies que no fem c\u00e0lcul mental?, hem pensat que ho trobeu a faltar i no us volem fer patir m\u00e9s\u263a\ufe0f. Aqu\u00ed teniu la primera part del c\u00e0lcul n\u00famero 11. Som-hi!?<\/span><\/p>\n<p><a href=\"https:\/\/drive.google.com\/open?id=1-nzEe8TN-SL8Kks4PbjJv10tA7oraYR6\"><span style=\"font-weight: 400;\">C\u00c0LCUL MENTAL<\/span><\/a><\/p>\n<p><a href=\"https:\/\/drive.google.com\/open?id=18d_qMoSITKEKJjqxtUlInrSSePzNcMUB\"><span style=\"font-weight: 400;\">SOLUCIONS C\u00c0LCUL MENTAL<\/span><\/a><\/p>\n<p><b>M\u00daSICA?<\/b><\/p>\n<p><span style=\"font-weight: 400;\">Hola boniques i bonics del Pe\u00f1uelas, com esteu?\u00a0 Ja arriba el bon temps, \u2600\ufe0f s\u2019apropa l\u2019estiu ?\ufe0f i per aix\u00f2, aquesta setmana us proposo unes activitats ben fresques! ? Desitjo que les gaudiu molt! ?<\/span><\/p>\n<p><span style=\"font-weight: 400;\">Et proposo que fem una activitat de percussi\u00f3. Primer de tot has de pintar en un full ? un cercle groc, ? on posar\u00e0s la m\u00e0 esquerra \u270b? i un cercle verd, ? on hi posar\u00e0s la dreta.??<\/span><\/p>\n<p><a href=\"https:\/\/www.youtube.com\/watch?v=YW8xCKA6_8E\"><span style=\"font-weight: 400;\">PERCUSSI\u00d3<\/span><\/a><\/p>\n<p><span style=\"font-weight: 400;\">Ara ja pots seguir les instruccions de l&#8217;enlla\u00e7?. Escolta la m\u00fasica ? i fixa\u2019t en les imatges.<\/span><\/p>\n<p><span style=\"font-weight: 400;\">Escolta aquestes produccions musicals composades amb tecnologia 8D. Necessites uns auriculars ?<\/span><b>(a les dues orelles)<\/b><span style=\"font-weight: 400;\"> una sola no serveix.\u00a0\u00a0<\/span><\/p>\n<p><span style=\"font-weight: 400;\">Tria una de les can\u00e7ons i explica\u2019m quines sensacions tens??<\/span><\/p>\n<p><a href=\"https:\/\/www.youtube.com\/watch?v=51udPUHZiOo\"><span style=\"font-weight: 400;\">Imagine dragons &#8211; Believer\u00a0<\/span><\/a><\/p>\n<p><a href=\"https:\/\/www.youtube.com\/watch?v=YiY3ythuT08\"><span style=\"font-weight: 400;\">Pentatonix &#8211; Hallelujah\u00a0<\/span><\/a><\/p>\n<p><span style=\"font-weight: 400;\">Ball en fam\u00edlia! ???? Proveu a fer aquesta coreografia:<\/span><\/p>\n<p><a href=\"https:\/\/www.youtube.com\/watch?v=41SkJVsm7Os\"><span style=\"font-weight: 400;\">Just Dance Kids 2014 Walking On Sunshine<\/span><\/a><\/p>\n<p><span style=\"color: #0000ff;\"><b>DIVENDRES 5 DE JUNY<\/b><\/span><\/p>\n<p><span style=\"color: #0000ff;\"><b>ACTIVITATS 3r<\/b><\/span><\/p>\n<p><span style=\"color: #ff6600;\"><b>PAQUET TARONJA<\/b><\/span><\/p>\n<p><span style=\"font-weight: 400;\">Bon dia, noiets i noietes de 3r!\u00a0 ??<\/span><\/p>\n<p><span style=\"font-weight: 400;\">Com porteu aquest mes de juny\u00a0 \u2600\ufe0f\u26f1\ufe0f que acabem de comen\u00e7ar? Avui us fem arribar activitats noves per tancar la setmana. \u00c0nims, ? anem a treballar una estoneta! \u270d?<\/span><\/p>\n<p><b>MATEM\u00c0TIQUES<\/b><span style=\"font-weight: 400;\">?<\/span><\/p>\n<p><span style=\"font-weight: 400;\">Us proposem un repte de c\u00e0lcul matem\u00e0tic molt divertit. A veure si podeu fer les seg\u00fcents pir\u00e0mides matem\u00e0tiques. Som-hi! Recorda que avui aquesta \u00e9s<\/span><b> l\u2019activitat de retorn<\/b><span style=\"font-weight: 400;\">, aix\u00ed que <\/span><b>esperem les vostres fotos. ??<\/b><\/p>\n<p><a href=\"https:\/\/drive.google.com\/drive\/folders\/1WffsLWq_7R_c6upBFa-gFUeehVaFh__C\"><span style=\"font-weight: 400;\">PIR\u00c0MIDES MATEM\u00c0TIQUES<\/span><\/a><\/p>\n<p><b>LLENGUA<\/b><\/p>\n<p><span style=\"font-weight: 400;\">Avui podr\u00e0s llegir ?? de manera interactiva amb el joc Entrena\u2019t a llegir: els esports \u26bd????\u26f8\ufe0f??\u200d\u2640\ufe0f. Diferents tipus de jocs de lectura que t\u2019ho faran passar la mar de b\u00e9. ??<\/span><\/p>\n<p><a href=\"http:\/\/www.edu365.cat\/primaria\/catala\/entrena\/esports.html\"><span style=\"font-weight: 400;\">LECTURA INTERACTIVA<\/span><\/a><\/p>\n<p><b>M\u00daSICA?<\/b><\/p>\n<p><span style=\"font-weight: 400;\">Hola boniques i bonics del Pe\u00f1uelas, com esteu?\u00a0 Ja arriba el bon temps, \u2600\ufe0f s\u2019apropa l\u2019estiu ?\ufe0f i per aix\u00f2, aquesta setmana us proposo unes activitats ben fresques! ? Desitjo que les gaudiu molt! ?<\/span><\/p>\n<p><span style=\"font-weight: 400;\">Et proposo que fem una activitat de percussi\u00f3. Primer de tot has de pintar en un full ? un cercle groc, ? on posar\u00e0s la m\u00e0 esquerra \u270b? i un cercle verd, ? on hi posar\u00e0s la dreta.??<\/span><\/p>\n<p><a href=\"https:\/\/www.youtube.com\/watch?v=YW8xCKA6_8E\"><span style=\"font-weight: 400;\">PERCUSSI\u00d3<\/span><\/a><\/p>\n<p><span style=\"font-weight: 400;\">Ara ja pots seguir les instruccions de l&#8217;enlla\u00e7?. Escolta la m\u00fasica ? i fixa\u2019t en les imatges.<\/span><\/p>\n<p><span style=\"font-weight: 400;\">Escolta aquestes produccions musicals composades amb tecnologia 8D. Necessites uns auriculars ?<\/span><b>(a les dues orelles)<\/b><span style=\"font-weight: 400;\"> una sola no serveix.\u00a0\u00a0<\/span><\/p>\n<p><span style=\"font-weight: 400;\">Tria una de les can\u00e7ons i explica\u2019m quines sensacions tens??<\/span><\/p>\n<p><a href=\"https:\/\/www.youtube.com\/watch?v=51udPUHZiOo\"><span style=\"font-weight: 400;\">Imagine dragons &#8211; Believer\u00a0<\/span><\/a><\/p>\n<p><a href=\"https:\/\/www.youtube.com\/watch?v=YiY3ythuT08\"><span style=\"font-weight: 400;\">Pentatonix &#8211; Hallelujah\u00a0<\/span><\/a><\/p>\n<p><span style=\"font-weight: 400;\">Ball en fam\u00edlia! ???? Proveu a fer aquesta coreografia:<\/span><\/p>\n<p><a href=\"https:\/\/www.youtube.com\/watch?v=41SkJVsm7Os\"><span style=\"font-weight: 400;\">Just Dance Kids 2014 Walking On Sunshine<\/span><\/a><\/p>\n<p><span style=\"color: #ff0000;\"><b>PAQUET VERMELL<\/b><\/span><\/p>\n<p><span style=\"font-weight: 400;\">Bon dia, noiets i noietes de 3r! ??<\/span><\/p>\n<p><span style=\"font-weight: 400;\">Com porteu aquest mes de juny \u2600\ufe0f\u26f1\ufe0f que acabem de comen\u00e7ar? Avui us fem arribar activitats noves per tancar la setmana. \u00c0nims, ? anem a treballar una estoneta! \u270d?<\/span><\/p>\n<p><b>MATEM\u00c0TIQUES<\/b><span style=\"font-weight: 400;\">?<\/span><\/p>\n<p><span style=\"font-weight: 400;\">Us proposem un repte de c\u00e0lcul matem\u00e0tic molt divertit. A veure si podeu fer les seg\u00fcents pir\u00e0mides matem\u00e0tiques. Som-hi! Recorda que avui aquesta \u00e9s <\/span><b>l\u2019activitat de retorn<\/b><span style=\"font-weight: 400;\">, aix\u00ed que <\/span><b>esperem les vostres fotos. <\/b><span style=\"font-weight: 400;\">??<\/span><\/p>\n<p><a href=\"https:\/\/drive.google.com\/drive\/folders\/1Z6wsTMeb2i09MCb0our-xrJjX56ofYnq\"><span style=\"font-weight: 400;\">PIR\u00c0MIDES MATEM\u00c0TIQUES<\/span><\/a><\/p>\n<p><b>LLENGUA<\/b><\/p>\n<p><span style=\"font-weight: 400;\">Avui podr\u00e0s llegir ?? de manera interactiva amb el joc Entrena\u2019t a llegir: els esports\u26bd????\u26f8\ufe0f??\u200d\u2640\ufe0f. Diferents tipus de jocs de lectura que t\u2019ho faran passar la mar de b\u00e9. ??<\/span><\/p>\n<p><a href=\"http:\/\/www.edu365.cat\/primaria\/catala\/entrena\/esports.html\"><span style=\"font-weight: 400;\">LECTURA INTERACTIVA<\/span><\/a><\/p>\n<p><b>M\u00daSICA?<\/b><\/p>\n<p><span style=\"font-weight: 400;\">Hola boniques i bonics del Pe\u00f1uelas, com esteu?\u00a0 Ja arriba el bon temps, \u2600\ufe0f s\u2019apropa l\u2019estiu ?\ufe0f i per aix\u00f2, aquesta setmana us proposo unes activitats ben fresques! ? Desitjo que les gaudiu molt! ?<\/span><\/p>\n<p><span style=\"font-weight: 400;\">Et proposo que fem una activitat de percussi\u00f3. Primer de tot has de pintar en un full ? un cercle groc, ? on posar\u00e0s la m\u00e0 esquerra \u270b? i un cercle verd, ? on hi posar\u00e0s la dreta.??<\/span><\/p>\n<p><a href=\"https:\/\/www.youtube.com\/watch?v=YW8xCKA6_8E\"><span style=\"font-weight: 400;\">PERCUSSI\u00d3<\/span><\/a><\/p>\n<p><span style=\"font-weight: 400;\">Ara ja pots seguir les instruccions de l&#8217;enlla\u00e7?. Escolta la m\u00fasica ? i fixa\u2019t en les imatges.<\/span><\/p>\n<p><span style=\"font-weight: 400;\">Escolta aquestes produccions musicals composades amb tecnologia 8D. Necessites uns auriculars ?<\/span><b>(a les dues orelles)<\/b><span style=\"font-weight: 400;\"> una sola no serveix.\u00a0\u00a0<\/span><\/p>\n<p><span style=\"font-weight: 400;\">Tria una de les can\u00e7ons i explica\u2019m quines sensacions tens??<\/span><\/p>\n<p><a href=\"https:\/\/www.youtube.com\/watch?v=51udPUHZiOo\"><span style=\"font-weight: 400;\">Imagine dragons &#8211; Believer\u00a0<\/span><\/a><\/p>\n<p><a href=\"https:\/\/www.youtube.com\/watch?v=YiY3ythuT08\"><span style=\"font-weight: 400;\">Pentatonix &#8211; Hallelujah\u00a0<\/span><\/a><\/p>\n<p><span style=\"font-weight: 400;\">Ball en fam\u00edlia! ???? Proveu a fer aquesta coreografia:<\/span><\/p>\n<p><a href=\"https:\/\/www.youtube.com\/watch?v=41SkJVsm7Os\"><span style=\"font-weight: 400;\">Just Dance Kids 2014 Walking On Sunshine<\/span><\/a><\/p>\n<p><span style=\"color: #00ff00;\"><b>PAQUET VERD<\/b><\/span><\/p>\n<p><span style=\"font-weight: 400;\">Bon dia, noiets i noietes de 3r! ??<\/span><\/p>\n<p><span style=\"font-weight: 400;\">Com porteu aquest mes de juny \u2600\ufe0f\u26f1\ufe0f que acabem de comen\u00e7ar? Avui us fem arribar activitats noves per tancar la setmana. \u00c0nims, ? anem a treballar una estoneta!<\/span><\/p>\n<p><b>MATEM\u00c0TIQUES<\/b><span style=\"font-weight: 400;\">?<\/span><\/p>\n<p><span style=\"font-weight: 400;\">Us proposem un repte de c\u00e0lcul matem\u00e0tic molt divertit. A veure si podeu fer les seg\u00fcents pir\u00e0mides matem\u00e0tiques. Som-hi! Recorda que avui aquesta \u00e9s<\/span><b> l\u2019activitat de retorn<\/b><span style=\"font-weight: 400;\">, aix\u00ed que <\/span><b>esperem les vostres fotos.<\/b><span style=\"font-weight: 400;\">??<\/span><\/p>\n<p><a href=\"https:\/\/drive.google.com\/drive\/folders\/19FnQFHYNFAgbkyQSBXVJEjDieGYjvbSa\"><span style=\"font-weight: 400;\">PIR\u00c0MIDES MATEM\u00c0TIQUES<\/span><\/a><\/p>\n<p><b>LLENGUA<\/b><\/p>\n<p><span style=\"font-weight: 400;\">Avui podr\u00e0s llegir ?? de manera interactiva amb el joc Entrena\u2019t a llegir: els esports \u26bd????\u26f8\ufe0f??\u200d\u2640\ufe0f. Diferents tipus de jocs de lectura que t\u2019ho faran passar la mar de b\u00e9. ??<\/span><\/p>\n<p><a href=\"http:\/\/www.edu365.cat\/primaria\/catala\/entrena\/esports.html\"><span style=\"font-weight: 400;\">LECTURA INTERACTIVA<\/span><\/a><\/p>\n<p><b>M\u00daSICA?<\/b><\/p>\n<p><span style=\"font-weight: 400;\">Hola boniques i bonics del Pe\u00f1uelas, com esteu?\u00a0 Ja arriba el bon temps, \u2600\ufe0f s\u2019apropa l\u2019estiu ?\ufe0f i per aix\u00f2, aquesta setmana us proposo unes activitats ben fresques! ? Desitjo que les gaudiu molt! ?<\/span><\/p>\n<p><span style=\"font-weight: 400;\">Et proposo que fem una activitat de percussi\u00f3. Primer de tot has de pintar en un full ? un cercle groc, ? on posar\u00e0s la m\u00e0 esquerra \u270b? i un cercle verd, ? on hi posar\u00e0s la dreta.??<\/span><\/p>\n<p><a href=\"https:\/\/www.youtube.com\/watch?v=YW8xCKA6_8E\"><span style=\"font-weight: 400;\">PERCUSSI\u00d3<\/span><\/a><\/p>\n<p><span style=\"font-weight: 400;\">Ara ja pots seguir les instruccions de l&#8217;enlla\u00e7?. Escolta la m\u00fasica ? i fixa\u2019t en les imatges.<\/span><\/p>\n<p><span style=\"font-weight: 400;\">Escolta aquestes produccions musicals composades amb tecnologia 8D. Necessites uns auriculars ?<\/span><b>(a les dues orelles)<\/b><span style=\"font-weight: 400;\"> una sola no serveix.\u00a0\u00a0<\/span><\/p>\n<p><span style=\"font-weight: 400;\">Tria una de les can\u00e7ons i explica\u2019m quines sensacions tens??<\/span><\/p>\n<p><a href=\"https:\/\/www.youtube.com\/watch?v=51udPUHZiOo\"><span style=\"font-weight: 400;\">Imagine dragons &#8211; Believer\u00a0<\/span><\/a><\/p>\n<p><a href=\"https:\/\/www.youtube.com\/watch?v=YiY3ythuT08\"><span style=\"font-weight: 400;\">Pentatonix &#8211; Hallelujah\u00a0<\/span><\/a><\/p>\n<p><span style=\"font-weight: 400;\">Ball en fam\u00edlia! ???? Proveu a fer aquesta coreografia:<\/span><\/p>\n<p><a href=\"https:\/\/www.youtube.com\/watch?v=41SkJVsm7Os\"><span style=\"font-weight: 400;\">Just Dance Kids 2014 Walking On Sunshine<\/span><\/a><\/p>\n<p><span style=\"color: #0000ff;\"><b>DIMECRES 3 DE JUNY<\/b><\/span><\/p>\n<p><span style=\"color: #0000ff;\"><b>ACTIVITATS 4t<\/b><\/span><\/p>\n<p><span style=\"font-weight: 400;\">Bon dia nens i nenes de 4t! Com esteu? Avui comencem amb les primeres activitats de juny i us animem a que les feu totes. Endavant!?<\/span><\/p>\n<p><b>LLENGUA<\/b><\/p>\n<p><span style=\"font-weight: 400;\">Estem envoltats de tot tipus de cartells. Segur que quan sortiu a passejar ?\u2640?us en trobeu molts per\u00f2 moltes vegades passen desapercebuts, ja que estem massa acostumats a veure\u2019ls a tot arreu. Per aix\u00f2, l\u2019activitat d\u2019avui consisteix en observar i examinar?<\/span><b> dos tipus de cartells<\/b><span style=\"font-weight: 400;\"> per tal de poder contestar unes preguntes que us plantegem.\u00a0<\/span><\/p>\n<p><a href=\"https:\/\/drive.google.com\/open?id=1hmbwqSlHFwTVx-bVy69MCgUO3BP_yNhE\"><span style=\"font-weight: 400;\">Activitats Cartells<\/span><\/a><\/p>\n<p><a href=\"https:\/\/drive.google.com\/open?id=1_cd4uhSdRZZN5jMwJeBZwdT3Gj9xgRhL\"><span style=\"font-weight: 400;\">\u00c0UDIO English summer camp<\/span><\/a><\/p>\n<p><b>MATEM\u00c0TIQUES<\/b><\/p>\n<p><span style=\"font-weight: 400;\">L\u2019activitat de matem\u00e0tiques consisteix en resoldre un petit repte. Al seg\u00fcent enlla\u00e7 trobareu un requadre amb alguns n\u00fameros amb els que haureu d\u2019esbrinar el doble, el triple, la meitat i una tercera part de cada un d\u2019ells.?<\/span><\/p>\n<p><a href=\"https:\/\/drive.google.com\/open?id=1f67mwpuLDopCSPjv1aurN6XOOp5lNZrN\"><span style=\"font-weight: 400;\">REPTE<\/span><\/a><\/p>\n<p><b><span style=\"font-weight: 400;\"><strong>??<\/strong><\/span>FRANC\u00c8S\u00a0<\/b><\/p>\n<p><span style=\"font-weight: 400;\">Per acabar amb els exercicis d\u2019avui, en Dani us proposa de fer un dictat en franc\u00e8s. Hi ha dos nivells aix\u00ed podeu escollir quin fer (nosaltres us recomanem que feu els dos). \u00c9s possible que hagueu de descarregar l\u2019\u00e0udio del dictat per poder escoltar-lo. Som-hi!<\/span><\/p>\n<p><a href=\"https:\/\/drive.google.com\/open?id=1UV2357t9Bwv1xhFKFc5-1NdRD6S66ySd\"><span style=\"font-weight: 400;\">DICTAT NIVELL 1<\/span><\/a><\/p>\n<p><a href=\"https:\/\/drive.google.com\/open?id=1x6vByJQGiJ4tI9uEdq5032l6UmT-aIvM\"><span style=\"font-weight: 400;\">SOLUCI\u00d3 DICTAT NIVELL 1<\/span><\/a><\/p>\n<p><a href=\"https:\/\/drive.google.com\/open?id=15FIJnXOoI-YsVsNLD12qRVrBW8-tPPbF\"><span style=\"font-weight: 400;\">DICTAT NIVELL 2<\/span><\/a><\/p>\n<p><a href=\"https:\/\/drive.google.com\/open?id=1WN7azVeMi1u3gb3ze92zqwg9aBPQP-0R\"><span style=\"font-weight: 400;\">SOLUCI\u00d3 DICTAT NIVELL 2<\/span><\/a><\/p>\n<p><span style=\"color: #0000ff;\"><b>DIMECRES 3 DE JUNY<\/b><\/span><\/p>\n<p><span style=\"color: #0000ff;\"><b>ACTIVITATS 3r<\/b><\/span><\/p>\n<p><span style=\"color: #ff6600;\"><b>PAQUET TARONJA<\/b><\/span><\/p>\n<p><b>Bon dia guap\u00edssims!!!??<\/b><\/p>\n<p><b>MATEM\u00c0TIQUES<\/b><\/p>\n<p><span style=\"font-weight: 400;\">Avui us proposem jugar amb <\/span><b>un geopl\u00e0<\/b><span style=\"font-weight: 400;\">. A l\u2019enlla\u00e7 que trobareu a continuaci\u00f3, hi ha un <\/span><b>geopl\u00e0 virtual<\/b><span style=\"font-weight: 400;\">. Podeu crear diferents figures geom\u00e8triques com: ???triangles, quadrats, rectangles, rombes .\u2026.\u00a0 Tamb\u00e9 podeu fer composicions amb diferents figures geom\u00e8triques com ara, una casa, un vaixell de vela\u00a0 \u26f5?\u2026.. Sigueu creatius i gaudiu molt amb aquesta activitat.<\/span><\/p>\n<p><a href=\"https:\/\/apps.mathlearningcenter.org\/geoboard\/\"><span style=\"font-weight: 400;\">GEOPL\u00c0<\/span><\/a><\/p>\n<p><b>LLENGUA\u00a0<\/b><\/p>\n<p><b>La Rabiosa<\/b><span style=\"font-weight: 400;\"> \u00e9s una bruixa ?\u200d\u2640\ufe0f que t\u00e9 per costum menjar-se les paraules boniques ? Llegiu la seva hist\u00f2ria i <\/span><b>acabeu d\u2019escriure el final<\/b><span style=\"font-weight: 400;\">. Per inspirar-vos, us hem preparat unes preguntes per contestar en veu alta, que us ajudaran. Apa doncs, <\/span><b>esperem que ens envieu el vostre conte<\/b><span style=\"font-weight: 400;\">\u270d\ufe0f?.<\/span><\/p>\n<p><a href=\"https:\/\/drive.google.com\/drive\/folders\/1Le0m1ljdIiLADkbhXeYjRpr-Aen84xzE\"><span style=\"font-weight: 400;\">LA BRUIXA QUE ES MENJAVA LES PARAULES BONIQUES<\/span><\/a><\/p>\n<p><b>CREATIVITAT<\/b><span style=\"font-weight: 400;\">?\u200d???\u200d?<\/span><\/p>\n<p><span style=\"font-weight: 400;\">Si fem una miqueta de mem\u00f2ria, us en recordeu quan feiem <\/span><b>papiroflexia <\/b><span style=\"font-weight: 400;\">a l\u2019hora de creativitat? Doncs, avui us proposem fer unes <\/span><b>bosses de paper <\/b><span style=\"font-weight: 400;\">?\ufe0fben xules. Les podeu decorar com m\u00e9s us agradi . I si voleu podeu fer una sorpresa molt bonica a alguna persona de la vostra fam\u00edlia, posant dins la bossa un missatge bonic o una sorpresa ?. Us animeu?\u00a0<\/span><\/p>\n<p><a href=\"https:\/\/youtu.be\/gIaR-9JE00Q\"><b>BOSSES DE PAPER<\/b><\/a><\/p>\n<p><span style=\"color: #ff0000;\"><b>PAQUET VERMELL<\/b><\/span><\/p>\n<p><span style=\"font-weight: 400;\">Bon dia\u00a0 guap\u00edssims!!!??<\/span><\/p>\n<p><b>MATEM\u00c0TIQUES<\/b><\/p>\n<p><span style=\"font-weight: 400;\">Avui us proposem jugar amb un geopl\u00e0. En l\u2019enlla\u00e7 que trobareu a continuaci\u00f3, hi ha un <\/span><b>geopl\u00e0 virtual<\/b><span style=\"font-weight: 400;\">. Podeu crear diferents figures geom\u00e8triques com: ???triangles, quadrats, rectangles, rombes .\u2026.\u00a0 Tamb\u00e9 podeu fer composicions amb diferents figures geom\u00e8triques com: una casa, un vaixell de vela ?\u26f5 \u2026.. Sigueu creatius i gaudiu molt amb aquesta activitat.<\/span><\/p>\n<p><a href=\"https:\/\/apps.mathlearningcenter.org\/geoboard\/\"><span style=\"font-weight: 400;\">GEOPL\u00c0<\/span><\/a><\/p>\n<p><b>LLENGUA<\/b><\/p>\n<p><span style=\"font-weight: 400;\">La Rabiosa \u00e9s una bruixa ?\u200d\u2640\ufe0f que t\u00e9 per costum menjar-se les paraules boniques.? Llegiu la seva hist\u00f2ria i <\/span><b>acabeu d\u2019escriure el final.<\/b><span style=\"font-weight: 400;\"> Per inspirar-vos, us hem preparat unes preguntes per contestar en veu alta, que us ajudaran. Apa doncs, <\/span><b>esperem que ens envieu el vostre conte<\/b><span style=\"font-weight: 400;\">\u270d\ufe0f?.<\/span><\/p>\n<p><a href=\"https:\/\/drive.google.com\/drive\/folders\/1Vm39H673t3OuqTOieS4bpOx3MHLjX1mw\"><span style=\"font-weight: 400;\">LA BRUIXA QUE ES MENJAVA LES PARAULES BONIQUES<\/span><\/a><\/p>\n<p><b>CREATIVITAT<\/b><span style=\"font-weight: 400;\">?\u200d???\u200d?<\/span><\/p>\n<p><span style=\"font-weight: 400;\">Si fem una miqueta de mem\u00f2ria, us en recordeu quan feiem <\/span><b>papiroflexia <\/b><span style=\"font-weight: 400;\">a l\u2019hora de creativitat? Doncs, avui us proposem fer unes <\/span><b>bosses de paper <\/b><span style=\"font-weight: 400;\">?\ufe0fben xules. Les podeu decorar com m\u00e9s us agradi . I si voleu podeu fer una sorpresa molt bonica a alguna persona de la vostra fam\u00edlia, posant dins la bossa un missatge bonic o una sorpresa ?. Us animeu?\u00a0<\/span><\/p>\n<p><a href=\"https:\/\/youtu.be\/gIaR-9JE00Q\"><b>BOSSES DE PAPER<\/b><\/a><\/p>\n<p><span style=\"color: #00ff00;\"><b>PAQUET VERD<\/b><\/span><\/p>\n<p><span style=\"font-weight: 400;\">Bon dia guap\u00edssims!!! ??<\/span><\/p>\n<p><b>MATEM\u00c0TIQUES<\/b><\/p>\n<p><span style=\"font-weight: 400;\">Avui us proposem jugar amb un geopl\u00e0. En l\u2019enlla\u00e7 que trobareu a continuaci\u00f3, hi ha un <\/span><b>geopl\u00e0 virtual<\/b><span style=\"font-weight: 400;\">. Podeu crear diferents figures geom\u00e8triques com: ???triangles, quadrats, rectangles, rombes .\u2026.\u00a0 Tamb\u00e9 podeu fer composicions amb diferents figures geom\u00e8triques com: una casa, un vaixell de vela \u26f5?\u2026.. Sigueu creatius i gaudiu molt amb aquesta activitat.<\/span><\/p>\n<p><a href=\"https:\/\/apps.mathlearningcenter.org\/geoboard\/\"><span style=\"font-weight: 400;\">GEOPL\u00c0 VIRTUAL<\/span><\/a><\/p>\n<p><b>LLENGUA<\/b><\/p>\n<p><b>La Rabiosa<\/b><span style=\"font-weight: 400;\"> \u00e9s una bruixa ?\u200d\u2640\ufe0f que t\u00e9 per costum menjar-se les paraules boniques ?. Llegiu la seva hist\u00f2ria i<\/span><b> acabeu d\u2019escriure el final<\/b><span style=\"font-weight: 400;\">. Per inspirar-vos, us hem preparat unes preguntes per contestar en veu alta, que us ajudaran. Apa doncs, esperem que ens envieu el vostre conte \u270d\ufe0f?.<\/span><\/p>\n<p><a href=\"https:\/\/drive.google.com\/drive\/folders\/1Ry0XyC_seqSC3T9jW5czdx9pfo5-aGSk\"><span style=\"font-weight: 400;\">LA BRUIXA QUE ES MENJAVA LES PARAULES BONIQUES<\/span><\/a><\/p>\n<p><b>CREATIVITAT<\/b><span style=\"font-weight: 400;\">?\u200d???\u200d?<\/span><\/p>\n<p><span style=\"font-weight: 400;\">Si fem una miqueta de mem\u00f2ria, us en recordeu quan feiem <\/span><b>papiroflexia <\/b><span style=\"font-weight: 400;\">a l\u2019hora de creativitat? Doncs, avui us proposem fer unes <\/span><b>bosses de paper <\/b><span style=\"font-weight: 400;\">?\ufe0fben xules. Les podeu decorar com m\u00e9s us agradi . I si voleu podeu fer una sorpresa molt bonica a alguna persona de la vostra fam\u00edlia, posant dins la bossa un missatge bonic o una sorpresa ?. Us animeu?\u00a0<\/span><\/p>\n<p><a href=\"https:\/\/youtu.be\/gIaR-9JE00Q\"><b>BOSSES DE PAPER<\/b><\/a><\/p>\n<p><span style=\"color: #0000ff;\"><b>DIVENDRES 29\u00a0 DE MAIG<\/b><\/span><\/p>\n<p><span style=\"color: #0000ff;\"><b>ACTIVITATS 4t<\/b><\/span><\/p>\n<p><span style=\"font-weight: 400;\">Bon dia nens i nenes de 4t. Com esteu? Avui \u00e9s l\u2019\u00faltim dia de maig ?? que us proposem noves activitats. \u00c0nims guap@s!<\/span><\/p>\n<p><b>LLENGUA<\/b><\/p>\n<p><span style=\"font-weight: 400;\">Avui repassarem l&#8217;\u00fas de la b i la v a trav\u00e9s d&#8217;aquestes activitats: ?<\/span><\/p>\n<p><a href=\"https:\/\/drive.google.com\/open?id=1xTrPVDZgQ4G2lMmFDlWhMKqzj5pw3bVr\"><span style=\"font-weight: 400;\">ORTOGRAFIA B\/V<\/span><\/a><\/p>\n<p><b>MATEM\u00c0TIQUES<\/b><\/p>\n<p><span style=\"font-weight: 400;\">Sabem que tots sou molt bons matem\u00e0tics ?\u200d??\u200d?i que molts de vosaltres us divertiu fent les activitats que us proposem. Per aix\u00f2, avui us facilitem 3 jocs ben diferents per\u00f2 igual d\u2019entretinguts?. Com veureu hi ha de tres temes diferents (aproximacions, multiplicacions i una pir\u00e0mide de sumes). Podeu jugar tantes vegades com vulgueu perqu\u00e8 els n\u00fameros van canviant cada partida. Som-hi campiones i campions!!<\/span><\/p>\n<p><a href=\"https:\/\/www.cokitos.com\/redondeo-de-numeros\/play\/\"><span style=\"font-weight: 400;\">APROXIMACIONS<\/span><\/a><\/p>\n<p><a href=\"https:\/\/www.cokitos.com\/multiplicaciones-de-primavera\/play\/\"><span style=\"font-weight: 400;\">MULTIPLICACIONS<\/span><\/a><\/p>\n<p><a href=\"https:\/\/www.cokitos.com\/piramide-de-sumas\/play\/\"><span style=\"font-weight: 400;\">PIR\u00c0MIDE DE SUMES<\/span><\/a><\/p>\n<p><b>M\u00daSICA<\/b><span style=\"font-weight: 400;\">?<\/span><\/p>\n<p><span style=\"font-weight: 400;\">Ara ja fa molts de dies que no ens veiem. Trobem a faltar les nostres classes musiqueres??? i bailongues ??????, per\u00f2 paci\u00e8ncia perqu\u00e8 aviat tornarem a estar tots junts. ??<\/span><\/p>\n<p><span style=\"font-weight: 400;\">Aquesta setmana us proposo les seg\u00fcent activitats. Desitjo que les gaudiu molt en familia! ?<\/span><\/p>\n<p><span style=\"font-weight: 400;\">Avui et proposo que escoltis ? la seg\u00fcent can\u00e7\u00f3 <\/span><b>RAGTIME TIME<\/b><span style=\"font-weight: 400;\"> de <\/span><b>Doug Maxwell <\/b><span style=\"font-weight: 400;\">i haur\u00e0s d\u2019anar seguint el ritme ???amb diferents parts del cos: ????\u2026. tan sols has d\u2019escoltar la m\u00fasica i anar seguint les imatges.\u00a0<\/span><\/p>\n<p><a href=\"https:\/\/www.youtube.com\/watch?v=LyY8sXEWr0Q\"><span style=\"font-weight: 400;\">RAGTIME TIME<\/span><\/a><\/p>\n<p><span style=\"font-weight: 400;\">Repassem patrons r\u00edtmics ??? amb ritmes que ja coneixem. No tinguis pressa a llegir-los. Fes-ho respectant els temps. \u23f3<\/span><\/p>\n<p><a href=\"https:\/\/www.youtube.com\/watch?v=oAsimwk7DMs\"><span style=\"font-weight: 400;\">LECTURA R\u00cdTMICA<\/span><\/a><\/p>\n<p><span style=\"font-weight: 400;\">Com que a casa ? no tindreu els instruments de percussi\u00f3 ???que et demanen en el video, demana a la familia: quatre cassoles, culleres de fusta o altres estris de cuina,??\ufe0f? un per cada s\u00edmbol (cadascun t\u00e9 un color diferent)\u00a0 &#8230;i toca:<\/span><\/p>\n<p><a href=\"https:\/\/www.youtube.com\/watch?v=x-YtK_EvmiY\"><span style=\"font-weight: 400;\">PERCUSSI\u00d3<\/span><\/a><\/p>\n<p><span style=\"font-weight: 400;\">Us volia fer arribar aquesta bonica ? can\u00e7\u00f3 ??? de la<\/span><b> Silvia Montells<\/b><span style=\"font-weight: 400;\">, extreta del musical <\/span><b>\u201cEl petit Pr\u00edncep\u201d<\/b><span style=\"font-weight: 400;\">\u2728???\u2728. Veureu que \u00e9s una gran artista. Espero que us agradi!! ??<\/span><\/p>\n<p><a href=\"https:\/\/www.youtube.com\/watch?v=77D3AuY_5UE\"><span style=\"font-weight: 400;\">VAIG APRENDRE<\/span><\/a><\/p>\n<p><span style=\"color: #0000ff;\"><b>DIVENDRES 29 DE MAIG<\/b><\/span><\/p>\n<p><span style=\"color: #0000ff;\"><b>ACTIVITATS 3r<\/b><\/span><\/p>\n<p><b><span style=\"color: #ff6600;\">PAQUET TARONJA<\/span><\/b><\/p>\n<p><span style=\"font-weight: 400;\">Bon dia, noiets i noietes! ?\u2600\ufe0f? Ja estem finalitzant aquesta\u00a0 setmana i\u00a0 us fem arribar activitats ?\ufe0fnoves.\u00a0<\/span><\/p>\n<p><b>MATEM\u00c0TIQUES?<\/b><\/p>\n<p><span style=\"font-weight: 400;\">Us agrada fer sudokus? ? Avui us deixem aquest enlla\u00e7 on trobareu un<\/span><b> joc ?\u200d??\u200d? de sudokus,<\/b><span style=\"font-weight: 400;\"> on podeu anar practicant. ?? Esperem que gaudiu molt! ?<\/span><\/p>\n<p><a href=\"https:\/\/clic.xtec.cat\/projects\/sudoku2\/jclic.js\/index.html\"><b>SUDOKUS<\/b><\/a><\/p>\n<p><b>LLENGUA ?<\/b><\/p>\n<p><span style=\"font-weight: 400;\">Del llibre ? de<\/span><b> CLOE, <\/b><span style=\"font-weight: 400;\">llegiu ?? la lectura<\/span><b> S\u00f3c en Jeroni (p\u00e0gines 78 i 79). <\/b><span style=\"font-weight: 400;\">Despr\u00e9s feu el <\/span><b>q\u00fcestionari \u270d? de la 80<\/b><span style=\"font-weight: 400;\"> i el<\/span><b> vocabulari\u00a0 \u270d?<\/b><span style=\"font-weight: 400;\">de la<\/span><b> 81 (nom\u00e9s activitat 5). <\/b><span style=\"font-weight: 400;\">Activitat de <\/span><b>RETORN.??<\/b><\/p>\n<p><b>M\u00daSICA<\/b><span style=\"font-weight: 400;\">?<\/span><\/p>\n<p><span style=\"font-weight: 400;\">Ara ja fa molts de dies que no ens veiem. Trobem a faltar les nostres classes musiqueres??? i bailongues ??????, per\u00f2 paci\u00e8ncia perqu\u00e8 aviat tornarem a estar tots junts. ??<\/span><\/p>\n<p><span style=\"font-weight: 400;\">Aquesta setmana us proposo les seg\u00fcent activitats. Desitjo que les gaudiu molt en familia! ?<\/span><\/p>\n<p><span style=\"font-weight: 400;\">Avui et proposo que escoltis ? la seg\u00fcent can\u00e7\u00f3 <\/span><b>RAGTIME TIME<\/b><span style=\"font-weight: 400;\"> de <\/span><b>Doug Maxwell <\/b><span style=\"font-weight: 400;\">i haur\u00e0s d\u2019anar seguint el ritme ???amb diferents parts del cos: ????\u2026. tan sols has d\u2019escoltar la m\u00fasica i anar seguint les imatges.\u00a0<\/span><\/p>\n<p><a href=\"https:\/\/www.youtube.com\/watch?v=LyY8sXEWr0Q\"><span style=\"font-weight: 400;\">RAGTIME TIME<\/span><\/a><\/p>\n<p><span style=\"font-weight: 400;\">Repassem patrons r\u00edtmics ??? amb ritmes que ja coneixem. No tinguis pressa a llegir-los. Fes-ho respectant els temps. \u23f3<\/span><\/p>\n<p><a href=\"https:\/\/www.youtube.com\/watch?v=oAsimwk7DMs\"><span style=\"font-weight: 400;\">LECTURA R\u00cdTMICA<\/span><\/a><\/p>\n<p><span style=\"font-weight: 400;\">Com que a casa ? no tindreu els instruments de percussi\u00f3 ???que et demanen en el video, demana a la familia: quatre cassoles, culleres de fusta o altres estris de cuina,??\ufe0f? un per cada s\u00edmbol (cadascun t\u00e9 un color diferent)\u00a0 &#8230;i toca:<\/span><\/p>\n<p><a href=\"https:\/\/www.youtube.com\/watch?v=x-YtK_EvmiY\"><span style=\"font-weight: 400;\">PERCUSSI\u00d3<\/span><\/a><\/p>\n<p><span style=\"font-weight: 400;\">Us volia fer arribar aquesta bonica ? can\u00e7\u00f3 ??? de la<\/span><b> Silvia Montells<\/b><span style=\"font-weight: 400;\">, extreta del musical <\/span><b>\u201cEl petit Pr\u00edncep\u201d<\/b><span style=\"font-weight: 400;\">\u2728???\u2728. Veureu que \u00e9s una gran artista. Espero que us agradi!! ??<\/span><\/p>\n<p><a href=\"https:\/\/www.youtube.com\/watch?v=77D3AuY_5UE\"><span style=\"font-weight: 400;\">VAIG APRENDRE<\/span><\/a><\/p>\n<p><span style=\"color: #ff0000;\"><b>PAQUET VERMELL<\/b><\/span><\/p>\n<p><span style=\"font-weight: 400;\">Bon dia, noiets i noietes! ?\u2600\ufe0f? Ja estem finalitzant aquesta\u00a0 setmana i\u00a0 us fem arribar activitats ?\ufe0fnoves.\u00a0<\/span><\/p>\n<p><b>MATEM\u00c0TIQUES?<\/b><\/p>\n<p><span style=\"font-weight: 400;\">Us agrada fer sudokus? ? Avui us deixem aquest enlla\u00e7 on trobareu un<\/span><b> joc ?\u200d??\u200d? de sudokus,<\/b><span style=\"font-weight: 400;\"> on podeu anar practicant. ?? Esperem que gaudiu molt! ?<\/span><\/p>\n<p><a href=\"https:\/\/clic.xtec.cat\/projects\/sudoku2\/jclic.js\/index.html\"><b>SUDOKUS<\/b><\/a><\/p>\n<p><b>LLENGUA ?<\/b><\/p>\n<p><span style=\"font-weight: 400;\">Del llibre ? de<\/span><b> CLOE, <\/b><span style=\"font-weight: 400;\">llegiu ?? la lectura<\/span><b> S\u00f3c en Jeroni (p\u00e0gines 78 i 79). <\/b><span style=\"font-weight: 400;\">Despr\u00e9s feu el <\/span><b>q\u00fcestionari \u270d? de la 80<\/b><span style=\"font-weight: 400;\"> i el<\/span><b> vocabulari\u00a0 \u270d?<\/b><span style=\"font-weight: 400;\">de la<\/span><b> 81 (nom\u00e9s activitat 5). <\/b><span style=\"font-weight: 400;\">Activitat de <\/span><b>RETORN.??<\/b><\/p>\n<p><b>M\u00daSICA<\/b><span style=\"font-weight: 400;\">?<\/span><\/p>\n<p><span style=\"font-weight: 400;\">Ara ja fa molts de dies que no ens veiem. Trobem a faltar les nostres classes musiqueres??? i bailongues ??????, per\u00f2 paci\u00e8ncia perqu\u00e8 aviat tornarem a estar tots junts. ??<\/span><\/p>\n<p><span style=\"font-weight: 400;\">Aquesta setmana us proposo les seg\u00fcent activitats. Desitjo que les gaudiu molt en familia! ?<\/span><\/p>\n<p><span style=\"font-weight: 400;\">Avui et proposo que escoltis ? la seg\u00fcent can\u00e7\u00f3 <\/span><b>RAGTIME TIME<\/b><span style=\"font-weight: 400;\"> de <\/span><b>Doug Maxwell <\/b><span style=\"font-weight: 400;\">i haur\u00e0s d\u2019anar seguint el ritme ???amb diferents parts del cos: ????\u2026. tan sols has d\u2019escoltar la m\u00fasica i anar seguint les imatges.\u00a0<\/span><\/p>\n<p><a href=\"https:\/\/www.youtube.com\/watch?v=LyY8sXEWr0Q\"><span style=\"font-weight: 400;\">RAGTIME TIME<\/span><\/a><\/p>\n<p><span style=\"font-weight: 400;\">Repassem patrons r\u00edtmics ??? amb ritmes que ja coneixem. No tinguis pressa a llegir-los. Fes-ho respectant els temps. \u23f3<\/span><\/p>\n<p><a href=\"https:\/\/www.youtube.com\/watch?v=oAsimwk7DMs\"><span style=\"font-weight: 400;\">LECTURA R\u00cdTMICA<\/span><\/a><\/p>\n<p><span style=\"font-weight: 400;\">Com que a casa ? no tindreu els instruments de percussi\u00f3 ???que et demanen en el video, demana a la familia: quatre cassoles, culleres de fusta o altres estris de cuina,??\ufe0f? un per cada s\u00edmbol (cadascun t\u00e9 un color diferent)\u00a0 &#8230;i toca:<\/span><\/p>\n<p><a href=\"https:\/\/www.youtube.com\/watch?v=x-YtK_EvmiY\"><span style=\"font-weight: 400;\">PERCUSSI\u00d3<\/span><\/a><\/p>\n<p><span style=\"font-weight: 400;\">Us volia fer arribar aquesta bonica ? can\u00e7\u00f3 ??? de la<\/span><b> Silvia Montells<\/b><span style=\"font-weight: 400;\">, extreta del musical <\/span><b>\u201cEl petit Pr\u00edncep\u201d<\/b><span style=\"font-weight: 400;\">\u2728???\u2728. Veureu que \u00e9s una gran artista. Espero que us agradi!! ??<\/span><\/p>\n<p><a href=\"https:\/\/www.youtube.com\/watch?v=77D3AuY_5UE\"><span style=\"font-weight: 400;\">VAIG APRENDRE<\/span><\/a><\/p>\n<p><span style=\"color: #00ff00;\"><b>PAQUET VERD<\/b><\/span><\/p>\n<p><span style=\"font-weight: 400;\">Bon dia, noiets i noietes! ?\u2600\ufe0f? Ja estem finalitzant aquesta\u00a0 setmana i\u00a0 us fem arribar activitats ?\ufe0fnoves.\u00a0<\/span><\/p>\n<p><b>MATEM\u00c0TIQUES?<\/b><\/p>\n<p><span style=\"font-weight: 400;\">Us agrada fer sudokus? ? Avui us deixem aquest enlla\u00e7 on trobareu un<\/span><b> joc ?\u200d??\u200d? de sudokus,<\/b><span style=\"font-weight: 400;\"> on podeu anar practicant. ?? Esperem que gaudiu molt! ?<\/span><\/p>\n<p><a href=\"https:\/\/clic.xtec.cat\/projects\/sudoku2\/jclic.js\/index.html\"><b>SUDOKUS<\/b><\/a><\/p>\n<p><b>LLENGUA ?<\/b><\/p>\n<p><span style=\"font-weight: 400;\">Del llibre ? de<\/span><b> CLOE, <\/b><span style=\"font-weight: 400;\">llegiu ?? la lectura<\/span><b> S\u00f3c en Jeroni (p\u00e0gines 78 i 79). <\/b><span style=\"font-weight: 400;\">Despr\u00e9s feu el <\/span><b>q\u00fcestionari \u270d? de la 80<\/b><span style=\"font-weight: 400;\"> i el<\/span><b> vocabulari\u00a0 \u270d?<\/b><span style=\"font-weight: 400;\">de la<\/span><b> 81 (nom\u00e9s activitat 5). <\/b><span style=\"font-weight: 400;\">Activitat de <\/span><b>RETORN.??<\/b><\/p>\n<p><b>M\u00daSICA<\/b>?<\/p>\n<p><span style=\"font-weight: 400;\">Ara ja fa molts de dies que no ens veiem. Trobem a faltar les nostres classes musiqueres??? i bailongues ??????, per\u00f2 paci\u00e8ncia perqu\u00e8 aviat tornarem a estar tots junts. ??<\/span><\/p>\n<p><span style=\"font-weight: 400;\">Aquesta setmana us proposo les seg\u00fcent activitats. Desitjo que les gaudiu molt en familia! ?<\/span><\/p>\n<p><span style=\"font-weight: 400;\">Avui et proposo que escoltis ? la seg\u00fcent can\u00e7\u00f3 <\/span><b>RAGTIME TIME<\/b><span style=\"font-weight: 400;\"> de <\/span><b>Doug Maxwell <\/b><span style=\"font-weight: 400;\">i haur\u00e0s d\u2019anar seguint el ritme ???amb diferents parts del cos: ????\u2026. tan sols has d\u2019escoltar la m\u00fasica i anar seguint les imatges.\u00a0<\/span><\/p>\n<p><a href=\"https:\/\/www.youtube.com\/watch?v=LyY8sXEWr0Q\"><span style=\"font-weight: 400;\">RAGTIME TIME<\/span><\/a><\/p>\n<p><span style=\"font-weight: 400;\">Repassem patrons r\u00edtmics ??? amb ritmes que ja coneixem. No tinguis pressa a llegir-los. Fes-ho respectant els temps. \u23f3<\/span><\/p>\n<p><a href=\"https:\/\/www.youtube.com\/watch?v=oAsimwk7DMs\"><span style=\"font-weight: 400;\">LECTURA R\u00cdTMICA<\/span><\/a><\/p>\n<p><span style=\"font-weight: 400;\">Com que a casa ? no tindreu els instruments de percussi\u00f3 ???que et demanen en el video, demana a la familia: quatre cassoles, culleres de fusta o altres estris de cuina,??\ufe0f? un per cada s\u00edmbol (cadascun t\u00e9 un color diferent)\u00a0 &#8230;i toca:<\/span><\/p>\n<p><a href=\"https:\/\/www.youtube.com\/watch?v=x-YtK_EvmiY\"><span style=\"font-weight: 400;\">PERCUSSI\u00d3<\/span><\/a><\/p>\n<p><span style=\"font-weight: 400;\">Us volia fer arribar aquesta bonica ? can\u00e7\u00f3 ??? de la<\/span><b> Silvia Montells<\/b><span style=\"font-weight: 400;\">, extreta del musical <\/span><b>\u201cEl petit Pr\u00edncep\u201d<\/b><span style=\"font-weight: 400;\">\u2728???\u2728. Veureu que \u00e9s una gran artista. Espero que us agradi!! ??<\/span><\/p>\n<p><a href=\"https:\/\/www.youtube.com\/watch?v=77D3AuY_5UE\"><span style=\"font-weight: 400;\">VAIG APRENDRE<\/span><\/a><\/p>\n<p><span style=\"color: #0000ff;\"><b>DIMECRES 27\u00a0 DE MAIG<\/b><\/span><\/p>\n<p><span style=\"color: #0000ff;\"><b>ACTIVITATS 4t<\/b><\/span><\/p>\n<p><span style=\"font-weight: 400;\">Hola bonics i boniques! ?Com esteu? \u2600\ufe0f A continuaci\u00f3 us compartim les activitats d&#8217;avui dimecres:<\/span><\/p>\n<p><b>LLENGUA<\/b><\/p>\n<p><span style=\"font-weight: 400;\">Us animeu a escriure la vostra recepta de pizza? ? Haureu de llegir el text de mostra i a partir d&#8217;aqu\u00ed el modifiqueu amb els vostres ingredients preferits. MmMm&#8230;.!!!! ?<\/span><\/p>\n<p><a href=\"https:\/\/drive.google.com\/open?id=1X00oJv3iQD2wvBKNuPxkzKVXmCm1ChEg\"><span style=\"font-weight: 400;\">RECEPTA DE CUINA<\/span><\/a><\/p>\n<p><a href=\"https:\/\/drive.google.com\/open?id=1J4R36CAb9-iz6AtkZhSB_Ub0dQoIhhSj\"><span style=\"font-weight: 400;\">\u00c0UDIO PIZZA R\u00c0PIDA<\/span><\/a><\/p>\n<p><b>MATEM\u00c0TIQUES<\/b><\/p>\n<p><span style=\"font-weight: 400;\">Recordeu quan vam treballar les aproximacions a l\u2019escola? ??\u200d\u2642\ufe0f?Doncs avui us proposem unes activitats per refrescar la mem\u00f2ria? i practicar aquest tipus d\u2019operacions.\u00a0 Endavant!\u2728<\/span><\/p>\n<p><a href=\"https:\/\/drive.google.com\/open?id=1YOeAae6Iv78pit2Q2X1C3MASRodcR_Md\"><span style=\"font-weight: 400;\">APROXIMACIONS<\/span><\/a><\/p>\n<p><b><span style=\"font-weight: 400;\"><strong>??<\/strong><\/span>FRANC\u00c8S<\/b><\/p>\n<p><span style=\"font-weight: 400;\">Aquesta setmana en Dani us proposa descobrir paraules amagades ?? en una can\u00e7\u00f3. Us deixem l&#8217;enlla\u00e7:<\/span><\/p>\n<p><a href=\"https:\/\/drive.google.com\/open?id=1Qr4S2qLcxyi0qerrR4CC8JUJLuSEjYei\"><span style=\"font-weight: 400;\">PAROLES D&#8217;UNE CHANSON<\/span><\/a><\/p>\n<p><span style=\"color: #0000ff;\"><b>DIMECRES 27 DE MAIG<\/b><\/span><\/p>\n<p><span style=\"color: #0000ff;\"><b>ACTIVITATS 3r<\/b><\/span><\/p>\n<p><span style=\"color: #ff6600;\"><b>PAQUET TARONJA<\/b><\/span><\/p>\n<p><span style=\"font-weight: 400;\">Bon dia guap@s de 3r ???<\/span><\/p>\n<p><b>MATEM\u00c0TIQUES?<\/b><\/p>\n<p><span style=\"font-weight: 400;\">Avui\u00a0 us hem preparat unes activitats de c\u00e0lcul, aix\u00ed podeu anar practicant tot all\u00f2 que hem\u00a0 apr\u00e8s\u00a0 a l\u2019escola, durant aquest curs. Si voleu, podeu imprimir l\u2019activitat. I sin\u00f3, cap problema, per\u00f2 et recomanem no copiar la graella. Millor, escriu el n\u00famero de l\u2019exercici i ves posant els resultats al costat. <\/span><b>Ens RETORNEU aquesta activitat. Som-hi!??<\/b><\/p>\n<p><a href=\"https:\/\/drive.google.com\/drive\/folders\/1YpcccI4v8DvCO7zf0cMQiYKbxYEvt3jx\"><b>C\u00c0LCUL<\/b><\/a><\/p>\n<p><b>LLENGUA\u00a0<\/b><\/p>\n<p><span style=\"font-weight: 400;\">Qu\u00e8 faries si et poguessis tornar invisible\u2728??\u00a0 Avui, escoltar\u00e0s <\/span><b>El barret m\u00e0gic,?<\/b><span style=\"font-weight: 400;\">d\u2019Una m\u00e0 de contes, que far\u00e0 volar la teva imaginaci\u00f3 i creativitat.<\/span><b>??<\/b><\/p>\n<p><a href=\"https:\/\/www.ccma.cat\/tv3\/super3\/contes-de-nens-i-nenes-viatgers\/el-barret-magic\/coleccio\/14211\/856589\/\"><b>EL BARRET M\u00c0GIC<\/b><\/a><\/p>\n<p><span style=\"font-weight: 400;\">Ara, ja pots entrar a les activitats en el seg\u00fcent enlla\u00e7. No cal copiar els enunciats, escrius el t\u00edtol i les respostes.\u00a0<\/span><\/p>\n<p><a href=\"https:\/\/drive.google.com\/drive\/folders\/1kLFHx2bLdiQrdAn_IcLVfL7IxMhqXw1e\"><b>ACTIVITATS<\/b><\/a><\/p>\n<p><b><span style=\"font-weight: 400;\"><strong>??<\/strong><\/span>FRANC\u00c8S<\/b><\/p>\n<p><span style=\"font-weight: 400;\">Avui llegireu un text :<\/span><b> La journ\u00e9e de Clo\u00e9<\/b><span style=\"font-weight: 400;\"> i contestareu a les preguntes. Teniu l\u2019\u00e0udio del text per si el voleu escoltar.<\/span><b>???<\/b><\/p>\n<p><a href=\"https:\/\/drive.google.com\/open?id=1KefNuj-SIj2HxdfqrU7PtLGnevWcQvOq\"><b>LA JOURN\u00c9E DE CLO\u00c9<\/b><\/a><\/p>\n<p><span style=\"color: #ff0000;\"><b>PAQUET VERMELL<\/b><\/span><\/p>\n<p><span style=\"font-weight: 400;\">Bon dia guap@s de 3r ???<\/span><\/p>\n<p><b>MATEM\u00c0TIQUES ?<\/b><\/p>\n<p><span style=\"font-weight: 400;\">Avui\u00a0 us hem preparat unes activitats de c\u00e0lcul, aix\u00ed podeu anar practicant tot all\u00f2 que hem\u00a0 apr\u00e8s\u00a0 a l\u2019escola, durant aquest curs. Si voleu, podeu imprimir l\u2019activitat. I sin\u00f3, cap problema, per\u00f2 et recomanem no copiar la graella. Millor, escriu el n\u00famero de l\u2019exercici i ves posant els resultats al costat.<\/span><b> Ens RETORNEU aquesta activitat. Som-hi! ??<\/b><\/p>\n<p><a href=\"https:\/\/drive.google.com\/drive\/folders\/1CcQHf8hlDWYFBUvwO-s2RwE1F3ZNaQ6p\"><b>C\u00c0LCUL<\/b><\/a><\/p>\n<p><b>LLENGUA\u00a0<\/b><\/p>\n<p><span style=\"font-weight: 400;\">Qu\u00e8 faries si et poguessis tornar invisible\u2728??\u00a0 Avui, escoltar\u00e0s <\/span><b>El barret m\u00e0gic,?<\/b><span style=\"font-weight: 400;\">d\u2019Una m\u00e0 de contes, que far\u00e0 volar la teva imaginaci\u00f3 i creativitat.<\/span><b>??<\/b><\/p>\n<p><a href=\"https:\/\/www.ccma.cat\/tv3\/super3\/contes-de-nens-i-nenes-viatgers\/el-barret-magic\/coleccio\/14211\/856589\/\"><b>EL BARRET M\u00c0GIC<\/b><\/a><\/p>\n<p><span style=\"font-weight: 400;\">Ara, ja pots entrar a les activitats en el seg\u00fcent enlla\u00e7. No cal copiar els enunciats, escrius el t\u00edtol i les respostes.\u00a0<\/span><\/p>\n<p><a href=\"https:\/\/drive.google.com\/drive\/folders\/1kLFHx2bLdiQrdAn_IcLVfL7IxMhqXw1e\"><b>ACTIVITATS<\/b><\/a><\/p>\n<p><b><span style=\"font-weight: 400;\"><strong>??<\/strong><\/span>FRANC\u00c8S<\/b><\/p>\n<p><span style=\"font-weight: 400;\">Avui llegireu un text :<\/span><b> La journ\u00e9e de Clo\u00e9<\/b><span style=\"font-weight: 400;\"> i contestareu a les preguntes. Teniu l\u2019\u00e0udio del text per si el voleu escoltar.<\/span><b>???<\/b><\/p>\n<p><a href=\"https:\/\/drive.google.com\/open?id=1KefNuj-SIj2HxdfqrU7PtLGnevWcQvOq\"><b>LA JOURN\u00c9E DE CLO\u00c9<\/b><\/a><\/p>\n<p><span style=\"color: #00ff00;\"><b>PAQUET VERD<\/b><\/span><\/p>\n<p><span style=\"font-weight: 400;\">Bon dia guap@s de 3r ???<\/span><\/p>\n<p><b>MATEM\u00c0TIQUES<\/b><span style=\"font-weight: 400;\">?<\/span><\/p>\n<p><span style=\"font-weight: 400;\">Avui\u00a0 us hem preparat unes activitats de c\u00e0lcul, aix\u00ed podeu anar practicant tot all\u00f2 que hem\u00a0 apr\u00e8s\u00a0 a l\u2019escola durant aquest curs. Si voleu, podeu imprimir l\u2019activitat. I si no, cap problema, per\u00f2 et recomanem no copiar la graella. Millor escriu el n\u00famero de l\u2019exercici i ves posant els resultats al costat. <\/span><b>Ens RETORNEU aquesta activitat. Som-hi!??<\/b><\/p>\n<p><a href=\"https:\/\/drive.google.com\/drive\/folders\/1PiW0_z6MF08ih7FzZfZAvIFoZEEX_KMP\"><span style=\"font-weight: 400;\">C\u00c0LCUL<\/span><\/a><\/p>\n<p><b>LLENGUA\u00a0<\/b><\/p>\n<p><span style=\"font-weight: 400;\">Qu\u00e8 faries si et poguessis tornar invisible\u2728??\u00a0 Avui, escoltar\u00e0s <\/span><b>El barret m\u00e0gic,?<\/b><span style=\"font-weight: 400;\">d\u2019Una m\u00e0 de contes, que far\u00e0 volar la teva imaginaci\u00f3 i creativitat.<\/span><b>??<\/b><\/p>\n<p><a href=\"https:\/\/www.ccma.cat\/tv3\/super3\/contes-de-nens-i-nenes-viatgers\/el-barret-magic\/coleccio\/14211\/856589\/\"><b>EL BARRET M\u00c0GIC<\/b><\/a><\/p>\n<p><span style=\"font-weight: 400;\">Ara, ja pots entrar a les activitats en el seg\u00fcent enlla\u00e7. No cal copiar els enunciats, escrius el t\u00edtol i les respostes.\u00a0<\/span><\/p>\n<p><a href=\"https:\/\/drive.google.com\/drive\/folders\/1kLFHx2bLdiQrdAn_IcLVfL7IxMhqXw1e\"><b>ACTIVITATS<\/b><\/a><\/p>\n<p><b><span style=\"font-weight: 400;\"><strong>??<\/strong><\/span>FRANC\u00c8S<\/b><\/p>\n<p><span style=\"font-weight: 400;\">Avui llegireu un text :<\/span><b> La journ\u00e9e de Clo\u00e9<\/b><span style=\"font-weight: 400;\"> i contestareu a les preguntes. Teniu l\u2019\u00e0udio del text per si el voleu escoltar.<\/span><b>???<\/b><\/p>\n<p><a href=\"https:\/\/drive.google.com\/open?id=1KefNuj-SIj2HxdfqrU7PtLGnevWcQvOq\"><b>LA JOURN\u00c9E DE CLO\u00c9<\/b><\/a><\/p>\n<p><span style=\"color: #0000ff;\"><b>DILLUNS 25\u00a0 DE MAIG<\/b><\/span><\/p>\n<p><span style=\"color: #0000ff;\"><b>ACTIVITATS 4t<\/b><\/span><\/p>\n<p><span style=\"font-weight: 400;\">Bon dia guap@s de 4t! ? Com esteu? Per aquesta setmana us hem preparat noves activitats perqu\u00e8 treballeu una mica. Aqu\u00ed us deixem les d\u2019avui dilluns, esperem que us agradin!\u00a0<\/span><\/p>\n<p><b>LLENGUA<\/b><\/p>\n<p><span style=\"font-weight: 400;\">Sou bons cuiners\/cuineres? ??\u200d???\u200d? L&#8217;activitat d&#8217;avui consisteix en llegir una recepta de cuina molt llaminera ? i, tot seguit, contestar un s\u00e8rie de preguntes ?. Esperem que us agradi i si voleu, la podeu posar en pr\u00e0ctica ?<\/span><\/p>\n<p><a href=\"https:\/\/drive.google.com\/open?id=1Yiii1UiJfL8X7G_eZFyCQN8c2v0L9XeM\"><span style=\"font-weight: 400;\">RECEPTA<\/span><\/a><\/p>\n<p><a href=\"https:\/\/drive.google.com\/open?id=1pYgOSmXZF9mjy3ic6rHxc-wcwAOr8SkX\"><span style=\"font-weight: 400;\">\u00c0UDIO RECEPTA<\/span><\/a><\/p>\n<p><b>MATEM\u00c0TIQUES<\/b><\/p>\n<p><span style=\"font-weight: 400;\">L\u2019activitat que un proposem per comen\u00e7ar la setmana \u00e9s el c\u00e0lcul mental que vam iniciar dilluns passat. Es tracta de fer la segona part que s\u00f3n els problemes.?? Com ja sabeu, cal que els feu a la llibreta?. Som-hi!<\/span><\/p>\n<p><a href=\"https:\/\/drive.google.com\/open?id=1mpVFggX0BgD9x0yNYahkrwKx0VvoyTr2\"><span style=\"font-weight: 400;\">PROBLEMES C\u00c0LCUL MENTAL<\/span><\/a><\/p>\n<p><a href=\"https:\/\/drive.google.com\/open?id=1yglpfAs7joX06TtXQ2OaC7XYVQ18En_U\"><span style=\"font-weight: 400;\">SOLUCIONS PROBLEMES C\u00c0LCUL MENTAL<\/span><\/a><\/p>\n<p><b>EDUCACI\u00d3 F\u00cdSICA<\/b><\/p>\n<p><span style=\"font-weight: 400;\">Bon dia nens i nenes de 4t, ?\u2600\ufe0f<\/span><\/p>\n<p><span style=\"font-weight: 400;\">Aquesta setmana us proposo dos reptes amb material casol\u00e0.<\/span><\/p>\n<p><a href=\"https:\/\/drive.google.com\/file\/d\/1a9Q2IQdASgWSUaLZHCo_y5Tr9k876XTJ\/view?usp=sharing\"><span style=\"font-weight: 400;\">REPTES<\/span><\/a><\/p>\n<p><span style=\"font-weight: 400;\">Molt \u00e0nims i segur que ho fareu d\u2019all\u00f2 m\u00e9s b\u00e9. ???<\/span><\/p>\n<p><span style=\"font-weight: 400;\">Una forta abra\u00e7ada i fins aviat. \u2728?\u2728<\/span><\/p>\n<p><span style=\"color: #0000ff;\"><b>DILLUNS 25 DE MAIG<\/b><\/span><\/p>\n<p><span style=\"color: #0000ff;\"><b>ACTIVITATS 3r<\/b><\/span><\/p>\n<p><span style=\"color: #ff6600;\"><b>PAQUET TARONJA<\/b><\/span><\/p>\n<p><span style=\"font-weight: 400;\">Bon dia nois i noies!!! \u2728\u2600\ufe0f? Com ha anat el cap de setmana? ? Ja teniu noves activitats per treballar \u270d? una miqueta. Preparats per una nova setmana? Som-hi!!! ??<\/span><\/p>\n<p><b>MATEM\u00c0TIQUES<\/b><\/p>\n<p><span style=\"font-weight: 400;\">Comencem fent unes activitats de problemes. Podeu fer els seg\u00fcents problemes en un foli\u00a0 ?o llibreta,? no cal tornar a copiar l\u2019enunciat . Podeu escriure el n\u00famero del problema i la resposta correcte.\u2705 Tamb\u00e9 trobareu un PDF amb les respostes, per poder fer una <\/span><b>autocorrecci\u00f3.<\/b><span style=\"font-weight: 400;\"> \u00c0nims!<\/span><\/p>\n<p><a href=\"https:\/\/drive.google.com\/drive\/folders\/1HiEbIJLeSx50Io9C4YtW37kZg32uJIv3\"><span style=\"font-weight: 400;\">PROBLEMES DE C\u00c0LCUL MENTAL<\/span><\/a><\/p>\n<p><b>LLENGUA<\/b><\/p>\n<p><span style=\"font-weight: 400;\">Os imagin\u00e1is qu\u00e9 puede hacer Pulgarcito, siendo tan peque\u00f1o como tu dedo ?? pulgar? Leed ?<\/span> <span style=\"font-weight: 400;\">el poema<\/span><b> Pulgarcito de Carmen Gil <\/b><span style=\"font-weight: 400;\">y responded a las preguntas en la libreta. ?<\/span><b>Esta actividad es de retorno. <\/b><span style=\"font-weight: 400;\">Ya sab\u00e9is,<\/span><b> mandadnos un correo electr\u00f3nico??\u200d???\u200d? o una foto. ?<\/b><\/p>\n<p><a href=\"https:\/\/drive.google.com\/drive\/folders\/1f14jB6g6AcCTAUvrG4gaEQb67I1QPBKy\"><span style=\"font-weight: 400;\">POEMA PULGARCITO<\/span><\/a><\/p>\n<p><b>EDUCACI\u00d3 F\u00cdSICA<\/b><\/p>\n<p><span style=\"font-weight: 400;\">Bon dia nens i nenes de 3r, ?\u2600\ufe0f<\/span><\/p>\n<p><span style=\"font-weight: 400;\">Aquesta setmana us proposo dos reptes amb material casol\u00e0.<\/span><\/p>\n<p><a href=\"https:\/\/drive.google.com\/file\/d\/1a9Q2IQdASgWSUaLZHCo_y5Tr9k876XTJ\/view?usp=sharing\"><b>REPTES<\/b><\/a><\/p>\n<p><span style=\"font-weight: 400;\">Molt \u00e0nims i segur que ho fareu d\u2019all\u00f2 m\u00e9s b\u00e9. ???<\/span><\/p>\n<p><span style=\"font-weight: 400;\">Una forta abra\u00e7ada i fins aviat. \u2728?\u2728<\/span><\/p>\n<p><span style=\"color: #ff0000;\"><b>PAQUET VERMELL<\/b><\/span><\/p>\n<p><span style=\"font-weight: 400;\">Bon dia nois i noies!!! \u2728\u2600\ufe0f? Com ha anat el cap de setmana? ? Ja teniu noves activitats per treballar \u270d? una miqueta. Preparats per una nova setmana? Som-hi!!! ??<\/span><\/p>\n<p><b>MATEM\u00c0TIQUES<\/b><\/p>\n<p><span style=\"font-weight: 400;\">Comencem fent unes activitats de problemes. Podeu fer els seg\u00fcents problemes en un foli ? o llibreta, ? no cal tornar a copiar l\u2019enunciat . Podeu escriure el n\u00famero del problema i escriure la resposta correcte. \u2705 Tamb\u00e9 trobareu un PDF amb les respostes, per poder fer una <\/span><b>autocorrecci\u00f3<\/b><span style=\"font-weight: 400;\">. \u00c0nims!<\/span><\/p>\n<p><a href=\"https:\/\/drive.google.com\/drive\/folders\/1ASuTbzHGHhtISxngN53qu45a4CNypcku\"><span style=\"font-weight: 400;\">PROBLEMES DE C\u00c0LCUL MENTAL<\/span><\/a><\/p>\n<p><b>LLENGUA<\/b><\/p>\n<p><span style=\"font-weight: 400;\">Os imagin\u00e1is qu\u00e9 puede hacer Pulgarcito, siendo tan peque\u00f1o como tu dedo ?? pulgar? Leed ?<\/span> <span style=\"font-weight: 400;\">el poema<\/span><b> Pulgarcito de Carmen Gil <\/b><span style=\"font-weight: 400;\">y responded a las preguntas en la libreta. ?<\/span><b>Esta actividad es de retorno. <\/b><span style=\"font-weight: 400;\">Ya sab\u00e9is,<\/span><b> mandadnos un correo electr\u00f3nico??\u200d???\u200d? o una foto. ?<\/b><\/p>\n<p><a href=\"https:\/\/drive.google.com\/drive\/folders\/1f14jB6g6AcCTAUvrG4gaEQb67I1QPBKy\"><span style=\"font-weight: 400;\">POEMA PULGARCITO<\/span><\/a><\/p>\n<p><b>EDUCACI\u00d3 F\u00cdSICA<\/b><\/p>\n<p><span style=\"font-weight: 400;\">Bon dia nens i nenes de 3r, ?\u2600\ufe0f<\/span><\/p>\n<p><span style=\"font-weight: 400;\">Aquesta setmana us proposo dos reptes amb material casol\u00e0.<\/span><\/p>\n<p><a href=\"https:\/\/drive.google.com\/file\/d\/1a9Q2IQdASgWSUaLZHCo_y5Tr9k876XTJ\/view?usp=sharing\"><b>REPTES<\/b><\/a><\/p>\n<p><span style=\"font-weight: 400;\">Molt \u00e0nims i segur que ho fareu d\u2019all\u00f2 m\u00e9s b\u00e9. ???<\/span><\/p>\n<p><span style=\"font-weight: 400;\">Una forta abra\u00e7ada i fins aviat. \u2728?\u2728<\/span><\/p>\n<p><span style=\"color: #00ff00;\"><b>PAQUET VERD<\/b><\/span><\/p>\n<p><span style=\"font-weight: 400;\">Bon dia nois i noies!!! \u2728\u2600\ufe0f? Com ha anat el cap de setmana? ? Ja teniu noves activitats per treballar\u00a0 \u270d? una miqueta. Preparats per una nova setmana? Som-hi!!! ??<\/span><\/p>\n<p><b>MATEM\u00c0TIQUES<\/b><\/p>\n<p><span style=\"font-weight: 400;\">Comencem fent unes activitats de problemes. Podeu fer els seg\u00fcents problemes en un foli ? o llibreta, ? no cal tornar a copiar l\u2019enunciat . Podeu escriure el n\u00famero del problema i escriure la resposta correcta. \u2705 Tamb\u00e9 trobareu un PDF amb les respostes, per poder fer una autocorrecci\u00f3. \u00c0nims!<\/span><\/p>\n<p><a href=\"https:\/\/drive.google.com\/drive\/folders\/16KUPAFX4WUgfqFqjKf4tqwWBpbO97m7F\"><span style=\"font-weight: 400;\">PROBLEMES<\/span><\/a><\/p>\n<p><b>LLENGUA<\/b><\/p>\n<p><span style=\"font-weight: 400;\">Os imagin\u00e1is qu\u00e9 puede hacer Pulgarcito, siendo tan peque\u00f1o como tu dedo ?? pulgar? Leed ?<\/span> <span style=\"font-weight: 400;\">el poema<\/span><b> Pulgarcito de Carmen Gil <\/b><span style=\"font-weight: 400;\">y responded a las preguntas en la libreta. ?<\/span><b>Esta actividad es de retorno. <\/b><span style=\"font-weight: 400;\">Ya sab\u00e9is,<\/span><b> mandadnos un correo electr\u00f3nico??\u200d???\u200d? o una foto. ?<\/b><\/p>\n<p><a href=\"https:\/\/drive.google.com\/drive\/folders\/1f14jB6g6AcCTAUvrG4gaEQb67I1QPBKy\"><span style=\"font-weight: 400;\">POEMA PULGARCITO<\/span><\/a><\/p>\n<p><b>EDUCACI\u00d3 F\u00cdSICA<\/b><\/p>\n<p><span style=\"font-weight: 400;\">Bon dia nens i nenes de 3r, ?\u2600\ufe0f<\/span><\/p>\n<p><span style=\"font-weight: 400;\">Aquesta setmana us proposo dos reptes amb material casol\u00e0.<\/span><\/p>\n<p><a href=\"https:\/\/drive.google.com\/file\/d\/1a9Q2IQdASgWSUaLZHCo_y5Tr9k876XTJ\/view?usp=sharing\"><b>REPTES<\/b><\/a><\/p>\n<p><span style=\"font-weight: 400;\">Molt \u00e0nims i segur que ho fareu d\u2019all\u00f2 m\u00e9s b\u00e9. ???<\/span><\/p>\n<p><span style=\"font-weight: 400;\">Una forta abra\u00e7ada i fins aviat. \u2728?\u2728<\/span><\/p>\n<p><span style=\"color: #0000ff;\"><b>DIVENDRES 22\u00a0 DE MAIG<\/b><\/span><\/p>\n<p><span style=\"color: #0000ff;\"><b>ACTIVITATS 4t<\/b><\/span><\/p>\n<p><span style=\"font-weight: 400;\">Bon dia a tothom!!! Esperem que hagi anat molt b\u00e9 la setmana \u263a\ufe0f?. Avui divendres us proposem les seg\u00fcents activitats. Us desitgem un bon cap de setmana! \u2600\ufe0f<\/span><\/p>\n<p><b>LENGUA<\/b><\/p>\n<p><span style=\"font-weight: 400;\">Para trabajar la ortograf\u00eda os proponemos un dictado. ? Preparadlo tal y como lo hac\u00edamos en clase y a continuaci\u00f3n escribidlo. Os lo pueden dictar o bien lo pod\u00e9is escuchar a trav\u00e9s del audio.??<\/span><\/p>\n<p><a href=\"https:\/\/drive.google.com\/open?id=1rEK0scuUBY5HTl74yY3jFGdlPxIIms4o\"><span style=\"font-weight: 400;\">DICTADO<\/span><\/a><\/p>\n<p><a href=\"https:\/\/drive.google.com\/open?id=1zrr-Gr8saqeQmQgTPjnrue31CFc0KdL-\"><span style=\"font-weight: 400;\">AUDIO DICTADO<\/span><\/a><\/p>\n<p><b>MATEM\u00c0TIQUES<\/b><\/p>\n<p><span style=\"font-weight: 400;\">El dimecres vam treballar els euros i vam parlar de jugar quan anem al supermercat. Doncs avui us proposem que feu aquesta activitat amb un tiquet de la compra. Al obrir el document, veureu que a la part inferior hi ha una s\u00e8rie de preguntes. Som-hi!!<\/span><\/p>\n<p><a href=\"https:\/\/drive.google.com\/open?id=1fq3x9_Y4LE9cKToC-GXvwmkZUx94lUPE\"><span style=\"font-weight: 400;\">EL SUPERMERCAT<\/span><\/a><\/p>\n<p><b>M\u00daSICA<\/b><\/p>\n<p><span style=\"font-weight: 400;\">L&#8217;Helena ? us ha preparat una activitat ben divertida! ? Es tractar\u00e0 de seguir ritmes ? amb materials que tinguis per casa ????\u00a0 i a continuaci\u00f3 trobareu una altra activitat on repassareu la col\u00b7locaci\u00f3 de notes ?\u00a0 en un pentagrama ?<\/span><\/p>\n<p><a href=\"https:\/\/docs.google.com\/document\/d\/1YdnNavoDJ4lySgzV9wgQdwU1qG9ThDWRUYejZPRdI8A\/edit?ts=5ec3e865\"><span style=\"font-weight: 400;\">M\u00daSICA A CASA<\/span><\/a><\/p>\n<p><span style=\"color: #0000ff;\"><b>DIVENDRES 22 DE MAIG<\/b><\/span><\/p>\n<p><span style=\"color: #0000ff;\"><b>ACTIVITATS 3r<\/b><\/span><\/p>\n<p><span style=\"color: #ff6600;\"><b>PAQUET TARONJA<\/b><\/span><\/p>\n<p><span style=\"font-weight: 400;\">Bon dia, a tots i totes\u2600\ufe0f?!\u00a0<\/span><\/p>\n<p><b>MATEM\u00c0TIQUES?<\/b><\/p>\n<p><span style=\"font-weight: 400;\">Us proposem fer unes activitats molt divertides de multiplicacions. Esperem que gaudiu molt fent aquest exercicis. Som-hi! Anem a treballar una estoneta.<\/span><b>\u00a0 Alerta, aquesta activitat \u00e9s de RETORN??.<\/b><\/p>\n<p><a href=\"https:\/\/drive.google.com\/drive\/folders\/1HgPdPZPg3va3Nq1NpfjQyutVtgqdZ9Ps\"><b>ACTIVITATS MULTIPLICACIONS<\/b><\/a><\/p>\n<p><b>LLENGUA<\/b><\/p>\n<p><span style=\"font-weight: 400;\">Us agrada aprendre jugant ?. Ho sabem!!! Per aix\u00f2, us oferim un taulell de joc per a passar-ho b\u00e9 amb la fam\u00edlia. Ja sabeu: respectar el torn, escoltar els altres i comunicar-nos \u00e9s molt important per a qualsevol joc. Nom\u00e9s necessiteu un dau? i una fitxa per a cada jugador\/a?\u200d?\u200d?\u200d?. Doncs vinga, no perdeu m\u00e9s temps i a passar-ho b\u00e9!!!<\/span><\/p>\n<p><a href=\"https:\/\/drive.google.com\/drive\/folders\/104ngI4DHoNke-qoGUIbc3oEQjiFl66K4\"><span style=\"font-weight: 400;\">TAULELL DE JOC<\/span><\/a><\/p>\n<p><b>M\u00daSICA<\/b><span style=\"font-weight: 400;\">?<\/span><\/p>\n<p><span style=\"font-weight: 400;\">Hola a tots i totes, musiqueres i musiqueros!!\u00a0 ?\u200d??\u200d? Espero que estigueu b\u00e9.<\/span><\/p>\n<p><span style=\"font-weight: 400;\">Seguiu ballant, cantant i escoltant molta m\u00fasica. ????Aquesta setmana us proposo les seg\u00fcent tasques:<\/span><\/p>\n<p><span style=\"font-weight: 400;\">En el seg\u00fcent exercici has de seguir la m\u00fasica picant ??\u00a0 els ritmes que van apareixent. Els pots picar amb dues culleres ? de fusta, amb palets xinesos ? o, si prefereixes, picant de mans ??. Aqui et deixo l\u2019enlla\u00e7:<\/span><\/p>\n<p><a href=\"https:\/\/www.youtube.com\/watch?v=atJwDcixht0\"><span style=\"font-weight: 400;\">ROCK &amp; ROLLEANDO<\/span><\/a><\/p>\n<p><span style=\"font-weight: 400;\">A continuaci\u00f3 repassarem la col\u00b7locaci\u00f3 de les notes al pentagrama. Anem a practicar. Molta sort!!<\/span><\/p>\n<p><a href=\"https:\/\/www.youtube.com\/watch?v=-mzQXoUv7K4\"><span style=\"font-weight: 400;\">EL PENTAGRAMA<\/span><\/a><\/p>\n<p><a href=\"https:\/\/www.youtube.com\/watch?v=tmePWJFw3Tk\"><span style=\"font-weight: 400;\">EL NOM DE LES NOTES<\/span><\/a><\/p>\n<p><a href=\"https:\/\/www.aprendomusica.com\/const2ca\/03agafanotes\/agafanotes.html\"><span style=\"font-weight: 400;\">APRENDRE M\u00daSICA<\/span><\/a><\/p>\n<p><span style=\"color: #ff0000;\"><b>PAQUET VERMELL<\/b><\/span><\/p>\n<p><span style=\"font-weight: 400;\">Bon dia, a tots i totes\u2600\ufe0f?!\u00a0<\/span><\/p>\n<p><b>MATEM\u00c0TIQUES?<\/b><\/p>\n<p><span style=\"font-weight: 400;\">Us proposem fer unes activitats molt divertides de multiplicacions. Esperem que gaudiu molt fent aquest exercicis. Som-hi! Anem a treballar una estoneta.\u00a0 <\/span><b>Alerta, aquesta activitat \u00e9s de RETORN.??<\/b><\/p>\n<p><a href=\"https:\/\/drive.google.com\/drive\/folders\/1t1rN3uPHHfXqxWooluolxTBJ7r2xNIBQ\"><b>ACTIVITATS MULTIPLICACIONS<\/b><\/a><\/p>\n<p><b>LLENGUA<\/b><\/p>\n<p><span style=\"font-weight: 400;\">Us agrada aprendre jugant ?. Ho sabem!!! Per aix\u00f2, us oferim un taulell de joc per a passar-ho b\u00e9 amb la fam\u00edlia. Ja sabeu: respectar el torn, escoltar els altres i comunicar-nos \u00e9s molt important per a qualsevol joc. Nom\u00e9s necessiteu un dau? i una fitxa per a cada jugador\/a?\u200d?\u200d?\u200d?. Doncs vinga, no perdeu m\u00e9s temps i a passar-ho b\u00e9!!!<\/span><\/p>\n<p><a href=\"https:\/\/drive.google.com\/drive\/folders\/104ngI4DHoNke-qoGUIbc3oEQjiFl66K4\"><span style=\"font-weight: 400;\">TAULELL DE JOC<\/span><\/a><\/p>\n<p><b>M\u00daSICA<\/b><span style=\"font-weight: 400;\">?<\/span><\/p>\n<p><span style=\"font-weight: 400;\">Hola a tots i totes, musiqueres i musiqueros!!\u00a0 ?\u200d??\u200d? Espero que estigueu b\u00e9.<\/span><\/p>\n<p><span style=\"font-weight: 400;\">Seguiu ballant, cantant i escoltant molta m\u00fasica. ????Aquesta setmana us proposo les seg\u00fcent tasques:<\/span><\/p>\n<p><span style=\"font-weight: 400;\">En el seg\u00fcent exercici has de seguir la m\u00fasica picant ??\u00a0 els ritmes que van apareixent. Els pots picar amb dues culleres ? de fusta, amb palets xinesos ? o, si prefereixes, picant de mans ??. Aqui et deixo l\u2019enlla\u00e7:<\/span><\/p>\n<p><a href=\"https:\/\/www.youtube.com\/watch?v=atJwDcixht0\"><span style=\"font-weight: 400;\">ROCK &amp; ROLLEANDO<\/span><\/a><\/p>\n<p><span style=\"font-weight: 400;\">A continuaci\u00f3 repassarem la col\u00b7locaci\u00f3 de les notes al pentagrama. Anem a practicar. Molta sort!!<\/span><\/p>\n<p><a href=\"https:\/\/www.youtube.com\/watch?v=-mzQXoUv7K4\"><span style=\"font-weight: 400;\">EL PENTAGRAMA<\/span><\/a><\/p>\n<p><a href=\"https:\/\/www.youtube.com\/watch?v=tmePWJFw3Tk\"><span style=\"font-weight: 400;\">EL NOM DE LES NOTES<\/span><\/a><\/p>\n<p><a href=\"https:\/\/www.aprendomusica.com\/const2ca\/03agafanotes\/agafanotes.html\"><span style=\"font-weight: 400;\">APRENDRE M\u00daSICA<\/span><\/a><\/p>\n<p><span style=\"color: #00ff00;\"><b>PAQUET VERD<\/b><\/span><\/p>\n<p><span style=\"font-weight: 400;\">Bon dia, a tots i totes\u2600\ufe0f?!\u00a0<\/span><\/p>\n<p><b>MATEM\u00c0TIQUES?<\/b><\/p>\n<p><span style=\"font-weight: 400;\">Us proposem fer unes activitats molt divertides de multiplicacions. Esperem que gaudiu molt fent aquest exercicis. Som-hi! Anem a treballar una estoneta.\u00a0 <\/span><b>Alerta, aquesta activitat \u00e9s de RETORN<\/b><span style=\"font-weight: 400;\">??.<\/span><\/p>\n<p><a href=\"https:\/\/drive.google.com\/drive\/folders\/1o4DrXQ9yUqh-n7IPS0Qny1j0OliSfKSk\"><span style=\"font-weight: 400;\">\u00a0ACTIVITAT MULTIPLICACIONS<\/span><\/a><\/p>\n<p><b>LLENGUA<\/b><\/p>\n<p><span style=\"font-weight: 400;\">Us agrada aprendre jugant ?. Ho sabem!!! Per aix\u00f2, us oferim un taulell de joc per a passar-ho b\u00e9 amb la fam\u00edlia. Ja sabeu: respectar el torn, escoltar els altres i comunicar-nos \u00e9s molt important per a qualsevol joc. Nom\u00e9s necessiteu un dau? i una fitxa per a cada jugador\/a?\u200d?\u200d?\u200d?. Doncs vinga, no perdeu m\u00e9s temps i a passar-ho b\u00e9!!!<\/span><\/p>\n<p><a href=\"https:\/\/drive.google.com\/drive\/folders\/104ngI4DHoNke-qoGUIbc3oEQjiFl66K4\"><span style=\"font-weight: 400;\">TAULELL DE JOC<\/span><\/a><\/p>\n<p><b>M\u00daSICA<\/b><span style=\"font-weight: 400;\">?<\/span><\/p>\n<p><span style=\"font-weight: 400;\">Hola a tots i totes, musiqueres i musiqueros!!\u00a0 ?\u200d??\u200d? Espero que estigueu b\u00e9.<\/span><\/p>\n<p><span style=\"font-weight: 400;\">Seguiu ballant, cantant i escoltant molta m\u00fasica. ????Aquesta setmana us proposo les seg\u00fcent tasques:<\/span><\/p>\n<p><span style=\"font-weight: 400;\">En el seg\u00fcent exercici has de seguir la m\u00fasica picant ??\u00a0 els ritmes que van apareixent. Els pots picar amb dues culleres ? de fusta, amb palets xinesos ? o, si prefereixes, picant de mans ??. Aqui et deixo l\u2019enlla\u00e7:<\/span><\/p>\n<p><a href=\"https:\/\/www.youtube.com\/watch?v=atJwDcixht0\"><span style=\"font-weight: 400;\">ROCK &amp; ROLLEANDO<\/span><\/a><\/p>\n<p><span style=\"font-weight: 400;\">A continuaci\u00f3 repassarem la col\u00b7locaci\u00f3 de les notes al pentagrama. Anem a practicar. Molta sort!!<\/span><\/p>\n<p><a href=\"https:\/\/www.youtube.com\/watch?v=-mzQXoUv7K4\"><span style=\"font-weight: 400;\">EL PENTAGRAMA<\/span><\/a><\/p>\n<p><a href=\"https:\/\/www.youtube.com\/watch?v=tmePWJFw3Tk\"><span style=\"font-weight: 400;\">EL NOM DE LES NOTES<\/span><\/a><\/p>\n<p><a href=\"https:\/\/www.aprendomusica.com\/const2ca\/03agafanotes\/agafanotes.html\"><span style=\"font-weight: 400;\">APRENDRE M\u00daSICA<\/span><\/a><\/p>\n<p><span style=\"color: #0000ff;\"><b>DIMECRES 20\u00a0 DE MAIG<\/b><\/span><\/p>\n<p><span style=\"color: #0000ff;\"><b>ACTIVITATS 4t<\/b><\/span><\/p>\n<p><span style=\"font-weight: 400;\">Hola nens i nenes de 4t! Estem molt contents d&#8217;haver rebut les fotos dels vostres insectes ???? Sou molt creatius! A continuaci\u00f3 us deixem les activitats proposades per avui dimecres:<\/span><\/p>\n<p><b>LENGUA<\/b><\/p>\n<p><span style=\"font-weight: 400;\">\u00bfHab\u00e9is o\u00eddo hablar de las frases hechas y refranes? ? Realmente pueden ser muy divertidos si se usan correctamente. ? Os dejamos una actividad que seguro ser\u00e1 &#8220;pan comido&#8221; ?. \u00a1Vaaa no tir\u00e9is la toalla!??<\/span><\/p>\n<p><a href=\"https:\/\/drive.google.com\/open?id=1XbufdZBczRojiDatJMxk_91X58ANkXbj\"><span style=\"font-weight: 400;\">REFRANES Y FRASES HECHAS<\/span><\/a><\/p>\n<p><b>\u00a0MATEM\u00c0TIQUES<\/b><\/p>\n<p><span style=\"font-weight: 400;\">Alguna vegada heu anat a comprar al supermercat amb el papa o la mama????? \u00c9s molt divertit anar calculant el preu de tot all\u00f2 que afegiu al carro. Si no ho heu fet mai, us recomanem que ho proveu (podeu fer aproximacions o resultat exacte).\u00a0<\/span><\/p>\n<p><span style=\"font-weight: 400;\">Doncs l\u2019activitat que proposem avui de matem\u00e0tiques est\u00e0 relacionada amb els euros. <\/span><b>Feu els exercicis a la llibreta i envieu-nos les vostres respostes. <\/b><span style=\"font-weight: 400;\">??<\/span><\/p>\n<p><a href=\"https:\/\/drive.google.com\/open?id=1pJWMFpRBab_y747T-ntjoEdl4NVoYihB\"><span style=\"font-weight: 400;\">TREBALLEM ELS EUROS<\/span><\/a><\/p>\n<p><span style=\"font-weight: 400;\"><b><strong>??<\/strong><\/b><\/span><b>FRANC\u00c8S<\/b><\/p>\n<p><span style=\"font-weight: 400;\">En Dani us ha preparat un document on trobareu diferents webs. En aquestes webs podreu repassar vocabulari fet a classe ????Recordeu que aquesta activitat <\/span><b>NO<\/b><span style=\"font-weight: 400;\"> es de retorn. Som-hi! \u270d?<\/span><\/p>\n<p><a href=\"https:\/\/drive.google.com\/open?id=1x-4UtC09IeMOt57KSjheCC019XnuAge2\"><span style=\"font-weight: 400;\">ACTIVITATS FRANC\u00c8S<\/span><\/a><\/p>\n<p><span style=\"color: #0000ff;\"><b>DIMECRES 20 DE MAIG<\/b><\/span><\/p>\n<p><span style=\"color: #0000ff;\"><b>ACTIVITATS 3r<\/b><\/span><\/p>\n<p><span style=\"color: #ff6600;\"><b>PAQUET TARONJA<\/b><\/span><\/p>\n<p><span style=\"font-weight: 400;\">Bon dia guap\u00edssims i guap\u00edssimes! ??Ja teniu aqu\u00ed les activitats ??\u200d?que us volem proposar per dimecres. Esperem que us agradin molt.\u00a0\u00a0<\/span><\/p>\n<p><b>MATEM\u00c0TIQUES<\/b><span style=\"font-weight: 400;\">?<\/span><\/p>\n<p><span style=\"font-weight: 400;\">Avui us fem arribar una activitat de c\u00e0lcul, per anar repassant l\u2019estrat\u00e8gia proposada. \u00c0nims!!\u00a0 Aquesta activitat \u00e9s de<\/span><b> RETORN<\/b><span style=\"font-weight: 400;\">.\u270d\ufe0f<\/span><\/p>\n<p><a href=\"https:\/\/drive.google.com\/drive\/folders\/1CxDCJfWZmRLImOfAydflsTeRJgnT7zkM\"><span style=\"font-weight: 400;\">C\u00c0LCUL<\/span><\/a><\/p>\n<p><b>LLENGUA<\/b><span style=\"font-weight: 400;\">?<\/span><\/p>\n<p><span style=\"font-weight: 400;\">Llegireu\u00a0 ? les aventures d\u2019una mosca molt divertida que es diu <\/span><b>Bruna.<\/b><span style=\"font-weight: 400;\"> A l\u2019hora de respondre les preguntes, ja sabeu que nom\u00e9s una \u00e9s la correcta. \u2705<\/span><\/p>\n<p><b>Teniu les solucions, per tant quan acabeu, ho podeu corregir vosaltres mateixos.<\/b><span style=\"font-weight: 400;\">??<\/span><\/p>\n<p><a href=\"https:\/\/drive.google.com\/drive\/folders\/1lDSaBoMsO5FZ1nOBKH_Z0gpR2fgOLhFe\"><span style=\"font-weight: 400;\">LA MOSCA BRUNA<\/span><\/a><\/p>\n<p><b>MEDI<\/b><span style=\"font-weight: 400;\">?<\/span><\/p>\n<p><span style=\"font-weight: 400;\">Seguim amb activitats per treballar l&#8217;alimentaci\u00f3 saludable. ?????En el seg\u00fcent link, trobareu uns consell de bona taula. ?\ufe0f Entreu en el seg\u00fcent enlla\u00e7 i busqueu l\u2019activitat: <\/span><b>n\u00famero 5: PRACTICA I EXPLICA BONS CONSELLS!<\/b><\/p>\n<p><span style=\"font-weight: 400;\">\u00a0Haureu de fer una lectura ? sobre aquest consells, parlar sobre els consells amb la vostra fam\u00edlia.<\/span><\/p>\n<p><a href=\"https:\/\/www.weeras.com\/ebook\/html5\/?editorial_guid=C800259A-E103-4039-8F31-C23D12543CED&amp;book_guid=DAB57070-029C-4BBD-AD5D-FCAE1A3F2F90&amp;content=142283\"><span style=\"font-weight: 400;\">\u00a0PRACTICA I EXPLICA BONS CONSELLS!<\/span><\/a><\/p>\n<p><span style=\"font-weight: 400;\">En el seg\u00fcent enlla\u00e7, et proposem un joc molt divertit on haureu de trobar la millor alternativa als aliments que us proposen. ?? Som-hi! ?<\/span><\/p>\n<p><a href=\"https:\/\/media.diba.cat\/diba\/html\/salutpublica\/menjabe\/8\/\"><span style=\"font-weight: 400;\">TROBA LA MILLOR ALTERNATIVA<\/span><\/a><\/p>\n<p><span style=\"color: #ff0000;\"><b>PAQUET VERMELL<\/b><\/span><\/p>\n<p><span style=\"font-weight: 400;\">Bon dia guap\u00edssims i guap\u00edssimes! ?? Ja teniu aqu\u00ed les activitats\u00a0 ??\u200d?que us volem proposar per dimecres. Esperem que us agradin molt.\u00a0\u00a0<\/span><\/p>\n<p><b>MATEM\u00c0TIQUES<\/b><span style=\"font-weight: 400;\">?<\/span><\/p>\n<p><span style=\"font-weight: 400;\">Avui us fem arribar una activitat de c\u00e0lcul, per anar repassant l\u2019estrat\u00e8gia proposada. \u00c0nims!! Aquesta activitat \u00e9s de <\/span><b>RETORN.<\/b><span style=\"font-weight: 400;\">\u270d\ufe0f<\/span><\/p>\n<p><a href=\"https:\/\/drive.google.com\/drive\/folders\/1hD5TY34Qj_jrotJkP33zCOQ5PLp1PCEX\"><span style=\"font-weight: 400;\">C\u00c0LCUL<\/span><\/a><\/p>\n<p><b>LLENGUA<\/b><span style=\"font-weight: 400;\">?<\/span><\/p>\n<p><span style=\"font-weight: 400;\">Llegireu\u00a0 ? les aventures d\u2019una mosca molt divertida que es diu <\/span><b>Bruna.<\/b><span style=\"font-weight: 400;\"> A l\u2019hora de respondre les preguntes, ja sabeu que nom\u00e9s una \u00e9s la correcta. \u2705<\/span><\/p>\n<p><b>Teniu les solucions, per tant quan acabeu, ho podeu corregir vosaltres mateixos.<\/b><span style=\"font-weight: 400;\">??<\/span><\/p>\n<p><a href=\"https:\/\/drive.google.com\/drive\/folders\/1lDSaBoMsO5FZ1nOBKH_Z0gpR2fgOLhFe\"><span style=\"font-weight: 400;\">LA MOSCA BRUNA<\/span><\/a><\/p>\n<p><b>MEDI<\/b><span style=\"font-weight: 400;\">?<\/span><\/p>\n<p><span style=\"font-weight: 400;\">Seguim amb activitats per treballar l&#8217;alimentaci\u00f3 saludable. ?????En el seg\u00fcent link, trobareu uns consell de bona taula. ?\ufe0f Entreu en el seg\u00fcent enlla\u00e7 i busqueu l\u2019activitat: <\/span><b>n\u00famero 5: PRACTICA I EXPLICA BONS CONSELLS!<\/b><\/p>\n<p><span style=\"font-weight: 400;\">\u00a0Haureu de fer una lectura ? sobre aquest consells, parlar sobre els consells amb la vostra fam\u00edlia.<\/span><\/p>\n<p><a href=\"https:\/\/www.weeras.com\/ebook\/html5\/?editorial_guid=C800259A-E103-4039-8F31-C23D12543CED&amp;book_guid=DAB57070-029C-4BBD-AD5D-FCAE1A3F2F90&amp;content=142283\"><span style=\"font-weight: 400;\">\u00a0PRACTICA I EXPLICA BONS CONSELLS!<\/span><\/a><\/p>\n<p><span style=\"font-weight: 400;\">En el seg\u00fcent enlla\u00e7, et proposem un joc molt divertit on haureu de trobar la millor alternativa als aliments que us proposen. ?? Som-hi! ?<\/span><\/p>\n<p><a href=\"https:\/\/media.diba.cat\/diba\/html\/salutpublica\/menjabe\/8\/\"><span style=\"font-weight: 400;\">TROBA LA MILLOR ALTERNATIVA<\/span><\/a><\/p>\n<p><span style=\"color: #00ff00;\"><b>PAQUET VERD<\/b><\/span><\/p>\n<p><span style=\"font-weight: 400;\">Bon dia guap\u00edssims i guap\u00edssimes! ?? Ja teniu aqu\u00ed les activitats ??\u200d? que us volem proposar per dimecres. Esperem que us agradin molt.\u00a0\u00a0<\/span><\/p>\n<p><b>MATEM\u00c0TIQUES<\/b><span style=\"font-weight: 400;\">?<\/span><\/p>\n<p><span style=\"font-weight: 400;\">Avui us fem arribar una activitat de c\u00e0lcul, per anar repassant l\u2019estrat\u00e8gia proposada. \u00c0nims!!\u00a0 Aquesta activitat \u00e9s de<\/span><b> RETORN.<\/b><span style=\"font-weight: 400;\">\u270d\ufe0f<\/span><\/p>\n<p><a href=\"https:\/\/drive.google.com\/drive\/folders\/1b19TxWhEN0AEer-VMb-fe0yipc5OmWKL\"><span style=\"font-weight: 400;\">C\u00c0LCUL<\/span><\/a><\/p>\n<p><b>LLENGUA<\/b><span style=\"font-weight: 400;\">?<\/span><\/p>\n<p><span style=\"font-weight: 400;\">Si t\u2019agraden els eri\u00e7ons\u00a0 ? o tens curiositat\u00a0 \u2049\ufe0fper saber com s\u00f3n, est\u00e0s de sort! \u2728?\u2728 Llegir\u00e0s ? un text sobre aquest animal tan peculiar. Despr\u00e9s, respon les preguntes i <\/span><b>et donem les solucions perqu\u00e8 t\u2019ho puguis corregir.<\/b><span style=\"font-weight: 400;\">??<\/span><\/p>\n<p><a href=\"https:\/\/drive.google.com\/drive\/folders\/1LhhAWYDrXWSTqwPakQG9HvXUh-T9geEZ\"><span style=\"font-weight: 400;\">L&#8217;ERI\u00c7\u00d3<\/span><\/a><\/p>\n<p><b>MEDI<\/b><span style=\"font-weight: 400;\">?<\/span><\/p>\n<p><span style=\"font-weight: 400;\">Seguim amb activitats per treballar l&#8217;alimentaci\u00f3 saludable. ????? En el seg\u00fcent link, trobareu uns consell de bona taula. ?\ufe0f\u00a0 Entreu en el seg\u00fcent enlla\u00e7 i busqueu l\u2019activitat: <\/span><b>n\u00famero 5: PRACTICA I EXPLICA BONS CONSELLS!<\/b><\/p>\n<p><span style=\"font-weight: 400;\">\u00a0Haureu de fer una lectura ? sobre aquest consells, parlar sobre els consells amb la vostra fam\u00edlia.<\/span><\/p>\n<p><a href=\"https:\/\/www.weeras.com\/ebook\/html5\/?editorial_guid=C800259A-E103-4039-8F31-C23D12543CED&amp;book_guid=DAB57070-029C-4BBD-AD5D-FCAE1A3F2F90&amp;content=142283\"><span style=\"font-weight: 400;\">PRACTICA I EXPLICA BONS CONSELLS!<\/span><\/a><\/p>\n<p><span style=\"font-weight: 400;\">En el seg\u00fcent enlla\u00e7, et proposem un joc molt divertit on haureu de trobar la millor alternativa als aliments que us proposen. ?? Som-hi! ?<\/span><\/p>\n<p><a href=\"https:\/\/media.diba.cat\/diba\/html\/salutpublica\/menjabe\/8\/\"><span style=\"font-weight: 400;\">TROBA LA MILLOR ALTERNATIVA<\/span><\/a><\/p>\n<p><span style=\"color: #0000ff;\"><b>DILLUNS 18\u00a0 DE MAIG<\/b><\/span><\/p>\n<p><span style=\"color: #0000ff;\"><b>ACTIVITATS 4t<\/b><\/span><\/p>\n<p><span style=\"font-weight: 400;\">Bon dia a tots!!! Esperem que hagi anat molt b\u00e9 el cap de setmana! A continuaci\u00f3 teniu les activitats de 4t que proposem per avui dilluns.<\/span><\/p>\n<p><span style=\"font-weight: 400;\"><strong>LENGUA<\/strong>: ?<\/span><\/p>\n<p><span style=\"font-weight: 400;\">\u00bfSab\u00edais que nuestro cuerpo es realmente asombroso? ? Leed ? y escuchad ??con mucha atenci\u00f3n este texto y conocer\u00e9is muchas curiosidades sobre el cuerpo humano.<\/span><\/p>\n<p><a href=\"https:\/\/drive.google.com\/open?id=1x4wUKWLh-MpDKD_XQtnceJxY_u1D8Mya\"><span style=\"font-weight: 400;\">UN CUERPO ASOMBROSO<\/span><\/a><\/p>\n<p><a href=\"https:\/\/drive.google.com\/open?id=1-TMZAoSzviA87WWWrY0mbOKB2YzGJsNr\"><span style=\"font-weight: 400;\">AUDIO<\/span><\/a><\/p>\n<p><b>MATEM\u00c0TIQUES<\/b><span style=\"font-weight: 400;\">: ?\u270f\ufe0f<\/span><\/p>\n<p><span style=\"font-weight: 400;\">Per seguir treballant l\u2019agilitat matem\u00e0tica, us proposem continuar fent c\u00e0lcul mental. Aquesta setmana ja anem pel n\u00famero 10. Som-hi!<\/span><\/p>\n<p><a href=\"https:\/\/drive.google.com\/open?id=1W2EWedwaMAt4Cf0DU-oEqVjBVAN_lJFj\"><span style=\"font-weight: 400;\">C\u00c0LCUL MENTAL<\/span><\/a><\/p>\n<p><a href=\"https:\/\/drive.google.com\/open?id=1KPsKCM6uJtOaQICID4ahO4NjJUqVh9WD\"><span style=\"font-weight: 400;\">SOLUCIONS<\/span><\/a><\/p>\n<p><b>CREACTVITAT:<\/b><span style=\"font-weight: 400;\">?<\/span><\/p>\n<p><span style=\"font-weight: 400;\">Els insectes poden ser inc\u00f2modes i fins i tot ens poden arribar a fer f\u00e0stic. Malgrat aix\u00f2, s\u00f3n molt importants en el nostre ecosistema ja que s&#8217;encarreguen de la pol.linitzaci\u00f3 ?? (van de flor en flor i d&#8217;aquesta manera les plantes es poden reproduir), eliminen brut\u00edcia,&#8230; Avui us proposem que elaboreu un insecte tot reciclant materials que tingueu per casa o b\u00e9 amb elements de la natura. En el link seg\u00fcent us deixem alguns exemples. <\/span><b>Esperem les vostres fotos!!!<\/b><span style=\"font-weight: 400;\">????<\/span><\/p>\n<p><a href=\"https:\/\/drive.google.com\/open?id=1NJpl7Yd9xkblDOQZcvIPU8ITcyeTRNi7\"><span style=\"font-weight: 400;\">IDEES PER ELABORAR INSECTES<\/span><\/a><\/p>\n<p><span style=\"color: #0000ff;\"><b>DILLUNS 18 DE MAIG<\/b><\/span><\/p>\n<p><span style=\"color: #0000ff;\"><b>ACTIVITATS 3r<\/b><\/span><\/p>\n<p><span style=\"color: #ff6600;\"><b>PAQUET TARONJA<\/b><\/span><\/p>\n<p><span style=\"font-weight: 400;\">Bon dia a tothom!!! ? Preparats per una nova setmana???<\/span><\/p>\n<p><b>MATEM\u00c0TIQUES\u00a0<\/b><\/p>\n<p><span style=\"font-weight: 400;\">Avui us proposem fer unes activitats sobre un<\/span><b> gr\u00e0fic de barres<\/b><span style=\"font-weight: 400;\">?. Aquesta activitat us la podeu corregir vosaltres mateixos, ja que us fem arribar tamb\u00e9 les solucions dels exercicis proposats. Som-hi!<\/span><\/p>\n<p><a href=\"https:\/\/drive.google.com\/drive\/folders\/1-2BBQPLn2xm9UaO5_jImWS1ytb4u13qI\"><span style=\"font-weight: 400;\">GR\u00c0FIC DE BARRES<\/span><\/a><\/p>\n<p><b>\u00a0LLENGUA\u00a0<\/b><\/p>\n<p><span style=\"font-weight: 400;\">Segur que et va agradar la lectura No lo abandones! sobre els gossos abandonats. Vosaltres o alg\u00fa de la fam\u00edlia teniu mascota? ???? Doncs, imagina que es perd i <\/span><b>has de redactar una nota d\u2019alerta ?perqu\u00e8 es puguin posar en contacte amb tu.\u00a0<\/b><\/p>\n<p><span style=\"font-weight: 400;\">Primer fes l\u2019esborrany i despr\u00e9s redacta el text definitiu. Tamb\u00e9 trobar\u00e0s una <\/span><b>autoavaluaci\u00f3<\/b><span style=\"font-weight: 400;\"> , que et servir\u00e0 per revisar i millorar el teu escrit, per\u00f2 no cal copiar-la a la llibreta. <\/span><b>Aquesta activitat \u00e9s de RETORN, envieu una foto al m\u00f2bil <\/b><span style=\"font-weight: 400;\">?.<\/span><\/p>\n<p><a href=\"https:\/\/drive.google.com\/drive\/folders\/1_FesHOUeo072JDr1es4zN3o1Vg8D9jjH\"><span style=\"font-weight: 400;\">MASCOTA PERDIDA<\/span><\/a><\/p>\n<p><b>\u00a0CREATIVITAT\u00a0<\/b><\/p>\n<p><span style=\"font-weight: 400;\">Fem una activitat de creativitat ?? Que us sembla si primer de tot escoltem un conte molt bonic que es diu: <\/span><b>L\u2019ocell de paper. <\/b><span style=\"font-weight: 400;\">En el primer enlla\u00e7 trobareu el conte. Despr\u00e9s d\u2019escoltar-lo\u2026 <\/span><b>Voleu fer un ocell de paper *? <\/b><span style=\"font-weight: 400;\">En el segon enlla\u00e7, podem veure com es fa. Endavant!<\/span><\/p>\n<p><a href=\"https:\/\/youtu.be\/uCsmh11YBJw\"><span style=\"font-weight: 400;\">L&#8217;OCELL DE PAPER<\/span><\/a><\/p>\n<p><a href=\"https:\/\/www.youtube.com\/watch?v=s56RSa2wnJs#action=share\"><span style=\"font-weight: 400;\">PAPIROFL\u00c8XIA: OCELL DE PAPER<\/span><\/a><\/p>\n<p><span style=\"color: #ff0000;\"><b>PAQUET VERMELL<\/b><\/span><\/p>\n<p><span style=\"font-weight: 400;\">Bon dia a tothom ?! Preparats per una nova setmana???<\/span><\/p>\n<p><b>MATEM\u00c0TIQUES\u00a0<\/b><\/p>\n<p><span style=\"font-weight: 400;\">Avui us proposem fer unes activitats sobre un<\/span><b> gr\u00e0fic de barres <\/b><span style=\"font-weight: 400;\">?. Aquesta activitat us la podeu corregir vosaltres mateixos, ja que us fem arribar tamb\u00e9 les solucions dels exercicis proposats. Som-hi!<\/span><\/p>\n<p><a href=\"https:\/\/drive.google.com\/drive\/folders\/1rxvzTcr3TcNQbqmdVLNp9cvtn9Zli6U4\"><span style=\"font-weight: 400;\">GR\u00c0FIC DE BARRES<\/span><\/a><\/p>\n<p><b>\u00a0LLENGUA\u00a0<\/b><\/p>\n<p><span style=\"font-weight: 400;\">Segur que et va agradar la lectura No lo abandones! sobre els gossos abandonats. Vosaltres o alg\u00fa de la fam\u00edlia teniu mascota? ???? Doncs, imagina que es perd i <\/span><b>has de redactar una nota d\u2019alerta ?perqu\u00e8 es puguin posar en contacte amb tu.\u00a0<\/b><\/p>\n<p><span style=\"font-weight: 400;\">Primer fes l\u2019esborrany i despr\u00e9s redacta el text definitiu. Tamb\u00e9 trobar\u00e0s una <\/span><b>autoavaluaci\u00f3<\/b><span style=\"font-weight: 400;\"> , que et servir\u00e0 per revisar i millorar el teu escrit, per\u00f2 no cal copiar-la a la llibreta. <\/span><b>Aquesta activitat \u00e9s de RETORN, envieu una foto al m\u00f2bil <\/b><span style=\"font-weight: 400;\">?.<\/span><\/p>\n<p><a href=\"https:\/\/drive.google.com\/drive\/folders\/1_FesHOUeo072JDr1es4zN3o1Vg8D9jjH\"><span style=\"font-weight: 400;\">MASCOTA PERDIDA<\/span><\/a><\/p>\n<p><b>\u00a0CREATIVITAT\u00a0<\/b><\/p>\n<p><span style=\"font-weight: 400;\">Fem una activitat de creativitat ?? Que us sembla si primer de tot escoltem un conte molt bonic que es diu: <\/span><b>L\u2019ocell de paper. <\/b><span style=\"font-weight: 400;\">En el primer enlla\u00e7 trobareu el conte. Despr\u00e9s d\u2019escoltar-lo\u2026 <\/span><b>Voleu fer un ocell de paper *? <\/b><span style=\"font-weight: 400;\">En el segon enlla\u00e7, podem veure com es fa. Endavant!<\/span><\/p>\n<p><a href=\"https:\/\/youtu.be\/uCsmh11YBJw\"><span style=\"font-weight: 400;\">L&#8217;OCELL DE PAPER<\/span><\/a><\/p>\n<p><a href=\"https:\/\/www.youtube.com\/watch?v=s56RSa2wnJs#action=share\"><span style=\"font-weight: 400;\">PAPIROFL\u00c8XIA: OCELL DE PAPER<\/span><\/a><\/p>\n<p><span style=\"color: #00ff00;\"><b>PAQUET VERD<\/b><\/span><\/p>\n<p><span style=\"font-weight: 400;\">Bon dia a tothom ?! Preparats per una nova setmana???<\/span><\/p>\n<p><b>MATEM\u00c0TIQUES\u00a0<\/b><\/p>\n<p><span style=\"font-weight: 400;\">Avui us proposem fer unes activitats sobre un<\/span><b> gr\u00e0fic de barres<\/b><span style=\"font-weight: 400;\">?. Aquesta activitat us la podeu corregir vosaltres mateixos, ja que us fem arribar tamb\u00e9 les solucions dels exercicis proposats. Som-hi!<\/span><\/p>\n<p><a href=\"https:\/\/drive.google.com\/drive\/folders\/1BVVg-OeK63IWA-C4NXFG7fJURxFe5yjY\"><span style=\"font-weight: 400;\">GR\u00c0FIC DE BARRES<\/span><\/a><\/p>\n<p><b>\u00a0LLENGUA\u00a0<\/b><\/p>\n<p><span style=\"font-weight: 400;\">Segur que et va agradar la lectura No lo abandones! sobre els gossos abandonats. Vosaltres o alg\u00fa de la fam\u00edlia teniu mascota? ???? Doncs, imagina que es perd i <\/span><b>has de redactar una nota d\u2019alerta ?perqu\u00e8 es puguin posar en contacte amb tu.\u00a0<\/b><\/p>\n<p><span style=\"font-weight: 400;\">Primer fes l\u2019esborrany i despr\u00e9s redacta el text definitiu. Tamb\u00e9 trobar\u00e0s una <\/span><b>autoavaluaci\u00f3<\/b><span style=\"font-weight: 400;\"> , que et servir\u00e0 per revisar i millorar el teu escrit, per\u00f2 no cal copiar-la a la llibreta. <\/span><b>Aquesta activitat \u00e9s de RETORN, envieu una foto al m\u00f2bil <\/b><span style=\"font-weight: 400;\">?.<\/span><\/p>\n<p><a href=\"https:\/\/drive.google.com\/drive\/folders\/1_FesHOUeo072JDr1es4zN3o1Vg8D9jjH\"><span style=\"font-weight: 400;\">MASCOTA PERDIDA<\/span><\/a><\/p>\n<p><b>\u00a0CREATIVITAT\u00a0<\/b><\/p>\n<p><span style=\"font-weight: 400;\">Fem una activitat de creativitat ?? Que us sembla si primer de tot escoltem un conte molt bonic que es diu: <\/span><b>L\u2019ocell de paper. <\/b><span style=\"font-weight: 400;\">En el primer enlla\u00e7 trobareu el conte. Despr\u00e9s d\u2019escoltar-lo\u2026 <\/span><b>Voleu fer un ocell de paper *? <\/b><span style=\"font-weight: 400;\">En el segon enlla\u00e7, podem veure com es fa. Endavant!<\/span><\/p>\n<p><a href=\"https:\/\/youtu.be\/uCsmh11YBJw\"><span style=\"font-weight: 400;\">L&#8217;OCELL DE PAPER<\/span><\/a><\/p>\n<p><a href=\"https:\/\/www.youtube.com\/watch?v=s56RSa2wnJs#action=share\"><span style=\"font-weight: 400;\">PAPIROFL\u00c8XIA: OCELL DE PAPER<\/span><\/a><\/p>\n<p><span style=\"color: #0000ff;\"><b>DIVENDRES 15\u00a0 DE MAIG<\/b><\/span><\/p>\n<p><span style=\"color: #0000ff;\"><b>ACTIVITATS 4t<\/b><\/span><\/p>\n<p><span style=\"font-weight: 400;\">Hola nens i nenes de 4t! Per acabar les setmana us deixem les activitats d&#8217;avui divendres:<\/span><\/p>\n<p><b>LLENGUA<\/b><\/p>\n<p><span style=\"font-weight: 400;\">Us en recordeu de la hist\u00f2ria del<strong> Petit Pr\u00edncep<\/strong>? ??? Doncs en l&#8217;enlla\u00e7 seg\u00fcent teniu un petit resum per\u00f2 t\u00e9 un petit defecte i \u00e9s que falten punts, comes i maj\u00fascules. Serieu capa\u00e7os\/es de posar els signes de puntuaci\u00f3 on correspongui? Som-hi!!<\/span><\/p>\n<p><a href=\"https:\/\/drive.google.com\/open?id=16pa2seqIm-o880PMn40MxSsJAjAG5IJ5\"><span style=\"font-weight: 400;\">EL PETIT PR\u00cdNCEP<\/span><\/a><\/p>\n<p><b>MATEM\u00c0TIQUES<\/b><\/p>\n<p><span style=\"font-weight: 400;\">Si feu una mica de mem\u00f2ria segur que recordareu aquest joc que vam jugar a classe. Es tracta de fer una carrera de cotxes i us aniran apareixent diferents multiplicacions. Quantes m\u00e9s en feu b\u00e9, m\u00e9s r\u00e0pid anir\u00e0 el vostre cotxe. Molta sort!<\/span><\/p>\n<p><a href=\"https:\/\/www.mathplayground.com\/ASB_GrandPrixMultiplication.html\"><span style=\"font-weight: 400;\">GRAND PRIX MULTIPLICACIONS<\/span><\/a><\/p>\n<p>?<b>M\u00daSICA<\/b><\/p>\n<p><span style=\"font-weight: 400;\">Aquesta setmana us deixo un nou repte en el que heu de fer un ritme amb gots que tingueu per casa (preferiblement de pl\u00e0stic).?<\/span><\/p>\n<p><span style=\"font-weight: 400;\">En el primer video posa atenci\u00f3 i aprenem els diferents ritmes?? i com van els moviments de mans \u270b\u00a0 i gots. ?<\/span><\/p>\n<p><span style=\"font-weight: 400;\">En el segon enlla\u00e7 tens l&#8217;audio\u00a0 ? d\u2019aquesta can\u00e7\u00f3.\u00a0<\/span><\/p>\n<p><span style=\"font-weight: 400;\">Quan ho tingueu tot a punt, graveu-vos ?\u00a0 fent aquest repte i me l&#8217;envieu al m\u00f2bil ?de l\u2019escola. ?<\/span><b> Recorda que \u00e9s una activitat de RETORN.<\/b><\/p>\n<p><a href=\"https:\/\/www.youtube.com\/watch?v=TLwfklVe3LU\"><span style=\"font-weight: 400;\">JOC DE GOTS<\/span><\/a><\/p>\n<p><a href=\"https:\/\/www.youtube.com\/watch?v=VzAc6ChMmms\"><span style=\"font-weight: 400;\">\u00c0UDIO JOC DE GOTS<\/span><\/a><\/p>\n<p><span style=\"font-weight: 400;\">Segur que la m\u00fasica ? ocupa una bona part del dia a casa teva\u00a0 ?o potser, nom\u00e9s els millors moments.<\/span><\/p>\n<p><span style=\"font-weight: 400;\">?<\/span><b>Aquesta \u00e9s l\u2019activitat que et proposo i \u00e9s una<\/b> <b>activitat de RETORN:<\/b><span style=\"font-weight: 400;\">\u270d\ufe0f<\/span><\/p>\n<p><span style=\"font-weight: 400;\">1 &#8211; Tria la teva can\u00e7\u00f3 preferida. ???<\/span><\/p>\n<p><span style=\"font-weight: 400;\">2 &#8211; Escriu el seu t\u00edtol. \u270d\ufe0f<\/span><\/p>\n<p><span style=\"font-weight: 400;\">3 &#8211; Esbrina, si no el saps, l\u2019artista o el grup que la interpreta. ?<\/span><\/p>\n<p><span style=\"font-weight: 400;\">4 &#8211; Fes un dibuix amb all\u00f2 que la m\u00fasica et fa pensar, sentir o imaginar. ?\ufe0f<\/span><\/p>\n<p><span style=\"font-weight: 400;\">5 &#8211; Escriu alguna estrofa o frase que t\u2019encanti d\u2019aquesta can\u00e7\u00f3. ?<\/span><\/p>\n<p><span style=\"font-weight: 400;\">6 &#8211; Parla sobre quins instruments sonen. ?????<\/span><\/p>\n<p><span style=\"font-weight: 400;\">7 &#8211; Deixa tota la informaci\u00f3 en un full o mural molt bonic i envia\u2019m una foto. ?<\/span><\/p>\n<p><span style=\"color: #0000ff;\"><b>DIVENDRES 15 DE MAIG<\/b><\/span><\/p>\n<p><span style=\"color: #0000ff;\"><b>ACTIVITATS 3r<\/b><\/span><\/p>\n<p><span style=\"color: #ff6600;\"><b>PAQUET TARONJA<\/b><\/span><\/p>\n<p><span style=\"font-weight: 400;\">Bon dia, a tots i totes! \u2600\ufe0f?Ja arribem al final de la setmana i avui us compartim les activitats que us proposem per divendres. Vinga, anem a treballar! \u270d?<\/span><\/p>\n<p><b>MATEM\u00c0TIQUES<\/b><span style=\"font-weight: 400;\">?<\/span><\/p>\n<p><span style=\"font-weight: 400;\">\u00a0Avui farem unes activitats per refrescar la numeraci\u00f3. Us enrecordeu de les unitats, desenes, centenes i unitats de mil? Doncs, som-hi! Aquestes activitats us les podeu corregir vosaltres mateixos. Us donem les solucions. ???<\/span><\/p>\n<p><a href=\"https:\/\/drive.google.com\/drive\/folders\/1vIbR5OZY8T7RoHOUQoWbOj8KwtuKFsCk\"><span style=\"font-weight: 400;\">ACTIVITATS NUMERACI\u00d3<\/span><\/a><\/p>\n<p><b>LLENGUA<\/b><span style=\"font-weight: 400;\">?<\/span><\/p>\n<p><span style=\"font-weight: 400;\">En el seg\u00fcent enlla\u00e7 podreu escoltar?? i llegir ? un conte terror\u00edfic: ?<\/span><b>En Pere mai s\u2019espanta<\/b><span style=\"font-weight: 400;\">.? A m\u00e9s, tamb\u00e9 hi ha activitats online per passar-t\u2019ho molt b\u00e9. ?<\/span><\/p>\n<p><a href=\"http:\/\/www.edu365.cat\/primaria\/contes\/contesweb\/pere_maisespanta\/index.htm\"><span style=\"font-weight: 400;\">EN PERE MAI S&#8217;ESPANTA<\/span><\/a><\/p>\n<p><span style=\"font-weight: 400;\">?<\/span><b>M\u00daSICA<\/b><\/p>\n<p><span style=\"font-weight: 400;\">Aquesta setmana us deixo un nou repte en el que heu de fer un ritme amb gots que tingueu per casa (preferiblement de pl\u00e0stic).?<\/span><\/p>\n<p><span style=\"font-weight: 400;\">En el primer video posa atenci\u00f3 i aprenem els diferents ritmes?? i com van els moviments de mans \u270b\u00a0 i gots. ?<\/span><\/p>\n<p><span style=\"font-weight: 400;\">En el segon enlla\u00e7 tens l&#8217;audio\u00a0 ? d\u2019aquesta can\u00e7\u00f3.\u00a0<\/span><\/p>\n<p><span style=\"font-weight: 400;\">Quan ho tingueu tot a punt, graveu-vos ?\u00a0 fent aquest repte i me l&#8217;envieu al m\u00f2bil ?de l\u2019escola. ?<\/span><b> Recorda que \u00e9s una activitat de RETORN.<\/b><\/p>\n<p><a href=\"https:\/\/www.youtube.com\/watch?v=TLwfklVe3LU\"><span style=\"font-weight: 400;\">JOC DE GOTS<\/span><\/a><\/p>\n<p><a href=\"https:\/\/www.youtube.com\/watch?v=VzAc6ChMmms\"><span style=\"font-weight: 400;\">\u00c0UDIO JOC DE GOTS<\/span><\/a><\/p>\n<p><span style=\"font-weight: 400;\">Segur que la m\u00fasica ? ocupa una bona part del dia a casa teva\u00a0 ?o potser, nom\u00e9s els millors moments.<\/span><\/p>\n<p><span style=\"font-weight: 400;\">?<\/span><b>Aquesta \u00e9s l\u2019activitat que et proposo i \u00e9s una<\/b> <b>activitat de RETORN:<\/b><span style=\"font-weight: 400;\">\u270d\ufe0f<\/span><\/p>\n<p><span style=\"font-weight: 400;\">1 &#8211; Tria la teva can\u00e7\u00f3 preferida. ???<\/span><\/p>\n<p><span style=\"font-weight: 400;\">2 &#8211; Escriu el seu t\u00edtol. \u270d\ufe0f<\/span><\/p>\n<p><span style=\"font-weight: 400;\">3 &#8211; Esbrina, si no el saps, l\u2019artista o el grup que la interpreta. ?<\/span><\/p>\n<p><span style=\"font-weight: 400;\">4 &#8211; Fes un dibuix amb all\u00f2 que la m\u00fasica et fa pensar, sentir o imaginar. ?\ufe0f<\/span><\/p>\n<p><span style=\"font-weight: 400;\">5 &#8211; Escriu alguna estrofa o frase que t\u2019encanti d\u2019aquesta can\u00e7\u00f3. ?<\/span><\/p>\n<p><span style=\"font-weight: 400;\">6 &#8211; Parla sobre quins instruments sonen. ?????<\/span><\/p>\n<p><span style=\"font-weight: 400;\">7 &#8211; Deixa tota la informaci\u00f3 en un full o mural molt bonic i envia\u2019m una foto. ?<\/span><\/p>\n<p><span style=\"color: #ff0000;\"><b>PAQUET VERMELL<\/b><\/span><\/p>\n<p><span style=\"font-weight: 400;\">Bon dia, a tots i totes! \u2600\ufe0f?? Ja arribem al final de la setmana i avui us compartim les activitats que us proposem per divendres. Vinga, anem a treballar! \u270d?<\/span><\/p>\n<p><b>MATEM\u00c0TIQUES<\/b><span style=\"font-weight: 400;\">?<\/span><\/p>\n<p><span style=\"font-weight: 400;\">\u00a0Avui farem unes activitats per refrescar la numeraci\u00f3. Us enrecordeu de les unitats, desenes, centenes i unitats de mil? Doncs, som-hi! Aquestes activitats us les podeu corregir vosaltres mateixos. Us donem les solucions. ???<\/span><\/p>\n<p><a href=\"https:\/\/drive.google.com\/drive\/folders\/1yghSNwRXdAxWbliCvCSvWe6GDF_VZr75\"><span style=\"font-weight: 400;\">ACTIVITATS NUMERACI\u00d3<\/span><\/a><\/p>\n<p><b>LLENGUA<\/b><span style=\"font-weight: 400;\">?<\/span><\/p>\n<p><span style=\"font-weight: 400;\">En el seg\u00fcent enlla\u00e7 podreu escoltar?? i llegir ?un conte terror\u00edfic: ?<\/span><b>En Pere mai s\u2019espanta<\/b><span style=\"font-weight: 400;\">. ? A m\u00e9s tamb\u00e9 hi ha activitats online per passar-t\u2019ho molt b\u00e9. ?<\/span><\/p>\n<p><a href=\"http:\/\/www.edu365.cat\/primaria\/contes\/contesweb\/pere_maisespanta\/index.htm\"><span style=\"font-weight: 400;\">EN PERE MAI S&#8217;ESPANTA<\/span><\/a><\/p>\n<p><span style=\"font-weight: 400;\">?<\/span><b>M\u00daSICA<\/b><\/p>\n<p><span style=\"font-weight: 400;\">Aquesta setmana us deixo un nou repte en el que heu de fer un ritme amb gots que tingueu per casa (preferiblement de pl\u00e0stic).?<\/span><\/p>\n<p><span style=\"font-weight: 400;\">En el primer video posa atenci\u00f3 i aprenem els diferents ritmes?? i com van els moviments de mans \u270b\u00a0 i gots. ?<\/span><\/p>\n<p><span style=\"font-weight: 400;\">En el segon enlla\u00e7 tens l&#8217;audio\u00a0 ? d\u2019aquesta can\u00e7\u00f3.\u00a0<\/span><\/p>\n<p><span style=\"font-weight: 400;\">Quan ho tingueu tot a punt, graveu-vos ?\u00a0 fent aquest repte i me l&#8217;envieu al m\u00f2bil ?de l\u2019escola. ?<\/span><b> Recorda que \u00e9s una activitat de RETORN.<\/b><\/p>\n<p><a href=\"https:\/\/www.youtube.com\/watch?v=TLwfklVe3LU\"><span style=\"font-weight: 400;\">JOC DE GOTS<\/span><\/a><\/p>\n<p><a href=\"https:\/\/www.youtube.com\/watch?v=VzAc6ChMmms\"><span style=\"font-weight: 400;\">\u00c0UDIO JOC DE GOTS<\/span><\/a><\/p>\n<p><span style=\"font-weight: 400;\">Segur que la m\u00fasica ? ocupa una bona part del dia a casa teva\u00a0 ?o potser, nom\u00e9s els millors moments.<\/span><\/p>\n<p><span style=\"font-weight: 400;\">?<\/span><b>Aquesta \u00e9s l\u2019activitat que et proposo i \u00e9s una<\/b> <b>activitat de RETORN:<\/b><span style=\"font-weight: 400;\">\u270d\ufe0f<\/span><\/p>\n<p><span style=\"font-weight: 400;\">1 &#8211; Tria la teva can\u00e7\u00f3 preferida. ???<\/span><\/p>\n<p><span style=\"font-weight: 400;\">2 &#8211; Escriu el seu t\u00edtol. \u270d\ufe0f<\/span><\/p>\n<p><span style=\"font-weight: 400;\">3 &#8211; Esbrina, si no el saps, l\u2019artista o el grup que la interpreta. ?<\/span><\/p>\n<p><span style=\"font-weight: 400;\">4 &#8211; Fes un dibuix amb all\u00f2 que la m\u00fasica et fa pensar, sentir o imaginar. ?\ufe0f<\/span><\/p>\n<p><span style=\"font-weight: 400;\">5 &#8211; Escriu alguna estrofa o frase que t\u2019encanti d\u2019aquesta can\u00e7\u00f3. ?<\/span><\/p>\n<p><span style=\"font-weight: 400;\">6 &#8211; Parla sobre quins instruments sonen. ?????<\/span><\/p>\n<p><span style=\"font-weight: 400;\">7 &#8211; Deixa tota la informaci\u00f3 en un full o mural molt bonic i envia\u2019m una foto. ?<\/span><\/p>\n<p><span style=\"color: #00ff00;\"><b>PAQUET VERD<\/b><\/span><\/p>\n<p><span style=\"font-weight: 400;\">Bon dia, a tots i totes! \u2600\ufe0f? Ja arribem al final de la setmana i avui us compartim les activitats que us proposem per divendres. Vinga, anem a treballar! \u270d\ufe0f<\/span><\/p>\n<p><b>MATEM\u00c0TIQUES<\/b><span style=\"font-weight: 400;\">?<\/span><\/p>\n<p><span style=\"font-weight: 400;\">\u00a0Avui farem unes activitats per refrescar la numeraci\u00f3. Us enrecordeu de les unitats, desenes i centenes? Doncs, som-hi! Aquestes activitats us les podeu corregir vosaltres mateixos. Us donem les solucions. ??<\/span><\/p>\n<p><a href=\"https:\/\/drive.google.com\/drive\/folders\/1I6g5DRXrVYqvtOV9kmkm_IMf4lJCbGia\"><span style=\"font-weight: 400;\">ACTIVITATS NUMERACI\u00d3<\/span><\/a><\/p>\n<p><b>LLENGUA<\/b><span style=\"font-weight: 400;\">?<\/span><\/p>\n<p><span style=\"font-weight: 400;\">En el seg\u00fcent enlla\u00e7 podreu escoltar ? i llegir\u00a0 ? un conte terror\u00edfic: ?<\/span><b>En Pere mai s\u2019espanta<\/b><span style=\"font-weight: 400;\">. ? A m\u00e9s tamb\u00e9 hi ha activitats online per passar-t\u2019ho molt b\u00e9.?<\/span><\/p>\n<p><a href=\"http:\/\/www.edu365.cat\/primaria\/contes\/contesweb\/pere_maisespanta\/index.htm\"><span style=\"font-weight: 400;\">EN PERE MAI S&#8217;ESPANTA<\/span><\/a><\/p>\n<p><span style=\"font-weight: 400;\">?<\/span><b>M\u00daSICA<\/b><\/p>\n<p><span style=\"font-weight: 400;\">Aquesta setmana us deixo un nou repte en el que heu de fer un ritme amb gots que tingueu per casa (preferiblement de pl\u00e0stic).?<\/span><\/p>\n<p><span style=\"font-weight: 400;\">En el primer video posa atenci\u00f3 i aprenem els diferents ritmes?? i com van els moviments de mans \u270b\u00a0 i gots. ?<\/span><\/p>\n<p><span style=\"font-weight: 400;\">En el segon enlla\u00e7 tens l&#8217;audio\u00a0 ? d\u2019aquesta can\u00e7\u00f3.\u00a0<\/span><\/p>\n<p><span style=\"font-weight: 400;\">Quan ho tingueu tot a punt, graveu-vos ?\u00a0 fent aquest repte i me l&#8217;envieu al m\u00f2bil ?de l\u2019escola. ?<\/span><b> Recorda que \u00e9s una activitat de RETORN.<\/b><\/p>\n<p><a href=\"https:\/\/www.youtube.com\/watch?v=TLwfklVe3LU\"><span style=\"font-weight: 400;\">JOC DE GOTS<\/span><\/a><\/p>\n<p><a href=\"https:\/\/www.youtube.com\/watch?v=VzAc6ChMmms\"><span style=\"font-weight: 400;\">\u00c0UDIO JOC DE GOTS<\/span><\/a><\/p>\n<p><span style=\"font-weight: 400;\">Segur que la m\u00fasica ? ocupa una bona part del dia a casa teva\u00a0 ?o potser, nom\u00e9s els millors moments.<\/span><\/p>\n<p><span style=\"font-weight: 400;\">?<\/span><b>Aquesta \u00e9s l\u2019activitat que et proposo i \u00e9s una<\/b> <b>activitat de RETORN:<\/b><span style=\"font-weight: 400;\">\u270d\ufe0f<\/span><\/p>\n<p><span style=\"font-weight: 400;\">1 &#8211; Tria la teva can\u00e7\u00f3 preferida. ???<\/span><\/p>\n<p><span style=\"font-weight: 400;\">2 &#8211; Escriu el seu t\u00edtol. \u270d\ufe0f<\/span><\/p>\n<p><span style=\"font-weight: 400;\">3 &#8211; Esbrina, si no el saps, l\u2019artista o el grup que la interpreta. ?<\/span><\/p>\n<p><span style=\"font-weight: 400;\">4 &#8211; Fes un dibuix amb all\u00f2 que la m\u00fasica et fa pensar, sentir o imaginar. ?\ufe0f<\/span><\/p>\n<p><span style=\"font-weight: 400;\">5 &#8211; Escriu alguna estrofa o frase que t\u2019encanti d\u2019aquesta can\u00e7\u00f3. ?<\/span><\/p>\n<p><span style=\"font-weight: 400;\">6 &#8211; Parla sobre quins instruments sonen. ?????<\/span><\/p>\n<p><span style=\"font-weight: 400;\">7 &#8211; Deixa tota la informaci\u00f3 en un full o mural molt bonic i envia\u2019m una foto. ?<\/span><\/p>\n<\/div>\n<div dir=\"auto\">\n<p><span style=\"color: #0000ff;\"><b>DIMECRES 13 DE MAIG<\/b><\/span><\/p>\n<p><span style=\"color: #0000ff;\"><b>ACTIVITATS 4t<\/b><\/span><\/p>\n<p><span style=\"font-weight: 400;\">Bon dia nens i nenes de 4t! Ja tornem a tenir m\u00e9s activitats preparades, aqu\u00ed les teniu!<\/span><\/p>\n<p><b>LLENGUA<\/b><\/p>\n<p><span style=\"font-weight: 400;\">Seguim amb el Petit Pr\u00edncep. Recordeu la can\u00e7\u00f3 que vam cantar i ballar tant l\u2019any passat? Doncs aqu\u00ed teniu la can\u00e7\u00f3 escrita per\u00f2 resulta que hi falten unes quantes paraules. Sereu capa\u00e7os d\u2019escoltar la can\u00e7\u00f3 i omplir aquests buits? Com veureu, cada espai en blanc t\u00e9 un n\u00famero. Per tant, no cal que copieu tota la can\u00e7\u00f3 a la llibreta, sin\u00f3 que podeu posar les paraules numerades una sota l\u2019altre. Som-hi!\u00a0<\/span><\/p>\n<p><a href=\"https:\/\/drive.google.com\/open?id=1u-MArTu28Hj7Cj0fPIV50ZHYj1ID_Ui_\"><span style=\"font-weight: 400;\">ACTIVITAT CAN\u00c7\u00d3<\/span><\/a><\/p>\n<p><a href=\"https:\/\/www.youtube.com\/watch?v=iECO0lOhcK8\"><span style=\"font-weight: 400;\">CAN\u00c7\u00d3<\/span><\/a><\/p>\n<p><b>MATEM\u00c0TIQUES<\/b><\/p>\n<p><span style=\"font-weight: 400;\">L\u2019activitat de matem\u00e0tiques d\u2019avui consisteix en construir una pir\u00e0mide a partir de les multiplicacions. Llegeix b\u00e9 l\u2019enunciat i sabr\u00e0s com realitzar l\u2019activitat.<\/span><\/p>\n<p><a href=\"https:\/\/drive.google.com\/open?id=1NY_s5_cNqpJFJUwYd_JEa78JnBQ0xsyi\"><span style=\"font-weight: 400;\">LES PIR\u00c0MIDES SECRETES<\/span><\/a><\/p>\n<p><b><strong>??<\/strong>FRANC\u00c8S<\/b><\/p>\n<p><span style=\"font-weight: 400;\">Com ja sabeu, en Dani est\u00e0 de baixa per paternitat per\u00f2 abans, va deixar preparades unes activitats ben divertides. Veritat que a tothom li agrada escoltar m\u00fasica? Doncs aqu\u00ed en teniu unes quantes de ben maques!<\/span><\/p>\n<p><a href=\"https:\/\/drive.google.com\/open?id=1-MMeOajjLMfK7MaArq5BX01XC1P_3Ky6\"><span style=\"font-weight: 400;\">CAN\u00c7ONS<\/span><\/a><\/p>\n<p><span style=\"color: #0000ff;\"><b>DIMECRES 13 DE MAIG<\/b><\/span><\/p>\n<p><span style=\"color: #0000ff;\"><b>ACTIVITATS 3r<\/b><\/span><\/p>\n<p><span style=\"color: #ff6600;\"><b>PAQUET TARONJA<\/b><\/span><\/p>\n<p><span style=\"font-weight: 400;\">Bon dia carinyets ?! Ja teniu aqu\u00ed les activitats de dimecres. Esperem que us agradin. Som-hi!\u00a0<\/span><\/p>\n<p><b>MATEM\u00c0TIQUES<\/b><\/p>\n<p><span style=\"font-weight: 400;\">Ara fa dies que no fem problemes. Avui us proposem de fer-ne uns quants. Som-hi!<\/span><\/p>\n<p><a href=\"https:\/\/drive.google.com\/drive\/folders\/1J2SMgj8e4cBHk01u4r2rnL6fBGti-TSo\"><b>PROBLEMES<\/b><\/a><\/p>\n<p><b>LLENGUA\u00a0<\/b><\/p>\n<p><span style=\"font-weight: 400;\">Avui rebreu not\u00edcies nostres\u2026 ? quina sorpresa, no ? T\u2019hem escrit una carta ?!!! la rebr\u00e0s per m\u00f2bil o per correu electr\u00f2nic. Ens encantaria que tu fessis el mateix, aix\u00ed podrem saber cosetes teves. La pots escriure a la llibreta \u270d\ufe0f i\u00a0 la passes en foto al m\u00f2bil ?<\/span><\/p>\n<p><b><strong>??<\/strong>FRANC\u00c8S\u00a0<\/b><\/p>\n<p><span style=\"font-weight: 400;\">Aujourd&#8217;hui un audio, une comptine sur les moyens de transport et un jeux ??\u2708\ufe0f?\ufe0f<\/span><\/p>\n<p><a href=\"https:\/\/drive.google.com\/open?id=1_69yvTR5GuvqS4YkwmTMWA-g98srglD7\"><span style=\"font-weight: 400;\">ACTIVITATS FRANC\u00c8S<\/span><\/a><\/p>\n<p><span style=\"color: #ff0000;\"><b>PAQUET VERMELL<\/b><\/span><\/p>\n<p><span style=\"font-weight: 400;\">Bon dia carinyets!? Ja teniu aqu\u00ed les activitats de dimecres. Esperem que us agradin. Som-hi!\u00a0<\/span><\/p>\n<p><b>MATEM\u00c0TIQUES<\/b><\/p>\n<p><span style=\"font-weight: 400;\">Ara fa dies que no fem problemes. Avui us proposem de fer-ne uns quants. Som-hi!<\/span><\/p>\n<p><a href=\"https:\/\/drive.google.com\/drive\/folders\/1AJAISFbXIwhYfifbITWlP_RqDBj2bdos\"><b>PROBLEMES<\/b><\/a><\/p>\n<p><b>LLENGUA<\/b><\/p>\n<p><span style=\"font-weight: 400;\">Avui rebreu not\u00edcies nostres\u2026 ? quina sorpresa, no? T\u2019hem escrit una carta ?!!! la rebr\u00e0s per m\u00f2bil o per correu electr\u00f2nic. Ens encantaria que tu fessis el mateix, aix\u00ed podrem saber cosetes teves. La pots escriure a la llibreta \u270d\ufe0f i\u00a0 la passes en foto al m\u00f2bil ?<\/span><\/p>\n<p><b><strong>??<\/strong>FRANC\u00c8S<\/b><\/p>\n<p><span style=\"font-weight: 400;\">Aujourd&#8217;hui un audio, une comptine sur les moyens de transport et un jeux ??\u2708\ufe0f?\ufe0f<\/span><\/p>\n<p><a href=\"https:\/\/drive.google.com\/open?id=1gLwAm-5N4A2UiH_UABxL85bwy5mMleLm\"><b>ACTIVITATS FRANC\u00c8S<\/b><\/a><\/p>\n<p><span style=\"color: #00ff00;\"><b>PAQUET VERD<\/b><\/span><\/p>\n<p><span style=\"font-weight: 400;\">Bon dia carinyets ?! Ja teniu aqu\u00ed les activitats de dimecres. Esperem que us agradin. Som-hi!\u00a0<\/span><\/p>\n<p><b>MATEM\u00c0TIQUES<\/b><\/p>\n<p><span style=\"font-weight: 400;\">Ara fa dies que no fem problemes. Avui us proposem de fer-ne uns quants. Som-hi!<\/span><\/p>\n<p><a href=\"https:\/\/drive.google.com\/drive\/folders\/1UaPcer1axIWa9xlHKUVlOE7BbvOyQBPQ\"><b>PROBLEMES<\/b><\/a><\/p>\n<p><b>LLENGUA<\/b><\/p>\n<p><span style=\"font-weight: 400;\">Avui rebreu not\u00edcies nostres\u2026 ? quina sorpresa, no? T\u2019hem escrit una carta ?!!! la rebr\u00e0s per m\u00f2bil o per correu electr\u00f2nic. Ens encantaria que tu fessis el mateix, aix\u00ed podrem saber cosetes teves. La pots escriure a la llibreta \u270d\ufe0f i\u00a0 la passes en foto al m\u00f2bil ?<\/span><\/p>\n<p><b><strong>??<\/strong>FRANC\u00c8S<\/b><\/p>\n<p><span style=\"font-weight: 400;\">Avui escoltarem un audio, farem una fitxa i jugarem amb dels mitjans de transport ??\u2708\ufe0f?\ufe0f<\/span><\/p>\n<p><a href=\"https:\/\/drive.google.com\/open?id=1zQvUyMBDLOySR_S4VNhTvn0J3jW6HbIF\"><b>ACTIVITATS FRANC\u00c8S<\/b><\/a><\/p>\n<p><span style=\"color: #0000ff;\"><b>DILLUNS 11 DE MAIG<\/b><\/span><\/p>\n<p><span style=\"color: #0000ff;\"><b>ACTIVITATS 4t<\/b><\/span><\/p>\n<p><span style=\"font-weight: 400;\">Hola nens i nenes de 4t! Despr\u00e9s d\u2019un cap de setmana de descans, us tornem a proposar algunes activitats que heu de fer. Us recomanem tamb\u00e9 que a m\u00e9s a m\u00e9s d\u2019aquestes activitats, llegiu i escriviu una mica cada dia. Dit aix\u00f2, aqu\u00ed us deixem les activitats d\u2019avui.<\/span><\/p>\n<p><b>LLENGUA<\/b><\/p>\n<p><span style=\"font-weight: 400;\">Recordeu la setmana cultural de l\u2019any passat? Quina passada va ser viure i aprendre els diferents missatges que transmet la hist\u00f2ria del Petit Pr\u00edncep. Doncs avui us proposem una comprensi\u00f3 lectora d\u2019una cr\u00edtica del musical El Petit Pr\u00edncep. Al final hi ha dos exercicis que heu de fer a la vostra llibreta i enviar-nos una foto.<\/span><\/p>\n<p><a href=\"https:\/\/drive.google.com\/open?id=11aLXLddvzEWPnpQ387ArfHZ93nwigTIL\"><span style=\"font-weight: 400;\">COMPRENSI\u00d3 LECTORA<\/span><\/a><\/p>\n<p><b>MATEM\u00c0TIQUES<\/b><\/p>\n<p><span style=\"font-weight: 400;\">La feina de matem\u00e0tiques d\u2019avui ser\u00e0 continuar treballant amb el llibre <\/span><b>DECA<\/b><span style=\"font-weight: 400;\">. Us proposem que feu les <\/span><b>p\u00e0gines 36 i 37<\/b><span style=\"font-weight: 400;\">. Aqu\u00ed teniu les p\u00e0gines per\u00f2 vosaltres les heu de fer directament al vostre llibre. Llegiu atentament els enunciats per saber qu\u00e8 heu de fer. Som-hi!<\/span><\/p>\n<p><a href=\"https:\/\/drive.google.com\/open?id=1a-RWpSfEoCvvbxd1Y-IaL-w57Ct3KLeC\"><span style=\"font-weight: 400;\">DECA P\u00c0GINA 36<\/span><\/a><\/p>\n<p><a href=\"https:\/\/drive.google.com\/open?id=1OvfnhQrIHUd9l7fxBRo73V1Fb-5Z-9hY\"><span style=\"font-weight: 400;\">DECA P\u00c0GINA 37<\/span><\/a><\/p>\n<p><b>EDUCACI\u00d3 F\u00cdSICA<\/b><\/p>\n<p><span style=\"font-weight: 400;\">Hola nens i nenes de 4t, que tal com esteu?\u00a0<\/span><\/p>\n<p><span style=\"font-weight: 400;\">Aquesta setmana us plantejo dos reptes. Aquests s\u2019han de fer amb 1 minut cadascun.<\/span><\/p>\n<p><span style=\"font-weight: 400;\">En el document trobareu la meva explicaci\u00f3 de com fer-ho, un video explicatiu i el mateix video, al final t\u00e9 el contador del minut (cron\u00f2metre).<\/span><\/p>\n<p><span style=\"font-weight: 400;\">Molta sort, segur que ho fareu super b\u00e9. Molt \u00e0nims i ho podeu fer les vegades que vulgueu.<\/span><\/p>\n<p><a href=\"https:\/\/drive.google.com\/open?id=1577mGjBSZ_nQP6aFxtTlngEHWsYmVoUr\"><span style=\"font-weight: 400;\">REPTES EDUCACI\u00d3 F\u00cdSICA<\/span><\/a><\/p>\n<p><span style=\"color: #0000ff;\"><b>DILLUNS 11 DE MAIG<\/b><\/span><\/p>\n<p><b style=\"color: #0000ff;\">ACTIVITATS 3r<\/b><\/p>\n<p><span style=\"color: #ff6600;\"><b>PAQUET TARONJA<\/b><\/span><\/p>\n<p><span style=\"font-weight: 400;\">Bon dia nois i noies! Comencem la setmana amb les seg\u00fcents activitats.<\/span><\/p>\n<p><b>MATEM\u00c0TIQUES\u00a0<\/b><\/p>\n<p><span style=\"font-weight: 400;\">Per comen\u00e7ar, us proposem fer unes operacions per anar practicant l\u2019estrat\u00e8gia de c\u00e0lcul proposada. Tamb\u00e9 trobareu una activitat, molt divertida de quadrats m\u00e0gics. Esperem que gaudiu molt.<\/span><b> ALERTA ! Aquestes activitats de matem\u00e0tiques, s\u00f3n de RETORN.\u00a0<\/b><\/p>\n<p><a href=\"https:\/\/drive.google.com\/drive\/folders\/14iJAJa6eu9O4fyrLIt4LloVSJMAVxkcB\"><span style=\"font-weight: 400;\">ACTIVITATS MATEM\u00c0TIQUES<\/span><\/a><\/p>\n<p><b>LLENGUA\u00a0<\/b><\/p>\n<p><span style=\"font-weight: 400;\">Avui teniu una lectura en castell\u00e0 sobre gossos abandonats. Segur que us agradar\u00e0.\u00a0<\/span><\/p>\n<p><span style=\"font-weight: 400;\">Copieu la pregunta i la resposta correcta a la llibreta, com ja sabeu, nom\u00e9s una \u00e9s v\u00e0lida. Aquesta activitat us la podeu corregir vosaltres mateixos, a l\u2019enlla\u00e7 hi ha les solucions.<\/span><\/p>\n<p><a href=\"https:\/\/drive.google.com\/drive\/folders\/1INyzl-IrPPiekUxpp_sCHBVCry8XHZ5A\"><span style=\"font-weight: 400;\">COMPRENSI\u00d3 LECTORA<\/span><\/a><\/p>\n<p><strong>EDUCACI\u00d3 F\u00cdSICA\u00a0<\/strong><\/p>\n<p><span style=\"font-weight: 400;\">Hola nens i nenes de 3r, que tal com esteu?\u00a0<\/span><\/p>\n<p><span style=\"font-weight: 400;\">Aquesta setmana us plantejo dos reptes. Aquests s\u2019han de fer amb 1 minut cadascun.<\/span><\/p>\n<p><span style=\"font-weight: 400;\">En el document trobareu la meva explicaci\u00f3 de com fer-ho, un v\u00eddeo explicatiu i en el mateix v\u00eddeo que al final t\u00e9 el contador del minut (cron\u00f2metre).<\/span><\/p>\n<p><span style=\"font-weight: 400;\">Molta sort, segur que ho fareu superbe. Molt \u00e0nims i ho podeu fer les vegades que vulgueu.<\/span><\/p>\n<p><a href=\"https:\/\/drive.google.com\/open?id=1577mGjBSZ_nQP6aFxtTlngEHWsYmVoUr\"><span style=\"font-weight: 400;\">REPTES\u00a0 EDUCACI\u00d3 F\u00cdSICA<\/span><\/a><\/p>\n<p><span style=\"color: #ff0000;\"><b>PAQUET VERMELL<\/b><\/span><\/p>\n<p><span style=\"font-weight: 400;\">Bon dia nois i noies! Comencem la setmana amb les seg\u00fcents activitats.<\/span><\/p>\n<p><b>MATEM\u00c0TIQUES\u00a0<\/b><\/p>\n<p><span style=\"font-weight: 400;\">Per comen\u00e7ar, us proposem fer unes operacions per anar practicant l\u2019estrat\u00e8gia de c\u00e0lcul proposada.Tamb\u00e9 trobareu una activitat, molt divertida de quadrats m\u00e0gics. Esperem que gaudiu molt. <\/span><b>ALERTA! Aquestes activitats de matem\u00e0tiques, s\u00f3n de RETORN.\u00a0<\/b><\/p>\n<p><a href=\"https:\/\/drive.google.com\/drive\/folders\/1tZTuF30eLTjXk-GBg2aUpvxKhxKfn56v\"><span style=\"font-weight: 400;\">ACTIVITATS MATEM\u00c0TIQUES<\/span><\/a><\/p>\n<p><b>LLENGUA\u00a0<\/b><\/p>\n<p><span style=\"font-weight: 400;\">Avui teniu una lectura en castell\u00e0 sobre gossos abandonats. Segur que us agradar\u00e0.\u00a0<\/span><\/p>\n<p><span style=\"font-weight: 400;\">Copieu la pregunta i la resposta correcta a la llibreta, com ja sabeu, nom\u00e9s una \u00e9s v\u00e0lida. Aquesta activitat us la podeu corregir vosaltres mateixos, a l\u2019enlla\u00e7 hi ha les solucions.<\/span><\/p>\n<p><a href=\"https:\/\/drive.google.com\/drive\/folders\/1tm9WlUPWeQLkO18NJ6ta5n9oGJtq47tu\"><span style=\"font-weight: 400;\">COMPRENSI\u00d3 LECTORA<\/span><\/a><\/p>\n<p><b>EDUCACI\u00d3 F\u00cdSICA\u00a0<\/b><\/p>\n<p><span style=\"font-weight: 400;\">Hola nens i nenes de 3r, que tal com esteu?\u00a0<\/span><\/p>\n<p><span style=\"font-weight: 400;\">Aquesta setmana us plantejo dos reptes. Aquests s\u2019han de fer amb 1 minut cadascun.<\/span><\/p>\n<p><span style=\"font-weight: 400;\">En el document trobareu la meva explicaci\u00f3 de com fer-ho, un v\u00eddeo explicatiu i en el mateix v\u00eddeo que al final t\u00e9 el contador del minut (cron\u00f2metre).<\/span><\/p>\n<p><span style=\"font-weight: 400;\">Molta sort, segur que ho fareu superbe. Molt \u00e0nims i ho podeu fer les vegades que vulgueu.<\/span><\/p>\n<p><a href=\"https:\/\/drive.google.com\/open?id=1577mGjBSZ_nQP6aFxtTlngEHWsYmVoUr\"><span style=\"font-weight: 400;\">REPTES\u00a0 EDUCACI\u00d3 F\u00cdSICA<\/span><\/a><\/p>\n<p><span style=\"color: #00ff00;\"><b>PAQUET VERD<\/b><\/span><\/p>\n<p><span style=\"font-weight: 400;\">Bon dia nois i noies! Comencem la setmana amb les seg\u00fcents activitats.<\/span><\/p>\n<p><b>MATEM\u00c0TIQUES\u00a0<\/b><\/p>\n<p><span style=\"font-weight: 400;\">Per comen\u00e7ar, us proposem fer unes operacions per anar practicant l\u2019estrat\u00e8gia de c\u00e0lcul proposada. Tamb\u00e9 trobareu una activitat, molt divertida de quadrats m\u00e0gics. Esperem que gaudiu molt. <\/span><b>ALERTA! Aquestes activitats de matem\u00e0tiques, s\u00f3n de RETORN.\u00a0<\/b><\/p>\n<p><a href=\"https:\/\/drive.google.com\/drive\/folders\/1UAYAzAx6IdEEaZ5rhK4uaV22QDGWfA0V\"><span style=\"font-weight: 400;\">ACTIVITATS MATEM\u00c0TIQUES<\/span><\/a><\/p>\n<p><b>LLENGUA\u00a0<\/b><\/p>\n<p><span style=\"font-weight: 400;\">Avui teniu una lectura en castell\u00e0 sobre gossos abandonats. Segur que us agradar\u00e0.\u00a0<\/span><\/p>\n<p><span style=\"font-weight: 400;\">Copieu la pregunta i la resposta correcta a la llibreta, com ja sabeu, nom\u00e9s una \u00e9s v\u00e0lida. Aquesta activitat us la podeu corregir vosaltres mateixos, a l\u2019enlla\u00e7 hi ha les solucions.<\/span><\/p>\n<p><a href=\"https:\/\/drive.google.com\/drive\/folders\/12R6jqzftOtI7sehzy74vivEl_gPcXNkl\"><span style=\"font-weight: 400;\">COMPRENSI\u00d3 LECTORA<\/span><\/a><\/p>\n<p><strong>EDUCACI\u00d3 F\u00cdSICA\u00a0<\/strong><\/p>\n<p><span style=\"font-weight: 400;\">Hola nens i nenes de 3r, que tal com esteu?\u00a0<\/span><\/p>\n<p><span style=\"font-weight: 400;\">Aquesta setmana us plantejo dos reptes. Aquests s\u2019han de fer amb 1 minut cadascun.<\/span><\/p>\n<p><span style=\"font-weight: 400;\">En el document trobareu la meva explicaci\u00f3 de com fer-ho, un v\u00eddeo explicatiu i en el mateix v\u00eddeo que al final t\u00e9 el contador del minut (cron\u00f2metre).<\/span><\/p>\n<p><span style=\"font-weight: 400;\">Molta sort, segur que ho fareu superbe. Molt \u00e0nims i ho podeu fer les vegades que vulgueu.<\/span><\/p>\n<p><a href=\"https:\/\/drive.google.com\/open?id=1577mGjBSZ_nQP6aFxtTlngEHWsYmVoUr\"><span style=\"font-weight: 400;\">REPTES\u00a0 EDUCACI\u00d3 F\u00cdSICA<\/span><\/a><\/p>\n<p><span style=\"color: #0000ff;\"><b>DIVENDRES 8 DE MAIG<\/b><\/span><\/p>\n<p><span style=\"color: #0000ff;\"><b>ACTIVITATS 4t<\/b><\/span><\/p>\n<p><span style=\"font-weight: 400;\">Hola nens i nenes de 4t! Com esteu? A punt per treballar una estoneta? A continuaci\u00f3 us deixem les activitats que hem preparat:<\/span><\/p>\n<p><b>LLENGUA<\/b><\/p>\n<p><span style=\"font-weight: 400;\">Avui us proposem fer aquest dictat. Recordeu: us el prepareu tal i com f\u00e8iem a classe i seguidament alg\u00fa us el pot dictar. Fixeu-vos molt b\u00e9 en les paraules dif\u00edcils!! Ens agradar\u00e0 saber com ha anat el dictat, feu-nos arribar una foto! ?<\/span><\/p>\n<p><a href=\"https:\/\/drive.google.com\/open?id=1v_iuBS6368N4IwyeVNKmRyhqiIENIeGP\"><span style=\"font-weight: 400;\">DICTAT<\/span><\/a><\/p>\n<p><a href=\"https:\/\/drive.google.com\/open?id=1eqn8rZC2IwYNlomnv63hZuYZOyajLxGE\"><span style=\"font-weight: 400;\">\u00c0UDIO DICTAT<\/span><\/a><\/p>\n<p><b>MATEM\u00c0TIQUES<\/b><\/p>\n<p><span style=\"font-weight: 400;\">Com porteu les taules de multiplicar? Ja heu repassat una mica aquests dies? Estem segurs que s\u00ed per\u00f2 aqu\u00ed us deixem un joc per seguir practicant. Les taules de multiplicar s\u00f3n molt importants, aix\u00ed que quantes m\u00e9s vegades jugueu i practiqueu, m\u00e9s \u00e0gils sereu. Som-hi!<\/span><\/p>\n<p><a href=\"https:\/\/clic.xtec.cat\/projects\/taules2\/jclic.js\/index.html\"><span style=\"font-weight: 400;\">REPASSEM LES TAULES<\/span><\/a><\/p>\n<p><b>? M\u00daSICA<\/b><\/p>\n<p><span style=\"font-weight: 400;\">Ballem una mica? Segueix els passos d\u2019aquests petits grans ballarins.<\/span><\/p>\n<p><a href=\"https:\/\/www.youtube.com\/watch?v=KhfkYzUwYFk\"><span style=\"font-weight: 400;\">TROLLS: CAN&#8217;T STOP THE\u00a0 FEELING<\/span><\/a><\/p>\n<p><span style=\"font-weight: 400;\">Pots crear la teva pr\u00f2pia m\u00fasica. T\u2019animes?<\/span><\/p>\n<p><span style=\"font-weight: 400;\">Experimenta amb el so de totes les maneres que vulguis.<\/span><\/p>\n<p><a href=\"https:\/\/musiclab.chromeexperiments.com\/\"><span style=\"font-weight: 400;\">MUSIC LAB<\/span><\/a><\/p>\n<p><span style=\"color: #0000ff;\"><b>DIVENDRES 8 DE MAIG<\/b><\/span><\/p>\n<p><span style=\"color: #0000ff;\"><b>ACTIVITATS 3r<\/b><\/span><\/p>\n<p><span style=\"color: #ff6600;\"><b>PAQUET TARONJA<\/b><\/span><\/p>\n<p><span style=\"font-weight: 400;\">Bon dia, \u2600\ufe0f guap\u00edssims! Tot a punt per fer activitats ben xules? Vinga!<\/span><\/p>\n<p><b>MATEM\u00c0TIQUES<\/b><\/p>\n<p><span style=\"font-weight: 400;\">Avui us proposem unes activitats sobre figures geom\u00e8triques.\u00a0 Entreu en el seg\u00fcent enlla\u00e7 i busqueu l\u2019activitat: <\/span><b>n\u00famero 7 FIGURES GEOM\u00c8TRIQUES<\/b><span style=\"font-weight: 400;\">. Cal fer-les totes tres. Una vegada finalitzades, ?busqueu per casa, objectes que tinguin aquestes formes. Segur que en trobeu un munt! Poseu-li nom amb una etiqueta o paper, <\/span><b>feu una foto i ens la passeu al m\u00f2bil.\u00a0<\/b><\/p>\n<p><span style=\"font-weight: 400;\">Qu\u00e8&#8230; divertit, eh!!!<\/span><\/p>\n<p><a href=\"https:\/\/www.weeras.com\/ebook\/html5\/?editorial_guid=C800259A-E103-4039-8F31-C23D12543CED&amp;book_guid=AE3A8173-C8CE-477D-97F0-BFA6298A912A&amp;content=142285\"><span style=\"font-weight: 400;\">FIGURES GEOM\u00c8TRIQUES<\/span><\/a><\/p>\n<p><b>LLENGUA<\/b><\/p>\n<p><span style=\"font-weight: 400;\">Avui divendres, tamb\u00e9 us proposem que llegiu el poema: El cocodril ?(del llibre CLOE, p\u00e0gina 74).\u00a0<\/span><\/p>\n<p><span style=\"font-weight: 400;\">Atenci\u00f3! ? en el poema, falten algunes paraules que s\u2019han substitu\u00eft per estrelles,\u00a0 les heu d\u2019endevinar ( si alguna no la sabeu, despr\u00e9s de pensar molt, podeu fer trampeta i mirar la soluci\u00f3, en el seg\u00fcent enlla\u00e7)<\/span><\/p>\n<p><a href=\"https:\/\/drive.google.com\/drive\/folders\/1ztvC8vhqP0yTctXGArUVk3doxoSIi8Zl\"><span style=\"font-weight: 400;\">SOLUCI\u00d3 POEMA<\/span><\/a><\/p>\n<p><span style=\"font-weight: 400;\">? Practiqueu la lectura en veu alta i <\/span><b>ens envieu una nota de veu, recitant aquest poema<\/b><span style=\"font-weight: 400;\">. Ens agradar\u00e0 molt sentir-vos!!!!\u00a0<\/span><\/p>\n<p><b>? M\u00daSICA<\/b><\/p>\n<p><span style=\"font-weight: 400;\">Hola boniques i bonics del Pe\u00f1uelas!<\/span><\/p>\n<p><span style=\"font-weight: 400;\">Espero que tots vosaltres i les fam\u00edlies estigueu b\u00e9. Ja fa molt dies que no ens veiem, per\u00f2, pensem molt en tots vosaltres i en tornar aviat a l\u2019escola.<\/span><\/p>\n<p><span style=\"font-weight: 400;\">Balleu, canteu i escolteu molta m\u00fasica que aix\u00f2 ens posa contents i alegres.<\/span><\/p>\n<p><span style=\"font-weight: 400;\">Aquesta setmana us proposo les seg\u00fcents tasques\u2026<\/span><\/p>\n<p><span style=\"font-weight: 400;\">Ballem una mica? Segueix els passos d\u2019aquests petits grans ballarins.\u00a0<\/span><\/p>\n<p><a href=\"https:\/\/www.youtube.com\/watch?v=KhfkYzUwYFk\"><span style=\"font-weight: 400;\">TROLLS: CAN&#8217;T STOP THE FEELING<\/span><\/a><\/p>\n<p><span style=\"font-weight: 400;\">Pots crear la teva propia m\u00fasica. T\u2019animes?<\/span><\/p>\n<p><span style=\"font-weight: 400;\">Experimenta amb el so de totes les maneres que vulguis.<\/span><\/p>\n<p><a href=\"https:\/\/musiclab.chromeexperiments.com\"><span style=\"font-weight: 400;\">MUSIC LAB<\/span><\/a><\/p>\n<p><span style=\"color: #ff0000;\"><b>PAQUET VERMELL<\/b><\/span><\/p>\n<p><span style=\"font-weight: 400;\">Bon dia, \u2600\ufe0f guap\u00edssims! Tot a punt per fer activitats ben xules? Vinga!<\/span><\/p>\n<p><b>MATEM\u00c0TIQUES<\/b><\/p>\n<p><span style=\"font-weight: 400;\">Avui us proposem unes activitats sobre figures geom\u00e8triques.\u00a0 Entreu en el seg\u00fcent enlla\u00e7 i busqueu l\u2019activitat: <\/span><b>n\u00famero 7 FIGURES GEOM\u00c8TRIQUES<\/b><span style=\"font-weight: 400;\">. Cal fer-les totes tres. Una vegada finalitzades, ?busqueu per casa, objectes que tinguin aquestes formes. Segur que en trobeu un munt! Poseu-li nom amb una etiqueta o paper, <\/span><b>feu una foto i ens la passeu al m\u00f2bil.\u00a0<\/b><\/p>\n<p><span style=\"font-weight: 400;\">Qu\u00e8&#8230; divertit, eh!!!<\/span><\/p>\n<p><a href=\"https:\/\/www.weeras.com\/ebook\/html5\/?editorial_guid=C800259A-E103-4039-8F31-C23D12543CED&amp;book_guid=AE3A8173-C8CE-477D-97F0-BFA6298A912A&amp;content=142285\"><span style=\"font-weight: 400;\">FIGURES GEOM\u00c8TRIQUES<\/span><\/a><\/p>\n<p><b>LLENGUA<\/b><\/p>\n<p><span style=\"font-weight: 400;\">Avui divendres, tamb\u00e9 us proposem que llegiu el poema: El cocodril ?(del llibre CLOE, p\u00e0gina 74).\u00a0<\/span><\/p>\n<p><span style=\"font-weight: 400;\">Atenci\u00f3! ? en el poema, falten algunes paraules que s\u2019han substitu\u00eft per estrelles,\u00a0 les heu d\u2019endevinar ( si alguna no la sabeu, despr\u00e9s de pensar molt, podeu fer trampeta i mirar la soluci\u00f3, en el seg\u00fcent enlla\u00e7)<\/span><\/p>\n<p><a href=\"https:\/\/drive.google.com\/drive\/folders\/1ztvC8vhqP0yTctXGArUVk3doxoSIi8Zl\"><span style=\"font-weight: 400;\">SOLUCI\u00d3 POEMA<\/span><\/a><\/p>\n<p><span style=\"font-weight: 400;\">? Practiqueu la lectura en veu alta i <\/span><b>ens envieu una nota de veu, recitant aquest poema<\/b><span style=\"font-weight: 400;\">. Ens agradar\u00e0 molt sentir-vos!!!!\u00a0<\/span><\/p>\n<p><b>? M\u00daSICA<\/b><\/p>\n<p><span style=\"font-weight: 400;\">Hola boniques i bonics del Pe\u00f1uelas!<\/span><\/p>\n<p><span style=\"font-weight: 400;\">Espero que tots vosaltres i les fam\u00edlies estigueu b\u00e9. Ja fa molt dies que no ens veiem, per\u00f2, pensem molt en tots vosaltres i en tornar aviat a l\u2019escola.<\/span><\/p>\n<p><span style=\"font-weight: 400;\">Balleu, canteu i escolteu molta m\u00fasica que aix\u00f2 ens posa contents i alegres.<\/span><\/p>\n<p><span style=\"font-weight: 400;\">Aquesta setmana us proposo les seg\u00fcents tasques\u2026<\/span><\/p>\n<p><span style=\"font-weight: 400;\">Ballem una mica? Segueix els passos d\u2019aquests petits grans ballarins.\u00a0<\/span><\/p>\n<p><a href=\"https:\/\/www.youtube.com\/watch?v=KhfkYzUwYFk\"><span style=\"font-weight: 400;\">TROLLS: CAN&#8217;T STOP THE FEELING<\/span><\/a><\/p>\n<p><span style=\"font-weight: 400;\">Pots crear la teva propia m\u00fasica. T\u2019animes?<\/span><\/p>\n<p><span style=\"font-weight: 400;\">Experimenta amb el so de totes les maneres que vulguis.<\/span><\/p>\n<p><a href=\"https:\/\/musiclab.chromeexperiments.com\"><span style=\"font-weight: 400;\">MUSIC LAB<\/span><\/a><\/p>\n<p><span style=\"color: #00ff00;\"><b>PAQUET VERD<\/b><\/span><\/p>\n<p><b>Bon dia \u2600\ufe0fnens i nenes!\u00a0<\/b><\/p>\n<p><b>MATEM\u00c0TIQUES<\/b><\/p>\n<p><span style=\"font-weight: 400;\">Avui us proposem unes activitats sobre figures geom\u00e8triques.\u00a0 Entreu en el seg\u00fcent enlla\u00e7 i busqueu l\u2019activitat: <\/span><b>n\u00famero 7 FIGURES GEOM\u00c8TRIQUES<\/b><span style=\"font-weight: 400;\">. Cal fer-les totes tres. Una vegada finalitzades, ?busqueu per casa, objectes que tinguin aquestes formes. Segur que en trobeu un munt! Poseu-li nom amb una etiqueta o paper, <\/span><b>feu una foto i ens la passeu al m\u00f2bil.\u00a0<\/b><\/p>\n<p><span style=\"font-weight: 400;\">Qu\u00e8&#8230; divertit, eh!!!<\/span><\/p>\n<p><a href=\"https:\/\/www.weeras.com\/ebook\/html5\/?editorial_guid=C800259A-E103-4039-8F31-C23D12543CED&amp;book_guid=AE3A8173-C8CE-477D-97F0-BFA6298A912A&amp;content=142285\"><span style=\"font-weight: 400;\">FIGURES GEOM\u00c8TRIQUES<\/span><\/a><\/p>\n<p><b>LLENGUA<\/b><\/p>\n<p><span style=\"font-weight: 400;\">Avui divendres, tamb\u00e9 us proposem que us prepareu la lectura del poema: ? La truita. <\/span><b>Ens envieu una nota de veu recitant aquest poema.<\/b><span style=\"font-weight: 400;\"> Ens agradar\u00e0 molt sentir-vos!!!\u00a0<\/span><\/p>\n<p><a href=\"https:\/\/drive.google.com\/drive\/folders\/1X7Ot4C0VAW70rpP6rWHV3cymtPaBLCqM\"><span style=\"font-weight: 400;\">POEMA LA TRUITA<\/span><\/a><\/p>\n<p><b>? M\u00daSICA<\/b><\/p>\n<p><span style=\"font-weight: 400;\">Hola boniques i bonics del Pe\u00f1uelas!<\/span><\/p>\n<p><span style=\"font-weight: 400;\">Espero que tots vosaltres i les fam\u00edlies estigueu b\u00e9. Ja fa molt dies que no ens veiem, per\u00f2, pensem molt en tots vosaltres i en tornar aviat a l\u2019escola.<\/span><\/p>\n<p><span style=\"font-weight: 400;\">Balleu, canteu i escolteu molta m\u00fasica que aix\u00f2 ens posa contents i alegres.<\/span><\/p>\n<p><span style=\"font-weight: 400;\">Aquesta setmana us proposo les seg\u00fcents tasques\u2026<\/span><\/p>\n<p><span style=\"font-weight: 400;\">Ballem una mica? Segueix els passos d\u2019aquests petits grans ballarins.\u00a0<\/span><\/p>\n<p><a href=\"https:\/\/www.youtube.com\/watch?v=KhfkYzUwYFk\"><span style=\"font-weight: 400;\">TROLLS: CAN&#8217;T STOP THE FEELING<\/span><\/a><\/p>\n<p><span style=\"font-weight: 400;\">Pots crear la teva propia m\u00fasica. T\u2019animes?<\/span><\/p>\n<p><span style=\"font-weight: 400;\">Experimenta amb el so de totes les maneres que vulguis.<\/span><\/p>\n<p><a href=\"https:\/\/musiclab.chromeexperiments.com\"><span style=\"font-weight: 400;\">MUSIC LAB<\/span><\/a><\/p>\n<p><span style=\"color: #0000ff;\"><b>DIMECRES 6 DE MAIG<\/b><\/span><\/p>\n<p><span style=\"color: #0000ff;\"><b>ACTIVITATS 4t<\/b><\/span><\/p>\n<p><span style=\"font-weight: 400;\">Hola nens i nenes!! A continuaci\u00f3 us deixem les activitats d&#8217;avui dimecres ?<\/span><\/p>\n<p><b>LLENGUA<\/b><\/p>\n<p><span style=\"font-weight: 400;\">Llegiu el document i a continuaci\u00f3 trieu una de les dues imatges, la que m\u00e9s us cridi l&#8217;atenci\u00f3. Es tractar\u00e0 d&#8217;escriure un conte surrealista, \u00e9s a dir, fant\u00e0stic, que estigui inspirat en alguna d&#8217;aquestes dues imatges. Recordeu l&#8217;estructura del conte que vam treballar a classe: introducci\u00f3, nus i desenlla\u00e7. Us recomanem que primer ho feu en brut, ho reviseu i ho passeu a net a la vostra llibreta, tot deixant un quadradet de marge entre l\u00ednia i l\u00ednia. Endavant doncs!! Ens encantar\u00e0 llegir les vostres creacions!!!<\/span><\/p>\n<p><a href=\"https:\/\/drive.google.com\/open?id=1FPfL3pnWXDARxg37WX4kwn6kzByUQksG\"><span style=\"font-weight: 400;\">CREACI\u00d3 D&#8217;UN CONTE<\/span><\/a><\/p>\n<p><b>MATEM\u00c0TIQUES<\/b><\/p>\n<p><span style=\"font-weight: 400;\">Us ha agradat l\u2019activitat de llengua? \u00c9s divertida eh! Com creiem que ja heu fet una activitat for\u00e7a llarga, l\u2019activitat d\u2019avui de matem\u00e0tiques ser\u00e0 m\u00e9s curta i senzilla. Us deixem els problemes del c\u00e0lcul mental n\u00famero 9. Com ja sabeu, ho heu de fer a la vostra llibreta tal i com ho fem a la classe. Us donem tamb\u00e9 les solucions perqu\u00e8 vosaltres mateixos ho pugueu corregir. Som-hi!<\/span><\/p>\n<p><a href=\"https:\/\/drive.google.com\/open?id=1Xs8X06v7-2iFghwLt8Xk7LD67tmkm_hl\"><span style=\"font-weight: 400;\">PROBLEMES<\/span><\/a><\/p>\n<p><a href=\"https:\/\/drive.google.com\/open?id=152vOEl9dV3OIUSr-HgTo1292XuRom6fS\"><span style=\"font-weight: 400;\">SOLUCIONS PROBLEMES<\/span><\/a><\/p>\n<p><b>FRANC\u00c8S<\/b><\/p>\n<p><span style=\"font-weight: 400;\">Aquesta setmana en Dani us proposa un dictat. <\/span><b>Aquesta activitat \u00e9s de retorn, per tant, un cop la tingueu feta, ens l\u2019envieu <\/b><span style=\"font-weight: 400;\">?<\/span><\/p>\n<p><a href=\"https:\/\/drive.google.com\/open?id=1eTFhXky4Ng6HE_aIOClx8RgfEksX3f5r\"><span style=\"font-weight: 400;\">ACTIVITAT FRANC\u00c8S<\/span><\/a><\/p>\n<p><a href=\"https:\/\/drive.google.com\/open?id=1T8Cai4L0S-sTnFGRX6fsVeHoWlYG1tJ9\"><span style=\"font-weight: 400;\">DICT\u00c9E 1\u00a0<\/span><\/a><\/p>\n<p><a href=\"https:\/\/drive.google.com\/open?id=1SxAD3mrEn_kZ7l62Mx69XHpw9A8HELGz\"><span style=\"font-weight: 400;\">DICT\u00c9E 2\u00a0<\/span><\/a><\/p>\n<p><span style=\"color: #0000ff;\"><b>DIMECRES 6 DE MAIG<\/b><\/span><\/p>\n<p><span style=\"color: #0000ff;\"><b>ACTIVITATS 3r<\/b><\/span><\/p>\n<p><span style=\"color: #ff6600;\"><b>PAQUET TARONJA<\/b><\/span><\/p>\n<p><span style=\"font-weight: 400;\">Bon dia nois i noies! Avui us fem arribar les activitats de dimecres. Esperem que us agradin. Som-hi, anem a treballar amb moltes ganes!<\/span><\/p>\n<p><b>MATEM\u00c0TIQUES<\/b><\/p>\n<p><span style=\"font-weight: 400;\">Anem a fer una mica de mem\u00f2ria, farem unes activitats de c\u00e0lcul com feiem a classe. Si voleu, podeu imprimir l\u2019activitat. I si no, cap problema, per\u00f2 et recomanem no copiar la graella. Millor escriu el n\u00famero de l\u2019exercici i ves posant els resultats al costat. <\/span><b>Ens RETORNES aquesta activitat. <\/b><span style=\"font-weight: 400;\">Endavant!<\/span><\/p>\n<p><a href=\"https:\/\/drive.google.com\/drive\/folders\/1j4Q2tuK6JDa-d6KQdOaO6xmLQ4Z7nsFz\"><span style=\"font-weight: 400;\">C\u00c0LCUL MENTAL<\/span><\/a><\/p>\n<p><b>LLENGUA<\/b><\/p>\n<p><span style=\"font-weight: 400;\">Avui et proposem una activitat per anar repassant ortografia: (ca, co, cu, que i qui). Vinga, practiquem?<\/span><\/p>\n<p><a href=\"https:\/\/drive.google.com\/drive\/folders\/1Id6rn5TIfjnf1HzrFacSq_xVMIh9huMA\"><span style=\"font-weight: 400;\">ORTOGRAFIA<\/span><\/a><\/p>\n<p><b>MEDI<\/b><\/p>\n<p><span style=\"font-weight: 400;\">Seguim amb els aliments i la dieta equilibrada. Saps que hi ha aliments que s\u2019han de menjar m\u00e9s sovint i altres no tant. Per\u00f2, tu saps quins s\u00f3n? Et donem un cop de m\u00e0 amb aquest joc de la pir\u00e0mide dels aliments: un sistema que ens permet classificar-los i ens diu quins s\u00f3n els que haurien d\u2019estar cada dia al nostre plat i quins s\u00f3n poc recomanables per a la nostra salut. A jugar!!!<\/span><\/p>\n<p><a href=\"https:\/\/media.diba.cat\/diba\/html\/salutpublica\/menjabe\/1\/\"><span style=\"font-weight: 400;\">LA PIR\u00c0MIDE DELS ALIMENTS<\/span><\/a><\/p>\n<p><span style=\"color: #ff0000;\"><b>PAQUET VERMELL<\/b><\/span><\/p>\n<p><span style=\"font-weight: 400;\">Bon dia nois i noies! Avui us fem arribar les activitats de dimecres. Esperem que us agradin. Som-hi, anem a treballar amb moltes ganes!<\/span><\/p>\n<p><b>MATEM\u00c0TIQUES<\/b><\/p>\n<p><span style=\"font-weight: 400;\">Anem a fer una mica de mem\u00f2ria, farem unes activitats de c\u00e0lcul com feiem a classe. Si voleu, podeu imprimir l\u2019activitat. I si no, cap problema, per\u00f2 et recomanem no copiar la graella. Millor escriu el n\u00famero de l\u2019exercici i ves posant els resultats al costat. <\/span><b>Ens RETORNES aquesta activitat.<\/b><span style=\"font-weight: 400;\"> Endavant!<\/span><\/p>\n<p><a href=\"https:\/\/drive.google.com\/drive\/folders\/1QNnSJENtA53uj8YtAwHEII_B1aiDEXlL\"><span style=\"font-weight: 400;\">C\u00c0LCUL MENTAL<\/span><\/a><\/p>\n<p><b>LLENGUA<\/b><\/p>\n<p><span style=\"font-weight: 400;\">Avui et proposem una activitat per anar repassant ortografia: (ca, co, cu, que i qui). Vinga, practiquem?<\/span><\/p>\n<p><a href=\"https:\/\/drive.google.com\/drive\/folders\/1Rcyq-kKJoymPzytvUxujOMhcLROhC2PD\"><span style=\"font-weight: 400;\">ORTOGRAFIA<\/span><\/a><\/p>\n<p><b>MEDI<\/b><\/p>\n<p><span style=\"font-weight: 400;\">Seguim amb els aliments i la dieta equilibrada. Saps que hi ha aliments que s\u2019han de menjar m\u00e9s sovint i altres no tant. Per\u00f2, tu saps quins s\u00f3n? Et donem un cop de m\u00e0 amb aquest joc de la pir\u00e0mide dels aliments: un sistema que ens permet classificar-los i ens diu quins s\u00f3n els que haurien d\u2019estar cada dia al nostre plat i quins s\u00f3n poc recomanables per a la nostra salut. A jugar!!!<\/span><\/p>\n<p><a href=\"https:\/\/media.diba.cat\/diba\/html\/salutpublica\/menjabe\/1\/\"><span style=\"font-weight: 400;\">LA PIR\u00c0MIDE DELS ALIMENTS<\/span><\/a><\/p>\n<p><span style=\"color: #00ff00;\"><b>PAQUET VERD<\/b><\/span><\/p>\n<p><span style=\"font-weight: 400;\">Bon dia nois i noies! Avui us fem arribar les activitats de dimecres. Esperem que us agradin. Som-hi, anem a treballar amb moltes ganes!<\/span><\/p>\n<p><b>MATEM\u00c0TIQUES<\/b><\/p>\n<p><span style=\"font-weight: 400;\">Anem a fer una mica de mem\u00f2ria, farem unes activitats de c\u00e0lcul com feiem a classe. Si voleu, podeu imprimir l\u2019activitat. I si no, cap problema, per\u00f2 et recomanem no copiar la graella. Millor escriu el n\u00famero de l\u2019exercici i ves posant els resultats al costat. <\/span><b>Ens RETORNES aquesta activitat. <\/b><span style=\"font-weight: 400;\">Endavant!<\/span><\/p>\n<p><a href=\"https:\/\/drive.google.com\/drive\/folders\/1XcM019W632QtenQ87GN_rgDBrX1fueFC\"><span style=\"font-weight: 400;\">C\u00c0LCUL MENTAL<\/span><\/a><\/p>\n<p><b>LLENGUA<\/b><\/p>\n<p><span style=\"font-weight: 400;\">Avui et proposem una activitat per anar repassant ortografia: (ca, co, cu, que i qui). Vinga, practiquem?<\/span><\/p>\n<p><a href=\"https:\/\/drive.google.com\/drive\/folders\/1YbpQM42YDo4aIuvuRC58bxeEysH-zEII\"><b>ORTOGRAFIA<\/b><\/a><\/p>\n<p><b>MEDI<\/b><\/p>\n<p><span style=\"font-weight: 400;\">Seguim amb els aliments i la dieta equilibrada. Saps que hi ha aliments que s\u2019han de menjar m\u00e9s sovint i altres no tant. Per\u00f2, tu saps quins s\u00f3n? Et donem un cop de m\u00e0 amb aquest joc de la pir\u00e0mide dels aliments: un sistema que ens permet classificar-los i ens diu quins s\u00f3n els que haurien d\u2019estar cada dia al nostre plat i quins s\u00f3n poc recomanables per a la nostra salut. A jugar!!!<\/span><\/p>\n<p><a href=\"https:\/\/media.diba.cat\/diba\/html\/salutpublica\/menjabe\/1\/\"><span style=\"font-weight: 400;\">LA PIR\u00c0MIDE DELS ALIMENTS<\/span><\/a><\/p>\n<p><span style=\"color: #0000ff;\"><b>DILLUNS 4 DE MAIG<\/b><\/span><\/p>\n<p><span style=\"color: #0000ff;\"><b>ACTIVITATS 4t<\/b><\/span><\/p>\n<p><span style=\"font-weight: 400;\">Hola nens i nenes ! Esperem que hagi anat molt b\u00e9 el pont! Us deixem les activitats d&#8217;aquest dilluns?<\/span><\/p>\n<p><b>LLENGUA<\/b><\/p>\n<p><span style=\"font-weight: 400;\">Practicarem una mica l&#8217;ortografia de G-J. Podeu fer les activitats que us proposem a la vostra llibreta i enviar-nos un missatge de veu llegint l&#8217;embarbussament.<\/span><\/p>\n<p><a href=\"https:\/\/drive.google.com\/open?id=1fVW_jEN730RHb3FSHVntAABIq5SJR10E\"><span style=\"font-weight: 400;\">ORTOGRAFIA G\/J<\/span><\/a><\/p>\n<p><b>MATEM\u00c0TIQUES<\/b><\/p>\n<p><span style=\"font-weight: 400;\">Aquesta setmana comen\u00e7arem treballant el c\u00e0lcul mental n\u00famero 9. Com ja sabeu, aquests exercicis cal que els feu a la vostra llibreta, igual com ho fem a la classe.<\/span><\/p>\n<p><a href=\"https:\/\/drive.google.com\/open?id=1vTggFOjUx9-rnfr3Ux2sFiXP28qk-Ayz\"><span style=\"font-weight: 400;\">C\u00c0LCUL MENTAL<\/span><\/a><\/p>\n<p><span style=\"font-weight: 400;\">Com sabem que us encanten les matem\u00e0tiques, aqu\u00ed us deixem una activitat que dura 2 minuts cada una i que normalment la f\u00e8iem els dijous a primera hora del mat\u00ed. Ja sabeu de qu\u00e8 parlem? Doncs s\u00ed, es tracta del Quinzet. Prepareu un cron\u00f2metre, llibreta i llapis i aneu anotant els resultats a la vostra llibreta.<\/span><\/p>\n<p><a href=\"https:\/\/drive.google.com\/open?id=1C7twCBs3BHFxtqHI2y-jkrmGYxHyYbvN\"><span style=\"font-weight: 400;\">SUMES QUINZET<\/span><\/a><\/p>\n<p><a href=\"https:\/\/drive.google.com\/open?id=1DreNKNa5sYjsmHoYz9Kg6GlfmTW324Po\"><span style=\"font-weight: 400;\">RESTES QUINZET<\/span><\/a><\/p>\n<p><b>EDUCACI\u00d3 F\u00cdSICA<\/b><\/p>\n<p><a href=\"https:\/\/drive.google.com\/file\/d\/1eFp-M9OqP-CIrSGOY2p1khWSlLIEm_tZ\/view?usp=sharing\"><span style=\"font-weight: 400;\">JOC DE LA L\u00cdNIA I LES L\u00cdNIES<\/span><\/a><\/p>\n<p><span style=\"font-weight: 400; color: #0000ff;\">DILLUNS 4 DE MAIG<\/span><\/p>\n<p><span style=\"color: #0000ff;\"><b>ACTIVITATS 3r<\/b><\/span><\/p>\n<p><span style=\"color: #ff6600;\"><b>PAQUET TARONJA<\/b><\/span><\/p>\n<p><span style=\"font-weight: 400;\">Bon dia nois i noies! Com ha anat el pont? Esperem que us hagi anat b\u00e9 per carregar energies.\u00a0 Avui us fem arribar les activitats de dilluns. Anem a treballar una estoneta, som-hi.<\/span><\/p>\n<p><b>MATEM\u00c0TIQUES<\/b><\/p>\n<p><span style=\"font-weight: 400;\">Avui d\u2019activitat de matem\u00e0tiques, us proposem fer un\u00a0 joc on podeu anar\u00a0 repassant les taules de multiplicar. Us proposem fer fins la taula del 6, per\u00f2 si voleu fer m\u00e9s, vosaltres mateixos. Som-hi!!<\/span><\/p>\n<p><a href=\"https:\/\/clic.xtec.cat\/projects\/taules2\/jclic.js\/index.html\"><span style=\"font-weight: 400;\">TAULES DE MULTIPLICAR<\/span><\/a><\/p>\n<p><b>LLENGUA<\/b><\/p>\n<p><span style=\"font-weight: 400;\">De llengua us proposem fer un rep\u00e0s dels verbs. Recordeu aquella activitat tan divertida que vam fer del temps del verb: passat, present i futur? Doncs ara us proposem aquestes activitats que esperem que us agradin. <\/span><b>ATENCI\u00d3 avui aquesta \u00e9s l\u2019activitat de retorn.<\/b><\/p>\n<p><a href=\"https:\/\/drive.google.com\/drive\/folders\/15mkbK-_YcfKgq7MCRC3py02JFi6YHbjm\"><span style=\"font-weight: 400;\">PASSAT &#8211; PRESENT &#8211; FUTUR<\/span><\/a><\/p>\n<p><b>EDUCACI\u00d3 F\u00cdSICA<\/b><\/p>\n<p><a href=\"https:\/\/drive.google.com\/file\/d\/1eFp-M9OqP-CIrSGOY2p1khWSlLIEm_tZ\/view?usp=sharing\"><b>JOC DE LA L\u00cdNIA I LES L\u00cdNIES<\/b><\/a><\/p>\n<p><span style=\"color: #ff0000;\"><b>PAQUET VERMELL<\/b><\/span><\/p>\n<p><span style=\"font-weight: 400;\">Bon dia nois i noies! Com ha anat el pont? Esperem que us hagi anat b\u00e9 per carregar energies.\u00a0 Avui us fem arribar les activitats de dilluns. Anem a treballar una estoneta, som-hi.<\/span><\/p>\n<p><b>MATEM\u00c0TIQUES<\/b><\/p>\n<p><span style=\"font-weight: 400;\">Avui d\u2019activitat de matem\u00e0tiques, us proposem fer un\u00a0 joc on podeu anar\u00a0 repassant les taules de multiplicar. Us proposem fer fins la taula del 6, per\u00f2 si voleu fer m\u00e9s, vosaltres mateixos. Som-hi!!<\/span><\/p>\n<p><a href=\"https:\/\/clic.xtec.cat\/projects\/taules2\/jclic.js\/index.html\"><span style=\"font-weight: 400;\">TAULES DE MULTIPLICAR<\/span><\/a><\/p>\n<p><b>LLENGUA<\/b><\/p>\n<p><span style=\"font-weight: 400;\">De llengua us proposem fer un rep\u00e0s dels verbs. Recordeu aquella activitat tan divertida que vam fer del temps del verb:passat, present i futur? Doncs ara us proposem aquestes activitats que esperem que us agradin. <\/span><b>ATENCI\u00d3 avui aquesta \u00e9s l\u2019activitat de retorn.<\/b><\/p>\n<p><a href=\"https:\/\/drive.google.com\/drive\/folders\/1YWE6a_yBrrNXsERD_fhcNiyd-3fuH5Nz\"><span style=\"font-weight: 400;\">PASSAT &#8211; PRESENT &#8211;\u00a0 FUTUR<\/span><\/a><\/p>\n<p><b>EDUCACI\u00d3 F\u00cdSICA<\/b><\/p>\n<p><a href=\"https:\/\/drive.google.com\/file\/d\/1eFp-M9OqP-CIrSGOY2p1khWSlLIEm_tZ\/view?usp=sharing\"><span style=\"font-weight: 400;\">JOC DE LA L\u00cdNIA I LES L\u00cdNIES<\/span><\/a><\/p>\n<p><span style=\"color: #00ff00;\"><b>PAQUET VERD<\/b><\/span><\/p>\n<p><span style=\"font-weight: 400;\">Bon dia nois i noies! Com ha anat el pont? Esperem que us hagi anat b\u00e9 per carregar energies.\u00a0 Avui us fem arribar les activitats de dilluns. Anem a treballar una estoneta, som-hi.<\/span><\/p>\n<p><b>MATEM\u00c0TIQUES<\/b><\/p>\n<p><span style=\"font-weight: 400;\">Avui d\u2019activitat de matem\u00e0tiques, us proposem fer un\u00a0 joc on podeu anar\u00a0 repassant les taules de multiplica. Us proposem fer fins la taula del 6, per\u00f2 si voleu fer m\u00e9s, vosaltres mateixos. Som-hi!!<\/span><\/p>\n<p><a href=\"https:\/\/clic.xtec.cat\/projects\/taules2\/jclic.js\/index.html\"><b>LES TAULES DE MULTIPLICAR<\/b><\/a><\/p>\n<p><b>LLENGUA<\/b><\/p>\n<p><span style=\"font-weight: 400;\">De llengua us proposem fer un rep\u00e0s dels verbs. Us enrecordeu d\u2019aquella activitat tan divertida que vam fer del passat, present i futur? Doncs ara us proposem aquestes activitats que esperem que us agradin. <\/span><b>ATENCI\u00d3 avui aquesta \u00e9s l\u2019activitat de retorn.<\/b><\/p>\n<p><a href=\"https:\/\/drive.google.com\/drive\/folders\/1uQHoxyDvTikyYM0aDJphIO5fHjLQKH11\"><span style=\"font-weight: 400;\">PASSAT &#8211; PRESENT &#8211; FUTUR<\/span><\/a><\/p>\n<p><b>EDUCACI\u00d3 F\u00cdSICA<\/b><\/p>\n<p><a href=\"https:\/\/drive.google.com\/file\/d\/1eFp-M9OqP-CIrSGOY2p1khWSlLIEm_tZ\/view?usp=sharing\"><b>JOC DE LA L\u00cdNIA I LES L\u00cdNIES<\/b><\/a><\/p>\n<p><span style=\"color: #0000ff;\"><b>DIMECRES 29 D\u2019ABRIL<\/b><\/span><\/p>\n<p><span style=\"color: #000080;\"><b>ACTIVITATS 4t<\/b><\/span><\/p>\n<p><span style=\"font-weight: 400;\">Bon dia nenes i nens de 4t. Estem segurs que esteu esperant amb candeletes les activitats per avui. Doncs aqu\u00ed les teniu!\u00a0<\/span><\/p>\n<p><b>LLENGUA<\/b><\/p>\n<p><span style=\"font-weight: 400;\">Us hem preparat una comprensi\u00f3 oral sobre un ocell molt peculiar. Us deixem un \u00e0udio sobre el Bernat Pescaire i unes preguntes que heu de contestar. Escolteu tantes vegades com calgui l\u2019\u00e0udio, llegiu b\u00e9 les preguntes i contesteu-les a la vostra llibreta. <\/span><b>FEU FOTO DE L\u2019ACTIVITAT I ENVIEU-NOS-LA .<\/b><\/p>\n<p><a href=\"https:\/\/drive.google.com\/open?id=1eHfWsLM49PTqqPTGnca-LRlpe07nJz_-\"><b>\u00c0UDIO BERNAT PESCAIRE<\/b><\/a><\/p>\n<p><a href=\"https:\/\/drive.google.com\/open?id=1aSW3dUohZCoTmxShXXcfZokm3lt9QDTC\"><b>PREGUNTES<\/b><\/a><\/p>\n<p><b>MATEM\u00c0TIQUES<\/b><\/p>\n<p><span style=\"font-weight: 400;\">Veritat que us agraden els reptes matem\u00e0tics? Doncs aqu\u00ed en teniu tres. Necessiteu estar concentrats, pensar molt i tenir a m\u00e0 un llapis, paper i goma, ja que segurament haureu de fer varies proves per aconseguir els reptes. Us animeu?\u00a0<\/span><\/p>\n<p><a href=\"https:\/\/drive.google.com\/open?id=1ENxnZEibx-3WlzGV2oAuZzkjIYDiH2N0\"><span style=\"font-weight: 400;\">REPTE 1<\/span><\/a><\/p>\n<p><a href=\"https:\/\/drive.google.com\/open?id=178fsPTeaNIx0mFMKoXpvH4swULsvQiJO\"><span style=\"font-weight: 400;\">REPTES 2 i 3<\/span><\/a><\/p>\n<p><b>M\u00daSICA<\/b><\/p>\n<p><span style=\"font-weight: 400;\">Que et sembla si fem unes activitats amb molt de ritme!!??\u00a0<\/span><\/p>\n<p><span style=\"font-weight: 400;\">La primera activitat \u00e9s una lectura r\u00edtmica. En ella combina diferents figures, aix\u00ed trobar\u00e0s: negres, corxeres i potser alguna blanca. Recordes el temps que valen cadascuna? Busca algun estri per casa que et pugui servir com a baquetes i a punt per comen\u00e7ar\u2026 Nom\u00e9s dir-te que, durant els silencis, et quedis congelat amb les mans enlaire.<\/span><\/p>\n<p><a href=\"https:\/\/www.youtube.com\/watch?v=3Gk9xfUontc&amp;list=PL0XgNegbDC4ZrxXBcVSUN3MNgHcyrhSRa\"><span style=\"font-weight: 400;\">AUDICI\u00d3 JOC<\/span><\/a><\/p>\n<p><span style=\"font-weight: 400;\">Per realitzar aquesta segona activitat, necessites, paper de quatre colors diferents i molta mem\u00f2ria visual i auditiva.<\/span><\/p>\n<p><a style=\"color: #2795b6;\" href=\"https:\/\/www.youtube.com\/watch?v=hPnM_lMBYfw\">MUSICOGRAMA<\/a><\/p>\n<p><span style=\"font-weight: 400;\">Gaudeix i apr\u00e8n!!<\/span><\/p>\n<p><b>FRANC\u00c8S<\/b><\/p>\n<p><span style=\"font-weight: 400;\">Per acabar, en Dani us ha preparat una activitat molt original. Llegiu el document atentament i sabreu que heu de fer.\u00a0<\/span><\/p>\n<p><a href=\"https:\/\/drive.google.com\/open?id=1BGKAldrKOJR1tU_PyeKt0paAWmYI2omV\"><span style=\"font-weight: 400;\">ACTIVITAT FRANC\u00c8S<\/span><\/a><\/p>\n<p><span style=\"font-weight: 400;\">Encara teniu dubtes de qu\u00e8 heu de fer? Mireu l\u2019exemple d\u2019aquest v\u00eddeo i segur que ho enteneu. Som-hi!!\u00a0\u00a0<\/span><\/p>\n<p><a href=\"https:\/\/www.youtube.com\/watch?v=1cwvNe7P4e0\"><span style=\"font-weight: 400;\">DI\u00c0LEG FRANC\u00c8S<\/span><\/a><\/p>\n<p><span style=\"color: #0000ff;\"><b>ACTIVITATS 3r<\/b><\/span><\/p>\n<p><span style=\"color: #ff6600;\"><b>PAQU<\/b><b>ET TARONJA<\/b><\/span><\/p>\n<p><span style=\"font-weight: 400;\">Bon dia nens i nenes! Avui us fem arribar les activitats de dimecres. Esperem que us agradin i les feu amb moltes ganes!<\/span><\/p>\n<p><b>MATEM\u00c0TIQUES<\/b><\/p>\n<p><span style=\"font-weight: 400;\">Avui us proposem unes\u00a0 activitats per refrescar els dobles i meitats. Tamb\u00e9 farem una miqueta de c\u00e0lcul, us animeu? Som-hi! <\/span><b>(Alerta, aquesta activitat \u00e9s de RETORN)<\/b><\/p>\n<p><span style=\"font-weight: 400;\">A continuaci\u00f3 trobar\u00e0s l\u2019enlla\u00e7 per fer l\u2019activitat:<\/span><\/p>\n<p><a href=\"https:\/\/drive.google.com\/drive\/folders\/1FJJGssfCQJJUsLh-yt3Pa8iY0kyHy9Hl\"><span style=\"font-weight: 400;\">ACTIVITAT DOBLES I MEITATS<\/span><\/a><\/p>\n<p><b>LLENGUA<\/b><\/p>\n<p><span style=\"font-weight: 400;\">De llengua, us proposem fer una audici\u00f3 sobre el Parc Natural d\u2019Aig\u00fcestortes, trobareu les preguntes, l\u2019audio i les respostes correctes en el seg\u00fcent enlla\u00e7. Aix\u00ed, aquesta activitat us la podeu autocorregir. \u00c0nims!!!<\/span><\/p>\n<p><a href=\"https:\/\/drive.google.com\/drive\/u\/0\/folders\/11HQ_J-dJdHwSAHGCeaW7OPuKeHJAnyBG\"><span style=\"font-weight: 400;\">EL PARC NATURAL D&#8217;AIG\u00dcESTORTES<\/span><\/a><\/p>\n<p><b>FRANC\u00c8S<\/b><\/p>\n<p><span style=\"font-weight: 400;\">Bonjour les enfants, aujourd\u2019hui nous allons jouer au memory!<\/span><\/p>\n<p><a href=\"https:\/\/drive.google.com\/drive\/folders\/1MVSEoUg2vfKICr3mDQMyQYNM_Y4aLhoW\"><span style=\"font-weight: 400;\">MEMORY<\/span><\/a><\/p>\n<p><b>M\u00daSICA<\/b><\/p>\n<p><span style=\"font-weight: 400;\">Que et sembla si fem unes activitats amb molt de ritme!!??\u00a0<\/span><\/p>\n<p><span style=\"font-weight: 400;\">La primera activitat \u00e9s una lectura r\u00edtmica. En ella combina diferents figures, aix\u00ed trobar\u00e0s: negres, corxeres i potser alguna blanca. Recordes el temps que valen cadascuna? Busca algun estri per casa que et pugui servir com a baquetes, i, a punt per comen\u00e7ar\u2026 Nom\u00e9s dir-te que, durant els silencis, et quedis congelat amb les mans enlaire.<\/span><\/p>\n<p><a href=\"https:\/\/www.youtube.com\/watch?v=3Gk9xfUontc&amp;list=PL0XgNegbDC4ZrxXBcVSUN3MNgHcyrhSRa\"><span style=\"font-weight: 400;\">AUDICI\u00d3 JOC<\/span><\/a><\/p>\n<p><span style=\"font-weight: 400;\">Per realitzar aquesta segona activitat, necessites, paper de quatre colors diferents i molta mem\u00f2ria visual i auditiva.\u00a0\u00a0\u00a0\u00a0\u00a0\u00a0\u00a0<\/span><\/p>\n<p><a href=\"https:\/\/www.youtube.com\/watch?v=hPnM_lMBYfw\"><span style=\"font-weight: 400;\">MUSICOGRAMA<\/span><\/a><\/p>\n<p><span style=\"font-weight: 400;\">Gaudeix i apr\u00e8n!!<\/span><\/p>\n<p><span style=\"color: #0000ff;\"><b>ACTIVITATS 3r<\/b><\/span><\/p>\n<p><span style=\"font-weight: 400; color: #ff0000;\">PAQUET VERMELL<\/span><\/p>\n<p><span style=\"font-weight: 400;\">Bon dia nens i nenes! Avui us fem arribar les activitats de dimecres. Esperem que us agradin i les feu amb moltes ganes!<\/span><\/p>\n<p><b>MATEM\u00c0TIQUES<\/b><\/p>\n<p><span style=\"font-weight: 400;\">Avui us proposem unes\u00a0 activitats per refrescar els dobles i meitats. Tamb\u00e9 farem una miqueta de c\u00e0lcul, us animeu? Som-hi!<\/span><b> (Alerta, aquesta activitat \u00e9s de RETORN)<\/b><\/p>\n<p><span style=\"font-weight: 400;\">A continuaci\u00f3 trobar\u00e0s l\u2019enlla\u00e7 per fer l\u2019activitat:<\/span><\/p>\n<p><a href=\"https:\/\/drive.google.com\/drive\/folders\/1wLak4vFxeL0Mo6iA6R6KScWHMZxSFe8_\"><span style=\"font-weight: 400;\">ACTIVITAT DOBLES I MEITATS<\/span><\/a><\/p>\n<p><b>LLENGUA<\/b><\/p>\n<p><span style=\"font-weight: 400;\">De llengua, us proposem fer una audici\u00f3 sobre el Parc d\u2019Aig\u00fcestortes, trobareu les preguntes, l\u2019audio i les respostes correctes en el seg\u00fcent enlla\u00e7. Aix\u00ed, aquesta activitat us la podeu autocorregir. \u00c0nims!!!<\/span><\/p>\n<p><a href=\"https:\/\/drive.google.com\/drive\/u\/0\/folders\/1gAuiG-AsG35m27TOm5VfCjBj9b-qGHxq\"><span style=\"font-weight: 400;\">EL PARC NATURAL D&#8217;AIG\u00dcESTORTES<\/span><\/a><\/p>\n<p><b>FRANC\u00c8S<\/b><\/p>\n<p><span style=\"font-weight: 400;\">Bonjour les enfants, aujourd\u2019hui nous allons jouer au memory!<\/span><\/p>\n<p><a href=\"https:\/\/drive.google.com\/drive\/folders\/1MTYzyqFXurWsS-gn9EXn9m0T44mMf7bn\"><span style=\"font-weight: 400;\">MEMORY<\/span><\/a><\/p>\n<p><b>M\u00daSICA<\/b><\/p>\n<p><span style=\"font-weight: 400;\">Que et sembla si fem unes activitats amb molt de ritme!!??\u00a0<\/span><\/p>\n<p><span style=\"font-weight: 400;\">La primera activitat \u00e9s una lectura r\u00edtmica. En ella combina diferents figures, aix\u00ed trobar\u00e0s: negres, corxeres i potser alguna blanca. Recordes el temps que valen cadascuna? Busca algun estri per casa que et pugui servir com a baquetes, i, a punt per comen\u00e7ar\u2026 Nom\u00e9s dir-te que, durant els silencis, et quedis congelat amb les mans enlaire.<\/span><\/p>\n<p><a href=\"https:\/\/www.youtube.com\/watch?v=3Gk9xfUontc&amp;list=PL0XgNegbDC4ZrxXBcVSUN3MNgHcyrhSRa\"><span style=\"font-weight: 400;\">AUDICI\u00d3 JOC<\/span><\/a><\/p>\n<p><span style=\"font-weight: 400;\">Per realitzar aquesta segona activitat, necessites, paper de quatre colors diferents i molta mem\u00f2ria visual i auditiva.\u00a0\u00a0\u00a0\u00a0\u00a0<\/span><\/p>\n<p><a href=\"https:\/\/www.youtube.com\/watch?v=hPnM_lMBYfw\"><span style=\"font-weight: 400;\">MUSICOGRAMA<\/span><\/a><\/p>\n<p><span style=\"font-weight: 400;\">Gaudeix i apr\u00e8n!!<\/span><\/p>\n<p><span style=\"color: #0000ff;\"><b>ACTIVITATS 3r<\/b><\/span><\/p>\n<p><span style=\"color: #00ff00;\"><b>PAQUET VERD<\/b><\/span><\/p>\n<p><span style=\"font-weight: 400;\">Bon dia nens i nenes! Avui us fem arribar les activitats de dimecres. Esperem que us agradin i les feu amb moltes ganes!<\/span><\/p>\n<p><b>MATEM\u00c0TIQUES<\/b><\/p>\n<p><span style=\"font-weight: 400;\">Avui us proposem unes\u00a0 activitats per refrescar els dobles i meitats. Tamb\u00e9 farem una miqueta de c\u00e0lcul, us animeu? Som-hi! <\/span><b>(Alerta, aquesta activitat \u00e9s de RETORN)<\/b><\/p>\n<p><span style=\"font-weight: 400;\">A continuaci\u00f3 trobar\u00e0s l\u2019enlla\u00e7 per fer l\u2019activitat:<\/span><\/p>\n<p><a href=\"https:\/\/drive.google.com\/drive\/folders\/1cvp6FkvKIbzx8qdJrs2vx0nc7i5eV0jm\"><span style=\"font-weight: 400;\">ACTIVITAT DOBLES I MEITATS<\/span><\/a><\/p>\n<p><b>LLENGUA<\/b><\/p>\n<p><span style=\"font-weight: 400;\">De llengua, us proposem fer una audici\u00f3 sobre el Parc Natural d\u2019Aig\u00fcestortes, trobareu les preguntes, l\u2019audio i les respostes correctes en el seg\u00fcent enlla\u00e7. Aix\u00ec aquesta activitat us la podeu autocorregir. \u00c0nims!!!<\/span><\/p>\n<p><a href=\"https:\/\/drive.google.com\/drive\/u\/0\/folders\/1NEP-Oq9H5klt_BxX4sGiqtbOOZl_NKZ3\"><span style=\"font-weight: 400;\">EL PARC NATURAL D&#8217;AIG\u00dcESTORTES<\/span><\/a><\/p>\n<p><b>FRANC\u00c8S<\/b><\/p>\n<p><span style=\"font-weight: 400;\">Bonjour les enfants, aujourd\u2019hui nous allons jouer au memory!<\/span><\/p>\n<p><a href=\"https:\/\/drive.google.com\/drive\/folders\/1tSxP5GOaCr0Rubpys0q70yc0-IgiNST7\"><span style=\"font-weight: 400;\">MEMORY<\/span><\/a><\/p>\n<p><b>M\u00daSICA<\/b><\/p>\n<p><span style=\"font-weight: 400;\">Que et sembla si fem unes activitats amb molt de ritme!!??\u00a0<\/span><\/p>\n<p><span style=\"font-weight: 400;\">La primera activitat \u00e9s una lectura r\u00edtmica. En ella combina diferents figures, aix\u00ed trobar\u00e0s: negres, corxeres i potser alguna blanca. Recordes el temps que valen cadascuna? Busca algun estri per casa que et pugui servir com a baquetes, i, a punt per comen\u00e7ar\u2026 Nom\u00e9s dir-te que, durant els silencis, et quedis congelat amb les mans enlaire.<\/span><\/p>\n<p><a href=\"https:\/\/www.youtube.com\/watch?v=3Gk9xfUontc&amp;list=PL0XgNegbDC4ZrxXBcVSUN3MNgHcyrhSRa\"><span style=\"font-weight: 400;\">AUDICI\u00d3 JOC<\/span><\/a><\/p>\n<p><span style=\"font-weight: 400;\">Per realitzar aquesta segona activitat, necessites, paper de quatre colors diferents i molta mem\u00f2ria visual i auditiva.\u00a0\u00a0\u00a0\u00a0\u00a0<\/span><\/p>\n<p><a href=\"https:\/\/www.youtube.com\/watch?v=hPnM_lMBYfw\"><span style=\"font-weight: 400;\">MUSICOGRAMA<\/span><\/a><\/p>\n<p><span style=\"font-weight: 400;\">Gaudeix i apr\u00e8n!!<\/span><\/p>\n<p><span style=\"color: #0000ff;\"><b>DILLUNS 27 D\u2019ABRIL<\/b><\/span><\/p>\n<p><span style=\"color: #000080;\"><b>ACTIVITATS 4t<\/b><\/span><\/p>\n<p><span style=\"font-weight: 400;\">Bon dia nens i nenes de 4t. Esperem que hagueu passat un bon cap de setmana. Ja tenim aqu\u00ed les activitats de dilluns!!!\u00a0<\/span><\/p>\n<p><b>LLENGUA<\/b><\/p>\n<p><span style=\"font-weight: 400;\">Juguem amb l\u2019alfabet? Aqu\u00ed teniu dos activitats per practicar. Vigileu perqu\u00e8 hi ha paraules molt semblants, ja que s\u00f3n de la mateixa fam\u00edlia. Recordeu fer-les a la llibreta. Som-hi!<\/span><\/p>\n<p><a href=\"https:\/\/drive.google.com\/open?id=1oE1EVqk8qYNT1RAGO5c7e5MYk8oSuIqL\"><span style=\"font-weight: 400;\">JUGUEM AMB L&#8217;ALFABET<\/span><\/a><\/p>\n<p><b>MATEM\u00c0TIQUES<\/b><\/p>\n<p><span style=\"font-weight: 400;\">Ja que ens vam endur el llibre de matem\u00e0tiques (DECA) de la classe, aprofitarem per anar fent una mica. Avui us proposem fer les p\u00e0gines 34 i 35. Aquestes activitats s\u00f3n per treballar la part m\u00e9s important per resoldre un problema, que \u00e9s entendre\u2019l i saber qu\u00e8 ens demana, per tant, llegiu tantes vegades com necessiteu els exercicis. Us deixem un enlla\u00e7 d\u2019aquestes dues p\u00e0gines perqu\u00e8 sapigueu quines s\u00f3n per\u00f2 feu-les directament al vostre llibre.\u00a0<\/span><\/p>\n<p><strong>Una vegada fetes, FEU FOTO i ens les ENVIEU.\u00a0<\/strong><\/p>\n<p><a href=\"https:\/\/drive.google.com\/open?id=1AJxCO5H30iwX6XgHayh4itJGH9QBEg5U\"><span style=\"font-weight: 400;\">DECA P\u00c0GINA 34<\/span><\/a><\/p>\n<p><a href=\"https:\/\/drive.google.com\/open?id=1EMa7J34z9fUctZCrD9o5dUlOSbd7J1WJ\"><span style=\"font-weight: 400;\">DECA P\u00c0GINA 35<\/span><\/a><\/p>\n<p><b>EDUCACI\u00d3 F\u00cdSICA<\/b><\/p>\n<p><span style=\"font-weight: 400;\">Qu\u00e8 us sembla si aquesta setmana ens expressem al ritme de la m\u00fasica?\u00a0<\/span><span style=\"font-weight: 400;\">Us passo alguns v\u00eddeos per tal que pugueu moure l\u2019esquelet i fer una mica d\u2019activitat f\u00edsica.\u00a0<\/span><\/p>\n<p><a href=\"https:\/\/youtu.be\/V7qkmyWX7GQ\"><span style=\"font-weight: 400;\">Gems &#8211; Don&#8217;t Stop Me Now\u00a0<\/span><\/a><\/p>\n<p><a href=\"https:\/\/youtu.be\/FnVXTEUmba8\"><span style=\"font-weight: 400;\">I Gotta Feeling-Version Alternativa<\/span><\/a><\/p>\n<p><a href=\"https:\/\/youtu.be\/hYaMzEPUPjU\"><span style=\"font-weight: 400;\">Angry Birds in Just Dance\u00a0<\/span><\/a><\/p>\n<p><span style=\"font-weight: 400;\">Aquests s\u00f3n alguns exemples que podeu seguir. Molts \u00e0nims! Tots i totes a ballar!!!<\/span><\/p>\n<p><span style=\"font-weight: 400;\">Que us ho passeu molt b\u00e9 i sobretot, envieu-me un petit v\u00eddeo de 10-15 segons o algun \u00e0udio de 10-15 segons explicant com us ha anat. Moltes gr\u00e0cies!!! <\/span><\/p>\n<p><span style=\"font-weight: 400;\">I per un altre costat <\/span><b>RECOPILEM a CASA<\/b><span style=\"font-weight: 400;\">!!! Aneu guardant:<\/span><\/p>\n<p><span style=\"font-weight: 400;\">&#8211; Rotllos de paper de WC o rotllos de paper de cuina.<\/span><\/p>\n<p><span style=\"font-weight: 400;\">&#8211; Tetrabriks de llet, de suc&#8230;<\/span><\/p>\n<p><span style=\"font-weight: 400;\">&#8211; Ampolletes petites.<\/span><\/p>\n<p><span style=\"font-weight: 400;\">M\u00e9s endavant ho farem servir per alguna activitat que us proposar\u00e9.<\/span><\/p>\n<p><span style=\"color: #000080;\"><b>ACTIVITATS 3r<\/b><\/span><\/p>\n<p><span style=\"font-weight: 400;\">Bon dia amics de 3r!!!\u00a0 <\/span><span style=\"font-weight: 400;\">Comencem la setmana amb energia\u2026<\/span><\/p>\n<p><b>CREACTIVITAT<\/b><\/p>\n<p><span style=\"font-weight: 400;\">Avui jugar\u00e0s a crear el teu propi monstre. En el seg\u00fcent enlla\u00e7, tens un joc per dibuixar-lo, tot tirant els daus. Segur que ja saps com funciona.<\/span><\/p>\n<p><b>LLENGUA CASTELLANA<\/b><\/p>\n<p><span style=\"font-weight: 400;\">Una vez tengas el dibujo de tu monstruo, ponle un nombre y describes como es,\u00a0 con la ayuda del gui\u00f3n que tienes en el enlace.<\/span><\/p>\n<p><span style=\"font-weight: 400;\">Seguro que est\u00e1 hambriento!! Escribe un men\u00fa para \u00e9l. F\u00edjate en los modelos tan divertidos que te proponemos.<\/span><\/p>\n<p><a href=\"https:\/\/drive.google.com\/drive\/folders\/1jW3e2Qr3o4Bwqqr2vBD1eIB0UMOOM1cC\"><span style=\"font-weight: 400;\">CREA TU MONSTRUO<\/span><\/a><\/p>\n<p><span style=\"font-weight: 400;\">Volem veure el teu monstre, la descripci\u00f3 i el super men\u00fa que li has preparat. Ja saps, ens <\/span><b>RETORNES <\/b><span style=\"font-weight: 400;\">aquesta activitat, en foto pel\u00a0 m\u00f2bil de l\u2019escola o al mail de la mestra.\u00a0<\/span><\/p>\n<p><span style=\"font-weight: 400;\">Vinga, imaginaci\u00f3 i diversi\u00f3 per comen\u00e7ar la setmana!<\/span><\/p>\n<p><b>EDUCACI\u00d3 F\u00cdSICA<\/b><\/p>\n<p><span style=\"font-weight: 400;\">Que us sembla si aquesta setmana ens expressem al ritme de la m\u00fasica?\u00a0<\/span><\/p>\n<p><span style=\"font-weight: 400;\">Us passo alguns v\u00eddeos per tal que pugueu moure l\u2019esquelet i fer una mica d\u2019activitat f\u00edsica.\u00a0\u00a0<\/span><\/p>\n<p><a href=\"https:\/\/youtu.be\/V7qkmyWX7GQ\"><span style=\"font-weight: 400;\">Gems &#8211; Don&#8217;t Stop Me Now\u00a0<\/span><\/a><\/p>\n<p><a href=\"https:\/\/youtu.be\/FnVXTEUmba8\"><span style=\"font-weight: 400;\">I Gotta Feeling-Version Alternativa<\/span><\/a><\/p>\n<p><a href=\"https:\/\/youtu.be\/hYaMzEPUPjU\"><span style=\"font-weight: 400;\">Angry Birds in Just Dance\u00a0<\/span><\/a><\/p>\n<p><span style=\"font-weight: 400;\">Aquests s\u00f3n alguns exemples que podeu seguir. Molts \u00e0nims i tots i totes a ballar!!!<\/span><\/p>\n<p><span style=\"font-weight: 400;\">Que us ho passeu molt b\u00e9 i sobretot, envieu-me un petit v\u00eddeo de 10-15 segons o algun \u00e0udio de 10-15 segons explicant com us ha anat. Moltes gr\u00e0cies!!!<\/span><\/p>\n<p><span style=\"font-weight: 400;\">I per un altre costat <\/span><b>RECOPILEM a CASA<\/b><span style=\"font-weight: 400;\">!!! Aneu guardant:<\/span><\/p>\n<p><span style=\"font-weight: 400;\">&#8211; Rotllos de paper de WC o rotllos de paper de cuina.<\/span><\/p>\n<p><span style=\"font-weight: 400;\">&#8211; Tetrabriks de llet, de suc&#8230;<\/span><\/p>\n<p><span style=\"font-weight: 400;\">&#8211; Ampolletes petites.<\/span><\/p>\n<p><span style=\"font-weight: 400;\">M\u00e9s endavant ho farem servir per alguna activitat que us proposar\u00e9.<\/span><\/p>\n<p><span style=\"color: #0000ff;\"><b>DIVENDRES 24 D\u2019ABRIL<\/b><\/span><\/p>\n<p><span style=\"color: #000080;\"><b>ACTIVITATS 4t<\/b><\/span><\/p>\n<p><span style=\"font-weight: 400;\">Bon dia nens i nenes de 4t. <\/span><\/p>\n<p><span style=\"font-weight: 400;\">Esperem que hagueu passat una bona diada de Sant Jordi. Aqu\u00ed us deixem les activitats de divendres.<\/span><\/p>\n<p><b>LLENGUA<\/b><\/p>\n<p><span style=\"font-weight: 400;\">De color verd s\u00f3c i per la boca trec foc. Qui s\u00f3c?<\/span><\/p>\n<p><span style=\"font-weight: 400;\">Aquesta \u00e9s una endevinalla que segur que sabeu resoldre. Ara us proposem una activitat on podreu deixar anar la vostra imaginaci\u00f3 i crear les vostres endevinalles. Us adjuntem una graella que us pot servir d\u2019ajuda per redactar les vostres creacions.<\/span><\/p>\n<p><a href=\"https:\/\/drive.google.com\/open?id=1XlMhEMQtieV2NFlSAjGIbIqiWl0LJ-wz\"><span style=\"font-weight: 400;\">COM FER ENDEVINALLES<\/span><\/a><\/p>\n<p><span style=\"font-weight: 400;\">Una vegada la tingueu feta i practicada, ens la feu arribar mitjan\u00e7ant un audio.<\/span><\/p>\n<p><b>MATEM\u00c0TIQUES<\/b><\/p>\n<p><span style=\"font-weight: 400;\">Com sabem que us agraden molt les fraccions, aqu\u00ed teniu uns jocs molt divertits per repassar-les. Hi ha diferents jocs, en podeu fer tants com vulgueu.\u00a0<\/span><\/p>\n<p><a href=\"https:\/\/juegosinfantiles.bosquedefantasias.com\/matematicas\/fracciones\"><span style=\"font-weight: 400;\">JOCS DE FRACCIONS<\/span><\/a><\/p>\n<p><b>M\u00daSICA\u00a0<\/b><\/p>\n<p><span style=\"font-weight: 400;\">La percussi\u00f3 corporal \u00e9s la utilitzaci\u00f3 del cos com a instrument, permetent fer tota mena de combinacions sonores.<\/span><\/p>\n<p><span style=\"font-weight: 400;\">Aqu\u00ed us deixem uns enlla\u00e7os que et permetran practicar a casa.\u00a0<\/span><\/p>\n<p><span style=\"font-weight: 400;\">La diversi\u00f3 est\u00e0 assegurada!!\u00a0 Podeu participar tota la fam\u00edlia!!!<\/span><\/p>\n<p><a href=\"https:\/\/youtu.be\/Mnt6O8N6eDg\"><span style=\"font-weight: 400;\">PERCUSSI\u00d3 CORPORAL<\/span><\/a><\/p>\n<p><a href=\"https:\/\/youtu.be\/IPbrJdO2kPE\"><span style=\"font-weight: 400;\">PERCUSSI\u00d3 CORPORAL. SOPA AMB TROSSETS DE PA<\/span><\/a><\/p>\n<p><span style=\"color: #0000ff;\"><b>ACTIVITATS 3r<\/b><\/span><\/p>\n<p><span style=\"font-weight: 400; color: #00ff00;\">PAQUET VERD<\/span><\/p>\n<p><span style=\"font-weight: 400;\">Bon dia, nois i noies de 3r!<\/span><\/p>\n<p><span style=\"font-weight: 400;\">Acabem la setmana fent una mica de rep\u00e0s dels pol\u00edgons. Aqu\u00ed teniu l\u2019enlla\u00e7 a l\u2019activitat, tamb\u00e9 trobareu una miqueta de c\u00e0lcul. L\u2019heu de fer a la llibreta, amb la data i el t\u00edtol i <\/span><b>RETORNAR-LA<\/b><span style=\"font-weight: 400;\"> per foto al m\u00f2bil de l\u2019escola o al mail de la mestra. Vinga, ben concentrats!\u00a0<\/span><\/p>\n<p><a href=\"https:\/\/drive.google.com\/file\/d\/1dzx8uKQnaAfWWSdidBmZ8Ub0MooSVZdj\/view?usp=sharing\"><span style=\"font-weight: 400;\">POL\u00cdGONS<\/span><\/a><\/p>\n<p><span style=\"font-weight: 400;\">A continuaci\u00f3, farem una activitat de medi. Qu\u00e8 us sembla si parlem dels aliments que consumim? Doncs som-hi!\u00a0 a continuaci\u00f3 trobar\u00e0s l\u2019enlla\u00e7 per fer l\u2019activitat.<\/span><\/p>\n<p><a href=\"https:\/\/drive.google.com\/file\/d\/1ikg-UK1jZvFATKWX5fOd1WZ8XW2fEmj2\/view?usp=sharing\"><span style=\"font-weight: 400;\">ALIMENTS<\/span><\/a><\/p>\n<p><b>M\u00daSICA<\/b><\/p>\n<p><span style=\"font-weight: 400;\">En aquests dies de flors, qu\u00e8 et sembla si escoltem un cl\u00e0ssic de VIVALDI!?\u00a0 <\/span><b>La Primavera<\/b><span style=\"font-weight: 400;\"> explica, a trav\u00e9s dels violins i instruments de l\u2019orquestra, l\u2019esclat de la natura en forma de llum i de colors en l\u2019arribada del bon temps. I un instrument vol imitar el cant dels ocells \u2026<\/span><\/p>\n<p><span style=\"font-weight: 400;\">Mentre l\u2019escoltes, pots agafar paper i ceres i dibuixar deixant-te portar per la m\u00fasica.\u00a0 <\/span><span style=\"font-weight: 400;\">Quan ho tinguis tot a punt\u2026 prem el play.<\/span><\/p>\n<p><a href=\"https:\/\/youtu.be\/ZA-8p3s84Zs\"><span style=\"font-weight: 400;\">LA PRIMAVERA DE VIVALDI<\/span><\/a><\/p>\n<p><b>Un repte<\/b><span style=\"font-weight: 400;\">: on i quan va n\u00e9ixer Antonio Vivaldi?\u00a0 \u00a0 \u00a0 \u00a0 \u00a0 \u00a0 \u00a0 \u00a0 \u00a0 \u00a0 \u00a0 \u00a0<\/span><\/p>\n<p><span style=\"font-weight: 400;\">Ejem, ejem!!\u00a0 <\/span><span style=\"font-weight: 400;\">Afina aquesta veu i canta amb la BIM i en BUM!!<\/span><\/p>\n<p><a href=\"https:\/\/www.youtube.com\/watch?v=aXZWgOf2lSA\"><span style=\"font-weight: 400;\">BIM BUM<\/span><\/a><\/p>\n<p><span style=\"font-weight: 400; color: #ff0000;\">PAQUET VERMELL<\/span><\/p>\n<p><span style=\"font-weight: 400;\">Bon dia, nois i noies de 3r! <\/span><\/p>\n<p><span style=\"font-weight: 400;\">Acabem la setmana fent una mica de rep\u00e0s dels pol\u00edgons. Aqu\u00ed teniu l\u2019enlla\u00e7 a l\u2019activitat, tamb\u00e9 trobareu una miqueta de c\u00e0lcul. L\u2019heu de fer a la llibreta, amb la data i el t\u00edtol, i<\/span><b> RETORNAR-LA<\/b><span style=\"font-weight: 400;\"> per foto al m\u00f2bil de l\u2019escola o al mail de la mestra. Vinga, ben concentrats!\u00a0<\/span><\/p>\n<p><a href=\"https:\/\/drive.google.com\/file\/d\/1lpOVjdb7e_4jp5kTjN37WfZsEVryv9K9\/view?usp=sharing\"><span style=\"font-weight: 400;\">POL\u00cdGONS<\/span><\/a><\/p>\n<p><span style=\"font-weight: 400;\">A continuaci\u00f3, farem una activitat de <\/span><b>MEDI.<\/b><span style=\"font-weight: 400;\"> Qu\u00e8 us sembla si parlem dels aliments que consumim? Doncs som-hi!\u00a0 A continuaci\u00f3 trobar\u00e0s l\u2019enlla\u00e7 per fer l\u2019activitat.<\/span><\/p>\n<p><a href=\"https:\/\/drive.google.com\/file\/d\/1o29xMb6_9KJvWHUkDCT44rZ-i_ra7hxT\/view?usp=sharing\"><span style=\"font-weight: 400;\">ALIMENTS<\/span><\/a><\/p>\n<p><b>M\u00daSICA<\/b><\/p>\n<p><span style=\"font-weight: 400;\">En aquests dies de flors, qu\u00e8 et sembla si escoltem un cl\u00e0ssic de VIVALDI!? <\/span><b>La Primavera<\/b><span style=\"font-weight: 400;\"> explica, a trav\u00e9s dels violins i instruments de l\u2019orquestra, l\u2019esclat de la natura en forma de llum i de colors en l\u2019arribada del bon temps. I un instrument vol imitar el cant dels ocells \u2026<\/span><\/p>\n<p><span style=\"font-weight: 400;\">Mentre l\u2019escoltes, pots agafar paper i ceres i dibuixar deixant-te portar per la m\u00fasica.\u00a0 <\/span><span style=\"font-weight: 400;\">Quan ho tinguis tot a punt\u2026 prem el play.<\/span><\/p>\n<p><a href=\"https:\/\/youtu.be\/ZA-8p3s84Zs\"><span style=\"font-weight: 400;\">LA PRIMAVERA DE VIVALDI<\/span><\/a><\/p>\n<p><b>Un repte<\/b><span style=\"font-weight: 400;\">: on i quan va n\u00e9ixer Antonio Vivaldi?\u00a0 \u00a0 \u00a0 \u00a0 \u00a0 \u00a0 \u00a0 \u00a0 \u00a0 \u00a0 \u00a0 \u00a0 \u00a0 \u00a0 \u00a0 \u00a0 <\/span><\/p>\n<p><span style=\"font-weight: 400;\">Ejem, ejem!!\u00a0 <\/span><span style=\"font-weight: 400;\">Afina aquesta veu i canta amb la BIM i en BUM!!<\/span><\/p>\n<p><a href=\"https:\/\/www.youtube.com\/watch?v=aXZWgOf2lSA\"><span style=\"font-weight: 400;\">BIM BUM<\/span><\/a><\/p>\n<p><span style=\"font-weight: 400; color: #ff6600;\">PAQUET TARONJA<\/span><\/p>\n<p><span style=\"font-weight: 400;\">Bon dia, nois i noies de 3r!<\/span><\/p>\n<p><span style=\"font-weight: 400;\">Acabem la setmana fent una mica de rep\u00e0s dels pol\u00edgons. Aqu\u00ed teniu l\u2019enlla\u00e7 a l\u2019activitat, tamb\u00e9 trobareu una miqueta de c\u00e0lcul. L\u2019heu de fer a la llibreta, amb la data i el t\u00edtol, i <\/span><b>RETORNAR-LA<\/b><span style=\"font-weight: 400;\"> per foto al m\u00f2bil de l\u2019escola o al mail de la mestra. Vinga, ben concentrats!\u00a0<\/span><\/p>\n<p><a href=\"https:\/\/drive.google.com\/file\/d\/18hx69F80IrBd_8jeBk5H95Em1ksiwUwZ\/view?usp=sharing\"><span style=\"font-weight: 400;\">POL\u00cdGONS<\/span><\/a><\/p>\n<p><span style=\"font-weight: 400;\">A continuaci\u00f3, farem una activitat de <\/span><b>MEDI<\/b><span style=\"font-weight: 400;\">. Qu\u00e8 us sembla si parlem dels aliments que consumim? Doncs som-hi!\u00a0 A continuaci\u00f3 trobar\u00e0s l\u2019enlla\u00e7 per fer l\u2019activitat.<\/span><\/p>\n<p><a href=\"https:\/\/drive.google.com\/file\/d\/1dJpMZoawHUYQV8qTIyS6DcSsxn0JSmkv\/view?usp=sharing\"><span style=\"font-weight: 400;\">ALIMENTS<\/span><\/a><\/p>\n<p><b>M\u00daSICA<\/b><\/p>\n<p><span style=\"font-weight: 400;\">En aquests dies de flors, qu\u00e8 et sembla si escoltem un cl\u00e0ssic de VIVALDI!? <\/span><b>La Primavera<\/b><span style=\"font-weight: 400;\"> explica, a trav\u00e9s dels violins i instruments de l\u2019orquestra, l\u2019esclat de la natura en forma de llum i de colors en l\u2019arribada del bon temps. I un instrument vol imitar el cant dels ocells \u2026<\/span><\/p>\n<p><span style=\"font-weight: 400;\">Mentre l\u2019escoltes, pots agafar paper i ceres i dibuixar deixant-te portar per la m\u00fasica.\u00a0<\/span><span style=\"font-weight: 400;\">Quan ho tinguis tot a punt\u2026 prem el play.<\/span><\/p>\n<p><a href=\"https:\/\/youtu.be\/ZA-8p3s84Zs\"><span style=\"font-weight: 400;\">LA PRIMAVERA DE VIVALDI<\/span><\/a><\/p>\n<p><b>Un repte<\/b><span style=\"font-weight: 400;\">: on i quan va n\u00e9ixer Antonio Vivaldi?\u00a0 \u00a0 \u00a0 \u00a0 \u00a0 \u00a0 \u00a0 \u00a0 \u00a0 \u00a0 \u00a0 \u00a0 \u00a0 \u00a0 \u00a0 \u00a0 \u00a0<\/span><\/p>\n<p><span style=\"font-weight: 400;\"> Ejem, ejem!!\u00a0 <\/span><span style=\"font-weight: 400;\">Afina aquesta veu i canta amb la BIM i en BUM!!<\/span><\/p>\n<p><a href=\"https:\/\/www.youtube.com\/watch?v=aXZWgOf2lSA\"><span style=\"font-weight: 400;\">BIM BUM<\/span><\/a><\/p>\n<p><strong><span style=\"color: #0000ff;\">DIMECRES 22 D&#8217;ABRIL<\/span><\/strong><\/p>\n<p><span style=\"color: #000080;\"><strong>ACTIVITATS 4t<\/strong><\/span><\/p>\n<p><span style=\"font-weight: 400;\">Hola nois i noies de 4t!!!\u00a0<\/span><\/p>\n<p><span style=\"font-weight: 400;\">Avui \u00e9s un dia especial .???\u00a0 Segur que heu sentit a parlar de la llegenda\u00a0 de Sant Jordi, el drac i la princesa oi? Doncs a l\u2019hora d\u2019escriure aquesta llegenda s\u2019han fet un bon embolic! Trobeu les errades i escriviu-les a la graella juntament amb la correcci\u00f3.<\/span><\/p>\n<p><a href=\"https:\/\/drive.google.com\/file\/d\/1WZ2VIT4W7oySp6m9LblMPd2h60OIvTDv\/view?usp=sharing\"><span style=\"font-weight: 400;\">LA LLEGENDA DE SANT JORDI<\/span><\/a><\/p>\n<p><span style=\"font-weight: 400;\">Aquesta activitat us la podeu corregir vosaltres mateixos, aqu\u00ed teniu el document:<\/span><\/p>\n<p><a href=\"https:\/\/drive.google.com\/file\/d\/1ukF1Q2n22fDru-0mZmRsLVpiNUmKpzxB\/view?usp=sharing\"><span style=\"font-weight: 400;\">CORRECCI\u00d3 LLEGENDA DE SANT JORDI<\/span><\/a><\/p>\n<p><strong>??<\/strong><strong>FRANC\u00c8S<\/strong><\/p>\n<p><span style=\"font-weight: 400;\">Aqu\u00ed teniu la tasca de franc\u00e8s. Visualitzeu el v\u00eddeo i escriviu totes les paraules que enteneu a la vostra llibreta.<\/span><\/p>\n<p><a href=\"https:\/\/drive.google.com\/open?id=1rBsxC7v4SGLwuuv6SCIkYfu379ZjqpDq\"><span style=\"font-weight: 400;\">ACTIVITAT FRANC\u00c8S<\/span><\/a><\/p>\n<p><strong>CREATIVITAT<\/strong><\/p>\n<p><span style=\"font-weight: 400;\">Dem\u00e0 \u00e9s Sant Jordi i com que no ho podem celebrar a l\u2019escola, us proposem que feu una rosa ben xula, en fam\u00edlia.\u00a0<\/span><\/p>\n<p><span style=\"font-weight: 400;\">Feu \u00fas de la vostra imaginaci\u00f3 i creativitat i ens ompliu de roses de Sant Jordi: inventades, fabricades, constru\u00efdes, dibuixades o fotografiades&#8230; amb qualsevol material. Sigueu creatius, tot s\u2019hi val!!<\/span><\/p>\n<p><span style=\"font-weight: 400;\">Esperem una foto de les vostres creacions i les compartirem. ?<\/span><\/p>\n<p>??Per compartir la rosa que feu de Sant Jordi, dem\u00e0, la podeu compartir al vostre instagram amb el\u00a0 <strong>#etregalolarosape\u00f1uelas<\/strong><\/p>\n<p><span style=\"font-weight: 400;\">A continuaci\u00f3 us deixem un enlla\u00e7 amb algunes idees:\u00a0<\/span><\/p>\n<p><a href=\"https:\/\/maresipares.cat\/roses-de-sant-jordi\/\"><span style=\"font-weight: 400;\">PROPOSTES PER FER ROSES DE SANT JORDI<\/span><\/a><\/p>\n<p><span style=\"font-weight: 400;\">BONA DIADA DE SANT JORDI!!! ???????<\/span><\/p>\n<p><span style=\"color: #000080;\"><b>ACTIVITATS 3r<\/b><\/span><\/p>\n<p><span style=\"font-weight: 400;\">Hola nois i noies de 3r!!\u00a0<\/span><\/p>\n<p><span style=\"font-weight: 400;\">Avui \u00e9s un dia especial .???\u00a0 Segur que heu sentit a parlar de la llegenda\u00a0 de Sant Jordi, el drac i la princesa oi? Doncs a l\u2019hora d\u2019escriure aquesta llegenda s\u2019han fet un bon embolic! Trobeu les errades i escriviu-les a la graella juntament amb la correcci\u00f3.<\/span><\/p>\n<p><a href=\"https:\/\/drive.google.com\/file\/d\/1WZ2VIT4W7oySp6m9LblMPd2h60OIvTDv\/view?usp=sharing\"><span style=\"font-weight: 400;\">LA LLEGENDA DE SANT JORDI<\/span><\/a><\/p>\n<p><span style=\"font-weight: 400;\">Aquesta activitat us la podeu corregir vosaltres mateixos, aqu\u00ed teniu el document:<\/span><\/p>\n<p><a href=\"https:\/\/drive.google.com\/file\/d\/1ukF1Q2n22fDru-0mZmRsLVpiNUmKpzxB\/view?usp=sharing\"><span style=\"font-weight: 400;\">CORRECCI\u00d3 LLEGENDA DE SANT JORDI<\/span><\/a><\/p>\n<p><strong>??\u00a0FRANC\u00c8S<\/strong><\/p>\n<p><span style=\"font-weight: 400;\">Aqu\u00ed teniu la tasca de Franc\u00e8s.\u00a0 Avui us he preparat un jclic &#8220;Les moyens de transport&#8221;.<\/span><\/p>\n<p><a href=\"https:\/\/clic.xtec.cat\/users\/esantist\/moyens_de_transport\/index.html\"><span style=\"font-weight: 400;\">LES MOYENS DE TRANSPORT<\/span><\/a><\/p>\n<p><b>Atenci\u00f3!!! A l&#8217;activitat 4\u00a0 podeu gravar-vos i enviar-me un \u00e0udio o un v\u00eddeo de retorn, als auriculars escoltareu la paraula, al micro l&#8217;heu de dir vosaltres i a l&#8217;altaveu &#8230; sorpresa! <\/b><span style=\"font-weight: 400;\">?<\/span><\/p>\n<p><strong>CREATIVITAT<\/strong><\/p>\n<p><span style=\"font-weight: 400;\">Dem\u00e0 \u00e9s Sant Jordi i com que no ho podem celebrar a l\u2019escola, us proposem que feu una rosa ben xula, en fam\u00edlia.\u00a0<\/span><\/p>\n<p><span style=\"font-weight: 400;\">Feu \u00fas de la vostra imaginaci\u00f3 i creativitat i ens ompliu de roses de Sant Jordi: inventades, fabricades, constru\u00efdes, dibuixades o fotografiades&#8230; amb qualsevol material. Sigueu creatius, tot s\u2019hi val!!<\/span><\/p>\n<p><span style=\"font-weight: 400;\">Esperem una foto de les vostres creacions i les compartirem. ?<\/span><\/p>\n<p>??Per compartir la rosa que feu de Sant Jordi, dem\u00e0, la podeu compartir al vostre instagram amb el\u00a0 <strong>#etregalolarosape\u00f1uelas<\/strong><\/p>\n<p><span style=\"font-weight: 400;\">A continuaci\u00f3 us deixem un enlla\u00e7 amb algunes idees:\u00a0<\/span><\/p>\n<p><a href=\"https:\/\/maresipares.cat\/roses-de-sant-jordi\/\"><span style=\"font-weight: 400;\">PROPOSTES PER FER ROSES DE SANT JORDI<\/span><\/a><\/p>\n<p><span style=\"font-weight: 400;\">BONA DIADA DE SANT JORDI!!! ???????<\/span><\/p>\n<p>&nbsp;<\/p>\n<p><strong><span style=\"color: #0000ff;\">DILLUNS 20 D\u2019ABRIL<\/span><\/strong><\/p>\n<p><b>ACTIVITATS 4t<\/b><\/p>\n<p><span style=\"font-weight: 400;\">Hola nens i nens de 4t!\u00a0 <\/span><span style=\"font-weight: 400;\">Aqu\u00ed teniu les activitats que us proposem per avui! ?<\/span><\/p>\n<p><b>LLENGUA<\/b><\/p>\n<p><span style=\"font-weight: 400;\">A continuaci\u00f3 teniu la comprensi\u00f3 del text &#8220;Pinyons de maduixa&#8221;. Llegiu atentament aquest fragment del llibre i contesteu a la vostra llibreta les preguntes.\u00a0<\/span><\/p>\n<p><a href=\"https:\/\/drive.google.com\/open?id=1H409WBoZ2SWHH1Om-ktqiCIyoXsqjioh\"><span style=\"font-weight: 400;\">PINYONS DE MADUIXA<\/span><\/a><\/p>\n<p><span style=\"font-weight: 400;\">Aquesta lectura tamb\u00e9 t\u00e9 l\u2019opci\u00f3 d\u2019escoltar-la.<\/span><\/p>\n<p><a href=\"https:\/\/drive.google.com\/open?id=1KEhlib9uYcXc6mTx9p5JHF7ZTsPhcfEN\"><span style=\"font-weight: 400;\">AUDIO PINYONS DE MADUIXA<\/span><\/a><\/p>\n<p><span style=\"font-weight: 400;\">Un cop fetes les activitats, ens les envieu per whatsapp o correu i us les corregirem. ?<\/span><\/p>\n<p><b>MATEM\u00c0TIQUES<\/b><\/p>\n<p><span style=\"font-weight: 400;\">Com la setmana passada vam treballar el c\u00e0lcul mental, avui us proposem l\u2019\u00faltima part. Com ja sabeu, al final sempre hi ha uns problemes, doncs aqu\u00ed els teniu!! Som-hi!<\/span><\/p>\n<p><a href=\"https:\/\/drive.google.com\/open?id=1hzBQi-Fl5MFBWDHz3gyrSyaVVBIBnREp\"><span style=\"font-weight: 400;\">PROBLEMES C\u00c0LCUL MENTAL<\/span><\/a><\/p>\n<p><span style=\"font-weight: 400;\">Quan ja hagueu fet els problemes, els podeu corregir vosaltres mateixos com f\u00e8iem a classe. Aqu\u00ed teniu les solucions:<\/span><\/p>\n<p><a href=\"https:\/\/drive.google.com\/open?id=1BQxsJ_pmeTn9bt6IkQNQzWL75-ACBgy2\"><span style=\"font-weight: 400;\">SOLUCI\u00d3 PROBLEMES C\u00c0LCUL MENTAL<\/span><\/a><\/p>\n<p><b>EDUCACI\u00d3 F\u00cdSICA<\/b><\/p>\n<p><span style=\"font-weight: 400;\">El joc de l\u2019oca del Pe\u00f1uelas.\u00a0<\/span><\/p>\n<p><span style=\"font-weight: 400;\">Hi podreu jugar amb el tauler que he elaborat i les normes del joc. (2 documents en pdf).<\/span><\/p>\n<p><span style=\"font-weight: 400;\">Quan hi hagueu jugat m&#8217; envieu una foto o un audio explicant que \u00e9s el que us ha agradat o un v\u00eddeo, el que vulgueu, per\u00f2 vull tenir not\u00edcies vostres.<\/span><\/p>\n<p><a href=\"https:\/\/drive.google.com\/open?id=1xqEgBcEfQ0A9IaOpQVqhP6TDQcfl0I_s\"><b>EL JOC DE L&#8217;OCA<\/b><\/a><\/p>\n<p><a href=\"https:\/\/drive.google.com\/open?id=1KrdZCdJGfVW7OMQmF9aVk_2P3JU8OFg-\"><b>INSTRUCCIONS JOC DE L&#8217;OCA<\/b><\/a><\/p>\n<p><b>ACTIVITATS 3r<\/b><\/p>\n<p><strong><span style=\"color: #ff6600;\">PAQUET TARONJA<\/span><\/strong><\/p>\n<p><span style=\"font-weight: 400;\">Bon dia, amics i amigues de 3r!<\/span><\/p>\n<p><span style=\"font-weight: 400;\">Comencem la setmana fent rumiar el cap. Aqu\u00ed teniu l\u2019enlla\u00e7\u00a0 d\u2019una<\/span><b> activitat de c\u00e0lcul <\/b><span style=\"font-weight: 400;\">matem\u00e0tic. L\u2019heu de fer a la llibreta, amb la data i el t\u00edtol, i <\/span><b>RETORNAR-LA<\/b><span style=\"font-weight: 400;\"> per foto al m\u00f2bil de l\u2019escola o al mail de la mestra. Vinga, ben concentrats!\u00a0<\/span><\/p>\n<p><a href=\"https:\/\/drive.google.com\/drive\/folders\/1DUSZPEhlFng-eKizGqqfiFWl7TyUvKus\"><span style=\"font-weight: 400;\">C\u00c0LCUL<\/span><\/a><\/p>\n<p><span style=\"font-weight: 400;\">A continuaci\u00f3, teniu una lectura en castell\u00e0: <\/span><i><span style=\"font-weight: 400;\">EL OSO GRU\u00d1\u00d3N<\/span><\/i><span style=\"font-weight: 400;\">,\u00a0 la hist\u00f2ria d\u2019un \u00f3s amb mal car\u00e0cter. La llegiu i responeu les preguntes de comprensi\u00f3 (clicant sobre el llapis).<\/span><\/p>\n<p><span style=\"font-weight: 400;\">Tot seguit, hi ha unes activitats sobre l\u2019\u00fas de les maj\u00fascules i un <\/span><i><span style=\"font-weight: 400;\">DICTAT <\/span><\/i><span style=\"font-weight: 400;\">( cliqueu a la pestanya de color groc).<\/span><\/p>\n<p><span style=\"font-weight: 400;\">Si els vostres pares us el poden dictar, perfecte, sino podeu escoltar l\u2019audio i fer el dictat. Tamb\u00e9 hi ha la correcci\u00f3.<\/span><\/p>\n<p><a href=\"https:\/\/www.weeras.com\/ebook\/html5\/?editorial_guid=C800259A-E103-4039-8F31-C23D12543CED&amp;book_guid=C29A4A91-79C2-4E45-930D-03364512E9B0&amp;content=142282\"><span style=\"font-weight: 400;\">EL OSO GRU\u00d1\u00d3N<\/span><\/a><\/p>\n<p><b>EDUCACI\u00d3 F\u00cdSICA<\/b><\/p>\n<p><span style=\"font-weight: 400;\">El joc de l\u2019oca del Pe\u00f1uelas.\u00a0<\/span><\/p>\n<p><span style=\"font-weight: 400;\">Hi podreu jugar amb el tauler que he elaborat i les normes del joc. (2 documents en pdf).\u00a0 <\/span><span style=\"font-weight: 400;\">Quan hi hagueu jugat m&#8217; envieu una foto o un audio explicant qu\u00e8 \u00e9s el que us ha agradat o un v\u00eddeo, el que vulgueu, per\u00f2 vull tenir not\u00edcies vostres.<\/span><\/p>\n<p><a href=\"https:\/\/drive.google.com\/open?id=1xqEgBcEfQ0A9IaOpQVqhP6TDQcfl0I_s\"><span style=\"font-weight: 400;\">EL JOC DE L&#8217;OCA<\/span><\/a><\/p>\n<p><a href=\"https:\/\/drive.google.com\/open?id=1KrdZCdJGfVW7OMQmF9aVk_2P3JU8OFg-\"><span style=\"font-weight: 400;\">INSTRUCCIONS JOC DE L&#8217;OCA<\/span><\/a><\/p>\n<p><strong><span style=\"color: #ff0000;\">PAQUET VERMELL<\/span><\/strong><\/p>\n<p><span style=\"font-weight: 400;\">Bon dia, amics i amigues de 3r!<\/span><\/p>\n<p><span style=\"font-weight: 400;\">Comencem la setmana fent rumiar el cap. Aqu\u00ed teniu l\u2019enlla\u00e7\u00a0 d\u2019una<\/span><b> activitat de c\u00e0lcul <\/b><span style=\"font-weight: 400;\">matem\u00e0tic. L\u2019heu de fer a la llibreta, amb la data i el t\u00edtol, i <\/span><b>RETORNAR-LA<\/b><span style=\"font-weight: 400;\"> per foto al m\u00f2bil de l\u2019escola o al mail de la mestra. Vinga, ben concentrats!\u00a0<\/span><\/p>\n<p><a href=\"https:\/\/drive.google.com\/drive\/folders\/1t2ri2mpgPm6ZC8SSNlcRN3PEDE5777I6\"><span style=\"font-weight: 400;\">C\u00c0LCUL<\/span><\/a><\/p>\n<p><span style=\"font-weight: 400;\">A continuaci\u00f3, teniu una <\/span><b>lectura en castell\u00e0<\/b><span style=\"font-weight: 400;\">: <\/span><i><span style=\"font-weight: 400;\">EL OSO GRU\u00d1\u00d3N<\/span><\/i><span style=\"font-weight: 400;\">,\u00a0 la hist\u00f2ria d\u2019un \u00f3s amb mal car\u00e0cter. La llegiu i responeu les preguntes de comprensi\u00f3 (clicant sobre el llapis).<\/span><\/p>\n<p><span style=\"font-weight: 400;\">Tot seguit, hi ha unes activitats sobre l\u2019\u00fas de les maj\u00fascules i un <\/span><i><span style=\"font-weight: 400;\">DICTAT <\/span><\/i><span style=\"font-weight: 400;\">( cliqueu a la pestanya de color groc).<\/span><\/p>\n<p><span style=\"font-weight: 400;\">Si els vostres pares us el poden dictar, perfecte&#8230; sino podeu escoltar l\u2019audio i fer el dictat. Tamb\u00e9 hi ha la correcci\u00f3.<\/span><\/p>\n<p><a href=\"https:\/\/www.weeras.com\/ebook\/html5\/?editorial_guid=C800259A-E103-4039-8F31-C23D12543CED&amp;book_guid=C29A4A91-79C2-4E45-930D-03364512E9B0&amp;content=142282\"><span style=\"font-weight: 400;\">EL OSO GRU\u00d1\u00d3N<\/span><\/a><\/p>\n<p><b>EDUCACI\u00d3 F\u00cdSICA<\/b><\/p>\n<p><span style=\"font-weight: 400;\">El joc de l\u2019oca del Pe\u00f1uelas.\u00a0<\/span><\/p>\n<p><span style=\"font-weight: 400;\">Hi podreu jugar amb el tauler que he elaborat i les normes del joc. (2 documents en pdf).<\/span><\/p>\n<p><span style=\"font-weight: 400;\">Quan hi hagueu jugat m&#8217; envieu una foto o un audio explicant que es el que us ha agradat o un v\u00eddeo, el que vulgueu, per\u00f2 vull tenir not\u00edcies vostres.<\/span><\/p>\n<p><a href=\"https:\/\/drive.google.com\/open?id=1xqEgBcEfQ0A9IaOpQVqhP6TDQcfl0I_s\"><span style=\"font-weight: 400;\">EL JOC DE L&#8217;OCA<\/span><\/a><\/p>\n<p><a href=\"https:\/\/drive.google.com\/open?id=1KrdZCdJGfVW7OMQmF9aVk_2P3JU8OFg-\"><span style=\"font-weight: 400;\">INSTRUCCIONS JOC DE L&#8217;OCA<\/span><\/a><\/p>\n<p><strong><span style=\"color: #00ff00;\">PAQUET VERD<\/span><\/strong><\/p>\n<p><span style=\"font-weight: 400;\">Bon dia, amics i amigues de 3r!<\/span><\/p>\n<p><span style=\"font-weight: 400;\">Comencem la setmana fent rumiar el cap. Aqu\u00ed teniu l\u2019enlla\u00e7\u00a0 d\u2019una<\/span><b> activitat de c\u00e0lcul <\/b><span style=\"font-weight: 400;\">matem\u00e0tic. L\u2019heu de fer a la llibreta, amb la data i el t\u00edtol, i <\/span><b>RETORNAR-LA<\/b><span style=\"font-weight: 400;\"> per foto al m\u00f2bil de l\u2019escola o al mail de la mestra. Vinga, ben concentrats!\u00a0<\/span><\/p>\n<p><a href=\"https:\/\/drive.google.com\/drive\/folders\/12grey985qiySPQfpSonoTuRGmFSnh0O3\"><span style=\"font-weight: 400;\">C\u00c0LCUL<\/span><\/a><\/p>\n<p><span style=\"font-weight: 400;\">A continuaci\u00f3, teniu una <\/span><b>lectura en castell\u00e0<\/b><span style=\"font-weight: 400;\">: <\/span><i><span style=\"font-weight: 400;\">LA PALOMA Y LA HORMIGA, <\/span><\/i><span style=\"font-weight: 400;\">una hist\u00f2ria d\u2019animals. L\u2019has de llegir i respondre les preguntes (clicant sobre el llapis).<\/span><\/p>\n<p><a href=\"https:\/\/www.weeras.com\/ebook\/html5\/?editorial_guid=C800259A-E103-4039-8F31-C23D12543CED&amp;book_guid=19FAEC37-1239-4D19-A7EE-F8AFAD2B22E7&amp;content=142270\"><span style=\"font-weight: 400;\">LA PALOMA Y LA HORMIGA<\/span><\/a><\/p>\n<p><b>EDUCACI\u00d3 F\u00cdSICA<\/b><\/p>\n<p><span style=\"font-weight: 400;\">El joc de l\u2019oca del Pe\u00f1uelas.\u00a0<\/span><\/p>\n<p><span style=\"font-weight: 400;\">Hi podreu jugar amb el tauler que he elaborat i les normes del joc. (2 documents en pdf).\u00a0 <\/span><span style=\"font-weight: 400;\">Quan hi hagueu jugat m&#8217; envieu una foto o un \u00e0udio explicant que \u00e9s el que us ha agradat o un v\u00eddeo, el que vulgueu, per\u00f2 vull tenir not\u00edcies vostres.<\/span><\/p>\n<p><a href=\"https:\/\/drive.google.com\/open?id=1xqEgBcEfQ0A9IaOpQVqhP6TDQcfl0I_s\"><span style=\"font-weight: 400;\">EL JOC DE L&#8217;OCA<\/span><\/a><\/p>\n<p><a href=\"https:\/\/drive.google.com\/open?id=1KrdZCdJGfVW7OMQmF9aVk_2P3JU8OFg-\"><span style=\"font-weight: 400;\">INSTRUCCIONS JOC DE L&#8217;OCA<\/span><\/a><\/p>\n<p><span style=\"color: #0000ff;\"><b>DIVENDRES 17 D&#8217;ABRIL<\/b><\/span><\/p>\n<p><strong>ACTIVITATS 4t<\/strong><\/p>\n<p><b>Bon dia nens i nenes de 4t!\u00a0<\/b><\/p>\n<p><b>A continuaci\u00f3 us expliquem les tasques d\u2019avui divendres:<\/b><\/p>\n<p>&nbsp;<\/p>\n<p><b>Pel que fa a llengua, teniu una activitat molt senzilla de s\u00edl\u00b7labes t\u00f2niques i \u00e0tones.\u00a0<\/b><\/p>\n<p><a href=\"https:\/\/drive.google.com\/open?id=1VTHNaovdTIjuDql_nI1rXceUmW2C6FCc\"><b>S\u00edl\u00b7labes t\u00f2niques i \u00e0tones<\/b><\/a><\/p>\n<p><b>I seguidament un dictat per a preparar. Si els pares o mares us ho poden dictar genial! Si no \u00e9s aix\u00ed, teniu un \u00e0udio que podeu escoltar i d\u2019aquesta manera podreu fer el dictat.<\/b><\/p>\n<p><a href=\"https:\/\/drive.google.com\/open?id=1E_Mu1zAS6mpXdzlLmJTLa4UyyE3dvwJ3\"><b>DICTAT<\/b><\/a><\/p>\n<p><a href=\"https:\/\/drive.google.com\/open?id=1bzJdoe3li80z8vcUB6WTa8gYNCSeXa3k\"><b>\u00c0UDIO DICTAT<\/b><\/a><\/p>\n<p><b>Ens agradar\u00e0 saber com ha anat el dictat, feu-nos arribar la vostra correcci\u00f3!!<\/b><\/p>\n<p><b>De MATES continuarem fent c\u00e0lcul:<\/b><\/p>\n<p><a href=\"https:\/\/drive.google.com\/open?id=1DPAkbzruJbzNOsBl3Q4TH_B54mtsgFP3\"><b>C\u00c0LCUL<\/b><\/a><\/p>\n<p><b>I tamb\u00e9 us adjuntem un link de jerogl\u00edfics matem\u00e0tics per si voleu continuar treballant:<\/b><\/p>\n<p><a href=\"https:\/\/clic.xtec.cat\/projects\/jeromate\/jclic.js\/index.html\"><b>JEROGL\u00cdFICS<\/b><\/a><\/p>\n<p><b>I per \u00faltim, en Dani de franc\u00e8s us ha preparat una activitat on haureu de fer la traducci\u00f3 d\u2019un text al catal\u00e0! Aquesta activitat l\u2019heu de fer a la llibreta, fer una foto i enviar-la per tal de poder corregir-la.<\/b><\/p>\n<p><b>A m\u00e9s a m\u00e9s, teniu un v\u00eddeo d\u2019un conte molt divertit!!<\/b><\/p>\n<p><a href=\"https:\/\/drive.google.com\/open?id=1JrPNVQBUWlKG3JbtcCdoLQQ5H_K1dLk-\"><b>ACTIVITATS FRANC\u00c8S<\/b><\/a><\/p>\n<p><b>Que passeu un bon cap de setmana!!<\/b><\/p>\n<p>&nbsp;<\/p>\n<p><b>ACTIVITATS 3r<\/b><\/p>\n<p><b>Hola nois i noies de 3r.<\/b><\/p>\n<p><b>Avui \u00e9s divendres i us fem arribar les activitats que toquen per acabar la setmana.\u00a0<\/b><\/p>\n<p><span style=\"color: #00ff00;\"><b>ACTIVITATS PACK VERD\u00a0<\/b><\/span><\/p>\n<p><span style=\"color: #00ff00;\"><b>LLENGUA<\/b><\/span><\/p>\n<p><span style=\"color: #000000;\"><b>Avui us proposem una activitat de\u00a0 llengua que segur que us agradar\u00e0.\u00a0<\/b><\/span><\/p>\n<p><span style=\"color: #000000;\"><b>Recordeu l\u2019autobiografia que vam fer a classe? Doncs ara, heu d\u2019escriure la biograf\u00eda d\u2019alg\u00fa de la vostra fam\u00edlia. En el seg\u00fcent enlla\u00e7 trobeu les pautes per fer-ho.\u00a0\u00a0\u00a0<\/b><\/span><\/p>\n<p><span style=\"color: #000000;\"><b>IMPORTANT:<\/b><\/span><\/p>\n<p><span style=\"color: #000000;\"><b>AQUESTA \u00c9S UNA ACTIVITAT DE RETORN, ens l\u2019haureu d\u2019enviar en foto al m\u00f2bil de l\u2019escola o b\u00e9 per mail.<\/b><\/span><\/p>\n<p><span style=\"color: #00ff00;\"><b><a style=\"color: #00ff00;\" href=\"https:\/\/docs.google.com\/document\/d\/1c4haJsqCkcqg5hf4Qm80tDcctRkB2Ju23rjNcjpCRuA\/edit\">GUI\u00d3 BIOGRAFIA<\/a><\/b><\/span><\/p>\n<p><span style=\"color: #00ff00;\"><b>MATES<\/b><\/span><\/p>\n<p><span style=\"color: #000000;\"><b>Heu de fer una activitat de mesurar amb el regle o metre. En aquest enlla\u00e7 trobareu l\u2019explicaci\u00f3. Anoteu les dades en una llibreta.<\/b><\/span><\/p>\n<p><span style=\"color: #00ff00;\"><a style=\"color: #00ff00;\" href=\"https:\/\/drive.google.com\/drive\/folders\/1Hcsq7nXE2acD9aYhkwN7Iu9DUyWf8QpA\"><b><span style=\"color: #0000ff;\"><span style=\"color: #00ff00;\">MESUREM<\/span><\/span><\/b><\/a><\/span><\/p>\n<p><span style=\"color: #000000;\"><b>Endavant i bona feina!<\/b><\/span><\/p>\n<p><span style=\"color: #ff0000;\"><b>ACTIVITATS PACK VERMELL\u00a0<\/b><\/span><\/p>\n<p><span style=\"color: #ff0000;\"><b>LLENGUA<\/b><\/span><\/p>\n<p><b>Avui us proposem una activitat de llengua que segur que us agradar\u00e0.\u00a0<\/b><\/p>\n<p><b>Recordeu l\u2019autobiografia que vam fer a classe? Doncs ara, heu d\u2019escriure la biograf\u00eda d\u2019alg\u00fa de la vostra fam\u00edlia. En el seg\u00fcent enlla\u00e7 trobeu les pautes per fer-ho.\u00a0<\/b><\/p>\n<p><b>IMPORTANT:<\/b><\/p>\n<p><b>AQUESTA \u00c9S UNA ACTIVITAT DE RETORN, ens l\u2019haureu d\u2019enviar en foto al m\u00f2bil de l\u2019escola o b\u00e9 per mail.\u00a0<\/b><\/p>\n<p><span style=\"color: #ff0000;\"><a style=\"color: #ff0000;\" href=\"https:\/\/drive.google.com\/drive\/folders\/1IQmv3fMfFZYlrGIPyIKgpkJMpfENixTJ\"><b>GUI\u00d3 BIOGRAFIA<\/b><\/a><\/span><\/p>\n<p><span style=\"color: #ff0000;\"><b>MATES<\/b><\/span><\/p>\n<p><b>Heu de fer una activitat de mesurar amb el regle o metre. En aquest enlla\u00e7 trobareu l\u2019explicaci\u00f3. Anoteu les dades en una llibreta.<\/b><\/p>\n<p><span style=\"color: #ff0000;\"><a style=\"color: #ff0000;\" href=\"https:\/\/drive.google.com\/drive\/folders\/1Hcsq7nXE2acD9aYhkwN7Iu9DUyWf8QpA\"><b>MESUREM<\/b><\/a><\/span><\/p>\n<p><b>Endavant i bona feina!<\/b><\/p>\n<p><span style=\"color: #ff9900;\"><b>ACTIVITATS PACK TARONJA<\/b><\/span><\/p>\n<p><span style=\"color: #ff9900;\"><b>LLENGUA<\/b><\/span><\/p>\n<p><b>Avui us proposem una activitat de llengua que segur que us agradar\u00e0.\u00a0<\/b><\/p>\n<p><b>Recordeu l\u2019autobiografia que vam fer a classe? Doncs ara, heu d\u2019escriure la biograf\u00eda d\u2019alg\u00fa de la vostra fam\u00edlia. En el seg\u00fcent enlla\u00e7 trobeu les pautes per fer-ho.\u00a0<\/b><\/p>\n<p><b>IMPORTANT<\/b><\/p>\n<p><b>AQUESTA \u00c9S UNA ACTIVITAT DE RETORN, ens l\u2019haureu d\u2019enviar en foto al m\u00f2bil de l\u2019escola o b\u00e9 per mail.\u00a0<\/b><\/p>\n<p><span style=\"color: #0000ff;\"><a style=\"color: #0000ff;\" href=\"https:\/\/drive.google.com\/drive\/folders\/1IQmv3fMfFZYlrGIPyIKgpkJMpfENixTJ\"><b>GUI\u00d3 BIOGRAFIA<\/b><\/a><\/span><\/p>\n<p><span style=\"color: #ff9900;\"><b>MATES<\/b><\/span><\/p>\n<p><b>Heu de fer una activitat de mesurar amb el regle o metre. En aquest enlla\u00e7 trobareu l\u2019explicaci\u00f3. Anoteu les dades en una llibreta.<\/b><\/p>\n<p><span style=\"color: #0000ff;\"><a style=\"color: #0000ff;\" href=\"https:\/\/drive.google.com\/drive\/folders\/1Hcsq7nXE2acD9aYhkwN7Iu9DUyWf8QpA\"><b>MESUREM<\/b><\/a><\/span><\/p>\n<p><b>Endavant i bona feina!<\/b><\/p>\n<p>&nbsp;<\/p>\n<p><span style=\"color: #0000ff;\"><b>DIMECRES 15 D&#8217;ABRIL<\/b><\/span><\/p>\n<p><b>ACTIVITATS 4t<\/b><\/p>\n<p><strong>Hola nens i nenes de 4t! <\/strong><\/p>\n<p>&nbsp;<\/p>\n<p><span style=\"font-weight: 400;\">La primera activitat que us proposem \u00e9s de llengua on treballarem la s\u00edl.laba.\u00a0 <\/span><span style=\"font-weight: 400;\">Aquesta activitat ens l\u2019haureu de fer arribar ja sigui via mail o whatsapp al m\u00f2bil de l\u2019escola.<\/span><\/p>\n<p><span style=\"font-weight: 400;\">Recordeu de fer totes les activitats que proposem a la vostra llibreta.<\/span><\/p>\n<p><a href=\"https:\/\/drive.google.com\/drive\/folders\/1-i88iXfzq69GiZVRVnDZfw0yfa6vFA6q\"><span style=\"font-weight: 400;\">La s\u00edl.laba<\/span><\/a><\/p>\n<p><span style=\"font-weight: 400;\">Trobeu a faltar el c\u00e0lcul mental? Doncs la seg\u00fcent activitat s\u00f3n els exercicis de c\u00e0lcul que acostumaven a fer a classe durant aquest curs.<\/span><\/p>\n<p><span style=\"font-weight: 400;\">En el segon enlla\u00e7 trobareu les solucions per tal de fer la correcci\u00f3.<\/span><\/p>\n<p><a href=\"https:\/\/drive.google.com\/open?id=1rfWN2M8SBBOr2v5Q8iq4I9hcvvjWMSD5\"><span style=\"font-weight: 400;\">C\u00c0LCUL MENTAL<\/span><\/a><\/p>\n<p><a href=\"https:\/\/drive.google.com\/open?id=1kA3rTyYE1yTkfevkgyKvD-mBXldGK9jz\"><span style=\"font-weight: 400;\">CORRECCI\u00d3<\/span><\/a><\/p>\n<p><span style=\"font-weight: 400;\">Qu\u00e8 us fa sentir la m\u00fasica?\u00a0 <\/span><span style=\"font-weight: 400;\">Escolteu les seg\u00fcents can\u00e7ons i escriviu, a partir del gui\u00f3 que teniu penjat, qu\u00e8 us transmet cada melodia.<\/span><\/p>\n<p><span style=\"font-weight: 400;\">Teniu totes les can\u00e7ons que heu d\u2019escoltar agrupades en aquest enlla\u00e7:<\/span><\/p>\n<p><a href=\"https:\/\/drive.google.com\/open?id=16mV2weIZLK5X0CS1tYjq0InIeG3LHQAr\"><span style=\"font-weight: 400;\">M\u00daSICA<\/span><\/a><\/p>\n<p><b>ACTIVITATS 3r<\/b><\/p>\n<p><span style=\"font-weight: 400;\">Bon dia a tots i totes!\u00a0 <\/span><span style=\"font-weight: 400;\">Segur que ja heu carregat piles! Doncs, som-hi!<\/span><\/p>\n<p><span style=\"font-weight: 400;\">Us proposem llegir el fragment d\u2019aquest conte que parla d\u2019un pare despistat i resol les preguntes que et proposen, les trobar\u00e0s clicant damunt del llapis.<\/span><\/p>\n<p><span style=\"font-weight: 400;\">Activitat 1:<\/span><\/p>\n<p><a href=\"https:\/\/www.weeras.com\/ebook\/html5\/?editorial_guid=C800259A-E103-4039-8F31-C23D12543CED&amp;book_guid=233918AF-FEAF-4F03-9710-99DCA25F788D&amp;content=142281\"><span style=\"font-weight: 400;\">QUE DESPISTAT! LECTURA I ACTIVITATS<\/span><\/a><\/p>\n<p><a href=\"https:\/\/www.weeras.com\/ebook\/html5\/?editorial_guid=C800259A-E103-4039-8F31-C23D12543CED&amp;book_guid=233918AF-FEAF-4F03-9710-99DCA25F788D&amp;content=142281\"><span style=\"font-weight: 400;\">L\u00c8XIC<\/span><\/a><\/p>\n<p><span style=\"font-weight: 400;\">I tu, ets gaire despistat o despistada?\u00a0 <\/span><span style=\"font-weight: 400;\">Pensa alguna situaci\u00f3 en que t\u2019hagis despistat i ens ho expliques, en un \u00e0udio, al m\u00f2bil de l\u2019escola, amb el teu nom.<\/span><\/p>\n<p><span style=\"font-weight: 400;\">Vinga, pensa b\u00e9 i explica\u2019ns que som tot orelles.<\/span><\/p>\n<p><span style=\"font-weight: 400;\">De matem\u00e0tiques, cal que repassis la *taula del 3*.\u00a0 <\/span><span style=\"font-weight: 400;\">Vigila que haur\u00e0s de fer les 15 operacions de cada pantalla en un minut.<\/span><\/p>\n<p><span style=\"font-weight: 400;\">Cal que et concentris\u2026 segur que ho aconseguir\u00e0s! Ho pots fer tantes vegades com vulguis.<\/span><\/p>\n<p><span style=\"font-weight: 400;\">Activitat 3:<\/span><\/p>\n<p><a href=\"https:\/\/www.weeras.com\/ebook\/html5\/?editorial_guid=C800259A-E103-4039-8F31-C23D12543CED&amp;book_guid=AE3A8173-C8CE-477D-97F0-BFA6298A912A&amp;content=142285\"><span style=\"font-weight: 400;\">CALCULAR \u00c9S DIVERTIT!<\/span><\/a><\/p>\n<p><span style=\"font-weight: 400;\">I tal com feiem a classe, seguim investigant els *animals*. En aquest enlla\u00e7 trobar\u00e0s informaci\u00f3 molt interessant sobre el m\u00f3n animal.<\/span><\/p>\n<p><span style=\"font-weight: 400;\">Activitat 6:<\/span><\/p>\n<p><a href=\"https:\/\/www.weeras.com\/ebook\/html5\/?editorial_guid=C800259A-E103-4039-8F31-C23D12543CED&amp;book_guid=DAB57070-029C-4BBD-AD5D-FCAE1A3F2F90&amp;content=142283\"><span style=\"font-weight: 400;\">B\u00c8STIES I BESTIOLES EN GRUP<\/span><\/a><\/p>\n<p><span style=\"font-weight: 400;\">Bona feina!<\/span><\/p>\n<\/div>\n<\/div>\n<div class=\"yj6qo\"><\/div>\n<div class=\"adL\" dir=\"auto\"><\/div>\n<p><strong>DIVENDRES 3 ABRIL<\/strong>:<\/p>\n<p><strong>Activitats 3r:<\/strong><\/p>\n<p>LLENGUA:<\/p>\n<p>Us proposem fer l&#8217;unitat 7 del llibre CLOE. Que us sembla si fem:<br \/>\nLa lectura:. Biografia d&#8217;un personatge de ficci\u00f3 [Sherlock Holmes]<br \/>\nVocabulari:. P\u00e0gina:71 i Reptes: 72. Som-hi!<\/p>\n<p>MATES:<\/p>\n<p>Us fem arribar unes activitats de c\u00e0lcul, us proposem del pack 1 fins el pack 9. \u00c0nims!<br \/>\n<a href=\"http:\/\/clic.xtec.cat\/projects\/calcul\/jclic.js\/index.html\">http:\/\/clic.xtec.cat\/projects\/calcul\/jclic.js\/index.html<\/a><\/p>\n<p>MEDI:<\/p>\n<p>EL M\u00d3N, EN PERILL:<\/p>\n<p><a href=\"http:\/\/www.ccma.cat\/tv3\/super3\/infok\/el-mon-en-perill\/video\/5852927\/\">http:\/\/www.ccma.cat\/tv3\/super3\/infok\/el-mon-en-perill\/video\/5852927\/<\/a><\/p>\n<p>Us proposem fer un cartell amb un dibuix del planeta Terra ? i 3-4 consells ?<br \/>\nQU\u00c8 PODEM FER ELS HUMANS PER PROTEGIR EL PLANETA? ?\u2728?<br \/>\nEnvia&#8217;ns una foto i el podrem compartir ?<\/p>\n<p><strong>Activitats 4t:<\/strong><\/p>\n<p>LENGUA:<\/p>\n<p>Us proposem fer aquest joc per fer mem\u00f2ria i recordar quan escrivim les paraules amb \u201cr\u201d o amb \u201crr\u201d. Us atreviu? Som-hi!<br \/>\n<a href=\"https:\/\/clic.xtec.cat\/projects\/aventura\/nivell1\/07ci\/jclic.js\/index.html\">https:\/\/clic.xtec.cat\/projects\/aventura\/nivell1\/07ci\/jclic.js\/index.html<\/a><\/p>\n<p>MATES:<\/p>\n<p>Us fem arribar unes activitats de c\u00e0lcul, us proposem del pack 1 fins el pack 9. \u00c0nims!<br \/>\n<a href=\"http:\/\/clic.xtec.cat\/projects\/calcul\/jclic.js\/index.html\">http:\/\/clic.xtec.cat\/projects\/calcul\/jclic.js\/index.html<\/a><\/p>\n<p>MEDI:<\/p>\n<p>Mireu el v\u00eddeo de l&#8217;Infok: EL M\u00d3N, EN PERILL:<\/p>\n<p><a href=\"http:\/\/www.ccma.cat\/tv3\/super3\/infok\/el-mon-en-perill\/video\/5852927\/\">http:\/\/www.ccma.cat\/tv3\/super3\/infok\/el-mon-en-perill\/video\/5852927\/<\/a><\/p>\n<p>Us proposem fer un cartell amb un dibuix del planeta Terra ? i 3-4 consells ?<br \/>\nQU\u00c8 PODEM FER ELS HUMANS PER PROTEGIR EL PLANETA? ?\u2728?<br \/>\nEnvia&#8217;ns una foto i el podrem compartir ?<\/p>\n<p>PROPOSTES DE FRANC\u00c8S:<\/p>\n<p>Per seguir escoltant franc\u00e8s us proposem aquests Audio-llibres:<\/p>\n<p>Peter Pan:<br \/>\n<a href=\"https:\/\/stories.audible.com\/pdp\/B071J26NNN?ref=adbl_ent_anon_sc_pdp_pc_11\">https:\/\/stories.audible.com\/pdp\/B071J26NNN?ref=adbl_ent_anon_sc_pdp_pc_11<\/a><\/p>\n<p>La petite sir\u00e8ne:<br \/>\n<a href=\"https:\/\/stories.audible.com\/pdp\/B072C2JDBQ?ref=adbl_ent_anon_sc_pdp_pc_13\">https:\/\/stories.audible.com\/pdp\/B072C2JDBQ?ref=adbl_ent_anon_sc_pdp_pc_13<\/a><\/p>\n<p>La cuisine de Gudule:<br \/>\n<a href=\"https:\/\/stories.audible.com\/pdp\/B08666S58X?ref=adbl_ent_anon_sc_pdp_pc_34\">https:\/\/stories.audible.com\/pdp\/B08666S58X?ref=adbl_ent_anon_sc_pdp_pc_34<\/a><\/p>\n<p>I si voleu veure una pel\u00b7l\u00edcula en franc\u00e8s aqu\u00ed us en proposem unes quantes:<\/p>\n<p>Lucky Luck:<br \/>\n<a href=\"https:\/\/www.youtube.com\/channel\/UCaLorRUjEFeIz8HQCXDTG6Q\">https:\/\/www.youtube.com\/channel\/UCaLorRUjEFeIz8HQCXDTG6Q<\/a><\/p>\n<p>Asterix Obelix:<br \/>\n<a href=\"https:\/\/www.youtube.com\/watch?v=PCXTpBnl30M\">https:\/\/www.youtube.com\/watch?v=PCXTpBnl30M<\/a><\/p>\n<p>Youtuber:<\/p>\n<p>Satin Wall\u00e9:<br \/>\n<a href=\"https:\/\/www.youtube.com\/channel\/UCcGgTRwPxH-IzxGzB7mZr0Q\">https:\/\/www.youtube.com\/channel\/UCcGgTRwPxH-IzxGzB7mZr0Q<\/a><\/p>\n<p>Cyprien:<br \/>\n<a href=\"https:\/\/www.youtube.com\/watch?v=RL7grUEo960\">https:\/\/www.youtube.com\/watch?v=RL7grUEo960<\/a><\/p>\n<p><strong>DIMECRES 1 ABRIL:<\/strong><\/p>\n<p><strong>Activitats 3r:<\/strong><\/p>\n<p>LLENGUA:<\/p>\n<p>Us proposem unes activitats per treballar ortografia i refrescar quan utilitzem la r\/rr. Som-hi!<br \/>\n<a href=\"http:\/\/www.edu365.cat\/primaria\/catala\/ortografia\/index.html\">http:\/\/www.edu365.cat\/primaria\/catala\/ortografia\/index.html<\/a> ( Nivell: Nil, apartat: r\/rr)<br \/>\nMATES<\/p>\n<p>Us proposem dues activitats per jugar amb el EUROS i aix\u00ed repassem el que hem treballat a classe.<br \/>\nEndavant!<\/p>\n<p><a href=\"http:\/\/xtec.cat\/ceiplacreutorrefarrera\/euros\/euros-1.html\">http:\/\/xtec.cat\/ceiplacreutorrefarrera\/euros\/euros-1.html<\/a><\/p>\n<p><a href=\"http:\/\/teachingmoney.co.uk\/eurosite\/wb\/CLASSchangeEURO.html\">http:\/\/teachingmoney.co.uk\/eurosite\/wb\/CLASSchangeEURO.html<\/a><\/p>\n<p>VALORS:<\/p>\n<p>Visualitzeu aquest v\u00eddeo i seguidament reflexioneu.<br \/>\n<a href=\"https:\/\/www.ccma.cat\/tv3\/super3\/infok\/que-podem-fer-si-les-noticies-ens-posen-tristos\/video\/5638757\/\">https:\/\/www.ccma.cat\/tv3\/super3\/infok\/que-podem-fer-si-les-noticies-ens-posen-tristos\/video\/5638757\/<\/a><\/p>\n<p>\u00daltimament esteu mirant o escoltant not\u00edcies que us posen tristos?<br \/>\nQu\u00e8 feu per fer fora aquest malestar que us pot arribar a provocar?<br \/>\nHo parleu amb la fam\u00edlia, ho dibuixeu, escriviu?<\/p>\n<p>Us proposem que, a partir d\u2019avui, si hi ha alguna not\u00edcia que us provoqui malestar l\u2019exterioritzeu en la vostra llibreta o en un full en forma de dibuix o escrit. \u00c0nims!!<\/p>\n<p><strong>Activitats 4t:<\/strong><\/p>\n<p>MATES:<\/p>\n<p>La proposta d\u2019avui es tracta de fer diferents figures a trav\u00e9s d\u2019aquest tangram virtual. Veureu que hi ha dos nivells, us recomanem que feu el nivell 2. Som-hi cracs!!<\/p>\n<p><a href=\"http:\/\/www.xtec.cat\/~jbuil\/tangram\/\">http:\/\/www.xtec.cat\/~jbuil\/tangram\/<\/a><\/p>\n<p>LENGUA:<\/p>\n<p>\u00bfTrabajamos la separaci\u00f3n de s\u00edl\u00b7labas? Debeis pensar cuantas s\u00edl\u00b7labas tienen las palabras que aparecen y elegir una de las opciones que aparecen a continuaci\u00f3n.<br \/>\nPracticad con el ejercicio 1 y 2. \u00a1Vamos chicos y chicas!<\/p>\n<p><a href=\"https:\/\/aprenderespanol.org\/gramatica\/acentuacion-silaba-tonica.html\">https:\/\/aprenderespanol.org\/gramatica\/acentuacion-silaba-tonica.html<\/a><\/p>\n<p>VALORS:<\/p>\n<p>Visualitzeu aquest v\u00eddeo i seguidament reflexioneu.<br \/>\n<a href=\"https:\/\/www.ccma.cat\/tv3\/super3\/infok\/que-podem-fer-si-les-noticies-ens-posen-tristos\/video\/5638757\/\">https:\/\/www.ccma.cat\/tv3\/super3\/infok\/que-podem-fer-si-les-noticies-ens-posen-tristos\/video\/5638757\/<\/a><\/p>\n<p>\u00daltimament esteu mirant o escoltant not\u00edcies que us posen tristos?<br \/>\nQu\u00e8 feu per fer fora aquest malestar que us pot arribar a provocar?<br \/>\nHo parleu amb la fam\u00edlia, ho dibuixeu, escriviu?<\/p>\n<p>Us proposem que, a partir d\u2019avui, si hi ha alguna not\u00edcia que us provoqui malestar l\u2019exterioritzeu en la vostra llibreta o en un full en forma de dibuix o escrit. \u00c0nims!!<\/p>\n<p>&nbsp;<\/p>\n<p><strong>DILLUNS 30<\/strong><br \/>\nLLENGUA:<br \/>\nAvui us proposem llegir el conte \u201cEL FOLLET ORIOL I EL CASTELL DELS CONJURS\u201d i una vegada llegit, en un foli o una llibreta, podeu inventar-vos un final diferents i fer un dibuix del conte. Ens agradaria que aquesta activitat la compartiu amb nosaltres fent una foto i enviant-la al m\u00f2bil de l\u2019escola.<\/p>\n<p><a href=\"https:\/\/issuu.com\/editorial_barcanova\/docs\/folletoriolcastellconjurs\">https:\/\/issuu.com\/editorial_barcanova\/docs\/folletoriolcastellconjurs<\/a><\/p>\n<p>MATEM\u00c0TIQUES:<br \/>\nCom sabem que trobeu a faltar fer problemes de matem\u00e0tiques, aqu\u00ed us deixem un jclic on podreu triar el nivell. Podeu comen\u00e7ar pel primer i anar pujant de dificultat.<br \/>\nIMPORTANT! S\u2019ha d\u2019escriure com ho fem a la classe, \u00e9s a dir, el resultat i el concepte (per exemple: 15 llibres). Som-hi!<br \/>\n<a href=\"https:\/\/clic.xtec.cat\/projects\/quinzet\/jclic.js\/index.html\">https:\/\/clic.xtec.cat\/projects\/quinzet\/jclic.js\/index.html<\/a><br \/>\nMEDI 3r:<br \/>\nAquests dies estaria b\u00e9 refrescar quins aliments s\u00f3n m\u00e9s saludables per el nostre cos. Que us sembla si fem aquest jclic sobre aliments saludables? Som-hi, ja veureu que divertit!<br \/>\n<a href=\"https:\/\/clic.xtec.cat\/projects\/menjabe\/jclic.js\/index.html\">https:\/\/clic.xtec.cat\/projects\/menjabe\/jclic.js\/index.html<\/a><br \/>\nMEDI 4t:<br \/>\nContinuarem practicant quins s\u00f3n els \u00f2rgans que treballen en la funci\u00f3 de la nutrici\u00f3 a partir d\u2019aquest link. Avui ampliem fins l\u2019activitat 7, \u00e9s a dir, farem les activitats de la 1 fins la 7.<br \/>\n<a href=\"https:\/\/cplosangeles.educarex.es\/web\/cmedio3\/nutricion\/indice.htm\">https:\/\/cplosangeles.educarex.es\/web\/cmedio3\/nutricion\/indice.htm<\/a><\/p>\n<p><strong>2n SETMANA:<\/strong><\/p>\n<p>Hola a tots I totes!<br \/>\nAvui us deixem un seguit de propostes d&#8217;activitats per poder continuar aprenent des de casa! ????<\/p>\n<p>Activitats de 3r:<\/p>\n<p>LLENGUA: Hola a todos y todas! Hoy os proponemos actividades para repasar las frases hechas. MUY IMPORTANTE, cuando inici\u00e9is la actividad, deb\u00e9is hacer clic en \u201cIniciar Presentaci\u00f3n\u201d. Deb\u00e9is pensar y clicar la opci\u00f3n correcta y en la siguiente diapositiva podr\u00e9is ver la soluci\u00f3n.<br \/>\n<a href=\"http:\/\/docs.google.com\/presentation\/d\/1miKDUUV-Vz0zqdpo66tGx-m2dBrRqez6Z-A7l4u2hxQ\/edit#slude=id.p\">http:\/\/docs.google.com\/presentation\/d\/1miKDUUV-Vz0zqdpo66tGx-m2dBrRqez6Z-A7l4u2hxQ\/edit#slude=id.p<\/a><\/p>\n<p>MATES: Aquesta vegada os proposem un joc per anar repassant les taules de multiplicar! Ja veureu que \u00e9s molt divertit, \u00e0nims! ?<br \/>\n<a href=\"http:\/\/clic.xtec.cat\/projects\/taules2\/jclic.js\/index.html\">http:\/\/clic.xtec.cat\/projects\/taules2\/jclic.js\/index.html<\/a><\/p>\n<p>FRANC\u00c8S<br \/>\n<a href=\"https:\/\/agora.xtec.cat\/escjoseppenuelas\/wp-content\/uploads\/usu1492\/2020\/03\/LOTO-DES-VERBES-converti-1-1.pdf\">Tamb\u00e9 us deixem unes activitats per repassar el vocabulari de Franc\u00e8s<\/a>. Esperem que us agradin molt!<\/p>\n<p>Activitats de 4t:<\/p>\n<p>CASTELL\u00c0:<br \/>\nHola a todos y todas! Hoy os proponemos actividades para repasar las frases hechas. MUY IMPORTANTE, cuando inici\u00e9is la actividad, deb\u00e9is hacer clic en \u201cIniciar Presentaci\u00f3n\u201d. Deb\u00e9is pensar y clicar la opci\u00f3n correcta y en la siguiente diapositiva podr\u00e9is ver la soluci\u00f3n.<br \/>\n<a href=\"http:\/\/docs.google.com\/presentation\/d\/1miKDUUV-Vz0zqdpo66tGx-m2dBrRqez6Z-A7l4u2hxQ\/edit#slude=id.p\">http:\/\/docs.google.com\/presentation\/d\/1miKDUUV-Vz0zqdpo66tGx-m2dBrRqez6Z-A7l4u2hxQ\/edit#slude=id.p<\/a><\/p>\n<p>MATEM\u00c0TIQUES:<br \/>\nRecordeu els tallers de dilluns sobre capacitat, massa i longitud? Doncs en aquest link podreu practicar conversions referent a longitud.<br \/>\n<a href=\"https:\/\/www.thatquiz.org\/es-n\/ciencia\/sistema-metrico\/\">https:\/\/www.thatquiz.org\/es-n\/ciencia\/sistema-metrico\/<\/a><\/p>\n<p>FRANC\u00c8S:<br \/>\n<a href=\"https:\/\/agora.xtec.cat\/escjoseppenuelas\/wp-content\/uploads\/usu1492\/2020\/03\/SEMAINE-2-1.pdf\">Tamb\u00e9 us deixem unes activitats per repassar<\/a>. Esperem que us agradin molt!<\/p>\n<p><strong>ACTIVITATS DIMARTS<\/strong><\/p>\n<p><strong>Per 3r:<\/strong><\/p>\n<p>LLENGUA:<br \/>\nUs proposem un parell de jocs que ja heu fet alguna vegada, de lectura i ortografia, amb temes diferents. Endavant! ?<\/p>\n<p>Lectura: <a href=\"http:\/\/www.edu365.cat\/primaria\/catala\/entrena\/index.html\">http:\/\/www.edu365.cat\/primaria\/catala\/entrena\/index.html<\/a> (Nivell: mig fons tema: la selva)<br \/>\nOrtograf\u00eda: <a href=\"http:\/\/www.edu365.cat\/primaria\/catala\/ortografia\/index.html\">http:\/\/www.edu365.cat\/primaria\/catala\/ortografia\/index.html<\/a> (Nivell: Nil apartat: l&#8217;ap\u00f2strof.)<\/p>\n<p>MATES:<br \/>\nAqui trobareu molts jocs de nombres per repassar el que hem fet a classe. Podeu fer un paquet d&#8217;activitats.<br \/>\nSi en voleu fer una alguna m\u00e9s, endavant!<br \/>\nSom-hi ??? ??<\/p>\n<p>Numeraci\u00f3: <a href=\"http:\/\/clic.xtec.cat\/projects\/jocnum2\/jclic.js\/index.html\">http:\/\/clic.xtec.cat\/projects\/jocnum2\/jclic.js\/index.html<\/a><\/p>\n<p><strong>Per 4t:<\/strong><\/p>\n<p>LLENGUA:<br \/>\nUs proposem uns petits jocs per treballar l\u2019ortografia de les vocals neutres i com sabem que trobeu a faltar fer els dictats a l\u2019escola, aqu\u00ed us deixem un per treballar les paraules que s\u2019escriuen amb A i amb E. Recordeu que a vegades la E sembla una A.<br \/>\n<a href=\"http:\/\/www.edu365.cat\/primaria\/catala\/ortografia\/cs06.html\">http:\/\/www.edu365.cat\/primaria\/catala\/ortografia\/cs06.html<\/a><br \/>\n<a href=\"https:\/\/llengua.gencat.cat\/ca\/serveis\/aprendre_catala\/recursos-per-al-professorat\/dictats-en-linia\/b1\/a-e\/\">https:\/\/llengua.gencat.cat\/ca\/serveis\/aprendre_catala\/recursos-per-al-professorat\/dictats-en-linia\/b1\/a-e\/<\/a> (teatre)<br \/>\nMATES:<br \/>\nAqu\u00ed trobareu un munt de jocs de matem\u00e0tiques que podeu anar fent. Som-hi!<br \/>\n<a href=\"https:\/\/www.mundoprimaria.com\/juegos-educativos\/juegos-matematicas\/numeros\/num-cuarto\">https:\/\/www.mundoprimaria.com\/juegos-educativos\/juegos-matematicas\/numeros\/num-cuarto<\/a><\/p>\n<p><strong>PROPOSTES DE DILLUNS 23:<\/strong><\/p>\n<p>Matem\u00e0tiques 3r i 4t:<br \/>\n<a href=\"http:\/\/www.superjocs.com\/joc\/suma-tetris\/\"><img loading=\"lazy\" decoding=\"async\" class=\"alignleft wp-image-3015\" src=\"https:\/\/agora.xtec.cat\/escjoseppenuelas\/wp-content\/uploads\/usu1492\/2020\/03\/Captura-de-Pantalla-2020-03-23-a-les-11.28.43-300x227.png\" alt=\"\" width=\"254\" height=\"192\" srcset=\"https:\/\/agora.xtec.cat\/escjoseppenuelas\/wp-content\/uploads\/usu1492\/2020\/03\/Captura-de-Pantalla-2020-03-23-a-les-11.28.43-300x227.png 300w, https:\/\/agora.xtec.cat\/escjoseppenuelas\/wp-content\/uploads\/usu1492\/2020\/03\/Captura-de-Pantalla-2020-03-23-a-les-11.28.43-200x150.png 200w, https:\/\/agora.xtec.cat\/escjoseppenuelas\/wp-content\/uploads\/usu1492\/2020\/03\/Captura-de-Pantalla-2020-03-23-a-les-11.28.43.png 592w\" sizes=\"auto, (max-width: 254px) 100vw, 254px\" \/><\/a><\/p>\n<p>&nbsp;<\/p>\n<p>&nbsp;<\/p>\n<p>&nbsp;<\/p>\n<p>&nbsp;<\/p>\n<p>Llengua 3r i 4t:<\/p>\n<p>Llegir conte \u201cCam\u00ed a l\u2019escola\u201d :<\/p>\n<p><a href=\"http:\/\/statics.ccma.cat\/multimedia\/pdf\/8\/8\/1582891099688.pdf\"><img loading=\"lazy\" decoding=\"async\" class=\"alignleft size-medium wp-image-3017\" src=\"https:\/\/agora.xtec.cat\/escjoseppenuelas\/wp-content\/uploads\/usu1492\/2020\/03\/Captura-de-Pantalla-2020-03-23-a-les-11.31.32-300x147.png\" alt=\"\" width=\"300\" height=\"147\" srcset=\"https:\/\/agora.xtec.cat\/escjoseppenuelas\/wp-content\/uploads\/usu1492\/2020\/03\/Captura-de-Pantalla-2020-03-23-a-les-11.31.32-300x147.png 300w, https:\/\/agora.xtec.cat\/escjoseppenuelas\/wp-content\/uploads\/usu1492\/2020\/03\/Captura-de-Pantalla-2020-03-23-a-les-11.31.32.png 569w\" sizes=\"auto, (max-width: 300px) 100vw, 300px\" \/><\/a><\/p>\n<p>&nbsp;<\/p>\n<p>&nbsp;<\/p>\n<p>&nbsp;<\/p>\n<p>&nbsp;<\/p>\n<p>i despr\u00e9s veure el seg\u00fcent v\u00eddeo<\/p>\n<p><iframe loading=\"lazy\" src=\"https:\/\/www.ccma.cat\/video\/embed\/super3\/4997531\/\" width=\"500px\" height=\"281px\" frameborder=\"0\"><\/iframe><\/p>\n<p>Medi 3r:<\/p>\n<p><a href=\"http:\/\/clic.xtec.cat\/projects\/ani_mon\/jclic.js\/index.html\"><img loading=\"lazy\" decoding=\"async\" class=\"alignleft size-medium wp-image-3018\" src=\"https:\/\/agora.xtec.cat\/escjoseppenuelas\/wp-content\/uploads\/usu1492\/2020\/03\/Captura-de-Pantalla-2020-03-23-a-les-11.35.37-300x184.png\" alt=\"\" width=\"300\" height=\"184\" srcset=\"https:\/\/agora.xtec.cat\/escjoseppenuelas\/wp-content\/uploads\/usu1492\/2020\/03\/Captura-de-Pantalla-2020-03-23-a-les-11.35.37-300x184.png 300w, https:\/\/agora.xtec.cat\/escjoseppenuelas\/wp-content\/uploads\/usu1492\/2020\/03\/Captura-de-Pantalla-2020-03-23-a-les-11.35.37.png 594w\" sizes=\"auto, (max-width: 300px) 100vw, 300px\" \/><\/a><\/p>\n<p>&nbsp;<\/p>\n<p>&nbsp;<\/p>\n<p>&nbsp;<\/p>\n<p>&nbsp;<\/p>\n<p>&nbsp;<\/p>\n<p>Medi 4t:<br \/>\n<a href=\"https:\/\/cplosangeles.educarex.es\/web\/cmedio3\/nutricion\/indice.htm\"><img loading=\"lazy\" decoding=\"async\" class=\"alignleft size-medium wp-image-3019\" src=\"https:\/\/agora.xtec.cat\/escjoseppenuelas\/wp-content\/uploads\/usu1492\/2020\/03\/Captura-de-Pantalla-2020-03-23-a-les-11.37.33-300x250.png\" alt=\"\" width=\"300\" height=\"250\" srcset=\"https:\/\/agora.xtec.cat\/escjoseppenuelas\/wp-content\/uploads\/usu1492\/2020\/03\/Captura-de-Pantalla-2020-03-23-a-les-11.37.33-300x250.png 300w, https:\/\/agora.xtec.cat\/escjoseppenuelas\/wp-content\/uploads\/usu1492\/2020\/03\/Captura-de-Pantalla-2020-03-23-a-les-11.37.33.png 344w\" sizes=\"auto, (max-width: 300px) 100vw, 300px\" \/><\/a><\/p>\n<p>&nbsp;<\/p>\n<p>&nbsp;<\/p>\n<p>&nbsp;<\/p>\n<p>&nbsp;<\/p>\n<p><span style=\"font-family: inherit; font-size: 1em;\">(activitat 1 i 2)<\/span><\/p>\n<p>&nbsp;<\/p>\n<p>Entreteniments:<br \/>\nTria i pinta una mandala <a href=\"http:\/\/www.superjocs.com\/joc\/mandales-1728\/\">http:\/\/www.superjocs.com\/joc\/mandales-1728\/<\/a><\/p>\n<p>&nbsp;<\/p>\n<p><strong>ACTIVITATS PER ALUMNAT D&#8217;AULA D&#8217;ACOLLIDA!!<\/strong><\/p>\n<div class=\"page\" title=\"Page 1\">\n<div class=\"section\">\n<div class=\"layoutArea\">\n<div class=\"column\">\n<p>PER TREBALLAR EL VOCABULARI DEL COS<\/p>\n<p><a href=\"http:\/\/www.edu365.cat\/eso\/catala\/mudsmots\/nomcosa1\/01_1.html\"><img loading=\"lazy\" decoding=\"async\" class=\"alignleft size-medium wp-image-3028\" src=\"https:\/\/agora.xtec.cat\/escjoseppenuelas\/wp-content\/uploads\/usu1492\/2020\/03\/Captura-de-Pantalla-2020-03-23-a-les-15.55.15-300x179.png\" alt=\"\" width=\"300\" height=\"179\" srcset=\"https:\/\/agora.xtec.cat\/escjoseppenuelas\/wp-content\/uploads\/usu1492\/2020\/03\/Captura-de-Pantalla-2020-03-23-a-les-15.55.15-300x179.png 300w, https:\/\/agora.xtec.cat\/escjoseppenuelas\/wp-content\/uploads\/usu1492\/2020\/03\/Captura-de-Pantalla-2020-03-23-a-les-15.55.15.png 746w\" sizes=\"auto, (max-width: 300px) 100vw, 300px\" \/><\/a><\/p>\n<p>&nbsp;<\/p>\n<p>&nbsp;<\/p>\n<p>&nbsp;<\/p>\n<p>&nbsp;<\/p>\n<p>&nbsp;<\/p>\n<p><a href=\"https:\/\/clic.xtec.cat\/gali\/gali.html?page=tema&amp;variant=cent&amp;grup=2&amp;nivell=a\"><img loading=\"lazy\" decoding=\"async\" class=\"alignleft size-medium wp-image-3029\" src=\"https:\/\/agora.xtec.cat\/escjoseppenuelas\/wp-content\/uploads\/usu1492\/2020\/03\/Captura-de-Pantalla-2020-03-23-a-les-15.57.15-300x128.png\" alt=\"\" width=\"300\" height=\"128\" srcset=\"https:\/\/agora.xtec.cat\/escjoseppenuelas\/wp-content\/uploads\/usu1492\/2020\/03\/Captura-de-Pantalla-2020-03-23-a-les-15.57.15-300x128.png 300w, https:\/\/agora.xtec.cat\/escjoseppenuelas\/wp-content\/uploads\/usu1492\/2020\/03\/Captura-de-Pantalla-2020-03-23-a-les-15.57.15.png 348w\" sizes=\"auto, (max-width: 300px) 100vw, 300px\" \/><\/a><\/p>\n<p>&nbsp;<\/p>\n<p>&nbsp;<\/p>\n<p>&nbsp;<\/p>\n<p>&nbsp;<\/p>\n<p><a href=\"https:\/\/www.educaixa.com\/microsites\/habitos_saludables\/parts_cos_huma\/\">https:\/\/www.educaixa.com\/microsites\/habitos_saludables\/parts_cos_huma\/<\/a><\/p>\n<p>&nbsp;<\/p>\n<p>Can\u00e7\u00f3: \u200b\u200bEn Joan Petit quan balla<\/p>\n<div class=\"ast-oembed-container \" style=\"height: 100%;\"><iframe loading=\"lazy\" title=\"CantaJuego - Joan Petit\" width=\"500\" height=\"375\" src=\"https:\/\/www.youtube.com\/embed\/Lmd8619LoF4?feature=oembed\" frameborder=\"0\" allow=\"accelerometer; autoplay; clipboard-write; encrypted-media; gyroscope; picture-in-picture; web-share\" referrerpolicy=\"strict-origin-when-cross-origin\" allowfullscreen><\/iframe><\/div>\n<p>EN AQUESTA P\u00c0GINA TENIU UN MUNT DE P\u00c0GINES WEB SOBRE EL COS:<\/p>\n<p><a href=\"http:\/\/www.xtec.cat\/centres\/a8023232\/tic\/medi\/cos-huma.htm\">http:\/\/www.xtec.cat\/centres\/a8023232\/tic\/medi\/cos-huma.htm<\/a><\/p>\n<p>SI TENIU DUBTES DE COM ES DIUEN LES PARAULES A CONTINUACI\u00d3 <a href=\"https:\/\/translate.google.es\/?hl=ca\">TENIU EL TRADUCTOR:<\/a><\/p>\n<p>&nbsp;<\/p>\n<\/div>\n<\/div>\n<\/div>\n<\/div>\n<p><strong>PROPOSTES 1era SETMANA:<\/strong><\/p>\n<p>Activitats de medi per 3r:<\/p>\n<p><a href=\"http:\/\/clic.xtec.cat\/projects\/ani_ext\/jclic.js\/index.html\"><img loading=\"lazy\" decoding=\"async\" class=\"alignleft wp-image-2975\" src=\"https:\/\/agora.xtec.cat\/escjoseppenuelas\/wp-content\/uploads\/usu1492\/2020\/03\/Captura-de-Pantalla-2020-03-20-a-les-9.48.16-300x217.png\" alt=\"\" width=\"185\" height=\"134\" srcset=\"https:\/\/agora.xtec.cat\/escjoseppenuelas\/wp-content\/uploads\/usu1492\/2020\/03\/Captura-de-Pantalla-2020-03-20-a-les-9.48.16-300x217.png 300w, https:\/\/agora.xtec.cat\/escjoseppenuelas\/wp-content\/uploads\/usu1492\/2020\/03\/Captura-de-Pantalla-2020-03-20-a-les-9.48.16.png 644w\" sizes=\"auto, (max-width: 185px) 100vw, 185px\" \/><\/a><\/p>\n<p>&nbsp;<\/p>\n<p>&nbsp;<\/p>\n<p>&nbsp;<\/p>\n<p>&nbsp;<\/p>\n<p>Activitats de medi per 4t:<\/p>\n<p><a href=\"http:\/\/ntic.educacion.es\/w3\/\/eos\/MaterialesEducativos\/mem2007\/enigma_nutricion\/enigma\/aparatos.html\"><img loading=\"lazy\" decoding=\"async\" class=\"alignleft wp-image-2976\" src=\"https:\/\/agora.xtec.cat\/escjoseppenuelas\/wp-content\/uploads\/usu1492\/2020\/03\/Captura-de-Pantalla-2020-03-20-a-les-9.48.48-300x216.png\" alt=\"\" width=\"181\" height=\"130\" srcset=\"https:\/\/agora.xtec.cat\/escjoseppenuelas\/wp-content\/uploads\/usu1492\/2020\/03\/Captura-de-Pantalla-2020-03-20-a-les-9.48.48-300x216.png 300w, https:\/\/agora.xtec.cat\/escjoseppenuelas\/wp-content\/uploads\/usu1492\/2020\/03\/Captura-de-Pantalla-2020-03-20-a-les-9.48.48-768x552.png 768w, https:\/\/agora.xtec.cat\/escjoseppenuelas\/wp-content\/uploads\/usu1492\/2020\/03\/Captura-de-Pantalla-2020-03-20-a-les-9.48.48.png 803w\" sizes=\"auto, (max-width: 181px) 100vw, 181px\" \/><\/a><\/p>\n<p>&nbsp;<\/p>\n<p>&nbsp;<\/p>\n<p>&nbsp;<\/p>\n<p>&nbsp;<\/p>\n<p>Activitats de llengua per 3r:<\/p>\n<p><a href=\"http:\/\/www.edu365.cat\/primaria\/catala\/entrena\/index.html\"><img loading=\"lazy\" decoding=\"async\" class=\"alignleft wp-image-2977\" src=\"https:\/\/agora.xtec.cat\/escjoseppenuelas\/wp-content\/uploads\/usu1492\/2020\/03\/Captura-de-Pantalla-2020-03-20-a-les-9.49.24-300x150.png\" alt=\"\" width=\"224\" height=\"112\" srcset=\"https:\/\/agora.xtec.cat\/escjoseppenuelas\/wp-content\/uploads\/usu1492\/2020\/03\/Captura-de-Pantalla-2020-03-20-a-les-9.49.24-300x150.png 300w, https:\/\/agora.xtec.cat\/escjoseppenuelas\/wp-content\/uploads\/usu1492\/2020\/03\/Captura-de-Pantalla-2020-03-20-a-les-9.49.24.png 489w\" sizes=\"auto, (max-width: 224px) 100vw, 224px\" \/><\/a><\/p>\n<p><strong>(Nivell: mig fons i tema: bruixes).<\/strong><\/p>\n<p>&nbsp;<\/p>\n<p>&nbsp;<\/p>\n<p>Activitats de llengua per 4t:<\/p>\n<p><a href=\"http:\/\/www.edu365.cat\/primaria\/catala\/entrena\/index.html\"><img loading=\"lazy\" decoding=\"async\" class=\"alignleft wp-image-2977\" src=\"https:\/\/agora.xtec.cat\/escjoseppenuelas\/wp-content\/uploads\/usu1492\/2020\/03\/Captura-de-Pantalla-2020-03-20-a-les-9.49.24-300x150.png\" alt=\"\" width=\"212\" height=\"106\" srcset=\"https:\/\/agora.xtec.cat\/escjoseppenuelas\/wp-content\/uploads\/usu1492\/2020\/03\/Captura-de-Pantalla-2020-03-20-a-les-9.49.24-300x150.png 300w, https:\/\/agora.xtec.cat\/escjoseppenuelas\/wp-content\/uploads\/usu1492\/2020\/03\/Captura-de-Pantalla-2020-03-20-a-les-9.49.24.png 489w\" sizes=\"auto, (max-width: 212px) 100vw, 212px\" \/><\/a><\/p>\n<p>&nbsp;<\/p>\n<p><strong>(Nivell: marat\u00f3 i tema: \u00e9ssers fant\u00e0stics)<\/strong><\/p>\n<p>&nbsp;<\/p>\n<p>Matem\u00e0tiques:<\/p>\n<p><a href=\"https:\/\/clic.xtec.cat\/users\/a8903082\/calculcm\/index.html\"><img loading=\"lazy\" decoding=\"async\" class=\"alignleft wp-image-2979\" src=\"https:\/\/agora.xtec.cat\/escjoseppenuelas\/wp-content\/uploads\/usu1492\/2020\/03\/Captura-de-Pantalla-2020-03-20-a-les-9.54.04-300x177.png\" alt=\"\" width=\"176\" height=\"104\" srcset=\"https:\/\/agora.xtec.cat\/escjoseppenuelas\/wp-content\/uploads\/usu1492\/2020\/03\/Captura-de-Pantalla-2020-03-20-a-les-9.54.04-300x177.png 300w, https:\/\/agora.xtec.cat\/escjoseppenuelas\/wp-content\/uploads\/usu1492\/2020\/03\/Captura-de-Pantalla-2020-03-20-a-les-9.54.04.png 673w\" sizes=\"auto, (max-width: 176px) 100vw, 176px\" \/><\/a><\/p>\n<p>&nbsp;<\/p>\n<p><strong>3r (sumes, restes i multiplicacions) i 4t (tot)<\/strong><\/p>\n<p>&nbsp;<\/p>\n<p>&nbsp;<\/p>\n<p>En aquest enlla\u00e7, podreu trobar diferents jocs matem\u00e0tics com per exemple un memori de multiplicacions:<\/p>\n<p><a href=\"https:\/\/www.tablasdemultiplicar.com\/memoria.html\"><img loading=\"lazy\" decoding=\"async\" class=\"alignleft wp-image-2946\" src=\"https:\/\/agora.xtec.cat\/escjoseppenuelas\/wp-content\/uploads\/usu1492\/2020\/03\/Captura-de-Pantalla-2020-03-18-a-les-17.17.09-300x297.png\" alt=\"\" width=\"150\" height=\"148\" srcset=\"https:\/\/agora.xtec.cat\/escjoseppenuelas\/wp-content\/uploads\/usu1492\/2020\/03\/Captura-de-Pantalla-2020-03-18-a-les-17.17.09-300x297.png 300w, https:\/\/agora.xtec.cat\/escjoseppenuelas\/wp-content\/uploads\/usu1492\/2020\/03\/Captura-de-Pantalla-2020-03-18-a-les-17.17.09.png 564w\" sizes=\"auto, (max-width: 150px) 100vw, 150px\" \/><\/a><\/p>\n<p>&nbsp;<\/p>\n<p>&nbsp;<\/p>\n<p>&nbsp;<\/p>\n<p>&nbsp;<\/p>\n<p>En aquest enlla\u00e7, us proposem activitats d\u2019ortografia de la B i la V:<\/p>\n<p><a href=\"http:\/\/www.edu365.cat\/primaria\/catala\/ortografia\/index.html\"><img loading=\"lazy\" decoding=\"async\" class=\"alignleft wp-image-2945\" src=\"https:\/\/agora.xtec.cat\/escjoseppenuelas\/wp-content\/uploads\/usu1492\/2020\/03\/Captura-de-Pantalla-2020-03-18-a-les-17.17.32.png\" alt=\"\" width=\"185\" height=\"181\" \/><\/a><\/p>\n<p>&nbsp;<\/p>\n<p>&nbsp;<\/p>\n<p>&nbsp;<\/p>\n<p>&nbsp;<\/p>\n<p>&nbsp;<\/p>\n<p>I un recull d&#8217;activitats de franc\u00e8s per l&#8217;alumant de 4rt. <a href=\"https:\/\/agora.xtec.cat\/escjoseppenuelas\/wp-content\/uploads\/usu1492\/2020\/03\/SEMAINE-1-2.pdf\">SEMAINE 1 (2)<\/a><\/p>\n","protected":false},"excerpt":{"rendered":"<p>&nbsp; Hola Nens i nenes de cicle mitj\u00e0!! Aqu\u00ed us deixem activitats per fer a casa. Esperem que us agradin!! [&hellip;]<\/p>\n","protected":false},"author":1,"featured_media":2919,"comment_status":"open","ping_status":"closed","sticky":false,"template":"","format":"standard","meta":{"_bbp_topic_count":0,"_bbp_reply_count":0,"_bbp_total_topic_count":0,"_bbp_total_reply_count":0,"_bbp_voice_count":0,"_bbp_anonymous_reply_count":0,"_bbp_topic_count_hidden":0,"_bbp_reply_count_hidden":0,"_bbp_forum_subforum_count":0,"site-sidebar-layout":"default","site-content-layout":"","ast-site-content-layout":"","site-content-style":"default","site-sidebar-style":"default","ast-global-header-display":"","ast-banner-title-visibility":"","ast-main-header-display":"","ast-hfb-above-header-display":"","ast-hfb-below-header-display":"","ast-hfb-mobile-header-display":"","site-post-title":"","ast-breadcrumbs-content":"","ast-featured-img":"","footer-sml-layout":"","theme-transparent-header-meta":"","adv-header-id-meta":"","stick-header-meta":"","header-above-stick-meta":"","header-main-stick-meta":"","header-below-stick-meta":"","astra-migrate-meta-layouts":"default","ast-page-background-enabled":"default","ast-page-background-meta":{"desktop":{"background-color":"var(--ast-global-color-4)","background-image":"","background-repeat":"repeat","background-position":"center center","background-size":"auto","background-attachment":"scroll","background-type":"","background-media":"","overlay-type":"","overlay-color":"","overlay-opacity":"","overlay-gradient":""},"tablet":{"background-color":"","background-image":"","background-repeat":"repeat","background-position":"center center","background-size":"auto","background-attachment":"scroll","background-type":"","background-media":"","overlay-type":"","overlay-color":"","overlay-opacity":"","overlay-gradient":""},"mobile":{"background-color":"","background-image":"","background-repeat":"repeat","background-position":"center center","background-size":"auto","background-attachment":"scroll","background-type":"","background-media":"","overlay-type":"","overlay-color":"","overlay-opacity":"","overlay-gradient":""}},"ast-content-background-meta":{"desktop":{"background-color":"var(--ast-global-color-5)","background-image":"","background-repeat":"repeat","background-position":"center center","background-size":"auto","background-attachment":"scroll","background-type":"","background-media":"","overlay-type":"","overlay-color":"","overlay-opacity":"","overlay-gradient":""},"tablet":{"background-color":"var(--ast-global-color-5)","background-image":"","background-repeat":"repeat","background-position":"center center","background-size":"auto","background-attachment":"scroll","background-type":"","background-media":"","overlay-type":"","overlay-color":"","overlay-opacity":"","overlay-gradient":""},"mobile":{"background-color":"var(--ast-global-color-5)","background-image":"","background-repeat":"repeat","background-position":"center center","background-size":"auto","background-attachment":"scroll","background-type":"","background-media":"","overlay-type":"","overlay-color":"","overlay-opacity":"","overlay-gradient":""}},"footnotes":""},"categories":[5],"tags":[],"class_list":["post-2944","post","type-post","status-publish","format-standard","has-post-thumbnail","hentry","category-primaria"],"post_mailing_queue_ids":[],"_links":{"self":[{"href":"https:\/\/agora.xtec.cat\/escjoseppenuelas\/wp-json\/wp\/v2\/posts\/2944","targetHints":{"allow":["GET"]}}],"collection":[{"href":"https:\/\/agora.xtec.cat\/escjoseppenuelas\/wp-json\/wp\/v2\/posts"}],"about":[{"href":"https:\/\/agora.xtec.cat\/escjoseppenuelas\/wp-json\/wp\/v2\/types\/post"}],"author":[{"embeddable":true,"href":"https:\/\/agora.xtec.cat\/escjoseppenuelas\/wp-json\/wp\/v2\/users\/1"}],"replies":[{"embeddable":true,"href":"https:\/\/agora.xtec.cat\/escjoseppenuelas\/wp-json\/wp\/v2\/comments?post=2944"}],"version-history":[{"count":3,"href":"https:\/\/agora.xtec.cat\/escjoseppenuelas\/wp-json\/wp\/v2\/posts\/2944\/revisions"}],"predecessor-version":[{"id":3531,"href":"https:\/\/agora.xtec.cat\/escjoseppenuelas\/wp-json\/wp\/v2\/posts\/2944\/revisions\/3531"}],"wp:featuredmedia":[{"embeddable":true,"href":"https:\/\/agora.xtec.cat\/escjoseppenuelas\/wp-json\/wp\/v2\/media\/2919"}],"wp:attachment":[{"href":"https:\/\/agora.xtec.cat\/escjoseppenuelas\/wp-json\/wp\/v2\/media?parent=2944"}],"wp:term":[{"taxonomy":"category","embeddable":true,"href":"https:\/\/agora.xtec.cat\/escjoseppenuelas\/wp-json\/wp\/v2\/categories?post=2944"},{"taxonomy":"post_tag","embeddable":true,"href":"https:\/\/agora.xtec.cat\/escjoseppenuelas\/wp-json\/wp\/v2\/tags?post=2944"}],"curies":[{"name":"wp","href":"https:\/\/api.w.org\/{rel}","templated":true}]}}