{"id":2935,"date":"2020-03-18T13:34:48","date_gmt":"2020-03-18T12:34:48","guid":{"rendered":"http:\/\/agora.xtec.cat\/escjoseppenuelas\/?p=2935"},"modified":"2021-11-18T12:59:18","modified_gmt":"2021-11-18T11:59:18","slug":"activitats-per-seguir-aprenent-des-de-casa-2","status":"publish","type":"post","link":"https:\/\/agora.xtec.cat\/escjoseppenuelas\/primaria\/activitats-per-seguir-aprenent-des-de-casa-2\/","title":{"rendered":"ACTIVITATS PER SEGUIR APRENENT DES DE CASA"},"content":{"rendered":"<p>JUNY<!--more-->Bon dia nens i nenes!<\/p>\n<p>Aqu\u00ed us deixem m\u00e9s activitats per fer a casa. Esperem que us agradin!<\/p>\n<h4><span style=\"color: #339966;\"><strong>DIVENDRES 12 DE JUNY:<\/strong><\/span><\/h4>\n<p>&nbsp;<\/p>\n<ul>\n<li><strong>ACTIVITATS DE PRIMER:<\/strong><\/li>\n<\/ul>\n<p>?PRIMER?<\/p>\n<p>Bon dia ?i ?!!<\/p>\n<p>?\u2618\ufe0f? Avui acabem el projecte de les plantes. Segur que heu apr\u00e8s moltes coses!!? A veure qu\u00e8 recordeu. Us proposem unes activitats interactives que podeu anar fent durant la setmana que v\u00e9. <a href=\"https:\/\/agora.xtec.cat\/escjoseppenuelas\/wp-content\/uploads\/usu1492\/2020\/03\/QUE\u0300-HE-APRE\u0300S-LILA-I-GROC.pdf\">QUE\u0300 HE APRE\u0300S-LILA I GROC<\/a><\/p>\n<p>\u2764\ufe0f????? Com que ja s\u2019acaba el curs, us volem preparar una sorpresa i ens faria molta il.lusi\u00f3 que f\u00e9ssiu un dibuix relacionat amb l\u2019escola (jugant al pati, fent alguna activitat a la classe, celebrant alguna festa&#8230;) i ens l\u2019envieu al m\u00f2bil de l\u2019escola. Per\u00f2 ATENCI\u00d3! A la foto hi ha de sortir el dibuix i vosaltres. Ens l\u2019enviareu? Vinga artistes endavant!!<\/p>\n<p>?M\u00fasica a casa!!<a href=\"https:\/\/agora.xtec.cat\/escjoseppenuelas\/wp-content\/uploads\/usu1492\/2020\/03\/M\u00fasica-a-casa-C.I.pdf\">M\u00fasica a casa C.I<\/a><\/p>\n<p>?PRIMER?<\/p>\n<p>Bon dia ?i ?!!<\/p>\n<p>?\u2618\ufe0f? Avui acabem el projecte de les plantes. Segur que heu apr\u00e8s moltes coses!!? A veure qu\u00e8 recordeu. Us proposem unes activitats interactives que podeu anar fent durant la setmana que v\u00e9.<a href=\"https:\/\/agora.xtec.cat\/escjoseppenuelas\/wp-content\/uploads\/usu1492\/2020\/03\/QUE\u0300-HE-APRE\u0300S-LILA-I-GROC.pdf\">QUE\u0300 HE APRE\u0300S-LILA I GROC<\/a><\/p>\n<p>\u2764\ufe0f????? Com que ja s\u2019acaba el curs, us volem preparar una sorpresa i ens faria molta il.lusi\u00f3 que f\u00e9ssiu un dibuix relacionat amb l\u2019escola (jugant al pati, fent alguna activitat a la classe, celebrant alguna festa&#8230;) i ens l\u2019envieu al m\u00f2bil de l\u2019escola. Per\u00f2 ATENCI\u00d3! A la foto hi ha de sortir el dibuix i vosaltres. Ens l\u2019enviareu? Vinga artistes endavant!!<\/p>\n<p>?M\u00fasica a casa!! <a href=\"https:\/\/agora.xtec.cat\/escjoseppenuelas\/wp-content\/uploads\/usu1492\/2020\/03\/M\u00fasica-a-casa-C.I.pdf\">M\u00fasica a casa C.I<\/a><\/p>\n<p>?PRIMER?<\/p>\n<p>Bon dia ?i ?!!<\/p>\n<p>?\u2618\ufe0f? Avui acabem el projecte de les plantes. Segur que heu apr\u00e8s moltes coses!!? A veure qu\u00e8 recordeu. Us proposem unes activitats interactives que podeu anar fent durant la setmana que v\u00e9.<a href=\"https:\/\/agora.xtec.cat\/escjoseppenuelas\/wp-content\/uploads\/usu1492\/2020\/03\/QUE\u0300-HE-APRE\u0300S-BLAU-1.pdf\">QUE\u0300 HE APRE\u0300S- BLAU-1<\/a><\/p>\n<p>\u2764\ufe0f????? Com que ja s\u2019acaba el curs, us volem preparar una sorpresa i ens faria molta il.lusi\u00f3 que f\u00e9ssiu un dibuix relacionat amb l\u2019escola (jugant al pati, fent alguna activitat a la classe, celebrant alguna festa&#8230;) i ens l\u2019envieu al m\u00f2bil de l\u2019escola. Per\u00f2 ATENCI\u00d3! A la foto hi ha de sortir el dibuix i vosaltres. Ens l\u2019enviareu? Vinga artistes endavant!!<\/p>\n<p>?M\u00fasica a casa!!<a href=\"https:\/\/agora.xtec.cat\/escjoseppenuelas\/wp-content\/uploads\/usu1492\/2020\/03\/M\u00fasica-a-casa-C.I.pdf\">M\u00fasica a casa C.I<\/a><\/p>\n<p>&nbsp;<\/p>\n<ul>\n<li><strong>ACTIVITATS DE SEGON:<\/strong><\/li>\n<\/ul>\n<p>Bon dia ?<\/p>\n<p>\u2713Per comen\u00e7ar ?escolteu aquestes endevinalles d&#8217;en Josep aviam si les endevineu.<\/p>\n<p>\u2713Us deixem una can\u00e7\u00f3 ben divertida sobre els oficis ??????\u00a0 <a href=\"https:\/\/youtu.be\/vM6HDODwvpQ\">https:\/\/youtu.be\/vM6HDODwvpQ<\/a><\/p>\n<p>\u2713Us encanten els enigmes ?<br \/>\nEndavant ??<\/p>\n<p><a href=\"https:\/\/agora.xtec.cat\/escjoseppenuelas\/wp-content\/uploads\/usu1492\/2020\/03\/IMG-20200611-WA0018.jpg\"><img loading=\"lazy\" decoding=\"async\" class=\"alignnone size-medium wp-image-3523\" src=\"https:\/\/agora.xtec.cat\/escjoseppenuelas\/wp-content\/uploads\/usu1492\/2020\/03\/IMG-20200611-WA0018-300x216.jpg\" alt=\"\" width=\"300\" height=\"216\" srcset=\"https:\/\/agora.xtec.cat\/escjoseppenuelas\/wp-content\/uploads\/usu1492\/2020\/03\/IMG-20200611-WA0018-300x216.jpg 300w, https:\/\/agora.xtec.cat\/escjoseppenuelas\/wp-content\/uploads\/usu1492\/2020\/03\/IMG-20200611-WA0018-768x554.jpg 768w, https:\/\/agora.xtec.cat\/escjoseppenuelas\/wp-content\/uploads\/usu1492\/2020\/03\/IMG-20200611-WA0018-1024x739.jpg 1024w, https:\/\/agora.xtec.cat\/escjoseppenuelas\/wp-content\/uploads\/usu1492\/2020\/03\/IMG-20200611-WA0018.jpg 1069w\" sizes=\"auto, (max-width: 300px) 100vw, 300px\" \/><\/a><\/p>\n<p>\u2713Per \u00faltim, m\u00fasica a casa ?<a href=\"https:\/\/agora.xtec.cat\/escjoseppenuelas\/wp-content\/uploads\/usu1492\/2020\/03\/M\u00fasica-a-casa-C.I.pdf\">M\u00fasica a casa C.I<\/a><\/p>\n<p>&nbsp;<\/p>\n<h4><span style=\"color: #339966;\"><strong>DIMECRES 10 DE JUNY:<\/strong><\/span><\/h4>\n<p>&nbsp;<\/p>\n<ul>\n<li><strong>ACTIVITATS DE PRIMER:<\/strong><\/li>\n<\/ul>\n<p>? PRIMER ?<br \/>\nBon dia petits investigadors?\ufe0f!<br \/>\n?Ara que ja sabem un munt de coses sobre les plantes, us proposem descobrir algunes curiositats. Despr\u00e9s de veure el v\u00eddeo, podeu fer la fitxa. <a href=\"https:\/\/youtu.be\/GIdzNQqsr74\">https:\/\/youtu.be\/GIdzNQqsr74\u00a0\u00a0\u00a0\u00a0\u00a0\u00a0\u00a0\u00a0\u00a0\u00a0\u00a0<\/a><a href=\"https:\/\/agora.xtec.cat\/escjoseppenuelas\/wp-content\/uploads\/usu1492\/2020\/03\/CURIOSITATS_LILA-i-GROC.pdf\">CURIOSITATS_LILA i GROC<\/a><\/p>\n<p>? I ara us farem rumiar una mica: Mireu amb atenci\u00f3 la imatge dels gossets. Ja sabeu qui \u00e9s l&#8217;intr\u00fas? ? Si ja ho sabeu ens podeu fer un v\u00eddeo o \u00e0udio explicant com ho heu sabut? <a href=\"https:\/\/agora.xtec.cat\/escjoseppenuelas\/wp-content\/uploads\/usu1492\/2020\/03\/IMG-20200609-WA0030.jpg\"><img loading=\"lazy\" decoding=\"async\" class=\"wp-image-3502 aligncenter\" src=\"https:\/\/agora.xtec.cat\/escjoseppenuelas\/wp-content\/uploads\/usu1492\/2020\/03\/IMG-20200609-WA0030-300x274.jpg\" alt=\"\" width=\"167\" height=\"152\" srcset=\"https:\/\/agora.xtec.cat\/escjoseppenuelas\/wp-content\/uploads\/usu1492\/2020\/03\/IMG-20200609-WA0030-300x274.jpg 300w, https:\/\/agora.xtec.cat\/escjoseppenuelas\/wp-content\/uploads\/usu1492\/2020\/03\/IMG-20200609-WA0030.jpg 426w\" sizes=\"auto, (max-width: 167px) 100vw, 167px\" \/><\/a><\/p>\n<p>I per \u00faltim ?? un joc de taula ? recordeu&#8230; on parle fran\u00e7ais ?<a href=\"https:\/\/agora.xtec.cat\/escjoseppenuelas\/wp-content\/uploads\/usu1492\/2020\/03\/Jeu-de-soci\u00e9t\u00e9-3.pdf\">Jeu de soci\u00e9t\u00e9<\/a><\/p>\n<p>? PRIMER ?<br \/>\nBon dia petits investigadors?\ufe0f!<br \/>\n?Ara que ja sabem un munt de coses sobre les plantes, us proposem descobrir algunes curiositats. Despr\u00e9s de veure el v\u00eddeo, podeu fer la fitxa. <a href=\"https:\/\/youtu.be\/GIdzNQqsr74\">https:\/\/youtu.be\/GIdzNQqsr74\u00a0\u00a0\u00a0\u00a0\u00a0\u00a0\u00a0\u00a0\u00a0<\/a><a href=\"https:\/\/agora.xtec.cat\/escjoseppenuelas\/wp-content\/uploads\/usu1492\/2020\/03\/CURIOSITATS_LILA-i-GROC.pdf\">CURIOSITATS_LILA i GROC<\/a><\/p>\n<p>? I ara us farem rumiar una mica: Mireu amb atenci\u00f3 la imatge dels gossets. Ja sabeu qui \u00e9s l&#8217;intr\u00fas? ? Si ja ho sabeu ens podeu fer un v\u00eddeo o \u00e0udio explicant com ho heu sabut?<a href=\"https:\/\/agora.xtec.cat\/escjoseppenuelas\/wp-content\/uploads\/usu1492\/2020\/03\/IMG-20200609-WA0030.jpg\"><img loading=\"lazy\" decoding=\"async\" class=\"wp-image-3502 aligncenter\" src=\"https:\/\/agora.xtec.cat\/escjoseppenuelas\/wp-content\/uploads\/usu1492\/2020\/03\/IMG-20200609-WA0030-300x274.jpg\" alt=\"\" width=\"125\" height=\"114\" srcset=\"https:\/\/agora.xtec.cat\/escjoseppenuelas\/wp-content\/uploads\/usu1492\/2020\/03\/IMG-20200609-WA0030-300x274.jpg 300w, https:\/\/agora.xtec.cat\/escjoseppenuelas\/wp-content\/uploads\/usu1492\/2020\/03\/IMG-20200609-WA0030.jpg 426w\" sizes=\"auto, (max-width: 125px) 100vw, 125px\" \/><\/a><\/p>\n<p>I per \u00faltim ?? un joc de taula ? recordeu&#8230; on parle fran\u00e7ais ?<a href=\"https:\/\/agora.xtec.cat\/escjoseppenuelas\/wp-content\/uploads\/usu1492\/2020\/03\/Jeu-de-soci\u00e9t\u00e9-3.pdf\">Jeu de soci\u00e9t\u00e9<\/a><\/p>\n<p>? PRIMER ?<br \/>\nBon dia petits investigadors?\ufe0f!<br \/>\n?Ara que ja sabem un munt de coses sobre les plantes, us proposem descobrir algunes curiositats. Despr\u00e9s de veure el v\u00eddeo, podeu fer la fitxa. <a href=\"https:\/\/youtu.be\/GIdzNQqsr74\">https:\/\/youtu.be\/GIdzNQqsr74\u00a0\u00a0\u00a0\u00a0\u00a0\u00a0<\/a><a href=\"https:\/\/agora.xtec.cat\/escjoseppenuelas\/wp-content\/uploads\/usu1492\/2020\/03\/CURIOSITATS_BLAU.pdf\">CURIOSITATS_BLAU<\/a><\/p>\n<p>? I ara us farem rumiar una mica: Mireu amb atenci\u00f3 la imatge dels gossets. Ja sabeu qui \u00e9s l&#8217;intr\u00fas? ? Si ja ho sabeu ens podeu fer un v\u00eddeo o \u00e0udio explicant com ho heu sabut? <a href=\"https:\/\/agora.xtec.cat\/escjoseppenuelas\/wp-content\/uploads\/usu1492\/2020\/03\/IMG-20200609-WA0030.jpg\"><img loading=\"lazy\" decoding=\"async\" class=\"wp-image-3502 aligncenter\" src=\"https:\/\/agora.xtec.cat\/escjoseppenuelas\/wp-content\/uploads\/usu1492\/2020\/03\/IMG-20200609-WA0030-300x274.jpg\" alt=\"\" width=\"163\" height=\"149\" srcset=\"https:\/\/agora.xtec.cat\/escjoseppenuelas\/wp-content\/uploads\/usu1492\/2020\/03\/IMG-20200609-WA0030-300x274.jpg 300w, https:\/\/agora.xtec.cat\/escjoseppenuelas\/wp-content\/uploads\/usu1492\/2020\/03\/IMG-20200609-WA0030.jpg 426w\" sizes=\"auto, (max-width: 163px) 100vw, 163px\" \/><\/a><\/p>\n<p>I per \u00faltim ?? un joc de taula ? recordeu&#8230; on parle fran\u00e7ais ? <a href=\"https:\/\/agora.xtec.cat\/escjoseppenuelas\/wp-content\/uploads\/usu1492\/2020\/03\/Jeu-de-soci\u00e9t\u00e9-3.pdf\">Jeu de soci\u00e9t\u00e9<\/a><\/p>\n<ul>\n<li><strong>ACTIVITATS DE SEGON:<\/strong><\/li>\n<\/ul>\n<p>Bon dia ?<\/p>\n<p>\u2713Avui us proposem que escolteu aquest conte tan bonic. Voleu descobrir quina \u00e9s la manera d\u2019aprendre tot el que volem saber?? ? Doncs pareu b\u00e9 les orelles!!? <a href=\"https:\/\/www.ccma.cat\/tv3\/alacarta\/una-ma-de-contes\/un-mestre-particular\/video\/4147810\/\">https:\/\/www.ccma.cat\/tv3\/alacarta\/una-ma-de-contes\/un-mestre-particular\/video\/4147810\/<\/a><\/p>\n<p>\u2713Us ve de gust un enigma? ? Endavant ??<\/p>\n<p><a href=\"https:\/\/agora.xtec.cat\/escjoseppenuelas\/wp-content\/uploads\/usu1492\/2020\/03\/IMG-20200609-WA0011.jpg\"><img loading=\"lazy\" decoding=\"async\" class=\"wp-image-3499 aligncenter\" src=\"https:\/\/agora.xtec.cat\/escjoseppenuelas\/wp-content\/uploads\/usu1492\/2020\/03\/IMG-20200609-WA0011-300x217.jpg\" alt=\"\" width=\"196\" height=\"142\" srcset=\"https:\/\/agora.xtec.cat\/escjoseppenuelas\/wp-content\/uploads\/usu1492\/2020\/03\/IMG-20200609-WA0011-300x217.jpg 300w, https:\/\/agora.xtec.cat\/escjoseppenuelas\/wp-content\/uploads\/usu1492\/2020\/03\/IMG-20200609-WA0011.jpg 565w\" sizes=\"auto, (max-width: 196px) 100vw, 196px\" \/><\/a><\/p>\n<p>\u2713Que divertit!!! Una sopa de lletres dels oficis??<\/p>\n<p><a href=\"https:\/\/agora.xtec.cat\/escjoseppenuelas\/wp-content\/uploads\/usu1492\/2020\/03\/IMG-20200609-WA0029.jpg\"><img loading=\"lazy\" decoding=\"async\" class=\"alignnone size-medium wp-image-3500\" src=\"https:\/\/agora.xtec.cat\/escjoseppenuelas\/wp-content\/uploads\/usu1492\/2020\/03\/IMG-20200609-WA0029-169x300.jpg\" alt=\"\" width=\"169\" height=\"300\" srcset=\"https:\/\/agora.xtec.cat\/escjoseppenuelas\/wp-content\/uploads\/usu1492\/2020\/03\/IMG-20200609-WA0029-169x300.jpg 169w, https:\/\/agora.xtec.cat\/escjoseppenuelas\/wp-content\/uploads\/usu1492\/2020\/03\/IMG-20200609-WA0029-768x1366.jpg 768w, https:\/\/agora.xtec.cat\/escjoseppenuelas\/wp-content\/uploads\/usu1492\/2020\/03\/IMG-20200609-WA0029-576x1024.jpg 576w, https:\/\/agora.xtec.cat\/escjoseppenuelas\/wp-content\/uploads\/usu1492\/2020\/03\/IMG-20200609-WA0029.jpg 899w\" sizes=\"auto, (max-width: 169px) 100vw, 169px\" \/><\/a><\/p>\n<p>\u2713I per \u00faltim ?? un joc de taula ? recordeu&#8230; on parle en fran\u00e7ais ? <a href=\"https:\/\/agora.xtec.cat\/escjoseppenuelas\/wp-content\/uploads\/usu1492\/2020\/03\/Jeu-de-soci\u00e9t\u00e9-1.pdf\">Jeu de soci\u00e9t\u00e9<\/a><\/p>\n<h4><span style=\"color: #339966;\"><strong>DILLUNS 8 DE JUNY:<\/strong><\/span><\/h4>\n<p>&nbsp;<\/p>\n<ul>\n<li><strong>ACTIVITATS DE PRIMER<\/strong><\/li>\n<\/ul>\n<p>? PRIMER ?<br \/>\nBon dia papallones? i conillets?<br \/>\nComencem una setmana nova i ja nom\u00e9s ens quedar\u00e0 una altra per acabar el curs. Uiiii! Que r\u00e0pit que ha passat oi?<br \/>\nB\u00e9 avui us proposem: un conte i exercici f\u00edsic.<\/p>\n<p>?Escolteu el conte de:&#8221;La mongeta m\u00e0gica&#8221; <a href=\"https:\/\/www.youtube.com\/watch?v=neMn-sakYU0\">https:\/\/www.youtube.com\/watch?v=neMn-sakYU0<\/a><\/p>\n<p>?TASCA DE RETORN. Feu la fitxa amb les preguntes del conte. <a href=\"https:\/\/agora.xtec.cat\/escjoseppenuelas\/wp-content\/uploads\/usu1492\/2020\/03\/Comprensi\u00f3-escrita.-g.groc_.pdf\">Comprensi\u00f3 escrita. g.groc<\/a> <a href=\"https:\/\/agora.xtec.cat\/escjoseppenuelas\/wp-content\/uploads\/usu1492\/2020\/03\/Comprensi\u00f3-escrita.-g.LILA_.pdf\">Comprensi\u00f3 escrita. g.LILA<\/a><\/p>\n<p>?\u200d\u2640\ufe0fEducaci\u00f3 F\u00edsica: Busquem el tresor <a href=\"https:\/\/agora.xtec.cat\/escjoseppenuelas\/wp-content\/uploads\/usu1492\/2020\/03\/Busquem-el-tresor-1r.pdf\">Busquem el tresor 1r<\/a><\/p>\n<p>?PRIMER ?<br \/>\nBon dia papallones? i conillets?<br \/>\nComencem una setmana nova i ja nom\u00e9s ens quedar\u00e0 una altra per acabar el curs. Uiiii! Que r\u00e0pit que ha passat oi?<br \/>\nB\u00e9 avui us proposem: un conte i exercici f\u00edsic.<\/p>\n<p>?Escolteu el conte de:&#8221;La mongeta m\u00e0gica&#8221;\u00a0<a href=\"https:\/\/www.youtube.com\/watch?v=neMn-sakYU0\">https:\/\/www.youtube.com\/watch?v=neMn-sakYU0<\/a><\/p>\n<p>?TASCA DE RETORN. Feu la fitxa amb les preguntes del conte.<a href=\"https:\/\/agora.xtec.cat\/escjoseppenuelas\/wp-content\/uploads\/usu1492\/2020\/03\/Comprensi\u00f3-escrita.-g.groc_-1.pdf\">Comprensi\u00f3 escrita. g.groc<\/a><\/p>\n<p>?\u200d\u2640\ufe0fEducaci\u00f3 F\u00edsica: Busquem el tresor <a href=\"https:\/\/agora.xtec.cat\/escjoseppenuelas\/wp-content\/uploads\/usu1492\/2020\/03\/Busquem-el-tresor-1r.pdf\">Busquem el tresor 1r<\/a><\/p>\n<p>?PRIMER ?<br \/>\nBon dia papallones? i conillets?<br \/>\nComencem una setmana nova i ja nom\u00e9s ens quedar\u00e0 una altra per acabar el curs. Uiiii! Que r\u00e0pit que ha passat oi?<br \/>\nB\u00e9 avui us proposem: un conte i exercici f\u00edsic.<\/p>\n<p>?Escolteu el conte de:&#8221;La mongeta m\u00e0gica&#8221;\u00a0<a href=\"https:\/\/www.youtube.com\/watch?v=zL15YmqEjrA\">https:\/\/www.youtube.com\/watch?v=zL15YmqEjrA<\/a><\/p>\n<p>?TASCA DE RETORN. Feu la fitxa amb les preguntes del conte.<a href=\"https:\/\/agora.xtec.cat\/escjoseppenuelas\/wp-content\/uploads\/usu1492\/2020\/03\/Comprensi\u00f3-escrita.-g.blau_.pdf\">Comprensi\u00f3 escrita. g.blau<\/a><\/p>\n<p>?\u200d\u2640\ufe0fEducaci\u00f3 F\u00edsica: Busquem el tresor\u00a0<em><a href=\"https:\/\/agora.xtec.cat\/escjoseppenuelas\/wp-content\/uploads\/usu1492\/2020\/03\/Busquem-el-tresor-1r.pdf\">Busquem el tresor 1r<\/a><\/em><\/p>\n<p>&nbsp;<\/p>\n<ul>\n<li><strong>ACTIVITATS DE SEGON:<\/strong><\/li>\n<\/ul>\n<p>? *SEGON* ?<\/p>\n<p>Bon dia ?<br \/>\n\u2713 *Activitat de retorn:* Anem a investigar ? Pregunteu als vostres avis si recorden algun ofici antic, de fa molts anys ?. Mireu aquest v\u00eddeo com a exemple: <a href=\"https:\/\/vimeo.com\/62457460\">https:\/\/vimeo.com\/62457460<\/a><br \/>\nPodeu fer-nos un v\u00eddeo o \u00e0udio explicant-nos l&#8217;ofici ?<\/p>\n<p>\u2713Sereu capa\u00e7os d&#8217;ordenar les seg\u00fcents frases?? Segur que s\u00ed! Vinga, endavant??!<br \/>\n<a href=\"https:\/\/es.liveworksheets.com\/worksheets\/ca\/Llengua_catalana\/Expressi%C3%B3_escrita\/Ordena_les_paraules_og683145fs\">https:\/\/es.liveworksheets.com\/worksheets\/ca\/Llengua_catalana\/Expressi%C3%B3_escrita\/Ordena_les_paraules_og683145fs<\/a><\/p>\n<p>\u2713I avui, buscarem el tresor amb en Miki ? <a href=\"https:\/\/agora.xtec.cat\/escjoseppenuelas\/wp-content\/uploads\/usu1492\/2020\/03\/Busquem-el-tresor-2n.pdf\">Busquem el tresor 2n<\/a><\/p>\n<p>? *SEGON* ?<\/p>\n<p>Bon dia ?<br \/>\n\u2713 *Activitat de retorn:* Anem a investigar ? Pregunteu als vostres avis si recorden algun ofici antic, de fa molts anys ?. Mireu aquest v\u00eddeo com a exemple: https:\/\/vimeo.com\/62457460<br \/>\nPodeu fer-nos un v\u00eddeo o \u00e0udio explicant-nos l&#8217;ofici ?<\/p>\n<p>\u2713Sereu capa\u00e7os d&#8217;ordenar les seg\u00fcents frases?? Segur que s\u00ed! Vinga, endavant??! <a href=\"https:\/\/es.liveworksheets.com\/worksheets\/ca\/Llengua_catalana\/Expressi%C3%B3_escrita\/Ordena_les_paraules_og683145fs\">https:\/\/es.liveworksheets.com\/worksheets\/ca\/Llengua_catalana\/Expressi%C3%B3_escrita\/Ordena_les_paraules_og683145fs<\/a><\/p>\n<p>\u2713I avui, buscarem el tresor amb en Miki ?<a href=\"https:\/\/agora.xtec.cat\/escjoseppenuelas\/wp-content\/uploads\/usu1492\/2020\/03\/Busquem-el-tresor-2n.pdf\">Busquem el tresor 2n<\/a><\/p>\n<p>? *SEGON* ?<\/p>\n<p>Bon dia ?<br \/>\n\u2713 *Activitat de retorn:* Anem a investigar ? Pregunteu als vostres avis si recorden algun ofici antic, de fa molts anys ?. Mireu aquest v\u00eddeo com a exemple: https:\/\/vimeo.com\/62457460<br \/>\nPodeu fer-nos un v\u00eddeo o \u00e0udio explicant-nos l&#8217;ofici ?<\/p>\n<p>\u2713Sereu capa\u00e7os d&#8217;ordenar les seg\u00fcents frases?? Segur que s\u00ed! Vinga, endavant??!<br \/>\n<a href=\"https:\/\/es.liveworksheets.com\/worksheets\/ca\/Llengua_catalana\/Expressi%C3%B3_escrita\/Ordena_les_paraules_og683145fs\">https:\/\/es.liveworksheets.com\/worksheets\/ca\/Llengua_catalana\/Expressi%C3%B3_escrita\/Ordena_les_paraules_og683145fs<\/a><\/p>\n<p>\u2713Continuem amb la platja \u2600\ufe0f? <a href=\"https:\/\/agora.xtec.cat\/escjoseppenuelas\/wp-content\/uploads\/usu1492\/2020\/03\/El-socorrista-i-la-platja-2.pdf\">El socorrista i la platja 2<\/a><\/p>\n<p>\u2713I avui, buscarem el tresor amb en Miki ? <a href=\"https:\/\/agora.xtec.cat\/escjoseppenuelas\/wp-content\/uploads\/usu1492\/2020\/03\/Busquem-el-tresor-2n.pdf\">Busquem el tresor 2n<\/a><\/p>\n<p>&nbsp;<\/p>\n<h4><span style=\"color: #339966;\"><strong>DIVENDRES 5 DE JUNY:<\/strong><\/span><\/h4>\n<p>&nbsp;<\/p>\n<ul>\n<li><strong>ACTIVITATS DE PRIMER:<\/strong><\/li>\n<\/ul>\n<p>? <strong>PRIMER<\/strong> ?<\/p>\n<p>Bon dia ?i ?!!<\/p>\n<p>?Avui descobrirem per a qu\u00e8 m\u00e9s serveixen les plantes!! Sab\u00edeu que amb les plantes podem fer col\u00f2nia, cuinar i fins i tot paper????? . Us hem preparat unes activitats on ho podreu investigar.? <a href=\"https:\/\/agora.xtec.cat\/escjoseppenuelas\/wp-content\/uploads\/usu1492\/2020\/03\/UTILITATS-PLANTES-LILA-I-GROC.pdf\">UTILITATS PLANTES-LILA I GROC<\/a><\/p>\n<p>? I ara us proposem fer col\u00f2nia amb lavanda!! Mireu el v\u00eddeo? Us animeu? Segur que us ho passareu molt b\u00e9!! Ens podeu enviar un v\u00eddeo ensenyant-nos com ho heu fet.<\/p>\n<p>?M\u00fasica a casa!! <a href=\"https:\/\/agora.xtec.cat\/escjoseppenuelas\/wp-content\/uploads\/usu1492\/2020\/03\/Mu\u0301sica-a-casa-1.pdf\">Mu\u0301sica a casa!!<\/a><\/p>\n<p>?<strong>PRIMER<\/strong>?<\/p>\n<p>Bon dia ?i ?!!<\/p>\n<p>?Avui descobrirem per a qu\u00e8 m\u00e9s serveixen les plantes!! Sab\u00edeu que amb les plantes podem fer col\u00f2nia, cuinar i fins i tot paper????? . Us hem preparat unes activitats on ho podreu investigar.? <a href=\"https:\/\/agora.xtec.cat\/escjoseppenuelas\/wp-content\/uploads\/usu1492\/2020\/03\/UTILITATS-PLANTES-LILA-I-GROC.pdf\">UTILITATS PLANTES-LILA I GROC<\/a><\/p>\n<p>? I ara us proposem fer col\u00f2nia amb lavanda!! Mireu el v\u00eddeo? Us animeu? Segur que us ho passareu molt b\u00e9!! Ens podeu enviar un v\u00eddeo ensenyant-nos com ho heu fet.<\/p>\n<p>?M\u00fasica a casa!! <a href=\"https:\/\/agora.xtec.cat\/escjoseppenuelas\/wp-content\/uploads\/usu1492\/2020\/03\/Mu\u0301sica-a-casa-1.pdf\">Mu\u0301sica a casa!!<\/a><\/p>\n<p>?<strong>PRIMER<\/strong>?<\/p>\n<p>Bon dia ?i ?!!<\/p>\n<p>?Avui descobrirem per a qu\u00e8 m\u00e9s serveixen les plantes!! Sab\u00edeu que amb les plantes podem fer col\u00f2nia, cuinar i fins i tot paper????? . Us hem preparat unes activitats on ho podreu investigar.? <a href=\"https:\/\/agora.xtec.cat\/escjoseppenuelas\/wp-content\/uploads\/usu1492\/2020\/03\/UTILITATS-PLANTES-BLAU-1.pdf\">UTILITATS PLANTES-BLAU (1)<\/a><\/p>\n<p>? I ara us proposem fer col\u00f2nia amb lavanda!! Mireu el v\u00eddeo? Us animeu? Segur que us ho passareu molt b\u00e9!! Ens podeu enviar un v\u00eddeo ensenyant-nos com ho heu fet.<\/p>\n<p>?M\u00fasica a casa!! <a href=\"https:\/\/agora.xtec.cat\/escjoseppenuelas\/wp-content\/uploads\/usu1492\/2020\/03\/Mu\u0301sica-a-casa-1.pdf\">Mu\u0301sica a casa!!\u00a0<\/a><\/p>\n<p>&nbsp;<\/p>\n<ul>\n<li><strong>ACTIVITATS DE SEGON:<\/strong><\/li>\n<\/ul>\n<p>? <strong>SEGON <\/strong>?<\/p>\n<p>Bon dia ?<br \/>\n\u2713 Ja sabem que us encanten els trucs de m\u00e0gia d&#8217;en Josep ?<br \/>\nPer aquest motiu, us deixem un v\u00eddeo on descobrireu que els n\u00fameros i les matem\u00e1tiques tenen molta m\u00e0gia \u2728??\u200d\u2640\ufe0f??\u200d\u2642\ufe0f\u2728 <a href=\"https:\/\/m.youtube.com\/watch?v=n6Fi8q-m5wA&amp;feature=share\">https:\/\/m.youtube.com\/watch?v=n6Fi8q-m5wA&amp;feature=share<\/a><\/p>\n<p>\u2713 Llegiu el seg\u00fcent text *Un heroi molt animal*??\u200d?? amb molta atenci\u00f3, perqu\u00e8 despr\u00e9s haureu de respondre unes preguntes?\u270d?. <a href=\"https:\/\/es.liveworksheets.com\/worksheets\/ca\/Llengua_catalana\/Comprensi%C3%B3_lectora\/Un_heroi_molt_animal_tr660448ue\">https:\/\/es.liveworksheets.com\/worksheets\/ca\/Llengua_catalana\/Comprensi%C3%B3_lectora\/Un_heroi_molt_animal_tr660448ue<\/a><\/p>\n<p>\u2713Avui toca m\u00fasica a casa ??? <a href=\"https:\/\/agora.xtec.cat\/escjoseppenuelas\/wp-content\/uploads\/usu1492\/2020\/03\/M\u00fasica-a-casa-2.pdf\">M\u00fasica a casa!!<\/a><\/p>\n<p>? <strong>SEGON<\/strong> ?<\/p>\n<p>Bon dia ?<br \/>\n\u2713 Ja sabem que us encanten els trucs de m\u00e0gia d&#8217;en Josep ?<br \/>\nPer aquest motiu, us deixem un v\u00eddeo on descobrireu que els n\u00fameros i les matem\u00e1tiques tenen molta m\u00e0gia \u2728??\u200d\u2640\ufe0f??\u200d\u2642\ufe0f\u2728 <a href=\"https:\/\/m.youtube.com\/watch?v=n6Fi8q-m5wA&amp;feature=share\">https:\/\/m.youtube.com\/watch?v=n6Fi8q-m5wA&amp;feature=share<\/a><\/p>\n<p>\u2713 Llegiu el seg\u00fcent text *Un heroi molt animal*??\u200d?? amb molta atenci\u00f3, perqu\u00e8 despr\u00e9s haureu de respondre unes preguntes?\u270d?.<br \/>\n<a href=\"https:\/\/es.liveworksheets.com\/worksheets\/ca\/Llengua_catalana\/Comprensi%C3%B3_lectora\/Un_heroi_molt_animal_tr660448ue\">https:\/\/es.liveworksheets.com\/worksheets\/ca\/Llengua_catalana\/Comprensi%C3%B3_lectora\/Un_heroi_molt_animal_tr660448ue<\/a><\/p>\n<p>\u2713Avui toca m\u00fasica a casa ??? <a href=\"https:\/\/agora.xtec.cat\/escjoseppenuelas\/wp-content\/uploads\/usu1492\/2020\/03\/M\u00fasica-a-casa-2.pdf\">M\u00fasica a casa!!<\/a><\/p>\n<p>?<strong>SEGON<\/strong>\u00a0?<\/p>\n<p>Bon dia ?<br \/>\n\u2713 Ja sabem que us encanten els trucs de m\u00e0gia d&#8217;en Josep ?<br \/>\nPer aquest motiu, us deixem un v\u00eddeo on descobrireu que els n\u00fameros i les matem\u00e1tiques tenen molta m\u00e0gia \u2728??\u200d\u2640\ufe0f??\u200d\u2642\ufe0f\u2728 <a href=\"https:\/\/m.youtube.com\/watch?v=n6Fi8q-m5wA&amp;feature=share\">https:\/\/m.youtube.com\/watch?v=n6Fi8q-m5wA&amp;feature=share<\/a><\/p>\n<p>\u2713 Llegiu el seg\u00fcent text *Un heroi molt animal*??\u200d?? amb molta atenci\u00f3, perqu\u00e8 despr\u00e9s haureu de respondre unes preguntes?\u270d?.<br \/>\n<a href=\"https:\/\/es.liveworksheets.com\/worksheets\/ca\/Llengua_catalana\/Comprensi%C3%B3_lectora\/Un_heroi_molt_animal_tr660448ue\">https:\/\/es.liveworksheets.com\/worksheets\/ca\/Llengua_catalana\/Comprensi%C3%B3_lectora\/Un_heroi_molt_animal_tr660448ue<\/a><\/p>\n<p>\u2713Ja arriba l&#8217;estiu \u2600\ufe0fi amb la calor ens venen les ganes d&#8217;anar a la platja??\u200d\u2640\ufe0f?\ufe0f. Els socorristes comen\u00e7aran a treballar i de valent per vigilar que tots estiguem segurs. A continuaci\u00f3 teniu unes activitats sobre la platja i el que ens hi podem trobar. \u26f1\ufe0f????\u200d\u2642\ufe0f <a href=\"https:\/\/agora.xtec.cat\/escjoseppenuelas\/wp-content\/uploads\/usu1492\/2020\/03\/El-socorrista-i-la-platja-1.pdf\">El socorrista i la platja 1<\/a><\/p>\n<p>\u2713Avui toca m\u00fasica a casa ??? <a href=\"https:\/\/agora.xtec.cat\/escjoseppenuelas\/wp-content\/uploads\/usu1492\/2020\/03\/M\u00fasica-a-casa-2.pdf\">M\u00fasica a casa!!<\/a><\/p>\n<p>&nbsp;<\/p>\n<h4><span style=\"color: #339966;\"><strong>DIMECRES 3 DE JUNY:<\/strong><\/span><\/h4>\n<p>&nbsp;<\/p>\n<ul>\n<li><strong>ACTIVITATS DE PRIMER:<\/strong><\/li>\n<\/ul>\n<p>? <strong>PRIMER<\/strong> ?<br \/>\nBon dia conills i papallones! Ja teniu el rodol\u00ed apunt?<br \/>\n?Recordeu enviar-nos un \u00e0udio o un v\u00eddeo amb el rodol\u00ed que m\u00e9s us agradi \u2728<\/p>\n<p>?Aquesta setmana continuarem descobrint perqu\u00e8 serveixen les plantes! Sab\u00edeu que de les plantes en podem fer roba o instruments? A l&#8217;activitat que us hem preparat ho podreu investigar.?\ufe0f <a href=\"https:\/\/agora.xtec.cat\/escjoseppenuelas\/wp-content\/uploads\/usu1492\/2020\/03\/UTILITATS-PLANTES-1_LILA-I-GROC.pdf\">UTILITATS PLANTES 1_LILA I GROC<\/a><\/p>\n<p>? Avui practicarem la numeraci\u00f3 tot jugant. Som-hi! <a href=\"https:\/\/es.liveworksheets.com\/id\/ma247810nd\">https:\/\/es.liveworksheets.com\/id\/ma247810nd<\/a><\/p>\n<p>I per \u00faltim, ?? avui dibuixem \u270f\ufe0f l&#8217;\u00e0udio ? Recordeu que podeu enviar el vostre dibuix al m\u00f2bil de l&#8217;escola ?<\/p>\n<p>&nbsp;<\/p>\n<p>? <strong>PRIMER<\/strong> ?<br \/>\nBon dia conills i papallones! Ja teniu el rodol\u00ed apunt?<br \/>\n?Recordeu enviar-nos un \u00e0udio o un v\u00eddeo amb el rodol\u00ed que m\u00e9s us agradi \u2728<\/p>\n<p>?Aquesta setmana continuarem descobrint perqu\u00e8 serveixen les plantes! Sab\u00edeu que de les plantes en podem fer roba o instruments? A l&#8217;activitat que us hem preparat ho podreu investigar.?\ufe0f <a href=\"https:\/\/agora.xtec.cat\/escjoseppenuelas\/wp-content\/uploads\/usu1492\/2020\/03\/UTILITATS-PLANTES-1_LILA-I-GROC.pdf\">UTILITATS PLANTES 1_LILA I GROC<\/a><\/p>\n<p>? Avui practicarem la numeraci\u00f3 tot jugant. Som-hi! <a href=\"https:\/\/es.liveworksheets.com\/id\/mo489853dm\">https:\/\/es.liveworksheets.com\/id\/mo489853dm<\/a><br \/>\n<a href=\"https:\/\/es.liveworksheets.com\/worksheets\/ca\/Matem%C3%A0tiques\/Numeraci%C3%B3\/Completa_la_tira_num%C3%A8rica_kl305744re\">https:\/\/es.liveworksheets.com\/worksheets\/ca\/Matem%C3%A0tiques\/Numeraci%C3%B3\/Completa_la_tira_num%C3%A8rica_kl305744re<\/a><\/p>\n<p>I per \u00faltim, ?? avui dibuixem \u270f\ufe0f l&#8217;\u00e0udio ? Recordeu que podeu enviar el vostre dibuix al m\u00f2bil de l&#8217;escola ?<\/p>\n<p>&nbsp;<\/p>\n<p>? <strong>PRIMER<\/strong> ?<br \/>\nBon dia conills i papallones! Ja teniu el rodol\u00ed apunt?<br \/>\n?Recordeu enviar-nos un \u00e0udio o un v\u00eddeo amb el rodol\u00ed que m\u00e9s us agradi \u2728<\/p>\n<p>?Aquesta setmana continuarem descobrint perqu\u00e8 serveixen les plantes! Sab\u00edeu que de les plantes en podem fer roba o instruments? A l&#8217;activitat que us hem preparat ho podreu investigar.?\ufe0f <a href=\"https:\/\/agora.xtec.cat\/escjoseppenuelas\/wp-content\/uploads\/usu1492\/2020\/03\/UTILITATS-PLANTES-1_BLAU.pdf\">UTILITATS PLANTES 1_BLAU<\/a><\/p>\n<p>? Avui practicarem la numeraci\u00f3 tot jugant. Som-hi! <a href=\"https:\/\/es.liveworksheets.com\/id\/hz168966pe\">https:\/\/es.liveworksheets.com\/id\/hz168966pe<\/a><br \/>\n<a href=\"https:\/\/es.liveworksheets.com\/id\/ob143775hb\">https:\/\/es.liveworksheets.com\/id\/ob143775hb<\/a><\/p>\n<p>I per \u00faltim, ?? avui dibuixem \u270f\ufe0f l&#8217;\u00e0udio ? Recordeu que podeu enviar el vostre dibuix al m\u00f2bil de l&#8217;escola ?<\/p>\n<p>&nbsp;<\/p>\n<ul>\n<li><strong>ACTIVITATS DE SEGON:<\/strong><\/li>\n<\/ul>\n<p>? <strong>SEGON<\/strong> ?<\/p>\n<p>Bon dia ?<\/p>\n<p>\u2713Per comen\u00e7ar, mireu atentament aquest v\u00eddeo ? <a href=\"https:\/\/youtu.be\/heXfQRcjYv8\">https:\/\/youtu.be\/heXfQRcjYv8<\/a><\/p>\n<p>\u2713Ara, us animem a fer la fitxa relacionada amb el v\u00eddeo ? <a href=\"https:\/\/agora.xtec.cat\/escjoseppenuelas\/wp-content\/uploads\/usu1492\/2020\/03\/OFICIS_3.pdf\">OFICIS_3<\/a><\/p>\n<p>\u2713I ara, uns problemes ben divertits ??<br \/>\n<a href=\"https:\/\/es.liveworksheets.com\/worksheets\/ca\/Matem%C3%A0tiques\/Resoluci%C3%B3_de_problemes\/Problemes_matem%C3%A0tics_ed259256sx\">https:\/\/es.liveworksheets.com\/worksheets\/ca\/Matem%C3%A0tiques\/Resoluci%C3%B3_de_problemes\/Problemes_matem%C3%A0tics_ed259256sx<\/a><\/p>\n<p>\u2713I per \u00faltim, ?? avui dibuixem \u270f\ufe0f l&#8217;\u00e0udio ? Recordeu que podeu enviar el vostre \u00e0udio al m\u00f2bil de l&#8217;escola ?<\/p>\n<p>&nbsp;<\/p>\n<p>? <strong>SEGON<\/strong> ?<\/p>\n<p>Bon dia ?<\/p>\n<p>\u2713Per comen\u00e7ar, mireu atentament aquest v\u00eddeo ? <a href=\"https:\/\/youtu.be\/heXfQRcjYv8\">https:\/\/youtu.be\/heXfQRcjYv8<\/a><\/p>\n<p>\u2713Ara, us animem a fer la fitxa relacionada amb el v\u00eddeo ? <a href=\"https:\/\/agora.xtec.cat\/escjoseppenuelas\/wp-content\/uploads\/usu1492\/2020\/03\/OFICIS_3.pdf\">OFICIS_3<\/a><\/p>\n<p>\u2713I ara, uns problemes ben divertits ??<br \/>\n<a href=\"https:\/\/es.liveworksheets.com\/worksheets\/ca\/Matem%C3%A0tiques\/Resoluci%C3%B3_de_problemes\/Problemes_matem%C3%A0tics_ed259256sx\">https:\/\/es.liveworksheets.com\/worksheets\/ca\/Matem%C3%A0tiques\/Resoluci%C3%B3_de_problemes\/Problemes_matem%C3%A0tics_ed259256sx<\/a><\/p>\n<p>\u2713I per \u00faltim, ?? avui dibuixem \u270f\ufe0f l&#8217;\u00e0udio ? Recordeu que podeu enviar el vostre \u00e0udio al m\u00f2bil de l&#8217;escola ?<\/p>\n<p>&nbsp;<\/p>\n<p>? <strong>SEGON<\/strong> ?<\/p>\n<p>Bon dia ?<\/p>\n<p>\u2713Per comen\u00e7ar, mireu atentament aquest v\u00eddeo ? <a href=\"https:\/\/youtu.be\/heXfQRcjYv8\">https:\/\/youtu.be\/heXfQRcjYv8<\/a><\/p>\n<p>\u2713Ara, us animem a fer la fitxa relacionada amb el v\u00eddeo ? <a href=\"https:\/\/agora.xtec.cat\/escjoseppenuelas\/wp-content\/uploads\/usu1492\/2020\/03\/OFICIS_3-lila.pdf\">OFICIS_3 lila<\/a> <a href=\"https:\/\/agora.xtec.cat\/escjoseppenuelas\/wp-content\/uploads\/usu1492\/2020\/03\/ELS-OFICIS-3-1.pdf\">ELS OFICIS 3 (1)<\/a><\/p>\n<p>\u2713I ara, uns problemes ben divertits ??<br \/>\n<a href=\"https:\/\/es.liveworksheets.com\/worksheets\/ca\/Matem%C3%A0tiques\/Resoluci%C3%B3_de_problemes\/Problemes_matem%C3%A0tics_ed259256sx\">https:\/\/es.liveworksheets.com\/worksheets\/ca\/Matem%C3%A0tiques\/Resoluci%C3%B3_de_problemes\/Problemes_matem%C3%A0tics_ed259256sx<\/a><\/p>\n<p>\u2713I per \u00faltim, ?? avui dibuixem \u270f\ufe0f l&#8217;\u00e0udio ? Recordeu que podeu enviar el vostre \u00e0udio al m\u00f2bil de l&#8217;escola ?<\/p>\n<p>&nbsp;<\/p>\n<h4 style=\"text-align: left;\"><span style=\"color: #339966;\"><strong>DIVENDRES 29 DE MAIG:<\/strong><\/span><\/h4>\n<p>&nbsp;<\/p>\n<ul>\n<li><strong>ACTIVITATS DE PRIMER:<\/strong><\/li>\n<\/ul>\n<p>&nbsp;<\/p>\n<p>?PRIMER?<\/p>\n<p>Bon dia bonics!!!<\/p>\n<p>?Avui treballarem les plantes medicinals. En voleu con\u00e8ixer algunes i saber per a qu\u00e8 serveixen? Feu la tasca i ho descobrireu!<\/p>\n<p><a href=\"https:\/\/agora.xtec.cat\/escjoseppenuelas\/wp-content\/uploads\/usu1492\/2020\/03\/PLANTES-MEDICINALS_LILA.pdf\">PLANTES MEDICINALS_LILA<\/a><\/p>\n<p>???? Voleu fer una mica de crea-activitat amb les flors i les fulles?? Endavant!!<\/p>\n<p><a href=\"https:\/\/agora.xtec.cat\/escjoseppenuelas\/wp-content\/uploads\/usu1492\/2020\/03\/CREA-ACTIVITAT-PLANTES.pdf\">CREA-ACTIVITAT PLANTES<\/a><\/p>\n<p>?M\u00fasica a casa!!<\/p>\n<p><a href=\"https:\/\/agora.xtec.cat\/escjoseppenuelas\/wp-content\/uploads\/usu1492\/2020\/03\/M\u00fasica-a-casa-C.I.-25-maig.pdf\">M\u00fasica a casa C.I. 25 maig<\/a><\/p>\n<p>&nbsp;<\/p>\n<p>?PRIMER?<\/p>\n<p>Bon dia bonics!!!<\/p>\n<p>?Avui treballarem les plantes medicinals. En voleu con\u00e8ixer algunes i saber per a qu\u00e8 serveixen? Feu la tasca i ho descobrireu!<\/p>\n<p><a href=\"https:\/\/agora.xtec.cat\/escjoseppenuelas\/wp-content\/uploads\/usu1492\/2020\/03\/PLANTES-MEDICINALS_GROC.pdf\">PLANTES MEDICINALS_GROC<\/a><\/p>\n<p>???? Voleu fer una mica de crea-activitat amb les flors i les fulles?? Endavant!!<\/p>\n<p><a href=\"https:\/\/agora.xtec.cat\/escjoseppenuelas\/wp-content\/uploads\/usu1492\/2020\/03\/CREA-ACTIVITAT-PLANTES.pdf\">CREA-ACTIVITAT PLANTES<\/a><\/p>\n<p>?M\u00fasica a casa!!<\/p>\n<p><a href=\"https:\/\/agora.xtec.cat\/escjoseppenuelas\/wp-content\/uploads\/usu1492\/2020\/03\/M\u00fasica-a-casa-C.I.-25-maig.pdf\">M\u00fasica a casa C.I. 25 maig<\/a><\/p>\n<p>&nbsp;<\/p>\n<p>?PRIMER?<\/p>\n<p>Bon dia bonics!!!<\/p>\n<p>?Avui treballarem les plantes medicinals. En voleu con\u00e8ixer algunes i saber per a qu\u00e8 serveixen? Feu la tasca i ho descobrireu!<\/p>\n<p><a href=\"https:\/\/agora.xtec.cat\/escjoseppenuelas\/wp-content\/uploads\/usu1492\/2020\/03\/PLANTES-MEDICINALS_BLAU.pdf\">PLANTES MEDICINALS_BLAU<\/a><\/p>\n<p>???? Voleu fer una mica de crea-activitat amb les flors i les fulles?? Endavant!!<\/p>\n<p><a href=\"https:\/\/agora.xtec.cat\/escjoseppenuelas\/wp-content\/uploads\/usu1492\/2020\/03\/CREA-ACTIVITAT-PLANTES.pdf\">CREA-ACTIVITAT PLANTES<\/a><\/p>\n<p>?M\u00fasica a casa!!<\/p>\n<p><a href=\"https:\/\/agora.xtec.cat\/escjoseppenuelas\/wp-content\/uploads\/usu1492\/2020\/03\/M\u00fasica-a-casa-C.I.-25-maig.pdf\">M\u00fasica a casa C.I. 25 maig<\/a><\/p>\n<p>&nbsp;<\/p>\n<ul>\n<li><strong>ACTIVITATS DE SEGON:<\/strong><\/li>\n<\/ul>\n<p>Bon dia ?<\/p>\n<p>\u2713Avui comencem amb un conte ? Ens encanten els contes ?<\/p>\n<p><a href=\"https:\/\/www.ccma.cat\/tv3\/super3\/vaca-connie\/els-animals-i-els-seus-oficis-cap-70\/video\/4417211\/\">https:\/\/www.ccma.cat\/tv3\/super3\/vaca-connie\/els-animals-i-els-seus-oficis-cap-70\/video\/4417211\/<\/a><\/p>\n<p>\u2713Ara, feu punta al llapis! Us deixem una fitxa sobre els oficis ?<\/p>\n<p><a href=\"https:\/\/agora.xtec.cat\/escjoseppenuelas\/wp-content\/uploads\/usu1492\/2020\/03\/IMG-20200528-WA0003.jpg\"><img loading=\"lazy\" decoding=\"async\" class=\"alignnone size-medium wp-image-3449\" src=\"https:\/\/agora.xtec.cat\/escjoseppenuelas\/wp-content\/uploads\/usu1492\/2020\/03\/IMG-20200528-WA0003-212x300.jpg\" alt=\"\" width=\"212\" height=\"300\" srcset=\"https:\/\/agora.xtec.cat\/escjoseppenuelas\/wp-content\/uploads\/usu1492\/2020\/03\/IMG-20200528-WA0003-212x300.jpg 212w, https:\/\/agora.xtec.cat\/escjoseppenuelas\/wp-content\/uploads\/usu1492\/2020\/03\/IMG-20200528-WA0003-723x1024.jpg 723w, https:\/\/agora.xtec.cat\/escjoseppenuelas\/wp-content\/uploads\/usu1492\/2020\/03\/IMG-20200528-WA0003.jpg 728w\" sizes=\"auto, (max-width: 212px) 100vw, 212px\" \/><\/a><\/p>\n<p>\u2713Acabem amb la proposta de m\u00fasica ?<\/p>\n<p><a href=\"https:\/\/agora.xtec.cat\/escjoseppenuelas\/wp-content\/uploads\/usu1492\/2020\/03\/M\u00fasica-a-casa-C.I.-25-maig.pdf\">M\u00fasica a casa C.I. 25 maig<\/a><\/p>\n<p>Bon cap de setmana???<\/p>\n<p>&nbsp;<\/p>\n<h4 style=\"text-align: left;\"><span style=\"color: #339966;\"><strong>DIMECRES 27 DE MAIG:<\/strong><\/span><\/h4>\n<p>&nbsp;<\/p>\n<ul>\n<li><strong>ACTIVITATS DE PRIMER:<\/strong><\/li>\n<\/ul>\n<p><span style=\"font-weight: 400;\">? PRIMER ?<\/span><\/p>\n<p><span style=\"font-weight: 400;\">Bon dia, guap\u00edssims. Qu\u00e8 tal, com aneu?<\/span><\/p>\n<p><span style=\"font-weight: 400;\">Avui us proposem 3 activitats perqu\u00e8 us ho passeu molt b\u00e9 aprenent. Endavant! Anem per feina?<\/span><\/p>\n<p><span style=\"font-weight: 400;\">?Despr\u00e9s de treballar totes les parts de les plantes i saber-ne molt de totes elles. Que us hi sembla si estudiem quina part podem menjar d&#8217;elles. Sabeu que fabriquen el seu propi aliment i a m\u00e9s a m\u00e9s serveixen d&#8217;aliment a les persones i als animals!!!\u00a0<\/span><\/p>\n<p><span style=\"font-weight: 400;\">Doncs hem anar a l&#8217;hort a collir les plantes per menjar.?. Mireu els v\u00eddeos ?\u00a0 Despr\u00e8s podeu fer la fitxa ?.<\/span><\/p>\n<p><a href=\"https:\/\/agora.xtec.cat\/escjoseppenuelas\/wp-content\/uploads\/usu1492\/2020\/03\/qu\u00e8-mengem-g.lila_.pdf\">qu\u00e8 mengem g.lila<\/a><\/p>\n<p><span style=\"font-weight: 400;\">?? Us deixem un jclic de verdures i fruites per a saber-ne m\u00e9s!!\u00a0<\/span><\/p>\n<p><a href=\"https:\/\/clic.xtec.cat\/projects\/hortal\/jclic.js\/index.html\"><span style=\"font-weight: 400;\">https:\/\/clic.xtec.cat\/projects\/hortal\/jclic.js\/index.html<\/span><\/a><span style=\"font-weight: 400;\">\u00a0<\/span><\/p>\n<p><span style=\"font-weight: 400;\">? A mates jugarem amb la simetria, dibuixant la meitat de la fulla ?. Recordeu que un mirall us pot ajudar molt tant a fer-la com a comprovar si est\u00e0 b\u00e9.<\/span><\/p>\n<p><a href=\"https:\/\/agora.xtec.cat\/escjoseppenuelas\/wp-content\/uploads\/usu1492\/2020\/03\/SIMETRIA-LILA-I-GROC.pdf\">SIMETRIA LILA I GROC<\/a><\/p>\n<p><span style=\"font-weight: 400;\">?? \u00a0 Mireu el v\u00eddeo de Ted le train: les l\u00e9gumes. Si voleu podeu enviar un \u00e0udio explicant les verdures que heu vist ?<\/span><\/p>\n<p>&nbsp;<\/p>\n<p><span style=\"font-weight: 400;\">? PRIMER ?\u00a0<\/span><\/p>\n<p><span style=\"font-weight: 400;\">Bon dia, guap\u00edssims. Qu\u00e8 tal, com aneu?<\/span><\/p>\n<p><span style=\"font-weight: 400;\">Avui us proposem 3 activitats perqu\u00e8 us ho passeu molt b\u00e9 aprenent. Endavant! Anem per feina?<\/span><\/p>\n<p><span style=\"font-weight: 400;\">?Despr\u00e9s de treballar totes les parts de les plantes i saber-ne molt de totes elles. Que us hi sembla si estudiem quina part podem menjar d&#8217;elles. Sabeu que fabriquen el seu propi aliment i a m\u00e9s a m\u00e9s serveixen d&#8217;aliment a les persones i als animals!!!\u00a0<\/span><\/p>\n<p><span style=\"font-weight: 400;\">Doncs hem anar a l&#8217;hort a collir les plantes per menjar.?. Mireu els v\u00eddeos ?\u00a0 Despr\u00e8s podeu fer la fitxa ?.<\/span><\/p>\n<p><a href=\"https:\/\/agora.xtec.cat\/escjoseppenuelas\/wp-content\/uploads\/usu1492\/2020\/03\/qu\u00e8-mengem-g.GROC_.pdf\">qu\u00e8 mengem g.GROC<\/a><\/p>\n<p><span style=\"font-weight: 400;\">?? Us deixem un jclic de verdures i fruites per a saber-ne m\u00e9s!!\u00a0<\/span><\/p>\n<p><a href=\"https:\/\/clic.xtec.cat\/projects\/hortal\/jclic.js\/index.html\"><span style=\"font-weight: 400;\">https:\/\/clic.xtec.cat\/projects\/hortal\/jclic.js\/index.html<\/span><\/a><span style=\"font-weight: 400;\">\u00a0<\/span><\/p>\n<p><span style=\"font-weight: 400;\">? A mates jugarem amb la simetria, dibuixant la meitat de la fulla ?. Recordeu que un mirall us pot ajudar molt tant a fer-la com a comprovar si est\u00e0 b\u00e9.<\/span><\/p>\n<p><a href=\"https:\/\/agora.xtec.cat\/escjoseppenuelas\/wp-content\/uploads\/usu1492\/2020\/03\/SIMETRIA-LILA-I-GROC.pdf\">SIMETRIA LILA I GROC<\/a><\/p>\n<p><span style=\"font-weight: 400;\">?? \u00a0 Mireu el v\u00eddeo de Ted le train: les l\u00e9gumes. Si voleu podeu enviar un \u00e0udio explicant les verdures que heu vist ?<\/span><\/p>\n<p>&nbsp;<\/p>\n<p><span style=\"font-weight: 400;\">?PRIMER ?<\/span><\/p>\n<p><span style=\"font-weight: 400;\">Bon dia, guap\u00edssims. Qu\u00e8 tal, com aneu?<\/span><\/p>\n<p><span style=\"font-weight: 400;\">Avui us proposem 3 activitats perqu\u00e8 us ho passeu molt b\u00e9 aprenent. Endavant! Anem per feina?<\/span><\/p>\n<p><span style=\"font-weight: 400;\">?Despr\u00e9s de treballar totes les parts de les plantes i saber-ne molt de totes elles. Que us hi sembla si estudiem quina part podem menjar d&#8217;elles. Sabeu que fabriquen el seu propi aliment i a m\u00e9s a m\u00e9s serveixen d&#8217;aliment a les persones i als animals!!!\u00a0<\/span><\/p>\n<p><span style=\"font-weight: 400;\">Doncs hem anar a l&#8217;hort a collir les plantes per menjar.?. Mireu els v\u00eddeos ?\u00a0 Despr\u00e8s podeu fer la fitxa ?.<\/span><\/p>\n<p><a href=\"https:\/\/agora.xtec.cat\/escjoseppenuelas\/wp-content\/uploads\/usu1492\/2020\/03\/qu\u00e8-mengem-g.BLAU_.pdf\">qu\u00e8 mengem g.BLAU<\/a><\/p>\n<p><span style=\"font-weight: 400;\">?? Us deixem un jclic de verdures i fruites per a saber-ne m\u00e9s!!\u00a0<\/span><\/p>\n<p><a href=\"https:\/\/clic.xtec.cat\/projects\/hortal\/jclic.js\/index.html\"><span style=\"font-weight: 400;\">https:\/\/clic.xtec.cat\/projects\/hortal\/jclic.js\/index.html<\/span><\/a><span style=\"font-weight: 400;\">\u00a0<\/span><\/p>\n<p><span style=\"font-weight: 400;\">? A mates jugarem amb la simetria, dibuixant la meitat de la fulla ?. Recordeu que un mirall us pot ajudar molt tant a fer-la com a comprovar si est\u00e0 b\u00e9.<\/span><\/p>\n<p><a href=\"https:\/\/agora.xtec.cat\/escjoseppenuelas\/wp-content\/uploads\/usu1492\/2020\/03\/SIMETRIA-BLAU.pdf\">SIMETRIA BLAU<\/a><\/p>\n<p><span style=\"font-weight: 400;\">?? \u00a0 Mireu el v\u00eddeo de Ted le train: les l\u00e9gumes. Si voleu podeu enviar un \u00e0udio explicant les verdures que heu vist ?<\/span><\/p>\n<p>&nbsp;<\/p>\n<ul>\n<li><strong>ACTIVITATS DE SEGON:<\/strong><\/li>\n<\/ul>\n<p><span style=\"font-weight: 400;\">Bon dia ?<\/span><\/p>\n<p><span style=\"font-weight: 400;\">\u2713Per comen\u00e7ar, escolteu aquesta can\u00e7\u00f3 ?\u00a0<\/span><\/p>\n<p><a href=\"https:\/\/youtu.be\/O2QsUewF-Ow\"><span style=\"font-weight: 400;\">https:\/\/youtu.be\/O2QsUewF-Ow<\/span><\/a><span style=\"font-weight: 400;\">\u00a0<\/span><\/p>\n<p><span style=\"font-weight: 400;\">\u2713Us ha agradat la can\u00e7\u00f3? Doncs en aquest enlla\u00e7 podreu comprovar si heu estat atents i atentes ??<\/span><\/p>\n<p><a href=\"https:\/\/es.liveworksheets.com\/lg489766nc\"><span style=\"font-weight: 400;\">https:\/\/es.liveworksheets.com\/lg489766nc<\/span><\/a><span style=\"font-weight: 400;\">\u00a0<\/span><\/p>\n<p><span style=\"font-weight: 400;\">\u2713 ?? Cantem la chanson populaire: Pirouette, Cacahu\u00e8te <\/span><\/p>\n<p><a href=\"https:\/\/youtu.be\/ef3pMASsZnE\"><span style=\"font-weight: 400;\">https:\/\/youtu.be\/ef3pMASsZnE<\/span><\/a><\/p>\n<p><span style=\"font-weight: 400;\">Quin ofici surt a la can\u00e7\u00f3? Si vols pots enviar-me la resposta (un \u00e0udio\/foto) ?<\/span><\/p>\n<p><span style=\"font-weight: 400;\">\u2713I aquesta activitat \u00e9s per a treballar la concentraci\u00f3 ?<\/span><\/p>\n<p><a href=\"https:\/\/agora.xtec.cat\/escjoseppenuelas\/wp-content\/uploads\/usu1492\/2020\/03\/IMG-20200525-WA0001.jpg\"><img loading=\"lazy\" decoding=\"async\" class=\"alignnone size-medium wp-image-3431\" src=\"https:\/\/agora.xtec.cat\/escjoseppenuelas\/wp-content\/uploads\/usu1492\/2020\/03\/IMG-20200525-WA0001-217x300.jpg\" alt=\"\" width=\"217\" height=\"300\" srcset=\"https:\/\/agora.xtec.cat\/escjoseppenuelas\/wp-content\/uploads\/usu1492\/2020\/03\/IMG-20200525-WA0001-217x300.jpg 217w, https:\/\/agora.xtec.cat\/escjoseppenuelas\/wp-content\/uploads\/usu1492\/2020\/03\/IMG-20200525-WA0001-768x1060.jpg 768w, https:\/\/agora.xtec.cat\/escjoseppenuelas\/wp-content\/uploads\/usu1492\/2020\/03\/IMG-20200525-WA0001-742x1024.jpg 742w, https:\/\/agora.xtec.cat\/escjoseppenuelas\/wp-content\/uploads\/usu1492\/2020\/03\/IMG-20200525-WA0001.jpg 1076w\" sizes=\"auto, (max-width: 217px) 100vw, 217px\" \/><\/a><\/p>\n<p>&nbsp;<\/p>\n<h4 style=\"text-align: left;\"><span style=\"color: #339966;\"><strong>DILLUNS 25 DE MAIG:<\/strong><\/span><\/h4>\n<p>&nbsp;<\/p>\n<ul>\n<li><strong>ACTIVITATS DE PRIMER:<\/strong><\/li>\n<\/ul>\n<p><span style=\"font-weight: 400;\">? <strong>PRIMER<\/strong> ?<\/span><\/p>\n<p><span style=\"font-weight: 400;\">Bon dia conills i papallones!\u00a0<\/span><\/p>\n<p><span style=\"font-weight: 400;\">? Com que sabem que us agraden molt les rimes, avui descobrirem els rodolins! Els podeu anar treballant al llarg de la setmana i dilluns que ve ens feu un \u00e0udio o un v\u00eddeo amb el rodol\u00ed que m\u00e9s us agradi.<\/span><\/p>\n<p><a href=\"https:\/\/agora.xtec.cat\/escjoseppenuelas\/wp-content\/uploads\/usu1492\/2020\/03\/RODOLINS-G.LILA_.pdf\">RODOLINS G.LILA<\/a><\/p>\n<p><span style=\"font-weight: 400;\">? Penseu a enviar-nos l&#8217;\u00e0udio o v\u00eddeo recitant el poema de la Ginesta que vam treballar la setmana passada.<\/span><\/p>\n<p><span style=\"font-weight: 400;\">?Recordeu com neixen i es reprodueixen les plantes? Us deixem aquest v\u00eddeo per fer mem\u00f2ria:<\/span><\/p>\n<p><a href=\"https:\/\/youtu.be\/eBzTCbGnlWo\"><span style=\"font-weight: 400;\">https:\/\/youtu.be\/eBzTCbGnlWo<\/span><\/a><span style=\"font-weight: 400;\">\u00a0<\/span><\/p>\n<p><span style=\"font-weight: 400;\">?Us heu fixat com es forma el fruit? Ara podreu fer la seg\u00fcent tasca per con\u00e8ixer m\u00e9s b\u00e9 com s\u00f3n els fruits.<\/span><\/p>\n<p><a href=\"https:\/\/agora.xtec.cat\/escjoseppenuelas\/wp-content\/uploads\/usu1492\/2020\/03\/EL-FRUIT_LILA.pdf\">EL FRUIT_LILA<\/a><\/p>\n<p><span style=\"font-weight: 400;\">??\u200d\u2640\ufe0f A educaci\u00f3 f\u00edsica ens expressem amb el cos!<\/span><\/p>\n<p><a href=\"https:\/\/agora.xtec.cat\/escjoseppenuelas\/wp-content\/uploads\/usu1492\/2020\/03\/Ens-expressem-amb-el-cos.pdf\">Ens expressem amb el cos<\/a><\/p>\n<p>&nbsp;<\/p>\n<p><span style=\"font-weight: 400;\">? <strong>PRIMER<\/strong> ?<\/span><\/p>\n<p><span style=\"font-weight: 400;\">Bon dia conills i papallones!\u00a0<\/span><\/p>\n<p><span style=\"font-weight: 400;\">? Com que sabem que us agraden molt les rimes, avui descobrirem els rodolins! Els podeu anar treballant al llarg de la setmana i dilluns que ve ens feu un \u00e0udio o un v\u00eddeo amb el rodol\u00ed que m\u00e9s us agradi.<\/span><\/p>\n<p><a href=\"https:\/\/agora.xtec.cat\/escjoseppenuelas\/wp-content\/uploads\/usu1492\/2020\/03\/RODOLINS-G.GROC_.pdf\">RODOLINS G.GROC<\/a><\/p>\n<p><span style=\"font-weight: 400;\">? Penseu a enviar-nos l&#8217;\u00e0udio o v\u00eddeo recitant el poema de la Ginesta que vam treballar la setmana passada.<\/span><\/p>\n<p><span style=\"font-weight: 400;\">?Recordeu com neixen i es reprodueixen les plantes? Us deixem aquest v\u00eddeo per fer mem\u00f2ria:<\/span><\/p>\n<p><a href=\"https:\/\/youtu.be\/eBzTCbGnlWo\"><span style=\"font-weight: 400;\">https:\/\/youtu.be\/eBzTCbGnlWo<\/span><\/a><span style=\"font-weight: 400;\">\u00a0<\/span><\/p>\n<p><span style=\"font-weight: 400;\">?Us heu fixat com es forma el fruit? Ara podreu fer la seg\u00fcent tasca per con\u00e8ixer m\u00e9s b\u00e9 com s\u00f3n els fruits.<\/span><\/p>\n<p><a href=\"https:\/\/agora.xtec.cat\/escjoseppenuelas\/wp-content\/uploads\/usu1492\/2020\/03\/EL-FRUIT_GROC.pdf\">EL FRUIT_GROC<\/a><\/p>\n<p><span style=\"font-weight: 400;\">??\u200d\u2640\ufe0f A educaci\u00f3 f\u00edsica ens expressem amb el cos!<\/span><\/p>\n<p><a href=\"https:\/\/agora.xtec.cat\/escjoseppenuelas\/wp-content\/uploads\/usu1492\/2020\/03\/Ens-expressem-amb-el-cos.pdf\">Ens expressem amb el cos<\/a><\/p>\n<p>&nbsp;<\/p>\n<p><span style=\"font-weight: 400;\">? <strong>PRIMER<\/strong> ?<\/span><\/p>\n<p><span style=\"font-weight: 400;\">Bon dia conills i papallones!\u00a0<\/span><\/p>\n<p><span style=\"font-weight: 400;\">? Com que sabem que us agraden molt les rimes, avui descobrirem els rodolins! Despr\u00e9s podeu practicar la can\u00e7\u00f3 amb en Mic i els seus amics, i dilluns que ve ens ho ensenyeu amb un \u00e0udio o un v\u00eddeo.<\/span><\/p>\n<p><a href=\"https:\/\/youtu.be\/p2TCakzkrlc\"><span style=\"font-weight: 400;\">https:\/\/youtu.be\/p2TCakzkrlc<\/span><\/a><span style=\"font-weight: 400;\">\u00a0<\/span><\/p>\n<p><a href=\"https:\/\/agora.xtec.cat\/escjoseppenuelas\/wp-content\/uploads\/usu1492\/2020\/03\/RODOLINS-G.BLAU_.pdf\">RODOLINS G.BLAU<\/a><\/p>\n<p><span style=\"font-weight: 400;\">? Penseu a enviar-nos l&#8217;\u00e0udio o v\u00eddeo recitant el poema de la Ginesta que vam treballar la setmana passada.<\/span><\/p>\n<p><span style=\"font-weight: 400;\">?Recordeu com neixen i es reprodueixen les plantes? Us deixem aquest v\u00eddeo per fer mem\u00f2ria:<\/span><\/p>\n<p><a href=\"https:\/\/youtu.be\/eBzTCbGnlWo\"><span style=\"font-weight: 400;\">https:\/\/youtu.be\/eBzTCbGnlWo<\/span><\/a><span style=\"font-weight: 400;\">\u00a0<\/span><\/p>\n<p><span style=\"font-weight: 400;\">?Us heu fixat com es forma el fruit? Ara podreu fer la seg\u00fcent tasca per con\u00e8ixer m\u00e9s b\u00e9 com s\u00f3n els fruits.<\/span><\/p>\n<p><a href=\"https:\/\/agora.xtec.cat\/escjoseppenuelas\/wp-content\/uploads\/usu1492\/2020\/03\/EL-FRUIT_BLAU.pdf\">EL FRUIT_BLAU<\/a><\/p>\n<p><span style=\"font-weight: 400;\">??\u200d\u2640\ufe0f A educaci\u00f3 f\u00edsica ens expressem amb el cos!<\/span><\/p>\n<p><a href=\"https:\/\/agora.xtec.cat\/escjoseppenuelas\/wp-content\/uploads\/usu1492\/2020\/03\/Ens-expressem-amb-el-cos.pdf\">Ens expressem amb el cos<\/a><\/p>\n<p>&nbsp;<\/p>\n<ul>\n<li><strong>ACTIVITATS DE SEGON:<\/strong><\/li>\n<\/ul>\n<p><span style=\"font-weight: 400;\">? <strong>SEGON<\/strong> ?<\/span><\/p>\n<p><span style=\"font-weight: 400;\">Bon dia ?<\/span><\/p>\n<p><span style=\"font-weight: 400;\">\u2713Per comen\u00e7ar, mireu atentament aquest v\u00eddeo ?<\/span><\/p>\n<p><a href=\"https:\/\/youtu.be\/JYBG-HwpyFc\"><span style=\"font-weight: 400;\">https:\/\/youtu.be\/JYBG-HwpyFc<\/span><\/a><span style=\"font-weight: 400;\">\u00a0<\/span><\/p>\n<p><span style=\"font-weight: 400;\">\u2713Ara, us animem a fer la fitxa relacionada amb el v\u00eddeo ?<\/span><\/p>\n<p><a href=\"https:\/\/agora.xtec.cat\/escjoseppenuelas\/wp-content\/uploads\/usu1492\/2020\/03\/OFICIS_2.pdf\">OFICIS_2<\/a><\/p>\n<p><span style=\"font-weight: 400;\">\u2713 <strong>Activitat de retorn:<\/strong> Busqueu una endevinalla d&#8217;un ofici, escriviu-la i ens l&#8217;envieu. Nosaltres intentarem endevinar-la ?<\/span><\/p>\n<p><span style=\"font-weight: 400;\">\u2713Us agraden els enigmes? Sereu capa\u00e7os i capaces de resoldre el que us proposem? ?<\/span><\/p>\n<p><a href=\"https:\/\/agora.xtec.cat\/escjoseppenuelas\/wp-content\/uploads\/usu1492\/2020\/03\/IMG-20200524-WA0003.jpg\"><img loading=\"lazy\" decoding=\"async\" class=\"alignnone size-medium wp-image-3414\" src=\"https:\/\/agora.xtec.cat\/escjoseppenuelas\/wp-content\/uploads\/usu1492\/2020\/03\/IMG-20200524-WA0003-300x218.jpg\" alt=\"\" width=\"300\" height=\"218\" srcset=\"https:\/\/agora.xtec.cat\/escjoseppenuelas\/wp-content\/uploads\/usu1492\/2020\/03\/IMG-20200524-WA0003-300x218.jpg 300w, https:\/\/agora.xtec.cat\/escjoseppenuelas\/wp-content\/uploads\/usu1492\/2020\/03\/IMG-20200524-WA0003-768x557.jpg 768w, https:\/\/agora.xtec.cat\/escjoseppenuelas\/wp-content\/uploads\/usu1492\/2020\/03\/IMG-20200524-WA0003.jpg 816w\" sizes=\"auto, (max-width: 300px) 100vw, 300px\" \/><\/a><\/p>\n<p><span style=\"font-weight: 400;\">\u2713Per \u00faltim, us ho passareu d&#8217;all\u00f2 m\u00e9s b\u00e9 amb aquestes activitats d&#8217;educaci\u00f3 f\u00edsica ?<\/span><\/p>\n<p><a href=\"https:\/\/agora.xtec.cat\/escjoseppenuelas\/wp-content\/uploads\/usu1492\/2020\/03\/Representem-oficis.pdf\">Representem oficis<\/a><\/p>\n<p>&nbsp;<\/p>\n<p><span style=\"font-weight: 400;\">? <strong>SEGON<\/strong> ?<\/span><\/p>\n<p><span style=\"font-weight: 400;\">Bon dia ?<\/span><\/p>\n<p><span style=\"font-weight: 400;\">\u2713Per comen\u00e7ar, mireu atentament aquest v\u00eddeo ?<\/span><\/p>\n<p><a href=\"https:\/\/youtu.be\/JYBG-HwpyFc\"><span style=\"font-weight: 400;\">https:\/\/youtu.be\/JYBG-HwpyFc<\/span><\/a><span style=\"font-weight: 400;\">\u00a0<\/span><\/p>\n<p><span style=\"font-weight: 400;\">\u2713Ara, us animem a fer la fitxa relacionada amb el v\u00eddeo ?<\/span><\/p>\n<p><a href=\"https:\/\/agora.xtec.cat\/escjoseppenuelas\/wp-content\/uploads\/usu1492\/2020\/03\/OFICIS_2.pdf\">OFICIS_2<\/a><\/p>\n<p><span style=\"font-weight: 400;\">\u2713 <strong>Activitat de retorn:<\/strong> Busqueu una endevinalla d&#8217;un ofici, escriviu-la i ens l&#8217;envieu. Nosaltres intentarem endevinar-la ?<\/span><\/p>\n<p><span style=\"font-weight: 400;\">\u2713Us agraden els enigmes? Sereu capa\u00e7os i capaces de resoldre el que us proposem? ?<\/span><\/p>\n<p><a href=\"https:\/\/agora.xtec.cat\/escjoseppenuelas\/wp-content\/uploads\/usu1492\/2020\/03\/IMG-20200524-WA0003.jpg\"><img loading=\"lazy\" decoding=\"async\" class=\"alignnone size-medium wp-image-3414\" src=\"https:\/\/agora.xtec.cat\/escjoseppenuelas\/wp-content\/uploads\/usu1492\/2020\/03\/IMG-20200524-WA0003-300x218.jpg\" alt=\"\" width=\"300\" height=\"218\" srcset=\"https:\/\/agora.xtec.cat\/escjoseppenuelas\/wp-content\/uploads\/usu1492\/2020\/03\/IMG-20200524-WA0003-300x218.jpg 300w, https:\/\/agora.xtec.cat\/escjoseppenuelas\/wp-content\/uploads\/usu1492\/2020\/03\/IMG-20200524-WA0003-768x557.jpg 768w, https:\/\/agora.xtec.cat\/escjoseppenuelas\/wp-content\/uploads\/usu1492\/2020\/03\/IMG-20200524-WA0003.jpg 816w\" sizes=\"auto, (max-width: 300px) 100vw, 300px\" \/><\/a><\/p>\n<p><span style=\"font-weight: 400;\">\u2713Per \u00faltim, us ho passareu d&#8217;all\u00f2 m\u00e9s b\u00e9 amb aquestes activitats d&#8217;educaci\u00f3 f\u00edsica ?<\/span><\/p>\n<p><a href=\"https:\/\/agora.xtec.cat\/escjoseppenuelas\/wp-content\/uploads\/usu1492\/2020\/03\/Representem-oficis.pdf\">Representem oficis<\/a><\/p>\n<p>&nbsp;<\/p>\n<p><span style=\"font-weight: 400;\">? <strong>SEGON<\/strong> ?<\/span><\/p>\n<p><span style=\"font-weight: 400;\">Bon dia ?<\/span><\/p>\n<p><span style=\"font-weight: 400;\">\u2713Per comen\u00e7ar, mireu atentament aquest v\u00eddeo ?<\/span><\/p>\n<p><a href=\"https:\/\/youtu.be\/JYBG-HwpyFc\"><span style=\"font-weight: 400;\">https:\/\/youtu.be\/JYBG-HwpyFc<\/span><\/a><span style=\"font-weight: 400;\">\u00a0<\/span><\/p>\n<p><span style=\"font-weight: 400;\">\u2713Ara, us animem a fer la fitxa relacionada amb el v\u00eddeo ?<\/span><\/p>\n<p><a href=\"https:\/\/agora.xtec.cat\/escjoseppenuelas\/wp-content\/uploads\/usu1492\/2020\/03\/OFICIS_2-lila.pdf\">OFICIS_2 lila<\/a><\/p>\n<p><span style=\"font-weight: 400;\">\u2713 <strong>Activitat de retorn:<\/strong> Busqueu una endevinalla d&#8217;un ofici, escriviu-la i ens l&#8217;envieu. Nosaltres intentarem endevinar-la ?<\/span><\/p>\n<p><span style=\"font-weight: 400;\">\u2713Us agraden els enigmes? Sereu capa\u00e7os i capaces de resoldre el que us proposem? ?<\/span><\/p>\n<p><a href=\"https:\/\/agora.xtec.cat\/escjoseppenuelas\/wp-content\/uploads\/usu1492\/2020\/03\/IMG-20200524-WA0003.jpg\"><img loading=\"lazy\" decoding=\"async\" class=\"alignnone size-medium wp-image-3414\" src=\"https:\/\/agora.xtec.cat\/escjoseppenuelas\/wp-content\/uploads\/usu1492\/2020\/03\/IMG-20200524-WA0003-300x218.jpg\" alt=\"\" width=\"300\" height=\"218\" srcset=\"https:\/\/agora.xtec.cat\/escjoseppenuelas\/wp-content\/uploads\/usu1492\/2020\/03\/IMG-20200524-WA0003-300x218.jpg 300w, https:\/\/agora.xtec.cat\/escjoseppenuelas\/wp-content\/uploads\/usu1492\/2020\/03\/IMG-20200524-WA0003-768x557.jpg 768w, https:\/\/agora.xtec.cat\/escjoseppenuelas\/wp-content\/uploads\/usu1492\/2020\/03\/IMG-20200524-WA0003.jpg 816w\" sizes=\"auto, (max-width: 300px) 100vw, 300px\" \/><\/a><\/p>\n<p><span style=\"font-weight: 400;\">\u2713Per \u00faltim, us ho passareu d&#8217;all\u00f2 m\u00e9s b\u00e9 amb aquestes activitats d&#8217;educaci\u00f3 f\u00edsica ?<\/span><\/p>\n<p><a href=\"https:\/\/agora.xtec.cat\/escjoseppenuelas\/wp-content\/uploads\/usu1492\/2020\/03\/Representem-oficis.pdf\">Representem oficis<\/a><\/p>\n<p>&nbsp;<\/p>\n<h4 style=\"text-align: left;\"><span style=\"color: #339966;\"><strong>DIVENDRES 22 DE MAIG:<\/strong><\/span><\/h4>\n<p>&nbsp;<\/p>\n<ul>\n<li><strong>ACTIVITATS DE PRIMER:<\/strong><\/li>\n<\/ul>\n<p><span style=\"font-weight: 400;\">?PRIMER?<\/span><\/p>\n<p><span style=\"font-weight: 400;\">Bon dia ?!!!<\/span><\/p>\n<p><span style=\"font-weight: 400;\">\u2618\ufe0fAvui treballarem les fulles. Voleu saber com s\u2019alimenten i per qu\u00e8 s\u00f3n molt importants? Doncs mireu el v\u00eddeo que us hem preparat.<\/span><\/p>\n<p><span style=\"font-weight: 400;\">?A continuaci\u00f3, us proposem que quan sortiu a passejar agafeu algunes fulles perqu\u00e8 les utilitzareu per fer les seg\u00fcents activitats.\u00a0<\/span><\/p>\n<p><a href=\"https:\/\/agora.xtec.cat\/escjoseppenuelas\/wp-content\/uploads\/usu1492\/2020\/03\/FULLES_lila-groc.pdf\">FULLES_lila groc<\/a><\/p>\n<p><span style=\"font-weight: 400;\">??? Voleu fer una mica de crea-activitat amb les fulles?? Endavant!!<\/span><\/p>\n<p><a href=\"https:\/\/agora.xtec.cat\/escjoseppenuelas\/wp-content\/uploads\/usu1492\/2020\/03\/CREA-ACTIVITAT-FULLES.pdf\">CREA-ACTIVITAT FULLES<\/a><\/p>\n<p><span style=\"font-weight: 400;\">?M\u00fasica a casa!!<\/span><\/p>\n<p><a href=\"https:\/\/agora.xtec.cat\/escjoseppenuelas\/wp-content\/uploads\/usu1492\/2020\/03\/M\u00fasica-a-casa-1-1.pdf\">M\u00fasica a casa!!!-1<\/a><\/p>\n<p>&nbsp;<\/p>\n<p><span style=\"font-weight: 400;\">?PRIMER?<\/span><\/p>\n<p><span style=\"font-weight: 400;\">Bon dia ?!!!<\/span><\/p>\n<p><span style=\"font-weight: 400;\">\u2618\ufe0fAvui treballarem les fulles. Voleu saber com s\u2019alimenten i per qu\u00e8 s\u00f3n molt importants? Doncs mireu el v\u00eddeo que us hem preparat.<\/span><\/p>\n<p><span style=\"font-weight: 400;\">?A continuaci\u00f3, us proposem que quan sortiu a passejar agafeu algunes fulles perqu\u00e8 les utilitzareu per fer les seg\u00fcents activitats.\u00a0<\/span><\/p>\n<p><a style=\"color: #2795b6;\" href=\"https:\/\/agora.xtec.cat\/escjoseppenuelas\/wp-content\/uploads\/usu1492\/2020\/03\/FULLES_lila-groc.pdf\">FULLES_lila groc<\/a><\/p>\n<p><span style=\"font-weight: 400;\">??? Voleu fer una mica de crea-activitat amb les fulles?? Endavant!!<\/span><\/p>\n<p><a href=\"https:\/\/agora.xtec.cat\/escjoseppenuelas\/wp-content\/uploads\/usu1492\/2020\/03\/CREA-ACTIVITAT-FULLES.pdf\">CREA-ACTIVITAT FULLES<\/a><\/p>\n<p><span style=\"font-weight: 400;\">?M\u00fasica a casa!!<\/span><\/p>\n<p><a href=\"https:\/\/agora.xtec.cat\/escjoseppenuelas\/wp-content\/uploads\/usu1492\/2020\/03\/M\u00fasica-a-casa-1-1.pdf\">M\u00fasica a casa!!!-1<\/a><\/p>\n<p>&nbsp;<\/p>\n<p><span style=\"font-weight: 400;\">?PRIMER?<\/span><\/p>\n<p><span style=\"font-weight: 400;\">Bon dia ?!!!<\/span><\/p>\n<p><span style=\"font-weight: 400;\">\u2618\ufe0fAvui treballarem les fulles. Voleu saber com s\u2019alimenten i per qu\u00e8 s\u00f3n molt importants? Doncs mireu el v\u00eddeo que us hem preparat.<\/span><\/p>\n<p><span style=\"font-weight: 400;\">?A continuaci\u00f3, us proposem que quan sortiu a passejar agafeu algunes fulles perqu\u00e8 les utilitzareu per fer les seg\u00fcents activitats.\u00a0<\/span><\/p>\n<p><a href=\"https:\/\/agora.xtec.cat\/escjoseppenuelas\/wp-content\/uploads\/usu1492\/2020\/03\/FULLES_blau.pdf\">FULLES_blau<\/a><\/p>\n<p><span style=\"font-weight: 400;\">??? Voleu fer una mica de crea-activitat amb les fulles?? Endavant!!<\/span><\/p>\n<p><a href=\"https:\/\/agora.xtec.cat\/escjoseppenuelas\/wp-content\/uploads\/usu1492\/2020\/03\/CREA-ACTIVITAT-FULLES.pdf\">CREA-ACTIVITAT FULLES<\/a><\/p>\n<p><span style=\"font-weight: 400;\">?M\u00fasica a casa!!<\/span><\/p>\n<p><a href=\"https:\/\/agora.xtec.cat\/escjoseppenuelas\/wp-content\/uploads\/usu1492\/2020\/03\/M\u00fasica-a-casa-1-1.pdf\">M\u00fasica a casa!!!-1<\/a><\/p>\n<p>&nbsp;<\/p>\n<ul>\n<li><strong>ACTIVITATS DE SEGON:<\/strong><\/li>\n<\/ul>\n<p><span style=\"font-weight: 400;\">Bon dia ?<\/span><\/p>\n<p><span style=\"font-weight: 400;\">Qu\u00e9 b\u00e9 que ho esteu fent!!! Seguim amb els oficis ??????<\/span><\/p>\n<p><span style=\"font-weight: 400;\">\u2713Comencem amb un jclic:<\/span><\/p>\n<p><a href=\"https:\/\/clic.xtec.cat\/projects\/oficis\/jclic.js\/index.html\"><span style=\"font-weight: 400;\">https:\/\/clic.xtec.cat\/projects\/oficis\/jclic.js\/index.html<\/span><\/a><span style=\"font-weight: 400;\">\u00a0<\/span><\/p>\n<p><span style=\"font-weight: 400;\">\u2713Sabem que us agraden les activitats interactives i, per aix\u00f2, us proposem aquesta on haureu de relacionar els estris amb els oficis.<\/span><\/p>\n<p><a href=\"https:\/\/es.liveworksheets.com\/worksheets\/ca\/Descoberta_de_l'entorn\/Els_oficis\/Objectes_de_cada_ofici_er453315ox\"><span style=\"font-weight: 400;\">https:\/\/es.liveworksheets.com\/worksheets\/ca\/Descoberta_de_l&#8217;entorn\/Els_oficis\/Objectes_de_cada_ofici_er453315ox<\/span><\/a><span style=\"font-weight: 400;\">\u00a0<\/span><\/p>\n<p><span style=\"font-weight: 400;\">\u2713\u00c9s molt important llegir ? Per\u00f2 tamb\u00e9 ho \u00e9s escoltar i que ens expliquin contes ?<\/span><\/p>\n<p><span style=\"font-weight: 400;\">Esperem que el gaudiu:<\/span><\/p>\n<p><a href=\"https:\/\/youtu.be\/64I8O-4CEwc\"><span style=\"font-weight: 400;\">https:\/\/youtu.be\/64I8O-4CEwc<\/span><\/a><span style=\"font-weight: 400;\">\u00a0<\/span><\/p>\n<p><span style=\"font-weight: 400;\">\u2713I els divendres&#8230; M\u00fasica a casa ???<\/span><\/p>\n<p><a href=\"https:\/\/agora.xtec.cat\/escjoseppenuelas\/wp-content\/uploads\/usu1492\/2020\/03\/M\u00fasica-a-casa-1-1.pdf\">M\u00fasica a casa!!!-1<\/a><\/p>\n<p>&nbsp;<\/p>\n<h4 style=\"text-align: left;\"><span style=\"color: #339966;\"><strong>DIMECRES 20 DE MAIG:<\/strong><\/span><\/h4>\n<p>&nbsp;<\/p>\n<ul>\n<li><strong>ACTIVITATS DE PRIMER:<\/strong><\/li>\n<\/ul>\n<p><span style=\"font-weight: 400;\">?<strong>PRIMER<\/strong>?<\/span><\/p>\n<p><span style=\"font-weight: 400;\">Bon dia petits investigadors!?\ufe0f Avui pararem especial atenci\u00f3 en les flors\u00a0<\/span><\/p>\n<p><span style=\"font-weight: 400;\">?Us hem preparat un v\u00eddeo que ens explica perqu\u00e8 serveixen les flors i com ho fan les plantes per fer-ne de noves? Llavors podeu fer la fitxa.<\/span><\/p>\n<p><a href=\"https:\/\/agora.xtec.cat\/escjoseppenuelas\/wp-content\/uploads\/usu1492\/2020\/03\/FITXA-LES-FLORS_LILA-I-GROC.pdf\">FITXA LES FLORS_LILA I GROC<\/a><\/p>\n<p><span style=\"font-weight: 400;\">? Continuem repassant la desena! Recordeu quantes unitats tenia una desena?? ? Una desena \u00e9s un paquet de ?. Ara farem la fitxa de numeraci\u00f3 per\u00f2 comptant amb el cap, eh? No val fer servir els dits.<\/span><\/p>\n<p><a href=\"https:\/\/agora.xtec.cat\/escjoseppenuelas\/wp-content\/uploads\/usu1492\/2020\/03\/NUMERACI\u00d32_LILA.pdf\">NUMERACI\u00d32_LILA<\/a><\/p>\n<p><span style=\"font-weight: 400;\">?? Juguem amb el jclic: Mon petit jardin<\/span><\/p>\n<p><a href=\"https:\/\/clic.xtec.cat\/users\/esantist\/le_potager\/index.html\"><span style=\"font-weight: 400;\">https:\/\/clic.xtec.cat\/users\/esantist\/le_potager\/index.html<\/span><\/a><span style=\"font-weight: 400;\">\u00a0<\/span><\/p>\n<p>&nbsp;<\/p>\n<p><span style=\"font-weight: 400;\">?<strong>PRIMER<\/strong>?<\/span><\/p>\n<p><span style=\"font-weight: 400;\">Bon dia petits investigadors!?\ufe0f Avui pararem especial atenci\u00f3 en les flors\u00a0<\/span><\/p>\n<p><span style=\"font-weight: 400;\">?Us hem preparat un v\u00eddeo que ens explica perqu\u00e8 serveixen les flors i com ho fan les plantes per fer-ne de noves? Llavors podeu fer la fitxa.<\/span><\/p>\n<p><a href=\"https:\/\/agora.xtec.cat\/escjoseppenuelas\/wp-content\/uploads\/usu1492\/2020\/03\/FITXA-LES-FLORS_LILA-I-GROC.pdf\">FITXA LES FLORS_LILA I GROC<\/a><\/p>\n<p><span style=\"font-weight: 400;\">? Continuem repassant la desena! Recordeu quantes unitats tenia una desena?? ? Una desena \u00e9s un paquet de ?. Ara farem la fitxa de numeraci\u00f3 per\u00f2 comptant amb el cap, eh? No val fer servir els dits.<\/span><\/p>\n<p><a href=\"https:\/\/agora.xtec.cat\/escjoseppenuelas\/wp-content\/uploads\/usu1492\/2020\/03\/NUMERACI\u00d32_GROC.pdf\">NUMERACI\u00d32_GROC<\/a><\/p>\n<p><span style=\"font-weight: 400;\">?? Juguem amb el jclic: Mon petit jardin<\/span><\/p>\n<p><a href=\"https:\/\/clic.xtec.cat\/users\/esantist\/le_potager\/index.html\"><span style=\"font-weight: 400;\">https:\/\/clic.xtec.cat\/users\/esantist\/le_potager\/index.html<\/span><\/a><span style=\"font-weight: 400;\">\u00a0<\/span><\/p>\n<p>&nbsp;<\/p>\n<p><span style=\"font-weight: 400;\">?<strong>PRIMER<\/strong>?<\/span><\/p>\n<p><span style=\"font-weight: 400;\">Bon dia petits investigadors!?\ufe0f Avui pararem especial atenci\u00f3 en les flors\u00a0<\/span><\/p>\n<p><span style=\"font-weight: 400;\">?Us hem preparat un v\u00eddeo que ens explica perqu\u00e8 serveixen les flors i com ho fan les plantes per fer-ne de noves? Llavors podeu fer la fitxa.<\/span><\/p>\n<p><a href=\"https:\/\/agora.xtec.cat\/escjoseppenuelas\/wp-content\/uploads\/usu1492\/2020\/03\/FITXA-LES-FLORS_BLAU.pdf\">FITXA LES FLORS_BLAU<\/a><\/p>\n<p><span style=\"font-weight: 400;\">? Continuem repassant els n\u00fameros fins el ?.<\/span><\/p>\n<p><a href=\"https:\/\/agora.xtec.cat\/escjoseppenuelas\/wp-content\/uploads\/usu1492\/2020\/03\/NUMERACI\u00d32_BLAU.pdf\">NUMERACI\u00d32_BLAU<\/a><\/p>\n<p><span style=\"font-weight: 400;\">?? Juguem amb el jclic: Mon petit jardin<\/span><\/p>\n<p><a href=\"https:\/\/clic.xtec.cat\/users\/esantist\/le_potager\/index.html\"><span style=\"font-weight: 400;\">https:\/\/clic.xtec.cat\/users\/esantist\/le_potager\/index.html<\/span><\/a><span style=\"font-weight: 400;\">\u00a0<\/span><\/p>\n<p>&nbsp;<\/p>\n<ul>\n<li><strong>ACTIVITATS DE SEGON:<\/strong><\/li>\n<\/ul>\n<p><span style=\"font-weight: 400;\">?<strong>Grup verd<\/strong>?<\/span><\/p>\n<p><span style=\"font-weight: 400;\">Bon dia ?<\/span><\/p>\n<p><span style=\"font-weight: 400;\">Continuem amb el tema dels oficis ??????<\/span><\/p>\n<p><span style=\"font-weight: 400;\">\u2713Mireu aquest v\u00eddeo amb atenci\u00f3, que despr\u00e9s haureu de respondre unes preguntes ?<\/span><\/p>\n<p><a href=\"https:\/\/youtu.be\/DV3Z2iKCKMs\"><span style=\"font-weight: 400;\">https:\/\/youtu.be\/DV3Z2iKCKMs<\/span><\/a><span style=\"font-weight: 400;\">\u00a0<\/span><\/p>\n<p><span style=\"font-weight: 400;\">\u2713Aqu\u00ed teniu una fitxa que, si heu estat atents i atentes al v\u00eddeo, resoldreu amb facilitat ??????<\/span><\/p>\n<p><a href=\"https:\/\/agora.xtec.cat\/escjoseppenuelas\/wp-content\/uploads\/usu1492\/2020\/03\/ELS-OFICIS-1-1.pdf\">ELS OFICIS <\/a><\/p>\n<p><span style=\"font-weight: 400;\">\u2713Sereu capa\u00e7os de resoldre aquesta sopa de lletres interactiva?\u00a0<\/span><\/p>\n<p><a href=\"https:\/\/www.liveworksheets.com\/worksheets\/ca\/Llengua_catalana\/Vocabulari\/Els_oficis_cd364361jb\"><span style=\"font-weight: 400;\">https:\/\/www.liveworksheets.com\/worksheets\/ca\/Llengua_catalana\/Vocabulari\/Els_oficis_cd364361jb<\/span><\/a><span style=\"font-weight: 400;\">\u00a0<\/span><\/p>\n<p><span style=\"font-weight: 400;\">\u2713I com cada dimecres&#8230; Franc\u00e8s ??? juguem amb el jclic: quand je serai grand\/e<\/span><\/p>\n<p><a href=\"https:\/\/clic.xtec.cat\/users\/esantist\/les_metiers\/index.html\"><span style=\"font-weight: 400;\">https:\/\/clic.xtec.cat\/users\/esantist\/les_metiers\/index.html<\/span><\/a><\/p>\n<p>&nbsp;<\/p>\n<p><span style=\"font-weight: 400;\">?<strong>Grup taronja<\/strong>?<\/span><\/p>\n<p><span style=\"font-weight: 400;\">Bon dia ?<\/span><\/p>\n<p><span style=\"font-weight: 400;\">Continuem amb el tema dels oficis ??????<\/span><\/p>\n<p><span style=\"font-weight: 400;\">\u2713Mireu aquest v\u00eddeo amb atenci\u00f3, que despr\u00e9s haureu de respondre unes preguntes ?<\/span><\/p>\n<p><a href=\"https:\/\/youtu.be\/DV3Z2iKCKMs\"><span style=\"font-weight: 400;\">https:\/\/youtu.be\/DV3Z2iKCKMs<\/span><\/a><span style=\"font-weight: 400;\">\u00a0<\/span><\/p>\n<p><span style=\"font-weight: 400;\">\u2713Aqu\u00ed teniu una fitxa que, si heu estat atents i atentes al v\u00eddeo, resoldreu amb facilitat ??????<\/span><\/p>\n<p><a href=\"https:\/\/agora.xtec.cat\/escjoseppenuelas\/wp-content\/uploads\/usu1492\/2020\/03\/ELS-OFICIS-1-1.pdf\">ELS OFICIS <\/a><\/p>\n<p><span style=\"font-weight: 400;\">\u2713Sereu capa\u00e7os de resoldre aquesta sopa de lletres interactiva?\u00a0<\/span><\/p>\n<p><a href=\"https:\/\/www.liveworksheets.com\/worksheets\/ca\/Llengua_catalana\/Vocabulari\/Els_oficis_cd364361jb\"><span style=\"font-weight: 400;\">https:\/\/www.liveworksheets.com\/worksheets\/ca\/Llengua_catalana\/Vocabulari\/Els_oficis_cd364361jb<\/span><\/a><span style=\"font-weight: 400;\">\u00a0<\/span><\/p>\n<p><span style=\"font-weight: 400;\">\u2713I com cada dimecres&#8230; Franc\u00e8s ??? juguem amb el jclic: quand je serai grand\/e<\/span><\/p>\n<p><a href=\"https:\/\/clic.xtec.cat\/users\/esantist\/les_metiers\/index.html\"><span style=\"font-weight: 400;\">https:\/\/clic.xtec.cat\/users\/esantist\/les_metiers\/index.html<\/span><\/a><\/p>\n<p>&nbsp;<\/p>\n<p><span style=\"font-weight: 400;\">?<strong>Grup lila<\/strong>?<\/span><\/p>\n<p><span style=\"font-weight: 400;\">Bon dia ?<\/span><\/p>\n<p><span style=\"font-weight: 400;\">Continuem amb el tema dels oficis ??????<\/span><\/p>\n<p><span style=\"font-weight: 400;\">\u2713Mireu aquest v\u00eddeo amb atenci\u00f3, que despr\u00e9s haureu de respondre unes preguntes ?<\/span><\/p>\n<p><a href=\"https:\/\/youtu.be\/DV3Z2iKCKMs\"><span style=\"font-weight: 400;\">https:\/\/youtu.be\/DV3Z2iKCKMs<\/span><\/a><span style=\"font-weight: 400;\">\u00a0<\/span><\/p>\n<p><span style=\"font-weight: 400;\">\u2713Aqu\u00ed teniu una fitxa que, si heu estat atents i atentes al v\u00eddeo, resoldreu amb facilitat ??????<\/span><\/p>\n<p><a href=\"https:\/\/agora.xtec.cat\/escjoseppenuelas\/wp-content\/uploads\/usu1492\/2020\/03\/ELS-OFICIS-1.pdf\">ELS OFICIS<\/a><\/p>\n<p><span style=\"font-weight: 400;\">\u2713Sereu capa\u00e7os de resoldre aquesta sopa de lletres interactiva?\u00a0<\/span><\/p>\n<p><a href=\"https:\/\/www.liveworksheets.com\/worksheets\/ca\/Llengua_catalana\/Vocabulari\/Els_oficis_cd364361jb\"><span style=\"font-weight: 400;\">https:\/\/www.liveworksheets.com\/worksheets\/ca\/Llengua_catalana\/Vocabulari\/Els_oficis_cd364361jb<\/span><\/a><span style=\"font-weight: 400;\">\u00a0<\/span><\/p>\n<p><span style=\"font-weight: 400;\">\u2713I com cada dimecres&#8230; Franc\u00e8s ??? juguem amb el jclic: quand je serai grand\/e<\/span><\/p>\n<p><a href=\"https:\/\/clic.xtec.cat\/users\/esantist\/les_metiers\/index.html\"><span style=\"font-weight: 400;\">https:\/\/clic.xtec.cat\/users\/esantist\/les_metiers\/index.html<\/span><\/a><span style=\"font-weight: 400;\">\u00a0<\/span><\/p>\n<p>&nbsp;<\/p>\n<h4 style=\"text-align: left;\"><span style=\"color: #339966;\"><strong>DILLUNS 18 DE MAIG:<\/strong><\/span><\/h4>\n<p>&nbsp;<\/p>\n<ul>\n<li><strong>ACTIVITATS DE PRIMER:<\/strong><\/li>\n<\/ul>\n<p><span style=\"font-weight: 400;\">? PRIMER?<\/span><\/p>\n<p><span style=\"font-weight: 400;\">Bon dia ? i?!!<\/span><\/p>\n<p><span style=\"font-weight: 400;\">Despr\u00e8s d&#8217;un cap de setmana fant\u00e0stic; on hem tingut pluja i sol. Avui comencem el dilluns amb molta alegria, perqu\u00e8 estem impacients esperant els vostres audios o videos explicant-nos el conte de &#8220;LA MARGARIDA T\u00c9 POR&#8221; Uiii, quines ganes que tenim !!? ?.<\/span><\/p>\n<p><span style=\"font-weight: 400;\">?Com ja sabeu tantes cosetes de les plantes, i segur que les esteu observant quan sortiu, 0i? Doncs avui estudiarem els tipus que hi ha segons la seva tija. Mireu molt atentament el video i despr\u00e8s feu l&#8217;activitat de la fitxa que trobareu m\u00e9s avall. Molt important la part d&#8217;investigaci\u00f3?.\u00a0<\/span><\/p>\n<p><a href=\"https:\/\/agora.xtec.cat\/escjoseppenuelas\/wp-content\/uploads\/usu1492\/2020\/03\/Segons-la-tija-g.BLAU_.pdf\">Segons la tija g.BLAU<\/a><\/p>\n<p><span style=\"font-weight: 400;\">? Us hem fet un video amb imatges del poema de &#8220;LA GINESTA&#8221; Obriu b\u00e9 les orelles perqu\u00e8 tot sencer o una part ens l&#8217;haureu de recitar fent-nos arribar un video ? o un audio? el proper dilluns, dia 25. Endavant trempat!!?<\/span><\/p>\n<p><span style=\"font-weight: 400;\">?\u200d\u2640\ufe0f Jocs d&#8217;Educaci\u00f3 F\u00edsica.Toca fer equilibri!!!!<\/span><\/p>\n<p><a href=\"https:\/\/agora.xtec.cat\/escjoseppenuelas\/wp-content\/uploads\/usu1492\/2020\/03\/1589629237725_EF-1r.pdf\">1589629237725_EF 1r<\/a><\/p>\n<p><span style=\"font-weight: 400;\">?PRIMER?<\/span><\/p>\n<p><span style=\"font-weight: 400;\">Bon dia ? i?!!<\/span><\/p>\n<p><span style=\"font-weight: 400;\">Despr\u00e8s d&#8217;un cap de setmana fant\u00e0stic; on hem tingut pluja i sol. Avui comencem el dilluns amb molta alegria, perqu\u00e8 estem impacients esperant els vostres audios o videos explicant-nos el conte de &#8220;LA MARGARIDA T\u00c9 POR&#8221; Uiii, quines ganes que tenim !!? ?.<\/span><\/p>\n<p><span style=\"font-weight: 400;\">?Com ja sabeu tantes cosetes de les plantes, i segur que les esteu observant quan sortiu, 0i? Doncs avui estudiarem els tipus que hi ha segons la seva tija. Feu la fitxa que trobareu m\u00e9s avall. Molt important la part d&#8217;investigaci\u00f3?.\u00a0<\/span><\/p>\n<p><a href=\"https:\/\/agora.xtec.cat\/escjoseppenuelas\/wp-content\/uploads\/usu1492\/2020\/03\/Segons-la-tija-g.GROC_.pdf\">Segons la tija g.GROC<\/a><\/p>\n<p><span style=\"font-weight: 400;\">? Escolteu b\u00e9 el video, perqu\u00e8 us ajudem a completar el poema de &#8220;LA GINESTA&#8221; \u00c9s molt maco. Despr\u00e8s haureu d&#8217;estudiar-lo i recitar-nos-el fent un video ? o un audio? pel proper dilluns, dia 25. Endavant trempat!!<\/span><\/p>\n<p><a href=\"https:\/\/agora.xtec.cat\/escjoseppenuelas\/wp-content\/uploads\/usu1492\/2020\/03\/poema-la-ginesta-g.groc_.pdf\">poema la ginesta g.groc<\/a><\/p>\n<p><span style=\"font-weight: 400;\">?\u200d\u2640\ufe0f Jocs d&#8217;Educaci\u00f3 F\u00edsica.Toca fer equilibri!!<\/span><\/p>\n<p><a href=\"https:\/\/agora.xtec.cat\/escjoseppenuelas\/wp-content\/uploads\/usu1492\/2020\/03\/1589629237725_EF-1r.pdf\">1589629237725_EF 1r<\/a><\/p>\n<p><span style=\"font-weight: 400;\">?PRIMER ?<\/span><\/p>\n<p><span style=\"font-weight: 400;\">Bon dia ? i?!!<\/span><\/p>\n<p><span style=\"font-weight: 400;\">Despr\u00e8s d&#8217;un cap de setmana fant\u00e0stic; on hem tingut pluja i sol. Avui comencem el dilluns amb molta alegria, perqu\u00e8 estem impacients esperant els vostres audios o videos explicant-nos el conte de &#8220;LA MARGARIDA T\u00c9 POR&#8221; Uiii, quines ganes que tenim !!? ?.<\/span><\/p>\n<p><span style=\"font-weight: 400;\">?Com ja sabeu tantes cosetes de les plantes, i segur que les esteu observant quan sortiu, 0i? Doncs avui estudiarem els tipus que hi ha segons la seva tija. Feu la fitxa que trobareu m\u00e9s avall. Molt important la part d&#8217;investigaci\u00f3?.\u00a0<\/span><\/p>\n<p><a href=\"https:\/\/agora.xtec.cat\/escjoseppenuelas\/wp-content\/uploads\/usu1492\/2020\/03\/Segons-la-tija-g.LILA_.pdf\">Segons la tija g.LILA<\/a><\/p>\n<p><span style=\"font-weight: 400;\">? Escolteu b\u00e9 el video, perqu\u00e8 us ajudem a completar el poema de &#8220;LA GINESTA&#8221; \u00c9s molt maco. Despr\u00e8s haureu d&#8217;estudiar-lo i recitar-nos-el fent un video ? o un audio? pel proper dilluns, dia 25. Endavant trempat!!<\/span><\/p>\n<p><a href=\"https:\/\/agora.xtec.cat\/escjoseppenuelas\/wp-content\/uploads\/usu1492\/2020\/03\/poema-la-ginesta-g.lila_.pdf\">poema la ginesta g.lila<\/a><\/p>\n<p><span style=\"font-weight: 400;\">?\u200d\u2640\ufe0f Jocs d&#8217;Educaci\u00f3 F\u00edsica.Toca fer equilibri!!<\/span><\/p>\n<p><a href=\"https:\/\/agora.xtec.cat\/escjoseppenuelas\/wp-content\/uploads\/usu1492\/2020\/03\/1589629237725_EF-1r.pdf\">1589629237725_EF 1r<\/a><\/p>\n<p>&nbsp;<\/p>\n<ul>\n<li><strong>ACTIVITATS DE SEGON:<\/strong><\/li>\n<\/ul>\n<p><span style=\"font-weight: 400;\">Bon dia ?<\/span><\/p>\n<p><span style=\"font-weight: 400;\">\u2713Ja sou uns experts i expertes en el tema de l&#8217;alimentaci\u00f3 i, per aix\u00f2, us fem entrega d&#8217;aquest diploma ??????<\/span><\/p>\n<p><a href=\"https:\/\/agora.xtec.cat\/escjoseppenuelas\/wp-content\/uploads\/usu1492\/2020\/03\/IMG-20200513-WA0003.jpg\"><img loading=\"lazy\" decoding=\"async\" class=\"alignnone size-medium wp-image-3375\" src=\"https:\/\/agora.xtec.cat\/escjoseppenuelas\/wp-content\/uploads\/usu1492\/2020\/03\/IMG-20200513-WA0003-300x212.jpg\" alt=\"\" width=\"300\" height=\"212\" srcset=\"https:\/\/agora.xtec.cat\/escjoseppenuelas\/wp-content\/uploads\/usu1492\/2020\/03\/IMG-20200513-WA0003-300x212.jpg 300w, https:\/\/agora.xtec.cat\/escjoseppenuelas\/wp-content\/uploads\/usu1492\/2020\/03\/IMG-20200513-WA0003-768x543.jpg 768w, https:\/\/agora.xtec.cat\/escjoseppenuelas\/wp-content\/uploads\/usu1492\/2020\/03\/IMG-20200513-WA0003-1024x724.jpg 1024w, https:\/\/agora.xtec.cat\/escjoseppenuelas\/wp-content\/uploads\/usu1492\/2020\/03\/IMG-20200513-WA0003.jpg 1600w\" sizes=\"auto, (max-width: 300px) 100vw, 300px\" \/><\/a><\/p>\n<p><span style=\"font-weight: 400;\">\u2713A partir d&#8217;ara treballarem al voltant del m\u00f3n dels oficis ??\u200d\u2708\ufe0f??\u200d\u2642\ufe0f??\u200d?<\/span><\/p>\n<p><span style=\"font-weight: 400;\">Aquesta can\u00e7\u00f3 us ambientar\u00e0 una mica ?<\/span><\/p>\n<p><a href=\"https:\/\/youtu.be\/vM6HDODwvpQ\"><span style=\"font-weight: 400;\">https:\/\/youtu.be\/vM6HDODwvpQ<\/span><\/a><span style=\"font-weight: 400;\">\u00a0<\/span><\/p>\n<p><span style=\"font-weight: 400;\">\u2713 <strong>Activitat de retorn:<\/strong> Com veureu en el v\u00eddeo que us hem enviat, la primera tasca que us demanem \u00e9s un v\u00eddeo o \u00e0udio explicant quin ofici voleu fer de grans i perqu\u00e8 ?<\/span><\/p>\n<p><span style=\"font-weight: 400;\">\u2713I ara, una mica d&#8217;educaci\u00f3 f\u00edsica ??\u200d\u2640\ufe0f??\u200d\u2642\ufe0f<\/span><\/p>\n<p><a href=\"https:\/\/agora.xtec.cat\/escjoseppenuelas\/wp-content\/uploads\/usu1492\/2020\/03\/Els-equilibristes-2n.pdf\">Els equilibristes 2n<\/a><\/p>\n<p>&nbsp;<\/p>\n<h4 style=\"text-align: left;\"><span style=\"color: #339966;\"><strong>DIVEND<\/strong><\/span><span style=\"color: #339966;\"><strong>RES 15 DE MAIG:<\/strong><\/span><\/h4>\n<p>&nbsp;<\/p>\n<ul>\n<li><strong>ACTIVITATS DE PRIMER:<\/strong><\/li>\n<\/ul>\n<p>Bon dia ?i ?!!<\/p>\n<p><span style=\"color: #800080;\"><strong>Grup<\/strong><\/span> ?<\/p>\n<p>?Avui treballarem el cicle de vida d\u2019una planta. Mireu el conte \u201c<a href=\"https:\/\/youtu.be\/stiYg5Ro9JM\">La poma viatgera<\/a>\u201d?<\/p>\n<p>?<strong>Activitat de retorn<\/strong>: A continuaci\u00f3 feu la tasca del cicle de vida de les plantes. No us oblideu d\u2019aprendre la dita del mes de maig!! Despr\u00e9s ens ho envieu al m\u00f2bil de l\u2019escola. pdf: <a href=\"https:\/\/agora.xtec.cat\/escjoseppenuelas\/wp-content\/uploads\/usu1492\/2020\/03\/El-cicle-de-vida-de-les-plantes-1.pdf\">El cicle de vida de les plantes<\/a><\/p>\n<p>?Voleu fer una mica de m\u00e0gia amb una flor? Mireu aquest v\u00eddeo. Endavant! Us ho passareu molt b\u00e9!!? <a href=\"https:\/\/youtu.be\/gqqG1wFz6IA\">https:\/\/youtu.be\/gqqG1wFz6IA<\/a><\/p>\n<p>?M\u00fasica a casa!! pdf:\u00a0 <a href=\"https:\/\/agora.xtec.cat\/escjoseppenuelas\/wp-content\/uploads\/usu1492\/2020\/03\/M\u00fasica-a-casa-12-de-maig-1r-pdf.pdf\">M\u00fasica a casa!!\u00a0<\/a><\/p>\n<p><span style=\"color: #ffff00;\"><strong>Grup<\/strong> <\/span>?<\/p>\n<p>?Avui treballarem el cicle de vida d\u2019una planta. Mireu el conte \u201c<a href=\"https:\/\/youtu.be\/stiYg5Ro9JM\">La poma viatgera<\/a>\u201d?<\/p>\n<p>?Activitat de retorn: A continuaci\u00f3 feu la tasca del cicle de vida de les plantes. No us oblideu d\u2019aprendre la dita del mes de maig!! Despr\u00e9s ens ho envieu al m\u00f2bil de l\u2019escola. pdf:<a href=\"https:\/\/agora.xtec.cat\/escjoseppenuelas\/wp-content\/uploads\/usu1492\/2020\/03\/EL-CICLE-DE-VIDA-DE-LES-PLANTES.pdf\">EL CICLE DE VIDA DE LES PLANTES<\/a><\/p>\n<p>?Voleu fer una mica de m\u00e0gia amb una flor? Mireu aquest v\u00eddeo. Endavant! Us ho passareu molt b\u00e9!!? <a href=\"https:\/\/youtu.be\/gqqG1wFz6IA\">https:\/\/youtu.be\/gqqG1wFz6IA<\/a><\/p>\n<p>?M\u00fasica a casa!! pdf:\u00a0 <a href=\"https:\/\/agora.xtec.cat\/escjoseppenuelas\/wp-content\/uploads\/usu1492\/2020\/03\/M\u00fasica-a-casa-12-de-maig-1r-pdf.pdf\">M\u00fasica a casa!!\u00a0<\/a><\/p>\n<p><strong><span style=\"color: #3366ff;\">Grup <\/span><\/strong>?<\/p>\n<p>?Avui treballarem el cicle de vida d\u2019una planta. Mireu el conte \u201c<a href=\"https:\/\/youtu.be\/stiYg5Ro9JM\">La poma viatgera<\/a>\u201d?<\/p>\n<p>?Activitat de retorn: A continuaci\u00f3 feu la tasca del cicle de vida de les plantes. No us oblideu d\u2019aprendre la dita del mes de maig!! Despr\u00e9s ens ho envieu al m\u00f2bil de l\u2019escola. pdf: <a href=\"https:\/\/agora.xtec.cat\/escjoseppenuelas\/wp-content\/uploads\/usu1492\/2020\/03\/EL-CICLE-DE-VIDA-DE-LES-PLANTES-1.pdf\">EL CICLE DE VIDA DE LES PLANTES<\/a><\/p>\n<p>?Voleu fer una mica de m\u00e0gia amb una flor? Mireu aquest v\u00eddeo. Endavant! Us ho passareu molt b\u00e9!!?<a href=\"pdf:\u00a0 M\u00fasica a casa!!\"> https:\/\/youtu.be\/gqqG1wFz6IA<\/a><\/p>\n<p>?M\u00fasica a casa! pdf:\u00a0 <a href=\"https:\/\/agora.xtec.cat\/escjoseppenuelas\/wp-content\/uploads\/usu1492\/2020\/03\/M\u00fasica-a-casa-12-de-maig-1r-pdf.pdf\">M\u00fasica a casa!!\u00a0<\/a><\/p>\n<p>&nbsp;<\/p>\n<ul>\n<li><strong>ACTIVITATS DE SEGON:<\/strong><\/li>\n<\/ul>\n<p>Bon dia ?<\/p>\n<p>\u2713 <strong>La poma que volia ser estrella<\/strong>\u00a0?? \u00e9s un conte que ens convida a buscar, en el nostre interior, l&#8217;estrella que tots portem dins\u2b50. Us animem a qu\u00e8 el mireu en el seg\u00fcent enlla\u00e7.<br \/>\n<a href=\"https:\/\/youtu.be\/0CwR7SqrBqg\">https:\/\/youtu.be\/0CwR7SqrBqg<\/a><\/p>\n<p>\u2713A continuaci\u00f3 trobareu un jclic amb diferents activitats sobre els aliments: <a href=\"https:\/\/clic.xtec.cat\/projects\/ali_log_ca\/jclic.js\/index.html\">https:\/\/clic.xtec.cat\/projects\/ali_log_ca\/jclic.js\/index.html<\/a><\/p>\n<p>\u2713\u00a0I per acabar a ballar i cantar amb la proposta de m\u00fasica???? pdf: <a href=\"https:\/\/agora.xtec.cat\/escjoseppenuelas\/wp-content\/uploads\/usu1492\/2020\/03\/M\u00fasica-a-casa-12-de-maig-1.pdf\">M\u00fasica a casa!! <\/a><\/p>\n<p>Una abra\u00e7ada?<\/p>\n<p>&nbsp;<\/p>\n<h4 style=\"text-align: left;\"><span style=\"color: #339966;\"><strong>DIMECRES 13 DE MAIG:<\/strong><\/span><\/h4>\n<ul>\n<li><strong>ACTIVITATS DE PRIMER:<\/strong><\/li>\n<\/ul>\n<p><strong><span style=\"color: #800080;\"> Grup<\/span> ?<\/strong><br \/>\nBon dia bonics i boniques! Ara que ja coneixem les principals parts de les plantes, sabeu qu\u00e8 necessiten per viure?<br \/>\n?Observeu aquest v\u00eddeo que ens mostra tota la vida d&#8217;una planta amb nom\u00e9s uns minuts a veure si us adoneu qu\u00e8 hi passa. Llavors podeu fer la fitxa.<br \/>\n<a href=\"https:\/\/youtu.be\/B35qxXjC5yw\">https:\/\/youtu.be\/B35qxXjC5yw\u00a0\u00a0 \u00a0 <\/a>pdf: <a href=\"https:\/\/agora.xtec.cat\/escjoseppenuelas\/wp-content\/uploads\/usu1492\/2020\/03\/FITXA-QUE-NECESSITEN-LES-PLANTES_LILA.pdf\">FITXA QUE NECESSITEN LES PLANTES<\/a><\/p>\n<p>? Anem a repassar la desena! Recordeu quantes unitats tenia una desena?? ? Una desena \u00e9s un paquet de ?. Ara farem la fitxa de numeraci\u00f3 per\u00f2 comptant amb el cap, eh? No val fer servir els dits. pdf: <a href=\"https:\/\/agora.xtec.cat\/escjoseppenuelas\/wp-content\/uploads\/usu1492\/2020\/03\/NUMERACI\u00d3_LILA-1.pdf\">NUMERACI\u00d3<\/a><\/p>\n<p>?? Cantem: <a href=\"https:\/\/youtu.be\/xEq_nitsS3k\">mon petit jardin<\/a> i mireu com ha quedat el meu monstre<\/p>\n<p style=\"text-align: justify;\"><strong><span style=\"color: #ffff00;\"> Grup<\/span><\/strong> ?<br \/>\nBon dia bonics i boniques! Ara que ja coneixem les principals parts de les plantes, sabeu qu\u00e8 necessiten per viure?<br \/>\n?Observeu aquest v\u00eddeo que ens mostra tota la vida d&#8217;una planta amb nom\u00e9s uns minuts a veure si us adoneu qu\u00e8 hi passa. Llavors podeu fer la fitxa.<br \/>\n<a href=\"https:\/\/youtu.be\/B35qxXjC5yw\">https:\/\/youtu.be\/B35qxXjC5yw<\/a> pdf: <a href=\"https:\/\/agora.xtec.cat\/escjoseppenuelas\/wp-content\/uploads\/usu1492\/2020\/03\/FITXA-QUE-NECESSITEN-LES-PLANTES_GROC.pdf\">FITXA QUE NECESSITEN LES PLANTES<\/a><\/p>\n<p>? Anem a repassar la desena! Recordeu quantes unitats tenia una desena?? ? Una desena \u00e9s un paquet de ?. Ara farem la fitxa de numeraci\u00f3 per\u00f2 comptant amb el cap, eh? No val fer servir els dits. pdf: <a href=\"https:\/\/agora.xtec.cat\/escjoseppenuelas\/wp-content\/uploads\/usu1492\/2020\/03\/NUMERACI\u00d3_GROC-1.pdf\">NUMERACI\u00d3<\/a><\/p>\n<p>?? Cantem: <a href=\"https:\/\/youtu.be\/xEq_nitsS3k\">mon petit jardin<\/a>\u00a0 i mireu com ha quedat el meu monstre<\/p>\n<p><span style=\"color: #3366ff;\"><strong>Grup<\/strong><\/span> ?<br \/>\nBon dia bonics i boniques! Ara que ja coneixem les principals parts de les plantes, sabeu qu\u00e8 necessiten per viure?<br \/>\n?Observeu aquest v\u00eddeo que ens mostra tota la vida d&#8217;una planta amb nom\u00e9s uns minuts a veure si us adoneu qu\u00e8 hi passa. Llavors podeu fer la fitxa.<br \/>\n<a href=\"https:\/\/youtu.be\/B35qxXjC5yw\">https:\/\/youtu.be\/B35qxXjC5yw<\/a>\u00a0 \u00a0 pdf: <a href=\"https:\/\/agora.xtec.cat\/escjoseppenuelas\/wp-content\/uploads\/usu1492\/2020\/03\/FITXA-QUE-NECESSITEN-LES-PLANTES_BLAU.pdf\">FITXA QUE NECESSITEN LES PLANTES<\/a><\/p>\n<p>? Anem a repassar els n\u00fameros fins el ?! pdf: <a href=\"https:\/\/agora.xtec.cat\/escjoseppenuelas\/wp-content\/uploads\/usu1492\/2020\/03\/NUMERACI\u00d3_BLAU.pdf\">NUMERACI\u00d3<\/a><\/p>\n<p>?? Cantem: <a href=\"https:\/\/youtu.be\/xEq_nitsS3k\">mon petit jardin<\/a> i mireu com ha quedat el meu monstre!<\/p>\n<p>&nbsp;<\/p>\n<ul>\n<li><strong>ACTIVITATS DE SEGON:<\/strong><\/li>\n<\/ul>\n<p>Bon dia ?<\/p>\n<p>\u2713 Fem una mica de *c\u00e0lcul*? S\u00ed? Trobareu la proposta que us fem de c\u00e0lcul en el seg\u00fcent v\u00eddeo. Vinga, preparats?????<\/p>\n<p>\u2713 Sabeu quin \u00e9s l&#8217; *origen dels aliments* ???? En el seg\u00fcent enlla\u00e7 us ho explicaran.<a href=\"https:\/\/youtu.be\/5F8Ssok-wgE\"> https:\/\/youtu.be\/5F8Ssok-wgE<\/a><\/p>\n<p>\u2713Voleu fer d&#8217;investigadors?? Busqueu quins aliments teniu a casa i investigueu quin \u00e9s el seu origen. Podeu classificar-los, fer una petita llista? o un petit mural dibuixant o retallant aliments de revistes.<\/p>\n<p><a href=\"https:\/\/agora.xtec.cat\/escjoseppenuelas\/wp-content\/uploads\/usu1492\/2020\/03\/WhatsApp-Image-2020-05-12-at-10.17.57.jpeg\"><img loading=\"lazy\" decoding=\"async\" class=\"alignnone size-medium wp-image-3332\" src=\"https:\/\/agora.xtec.cat\/escjoseppenuelas\/wp-content\/uploads\/usu1492\/2020\/03\/WhatsApp-Image-2020-05-12-at-10.17.57-300x169.jpeg\" alt=\"\" width=\"300\" height=\"169\" srcset=\"https:\/\/agora.xtec.cat\/escjoseppenuelas\/wp-content\/uploads\/usu1492\/2020\/03\/WhatsApp-Image-2020-05-12-at-10.17.57-300x169.jpeg 300w, https:\/\/agora.xtec.cat\/escjoseppenuelas\/wp-content\/uploads\/usu1492\/2020\/03\/WhatsApp-Image-2020-05-12-at-10.17.57-768x432.jpeg 768w, https:\/\/agora.xtec.cat\/escjoseppenuelas\/wp-content\/uploads\/usu1492\/2020\/03\/WhatsApp-Image-2020-05-12-at-10.17.57-1024x577.jpeg 1024w, https:\/\/agora.xtec.cat\/escjoseppenuelas\/wp-content\/uploads\/usu1492\/2020\/03\/WhatsApp-Image-2020-05-12-at-10.17.57.jpeg 1046w\" sizes=\"auto, (max-width: 300px) 100vw, 300px\" \/><\/a><\/p>\n<p>\u2713 ?? Parlem franc\u00e8s: tu aimes ou tu n&#8217;aimes pas?\u00a0 pdf: <a href=\"https:\/\/agora.xtec.cat\/escjoseppenuelas\/wp-content\/uploads\/usu1492\/2020\/03\/Pdf-jaime-je-naime-pas.pdf\">Pdf j&#8217;aime- je n&#8217;aime pas<\/a><\/p>\n<!--[if lt IE 9]><script>document.createElement('audio');<\/script><![endif]-->\n<audio class=\"wp-audio-shortcode\" id=\"audio-2935-1\" preload=\"none\" style=\"width: 100%;\" controls=\"controls\"><source type=\"audio\/ogg\" src=\"https:\/\/agora.xtec.cat\/escjoseppenuelas\/wp-content\/uploads\/usu1492\/2020\/03\/WhatsApp-Audio-2020-05-12-at-11.05.02.ogg?_=1\" \/><a href=\"https:\/\/agora.xtec.cat\/escjoseppenuelas\/wp-content\/uploads\/usu1492\/2020\/03\/WhatsApp-Audio-2020-05-12-at-11.05.02.ogg\">https:\/\/agora.xtec.cat\/escjoseppenuelas\/wp-content\/uploads\/usu1492\/2020\/03\/WhatsApp-Audio-2020-05-12-at-11.05.02.ogg<\/a><\/audio>\n<p>Una abra\u00e7ada?<\/p>\n<p>&nbsp;<\/p>\n<p>&nbsp;<\/p>\n<h4><span style=\"color: #339966;\"><strong>DILLUNS 11 DE MAIG:<\/strong><\/span><\/h4>\n<ul>\n<li><strong>ACTIVITATS DE PRIMER:<\/strong><\/li>\n<\/ul>\n<p>Bon dia ? i ?,<br \/>\nQu\u00e8 tal guapissims com ha anat el cap de setmana? Esperem que molt b\u00e9, oi? ?<br \/>\nAvui, DILLUNS 11 DE MAIG us proposem 3 tasques ben diferent i divertides:<\/p>\n<p>?Llegir el conte<a href=\"https:\/\/get.google.com\/albumarchive\/110258442099006389783\/album\/AF1QipM0heGkIfX-L6eKIYwqTG9KWS5nEOO870g9FM8j\"> &#8220;LA MARGARIDA T\u00c9 POR&#8221;<\/a> durant tota la setmana, i el proper dilluns ens haureu d&#8217;enviar un audio? per explicar-nos-el.?<\/p>\n<p>? Mireu aquest video sobre <a href=\"https:\/\/youtu.be\/t_IK9PSe8-g\">les parts de les plantes<\/a>, i despr\u00e8s feu la fitxa que trobareu a baix. Us ser\u00e0 molt m\u00e9s f\u00e0cil!!. No us descuideu de la part d&#8217;investigaci\u00f3?<\/p>\n<p>pdf: <a href=\"https:\/\/agora.xtec.cat\/escjoseppenuelas\/wp-content\/uploads\/usu1492\/2020\/03\/PARTS-.G.LILA_.pdf\">Parts d&#8217;una planta<\/a><\/p>\n<p>?\u200d\u2640\ufe0fJocs d&#8217;Educaci\u00f3 F\u00edsica pdf: <a href=\"https:\/\/agora.xtec.cat\/escjoseppenuelas\/wp-content\/uploads\/usu1492\/2020\/03\/EF-1r.pdf\">EF 1r<\/a><\/p>\n<p>&nbsp;<\/p>\n<ul>\n<li><strong>ACTIVITATS DE SEGON:<\/strong><\/li>\n<\/ul>\n<p>Bon dia ?<br \/>\n\u2713 <strong>Activitat de retorn<\/strong>: La setmana passada us vam ensenyar la nostra recepta &#8220;Maced\u00f2nia a l&#8217;estil de Cicle Inicial&#8221;??? Tamb\u00e9 us vam donar un llistat d&#8217;estris i accions de cuina ?<br \/>\nDoncs ha arribat el moment de fer la vostra recepta ?????? Us deixem una plantilla per omplir, tot i que podeu fer la vostra pr\u00f2pia \u270c?pdf: <a href=\"https:\/\/agora.xtec.cat\/escjoseppenuelas\/wp-content\/uploads\/usu1492\/2020\/03\/PLANTILLA-RECEPTA.pdf\">plantilla recepta<\/a><\/p>\n<p>\u2713 Us voleu preparar un batut de ? i ?per berenar? S\u00ed? En el seg\u00fcent <a href=\"https:\/\/youtu.be\/Q07EptkKNpc\">v\u00eddeo<\/a> us explicaran com podeu fer el batut de pl\u00e0tan i taronja ??<\/p>\n<p>\u2713 \u00a0En la seg\u00fcent l\u00e0mina trobareu dos activitats. En la primera activitat heu de completar la s\u00e8rie de caramels i en l&#8217;altre activitat trobar les difer\u00e8ncies entre els dos micos.<\/p>\n<p><a href=\"https:\/\/agora.xtec.cat\/escjoseppenuelas\/wp-content\/uploads\/usu1492\/2020\/03\/WhatsApp-Image-2020-05-10-at-11.42.23.jpeg\"><img loading=\"lazy\" decoding=\"async\" class=\"alignnone size-medium wp-image-3315\" src=\"https:\/\/agora.xtec.cat\/escjoseppenuelas\/wp-content\/uploads\/usu1492\/2020\/03\/WhatsApp-Image-2020-05-10-at-11.42.23-300x269.jpeg\" alt=\"\" width=\"300\" height=\"269\" srcset=\"https:\/\/agora.xtec.cat\/escjoseppenuelas\/wp-content\/uploads\/usu1492\/2020\/03\/WhatsApp-Image-2020-05-10-at-11.42.23-300x269.jpeg 300w, https:\/\/agora.xtec.cat\/escjoseppenuelas\/wp-content\/uploads\/usu1492\/2020\/03\/WhatsApp-Image-2020-05-10-at-11.42.23-768x687.jpeg 768w, https:\/\/agora.xtec.cat\/escjoseppenuelas\/wp-content\/uploads\/usu1492\/2020\/03\/WhatsApp-Image-2020-05-10-at-11.42.23.jpeg 772w\" sizes=\"auto, (max-width: 300px) 100vw, 300px\" \/><\/a><\/p>\n<p>\u2713 \u00a0I per acabar dos jocs d&#8217;educaci\u00f3 f\u00edsica: *Les est\u00e0tues dels aliments* i *Les cuineres i els cuiners*??\u200d???\u200d? pdf: <a href=\"https:\/\/agora.xtec.cat\/escjoseppenuelas\/wp-content\/uploads\/usu1492\/2020\/03\/EF-2n.pdf\">jocs 2n<\/a><\/p>\n<p>Una abra\u00e7ada?<\/p>\n<p>&nbsp;<\/p>\n<h4><span style=\"color: #339966;\"><strong>DIVENDRES 8 DE MAIG:<\/strong><\/span><\/h4>\n<ul>\n<li><strong>ACTIVITATS DE PRIMER:<\/strong><\/li>\n<\/ul>\n<p><strong><span style=\"color: #800080;\">Grup lila<\/span><\/strong><\/p>\n<p>Bon dia\u00a0?i\u00a0?!!<\/p>\n<p>Com us hem explicat en el v\u00eddeo que us hem enviat, les tasques dels propers dies les farem al voltant del tema de les plantes.<\/p>\n<p>?Qu\u00e8 en sabeu de les plantes? Us proposem que mireu aquest v\u00eddeo que us n\u2019explicar\u00e0 moltes coses. <a href=\"https:\/\/youtu.be\/ThbSPNlRz0o\">https:\/\/youtu.be\/ThbSPNlRz0o<\/a><\/p>\n<p>? Activitat de retorn: Escriu el que s\u00e0pigues de les plantes i fes un dibuix de la planta que vulguis. Despr\u00e9s ens ho envies al m\u00f2bil de l\u2019escola.<\/p>\n<p>?Ens ajudeu a solucionar aquests problemes? PDF:\u00a0<a href=\"https:\/\/agora.xtec.cat\/escjoseppenuelas\/wp-content\/uploads\/usu1492\/2020\/03\/PROBLEMES-DE-MATES-2.pdf-restar.pdf\">PROBLEMES DE MATES<\/a><\/p>\n<p>? M\u00fasica a casa!! PDF: <a href=\"https:\/\/agora.xtec.cat\/escjoseppenuelas\/wp-content\/uploads\/usu1492\/2020\/03\/M\u00fasica-a-casa-1.pdf\">M\u00fasica a casa!!! <\/a><\/p>\n<p><strong><span style=\"color: #ffff00;\">Grup groc<\/span><\/strong><\/p>\n<p>Bon dia ?i ?!!<br \/>\nCom us hem explicat en el v\u00eddeo que us hem enviat, les tasques dels propers dies les farem al voltant del tema de les plantes.<\/p>\n<p>?Qu\u00e8 en sabeu de les plantes? Us proposem que mireu aquest v\u00eddeo que us n\u2019explicar\u00e0 moltes coses. <a href=\"https:\/\/youtu.be\/ThbSPNlRz0o\">https:\/\/youtu.be\/ThbSPNlRz0o<\/a><\/p>\n<p>? Activitat de retorn: Escriu el que s\u00e0pigues de les plantes i fes un dibuix de la planta que vulguis. Despr\u00e9s ens ho envies al m\u00f2bil de l\u2019escola.<\/p>\n<p>?Ens ajudeu a solucionar aquests problemes? PDF: <a href=\"https:\/\/agora.xtec.cat\/escjoseppenuelas\/wp-content\/uploads\/usu1492\/2020\/03\/PROBLEMES-DE-MATES-2.pdf-restar.pdf\">PROBLEMES DE MATES<\/a><\/p>\n<p>? M\u00fasica a casa!! PDF: <a href=\"https:\/\/agora.xtec.cat\/escjoseppenuelas\/wp-content\/uploads\/usu1492\/2020\/03\/M\u00fasica-a-casa-1.pdf\">M\u00fasica a casa!!!<\/a><\/p>\n<p><span style=\"color: #0000ff;\"><strong>Grup blau<\/strong><\/span><\/p>\n<p>Bon dia ?i ?!!<br \/>\nCom us hem explicat en el v\u00eddeo que us hem enviat, les tasques dels propers dies les farem al voltant del tema de les plantes.<\/p>\n<p>?Qu\u00e8 en sabeu de les plantes? Us proposem que mireu aquest v\u00eddeo que us n\u2019explicar\u00e0 moltes coses. <a href=\"https:\/\/youtu.be\/ThbSPNlRz0o\">https:\/\/youtu.be\/ThbSPNlRz0o<\/a><\/p>\n<p>?Activitat de retorn: Fes un audio explicant el que s\u00e0pigues de les plantes i fes un dibuix de la planta que vulguis. Despr\u00e9s ens ho envies al m\u00f2bil de l\u2019escola.<\/p>\n<p>?Ens ajudeu a solucionar aquests problemes? PDF:\u00a0<a href=\"https:\/\/agora.xtec.cat\/escjoseppenuelas\/wp-content\/uploads\/usu1492\/2020\/03\/JUGUEM-AMB-LES-RESTES.pdf\">JUGUEM AMB LES RESTES<\/a><\/p>\n<p>? M\u00fasica a casa!! PDF: <a href=\"https:\/\/agora.xtec.cat\/escjoseppenuelas\/wp-content\/uploads\/usu1492\/2020\/03\/M\u00fasica-a-casa-1.pdf\">M\u00fasica a casa!!!<\/a><\/p>\n<p>&nbsp;<\/p>\n<ul>\n<li><strong>ACTIVITATS DE SEGON:<\/strong><\/li>\n<\/ul>\n<p>Bon dia ?<\/p>\n<p><span style=\"color: #339966;\"><strong>Grup verd<\/strong><\/span><\/p>\n<p>\u2713 Us va agradar la nostra recepta? ?Ja heu vist que a banda del *t\u00edtol* , una recepta cont\u00e9 els *ingredients* , els *estris* , la *preparaci\u00f3* i un *dibuix* o foto del plat. Avui us passem un llistat d&#8217;estris i accions de cuina. Us aniran molt b\u00e9 per a fer la vostra recepta la setmana vinent. Si, si! Podeu copiar-los i dibuixar-los \u270f\ufe0f PDF: <a href=\"https:\/\/agora.xtec.cat\/escjoseppenuelas\/wp-content\/uploads\/usu1492\/2020\/03\/ESTRIS-I-ACCIONS-DE-CUINA.pdf\">ESTRIS I ACCIONS DE CUINA<\/a><\/p>\n<p>\u2713 A continuaci\u00f3 trobareu el conte *&#8221;La casa de gelat&#8221;*. Llegiu el conte i despr\u00e9s contesteu les preguntes. No cal que l&#8217;imprimiu, podeu respondre les preguntes en un foli?. I, si voleu, podeu dibuixar la casa de gelat?. PDF: <a href=\"https:\/\/agora.xtec.cat\/escjoseppenuelas\/wp-content\/uploads\/usu1492\/2020\/03\/la-casa-de-gelat.pdf\">la casa de gelat\u00a0<\/a> PDF: <a href=\"https:\/\/agora.xtec.cat\/escjoseppenuelas\/wp-content\/uploads\/usu1492\/2020\/03\/casa-de-caramels.pdf\">dibuix casa de caramels<\/a><\/p>\n<p>\u2713 I per acabar&#8230;. ?\u00a0PDF: <a href=\"https:\/\/agora.xtec.cat\/escjoseppenuelas\/wp-content\/uploads\/usu1492\/2020\/03\/M\u00fasica-a-casa.pdf\">M\u00fasica a casa!!<\/a><\/p>\n<p><span style=\"color: #ff6600;\"><strong>Grup taronja<\/strong><\/span><\/p>\n<p>\u2713 Us va agradar la nostra recepta? ?Ja heu vist que a banda del *t\u00edtol* , una recepta cont\u00e9 els *ingredients* , els *estris* , la *preparaci\u00f3* i un *dibuix* o foto del plat. Avui us passem un llistat d&#8217;estris i accions de cuina. Us aniran molt b\u00e9 per a fer la vostra recepta la setmana vinent. Si, si! Podeu copiar-los i dibuixar-los \u270f\ufe0f PDF: <a href=\"https:\/\/agora.xtec.cat\/escjoseppenuelas\/wp-content\/uploads\/usu1492\/2020\/03\/ESTRIS-I-ACCIONS-DE-CUINA.pdf\">ESTRIS I ACCIONS DE CUINA<\/a><\/p>\n<p>\u2713 A continuaci\u00f3 trobareu el conte *&#8221;La casa de gelat&#8221;*. Llegiu el conte i despr\u00e9s contesteu les preguntes. No cal que l&#8217;imprimiu, podeu respondre les preguntes en un foli?. I, si voleu, podeu dibuixar la casa de gelat?. PDF: <a href=\"https:\/\/agora.xtec.cat\/escjoseppenuelas\/wp-content\/uploads\/usu1492\/2020\/03\/la-casa-de-gelat.pdf\">la casa de gelat\u00a0<\/a> PDF: <a href=\"https:\/\/agora.xtec.cat\/escjoseppenuelas\/wp-content\/uploads\/usu1492\/2020\/03\/casa-de-caramels.pdf\">dibuix casa de caramels<\/a><\/p>\n<p>\u2713 I per acabar&#8230; ?\u00a0PDF: <a href=\"https:\/\/agora.xtec.cat\/escjoseppenuelas\/wp-content\/uploads\/usu1492\/2020\/03\/M\u00fasica-a-casa.pdf\">M\u00fasica a casa!!<\/a><\/p>\n<p><span style=\"color: #800080;\"><strong>Grup lila<\/strong><\/span><\/p>\n<p>\u2713 Us va agradar la nostra recepta? ?Ja heu vist que a banda del *t\u00edtol* , una recepta cont\u00e9 els *ingredients* , els *estris* , la *preparaci\u00f3* i un *dibuix* o foto del plat. Avui us passem un llistat d&#8217;estris i accions de cuina. Us aniran molt b\u00e9 per a fer la vostra recepta la setmana vinent. Si, si! Podeu copiar-los i dibuixar-los \u270f\ufe0f PDF: <a href=\"https:\/\/agora.xtec.cat\/escjoseppenuelas\/wp-content\/uploads\/usu1492\/2020\/03\/ESTRIS-I-ACCIONS-DE-CUINA.pdf\">ESTRIS I ACCIONS DE CUINA<\/a><\/p>\n<p>\u2713 A continuaci\u00f3 trobareu el conte *&#8221;La casa de gelat&#8221;*. Llegiu el conte i despr\u00e9s contesteu les preguntes. No cal que l&#8217;imprimiu, podeu respondre les preguntes en un foli?. I, si voleu, podeu dibuixar la casa de gelat?. PDF: <a href=\"https:\/\/agora.xtec.cat\/escjoseppenuelas\/wp-content\/uploads\/usu1492\/2020\/03\/la-casa-de-gelat.pdf\">la casa de gelat\u00a0<\/a> PDF: <a href=\"https:\/\/agora.xtec.cat\/escjoseppenuelas\/wp-content\/uploads\/usu1492\/2020\/03\/casa-de-caramels.pdf\">dibuix casa de caramels<\/a><\/p>\n<p>\u00c0udio: &#8220;la casa de gelat&#8221;<\/p>\n<audio class=\"wp-audio-shortcode\" id=\"audio-2935-2\" preload=\"none\" style=\"width: 100%;\" controls=\"controls\"><source type=\"audio\/mpeg\" src=\"https:\/\/agora.xtec.cat\/escjoseppenuelas\/wp-content\/uploads\/usu1492\/2020\/03\/WhatsApp-Audio-2020-05-07-at-12.06.20-_1_.mp3?_=2\" \/><a href=\"https:\/\/agora.xtec.cat\/escjoseppenuelas\/wp-content\/uploads\/usu1492\/2020\/03\/WhatsApp-Audio-2020-05-07-at-12.06.20-_1_.mp3\">https:\/\/agora.xtec.cat\/escjoseppenuelas\/wp-content\/uploads\/usu1492\/2020\/03\/WhatsApp-Audio-2020-05-07-at-12.06.20-_1_.mp3<\/a><\/audio>\n<p>\u2713 I per acabar&#8230;. ?\u00a0PDF: <a href=\"https:\/\/agora.xtec.cat\/escjoseppenuelas\/wp-content\/uploads\/usu1492\/2020\/03\/M\u00fasica-a-casa.pdf\">M\u00fasica a casa!!<\/a><\/p>\n<p>Una abra\u00e7ada?<\/p>\n<p>&nbsp;<\/p>\n<h4><span style=\"color: #008000;\"><strong>DIMECRES 6 DE MAIG:<\/strong><\/span><\/h4>\n<ul>\n<li><strong>ACTIVITATS DE PRIMER:<\/strong><\/li>\n<\/ul>\n<p><span style=\"font-weight: 400;\">Bon dia bonics i boniques! Avui ja acabem el projecte del cos. Per repassar el que hem anat treballant us deixem un v\u00eddeo que us ajudar\u00e0 a recordar tot el que hem apr\u00e8s.<\/span><\/p>\n<p><span style=\"font-weight: 400;\">?Recordeu la can\u00e7\u00f3 del cos? Memoritzeu-ne una part i ens l&#8217;envieu en un v\u00eddeo o \u00e0udio. Aqu\u00ed teniu un v\u00eddeo que us ho explica ? Quan ens envieu la tasca, rebreu un petit premi per la feina que heu fet al llarg del projecte \u2764\ufe0f<\/span><\/p>\n<p><span style=\"font-weight: 400;\">?Aquesta activitat \u00e9s de retorn. Cal que ens feu arribar la tasca a trav\u00e9s d&#8217;un \u00e0udio o un v\u00eddeo.<\/span><\/p>\n<p><span style=\"font-weight: 400;\">?\ufe0f Saps quant mesures? Avui ens mesurarem amb el cos. PDF: <a href=\"https:\/\/agora.xtec.cat\/escjoseppenuelas\/wp-content\/uploads\/usu1492\/2020\/03\/MESUREM-EL-COS.pdf\">MESUREM EL COS<\/a><\/span><\/p>\n<p><span style=\"font-weight: 400;\">?? Dibuixem un monstre amb l&#8217;\u00e0udio!<\/span><\/p>\n<audio class=\"wp-audio-shortcode\" id=\"audio-2935-3\" preload=\"none\" style=\"width: 100%;\" controls=\"controls\"><source type=\"audio\/ogg\" src=\"https:\/\/agora.xtec.cat\/escjoseppenuelas\/wp-content\/uploads\/usu1492\/2020\/03\/WhatsApp-Audio-2020-05-05-at-22.13.03.ogg?_=3\" \/><a href=\"https:\/\/agora.xtec.cat\/escjoseppenuelas\/wp-content\/uploads\/usu1492\/2020\/03\/WhatsApp-Audio-2020-05-05-at-22.13.03.ogg\">https:\/\/agora.xtec.cat\/escjoseppenuelas\/wp-content\/uploads\/usu1492\/2020\/03\/WhatsApp-Audio-2020-05-05-at-22.13.03.ogg<\/a><\/audio>\n<p>&nbsp;<\/p>\n<p><span style=\"font-weight: 400;\">Ho esteu fent molt b\u00e9! Endavant! ?<\/span><\/p>\n<p>&nbsp;<\/p>\n<ul>\n<li><strong>ACTIVITATS DE SEGON:<\/strong><\/li>\n<\/ul>\n<p><span style=\"font-weight: 400;\">Bon dia ?<\/span><\/p>\n<p><strong><span style=\"color: #339966;\">Grup verd<\/span><\/strong><\/p>\n<p><span style=\"font-weight: 400;\">\u2713 Estem aprenent moltes coses sobre l&#8217;alimentaci\u00f3 ? S&#8217;acosta el moment de fer la vostra propia recepta. De moment, us deixem la nostra per a que aneu mirant com es fa i quines s\u00f3n les seves parts.\u00a0<\/span><a href=\"https:\/\/agora.xtec.cat\/escjoseppenuelas\/wp-content\/uploads\/usu1492\/2020\/03\/LA-RECEPTA.pdf\">PDF: LA RECEPTA<\/a><\/p>\n<p><span style=\"font-weight: 400;\">\u2713 Sereu capa\u00e7os de resoldre aquests dos problemes? Segur que s\u00ed! ???? <\/span><a href=\"https:\/\/agora.xtec.cat\/escjoseppenuelas\/wp-content\/uploads\/usu1492\/2020\/03\/problemes.pdf\">PDF: problemes<\/a><\/p>\n<p><span style=\"font-weight: 400;\">\u2713 En Jordi es vol trobar amb els seus amics. El voleu ajudar? Vinga, quin cam\u00ed ha se seguir???<\/span><\/p>\n<p><a href=\"https:\/\/agora.xtec.cat\/escjoseppenuelas\/wp-content\/uploads\/usu1492\/2020\/03\/WhatsApp-Image-2020-05-04-at-12.35.32-1.jpeg\"><img loading=\"lazy\" decoding=\"async\" class=\"alignnone size-medium wp-image-3276\" src=\"https:\/\/agora.xtec.cat\/escjoseppenuelas\/wp-content\/uploads\/usu1492\/2020\/03\/WhatsApp-Image-2020-05-04-at-12.35.32-1-300x187.jpeg\" alt=\"\" width=\"300\" height=\"187\" srcset=\"https:\/\/agora.xtec.cat\/escjoseppenuelas\/wp-content\/uploads\/usu1492\/2020\/03\/WhatsApp-Image-2020-05-04-at-12.35.32-1-300x187.jpeg 300w, https:\/\/agora.xtec.cat\/escjoseppenuelas\/wp-content\/uploads\/usu1492\/2020\/03\/WhatsApp-Image-2020-05-04-at-12.35.32-1-768x480.jpeg 768w, https:\/\/agora.xtec.cat\/escjoseppenuelas\/wp-content\/uploads\/usu1492\/2020\/03\/WhatsApp-Image-2020-05-04-at-12.35.32-1-1024x639.jpeg 1024w, https:\/\/agora.xtec.cat\/escjoseppenuelas\/wp-content\/uploads\/usu1492\/2020\/03\/WhatsApp-Image-2020-05-04-at-12.35.32-1.jpeg 1600w\" sizes=\"auto, (max-width: 300px) 100vw, 300px\" \/><\/a><\/p>\n<p><span style=\"font-weight: 400;\">\u2713 En Jaume es prepara per anar a l&#8217;escola ?. Qu\u00e8 ha de fer primer? Ordeneu les seg\u00fcents imatges d l&#8217;1 al 6.<\/span><\/p>\n<p><a href=\"https:\/\/agora.xtec.cat\/escjoseppenuelas\/wp-content\/uploads\/usu1492\/2020\/03\/WhatsApp-Image-2020-05-04-at-12.35.32.jpeg\"><img loading=\"lazy\" decoding=\"async\" class=\"alignnone size-medium wp-image-3277\" src=\"https:\/\/agora.xtec.cat\/escjoseppenuelas\/wp-content\/uploads\/usu1492\/2020\/03\/WhatsApp-Image-2020-05-04-at-12.35.32-300x213.jpeg\" alt=\"\" width=\"300\" height=\"213\" srcset=\"https:\/\/agora.xtec.cat\/escjoseppenuelas\/wp-content\/uploads\/usu1492\/2020\/03\/WhatsApp-Image-2020-05-04-at-12.35.32-300x213.jpeg 300w, https:\/\/agora.xtec.cat\/escjoseppenuelas\/wp-content\/uploads\/usu1492\/2020\/03\/WhatsApp-Image-2020-05-04-at-12.35.32-768x546.jpeg 768w, https:\/\/agora.xtec.cat\/escjoseppenuelas\/wp-content\/uploads\/usu1492\/2020\/03\/WhatsApp-Image-2020-05-04-at-12.35.32-1024x728.jpeg 1024w, https:\/\/agora.xtec.cat\/escjoseppenuelas\/wp-content\/uploads\/usu1492\/2020\/03\/WhatsApp-Image-2020-05-04-at-12.35.32.jpeg 1600w\" sizes=\"auto, (max-width: 300px) 100vw, 300px\" \/><\/a><\/p>\n<p><span style=\"font-weight: 400;\">\u2713 ?? Avui cantarem &#8220;<a href=\"https:\/\/youtu.be\/nJ03KjwiIVM\">la chanson: j&#8217;aime les fruits<\/a>&#8221;\u00a0<\/span><\/p>\n<p><strong><span style=\"color: #ff6600;\">Grup taronja<\/span><\/strong><\/p>\n<p><span style=\"font-weight: 400;\">\u2713 Estem aprenent moltes coses sobre l&#8217;alimentaci\u00f3 ? S&#8217;acosta el moment de fer la vostra propia recepta. De moment, us deixem la nostra per a que aneu mirant com es fa i quines s\u00f3n les seves parts.\u00a0<\/span><a href=\"https:\/\/agora.xtec.cat\/escjoseppenuelas\/wp-content\/uploads\/usu1492\/2020\/03\/LA-RECEPTA.pdf\">PDF: LA RECEPTA<\/a><\/p>\n<p><span style=\"font-weight: 400;\">\u2713 Sereu capa\u00e7os de resoldre aquests dos problemes? Segur que s\u00ed! ???? <\/span><a href=\"https:\/\/agora.xtec.cat\/escjoseppenuelas\/wp-content\/uploads\/usu1492\/2020\/03\/problemes.pdf\">PDF: problemes<\/a><\/p>\n<p><span style=\"font-weight: 400;\">\u2713 En Jordi es vol trobar amb els seus amics. El voleu ajudar? Vinga, quin cam\u00ed ha se seguir???<\/span><\/p>\n<p><a href=\"https:\/\/agora.xtec.cat\/escjoseppenuelas\/wp-content\/uploads\/usu1492\/2020\/03\/WhatsApp-Image-2020-05-04-at-12.35.32-1.jpeg\"><img loading=\"lazy\" decoding=\"async\" class=\"alignnone size-medium wp-image-3276\" src=\"https:\/\/agora.xtec.cat\/escjoseppenuelas\/wp-content\/uploads\/usu1492\/2020\/03\/WhatsApp-Image-2020-05-04-at-12.35.32-1-300x187.jpeg\" alt=\"\" width=\"300\" height=\"187\" srcset=\"https:\/\/agora.xtec.cat\/escjoseppenuelas\/wp-content\/uploads\/usu1492\/2020\/03\/WhatsApp-Image-2020-05-04-at-12.35.32-1-300x187.jpeg 300w, https:\/\/agora.xtec.cat\/escjoseppenuelas\/wp-content\/uploads\/usu1492\/2020\/03\/WhatsApp-Image-2020-05-04-at-12.35.32-1-768x480.jpeg 768w, https:\/\/agora.xtec.cat\/escjoseppenuelas\/wp-content\/uploads\/usu1492\/2020\/03\/WhatsApp-Image-2020-05-04-at-12.35.32-1-1024x639.jpeg 1024w, https:\/\/agora.xtec.cat\/escjoseppenuelas\/wp-content\/uploads\/usu1492\/2020\/03\/WhatsApp-Image-2020-05-04-at-12.35.32-1.jpeg 1600w\" sizes=\"auto, (max-width: 300px) 100vw, 300px\" \/><\/a><\/p>\n<p><span style=\"font-weight: 400;\">\u2713 En Jaume es prepara per anar a l&#8217;escola ?. Qu\u00e8 ha de fer primer? Ordeneu les seg\u00fcents imatges d l&#8217;1 al 6.<\/span><\/p>\n<p><a href=\"https:\/\/agora.xtec.cat\/escjoseppenuelas\/wp-content\/uploads\/usu1492\/2020\/03\/WhatsApp-Image-2020-05-04-at-12.35.32.jpeg\"><img loading=\"lazy\" decoding=\"async\" class=\"alignnone size-medium wp-image-3277\" src=\"https:\/\/agora.xtec.cat\/escjoseppenuelas\/wp-content\/uploads\/usu1492\/2020\/03\/WhatsApp-Image-2020-05-04-at-12.35.32-300x213.jpeg\" alt=\"\" width=\"300\" height=\"213\" srcset=\"https:\/\/agora.xtec.cat\/escjoseppenuelas\/wp-content\/uploads\/usu1492\/2020\/03\/WhatsApp-Image-2020-05-04-at-12.35.32-300x213.jpeg 300w, https:\/\/agora.xtec.cat\/escjoseppenuelas\/wp-content\/uploads\/usu1492\/2020\/03\/WhatsApp-Image-2020-05-04-at-12.35.32-768x546.jpeg 768w, https:\/\/agora.xtec.cat\/escjoseppenuelas\/wp-content\/uploads\/usu1492\/2020\/03\/WhatsApp-Image-2020-05-04-at-12.35.32-1024x728.jpeg 1024w, https:\/\/agora.xtec.cat\/escjoseppenuelas\/wp-content\/uploads\/usu1492\/2020\/03\/WhatsApp-Image-2020-05-04-at-12.35.32.jpeg 1600w\" sizes=\"auto, (max-width: 300px) 100vw, 300px\" \/><\/a><\/p>\n<p><span style=\"font-weight: 400;\">\u2713 ?? Avui cantarem &#8220;<a href=\"https:\/\/youtu.be\/nJ03KjwiIVM\">la chanson: j&#8217;aime les fruits<\/a>&#8221;\u00a0<\/span><\/p>\n<p><span style=\"color: #800080;\"><strong>Grup lila<\/strong><\/span><\/p>\n<p><span style=\"font-weight: 400;\">\u2713 Estem aprenent moltes coses sobre l&#8217;alimentaci\u00f3 ? S&#8217;acosta el moment de fer la vostra propia recepta. De moment, us deixem la nostra per a que aneu mirant com es fa i quines s\u00f3n les seves parts.\u00a0<\/span><a href=\"https:\/\/agora.xtec.cat\/escjoseppenuelas\/wp-content\/uploads\/usu1492\/2020\/03\/RECEPTA-MACED\u00d2NIA.pdf\">PDF: RECEPTA MACED\u00d2NIA<\/a><\/p>\n<p><span style=\"font-weight: 400;\">\u2713 Sereu capa\u00e7os de resoldre aquests dos problemes? Segur que s\u00ed! ???? <\/span><a href=\"https:\/\/agora.xtec.cat\/escjoseppenuelas\/wp-content\/uploads\/usu1492\/2020\/03\/problemes.pdf\">PDF: problemes<\/a><\/p>\n<p><span style=\"font-weight: 400;\">\u2713 En Jordi es vol trobar amb els seus amics. El voleu ajudar? Vinga, quin cam\u00ed ha se seguir???<\/span><\/p>\n<p><a href=\"https:\/\/agora.xtec.cat\/escjoseppenuelas\/wp-content\/uploads\/usu1492\/2020\/03\/WhatsApp-Image-2020-05-04-at-12.35.32-1.jpeg\"><img loading=\"lazy\" decoding=\"async\" class=\"alignnone size-medium wp-image-3276\" src=\"https:\/\/agora.xtec.cat\/escjoseppenuelas\/wp-content\/uploads\/usu1492\/2020\/03\/WhatsApp-Image-2020-05-04-at-12.35.32-1-300x187.jpeg\" alt=\"\" width=\"300\" height=\"187\" srcset=\"https:\/\/agora.xtec.cat\/escjoseppenuelas\/wp-content\/uploads\/usu1492\/2020\/03\/WhatsApp-Image-2020-05-04-at-12.35.32-1-300x187.jpeg 300w, https:\/\/agora.xtec.cat\/escjoseppenuelas\/wp-content\/uploads\/usu1492\/2020\/03\/WhatsApp-Image-2020-05-04-at-12.35.32-1-768x480.jpeg 768w, https:\/\/agora.xtec.cat\/escjoseppenuelas\/wp-content\/uploads\/usu1492\/2020\/03\/WhatsApp-Image-2020-05-04-at-12.35.32-1-1024x639.jpeg 1024w, https:\/\/agora.xtec.cat\/escjoseppenuelas\/wp-content\/uploads\/usu1492\/2020\/03\/WhatsApp-Image-2020-05-04-at-12.35.32-1.jpeg 1600w\" sizes=\"auto, (max-width: 300px) 100vw, 300px\" \/><\/a><\/p>\n<p><span style=\"font-weight: 400;\">\u2713 En Jaume es prepara per anar a l&#8217;escola ?. Qu\u00e8 ha de fer primer? Ordeneu les seg\u00fcents imatges d l&#8217;1 al 6.<\/span><\/p>\n<p><a href=\"https:\/\/agora.xtec.cat\/escjoseppenuelas\/wp-content\/uploads\/usu1492\/2020\/03\/WhatsApp-Image-2020-05-04-at-12.35.32.jpeg\"><img loading=\"lazy\" decoding=\"async\" class=\"alignnone size-medium wp-image-3277\" src=\"https:\/\/agora.xtec.cat\/escjoseppenuelas\/wp-content\/uploads\/usu1492\/2020\/03\/WhatsApp-Image-2020-05-04-at-12.35.32-300x213.jpeg\" alt=\"\" width=\"300\" height=\"213\" srcset=\"https:\/\/agora.xtec.cat\/escjoseppenuelas\/wp-content\/uploads\/usu1492\/2020\/03\/WhatsApp-Image-2020-05-04-at-12.35.32-300x213.jpeg 300w, https:\/\/agora.xtec.cat\/escjoseppenuelas\/wp-content\/uploads\/usu1492\/2020\/03\/WhatsApp-Image-2020-05-04-at-12.35.32-768x546.jpeg 768w, https:\/\/agora.xtec.cat\/escjoseppenuelas\/wp-content\/uploads\/usu1492\/2020\/03\/WhatsApp-Image-2020-05-04-at-12.35.32-1024x728.jpeg 1024w, https:\/\/agora.xtec.cat\/escjoseppenuelas\/wp-content\/uploads\/usu1492\/2020\/03\/WhatsApp-Image-2020-05-04-at-12.35.32.jpeg 1600w\" sizes=\"auto, (max-width: 300px) 100vw, 300px\" \/><\/a><\/p>\n<p><span style=\"font-weight: 400;\">\u2713 ?? Avui cantarem &#8220;<a href=\"https:\/\/youtu.be\/nJ03KjwiIVM\">la chanson: j&#8217;aime les fruits<\/a>&#8221;\u00a0<\/span><\/p>\n<p><span style=\"font-weight: 400;\">Una abra\u00e7ada ? <\/span><\/p>\n<p>&nbsp;<\/p>\n<h4><span style=\"color: #008000;\"><strong>DILLUNS 4 DE MAIG:<\/strong><\/span><\/h4>\n<ul>\n<li><strong>ACTIVITATS DE PRIMER:<\/strong><\/li>\n<\/ul>\n<p><span style=\"font-weight: 400;\">Bon d\u00eda conillets? i papallones?!<\/span><\/p>\n<p><span style=\"font-weight: 400;\">Despr\u00e9s d\u2019aquest cap de setmana tant llarg, segur que heu fet molt\u00edssimes coses, doncs posem fil a l\u2019agulla.<\/span><\/p>\n<p><span style=\"font-weight: 400;\">Avui per acabar els sentits, us proposem les seg\u00fcents activitats:<\/span><\/p>\n<p><span style=\"font-weight: 400;\">\u00a0?,?,? , \u00a0 Quina olor fan? Agradable o desagradable?&#8230; Treballarem l\u2019OLFACTE , el seu \u00f2rgan \u00e9s el NAS.<\/span><\/p>\n<p><span style=\"font-weight: 400;\">Hi ha dues activitats que s\u00f3n super divertides i entretingudes. Us les presentem i cadasc\u00fa podeu fer la que m\u00e9s us agradi.\u00a0<\/span><\/p>\n<p><span style=\"font-weight: 400;\">\u2b07\ufe0f A baix trobareu l&#8217;explicaci\u00f3 de les activitats<\/span><\/p>\n<p>PDF <a href=\"https:\/\/agora.xtec.cat\/escjoseppenuelas\/wp-content\/uploads\/usu1492\/2020\/03\/EL-SENTIT-DE-LOLFACTE.pdf\">EL SENTIT DE L&#8217;OLFACTE<\/a><\/p>\n<p><a href=\"https:\/\/agora.xtec.cat\/escjoseppenuelas\/wp-content\/uploads\/usu1492\/2020\/03\/WhatsApp-Image-2020-05-03-at-11.30.29.jpeg\"><img loading=\"lazy\" decoding=\"async\" class=\"alignnone size-medium wp-image-3259\" src=\"https:\/\/agora.xtec.cat\/escjoseppenuelas\/wp-content\/uploads\/usu1492\/2020\/03\/WhatsApp-Image-2020-05-03-at-11.30.29-300x225.jpeg\" alt=\"\" width=\"300\" height=\"225\" srcset=\"https:\/\/agora.xtec.cat\/escjoseppenuelas\/wp-content\/uploads\/usu1492\/2020\/03\/WhatsApp-Image-2020-05-03-at-11.30.29-300x225.jpeg 300w, https:\/\/agora.xtec.cat\/escjoseppenuelas\/wp-content\/uploads\/usu1492\/2020\/03\/WhatsApp-Image-2020-05-03-at-11.30.29-768x576.jpeg 768w, https:\/\/agora.xtec.cat\/escjoseppenuelas\/wp-content\/uploads\/usu1492\/2020\/03\/WhatsApp-Image-2020-05-03-at-11.30.29-1024x768.jpeg 1024w, https:\/\/agora.xtec.cat\/escjoseppenuelas\/wp-content\/uploads\/usu1492\/2020\/03\/WhatsApp-Image-2020-05-03-at-11.30.29-200x150.jpeg 200w, https:\/\/agora.xtec.cat\/escjoseppenuelas\/wp-content\/uploads\/usu1492\/2020\/03\/WhatsApp-Image-2020-05-03-at-11.30.29.jpeg 1600w\" sizes=\"auto, (max-width: 300px) 100vw, 300px\" \/><\/a><\/p>\n<p><span style=\"font-weight: 400;\">????\ufe0f? Si voleu continuar jugant amb els sentits us deixem aquesta p\u00e1gina.<\/span><\/p>\n<p><a href=\"https:\/\/clic.xtec.cat\/projects\/5_sentits\/jclic.js\/index.html\"><span style=\"font-weight: 400;\">https:\/\/clic.xtec.cat\/projects\/5_sentits\/jclic.js\/index.html<\/span><\/a><\/p>\n<p><span style=\"font-weight: 400;\">Podeu repassar els que heu apr\u00e8s amb l\u2019apartat: CONEIX ELS 5 SENTITS, FER LES ACTIVITATS O NOM\u00c9S ELS JOCS.<\/span><\/p>\n<p><span style=\"font-weight: 400;\">EF:\u00a0<\/span><a href=\"https:\/\/agora.xtec.cat\/escjoseppenuelas\/wp-content\/uploads\/usu1492\/2020\/03\/Joc-La-l\u00ednia-de-les-fruites.pdf\">Joc La l\u00ednia de les fruites<\/a><\/p>\n<ul>\n<li><strong>ACTIVITATS DE SEGON:<\/strong><\/li>\n<\/ul>\n<p><span style=\"font-weight: 400;\">Bon dia ?<\/span><\/p>\n<p><span style=\"font-weight: 400;\">\u2713Avui us proposem un jclic on podreu treballar diferents fruites?????<\/span><\/p>\n<p><a href=\"https:\/\/clic.xtec.cat\/projects\/fruiteri\/jclic.js\/index.html\"><span style=\"font-weight: 400;\">https:\/\/clic.xtec.cat\/projects\/fruiteri\/jclic.js\/index.html<\/span><\/a><\/p>\n<p><span style=\"font-weight: 400;\">\u00a0\u2713<\/span><b>Activitat de retorn<\/b><span style=\"font-weight: 400;\">: us animen a crear una obra d&#8217;art amb aliments i a enviar-nos un v\u00eddeo on ens expliqueu la vostra obra d&#8217;art. Vinga artistes esperem les vostres creacions?! Us deixem una foto d&#8217;exemple.<\/span><\/p>\n<p><a href=\"https:\/\/agora.xtec.cat\/escjoseppenuelas\/wp-content\/uploads\/usu1492\/2020\/03\/WhatsApp-Image-2020-04-29-at-18.01.05.jpeg\"><img loading=\"lazy\" decoding=\"async\" class=\"alignnone size-medium wp-image-3263\" src=\"https:\/\/agora.xtec.cat\/escjoseppenuelas\/wp-content\/uploads\/usu1492\/2020\/03\/WhatsApp-Image-2020-04-29-at-18.01.05-271x300.jpeg\" alt=\"\" width=\"271\" height=\"300\" srcset=\"https:\/\/agora.xtec.cat\/escjoseppenuelas\/wp-content\/uploads\/usu1492\/2020\/03\/WhatsApp-Image-2020-04-29-at-18.01.05-271x300.jpeg 271w, https:\/\/agora.xtec.cat\/escjoseppenuelas\/wp-content\/uploads\/usu1492\/2020\/03\/WhatsApp-Image-2020-04-29-at-18.01.05.jpeg 542w\" sizes=\"auto, (max-width: 271px) 100vw, 271px\" \/><\/a><\/p>\n<p><span style=\"font-weight: 400;\">\u2713 Per \u00faltim una proposta d&#8217;educaci\u00f3 f\u00edsica, el <\/span><a href=\"https:\/\/agora.xtec.cat\/escjoseppenuelas\/wp-content\/uploads\/usu1492\/2020\/03\/Joc-La-l\u00ednia-de-les-fruites.pdf\">joc &#8220;la l\u00ednia de les fruites&#8221;.<\/a><\/p>\n<p><span style=\"font-weight: 400;\">Una abra\u00e7ada?<\/span><\/p>\n<h4><span style=\"color: #008000;\"><strong>DIMECRES 29 D&#8217;ABRIL:<\/strong><\/span><\/h4>\n<ul>\n<li><strong>ACTIVITATS DE PRIMER:<\/strong><\/li>\n<\/ul>\n<p>Bon dia guap\u00edssims!\u00a0Avui per acabar la setmana us proposem les seg\u00fcents activitats:<\/p>\n<p><span style=\"color: #800080;\"><strong>Grup lila:<\/strong><\/span><\/p>\n<p><b>?<\/b>Continuem amb els sentits! Avui treballarem l&#8217;O\u00cfDA. Sabeu quin \u00e9s l&#8217;\u00f2rgan que s&#8217;encarrega d&#8217;aquest sentit? Comencem mirant el v\u00eddeo que us deixem a sota\u2b07\ufe0f<\/p>\n<p>Ara podeu jugar a endevinar sons amb la fam\u00edlia. Tapeu-vos els ulls i endevineu de que \u00e9s el so que sentiu i si est\u00e0 a prop o lluny.<\/p>\n<p>Si voleu continuar jugant, us deixem aquest joc:\u00a0<a href=\"https:\/\/youtu.be\/ZF29rHlRLZk\">https:\/\/youtu.be\/ZF29rHlRLZk<\/a><\/p>\n<p>Us animeu a aprendre a fer el vostre nom en Llengua de signes? ?<\/p>\n<p><a href=\"https:\/\/agora.xtec.cat\/escjoseppenuelas\/wp-content\/uploads\/usu1492\/2020\/03\/Llengua-de-signes.jpg\"><img loading=\"lazy\" decoding=\"async\" class=\"alignnone size-medium wp-image-3244\" src=\"https:\/\/agora.xtec.cat\/escjoseppenuelas\/wp-content\/uploads\/usu1492\/2020\/03\/Llengua-de-signes-300x237.jpg\" alt=\"\" width=\"300\" height=\"237\" srcset=\"https:\/\/agora.xtec.cat\/escjoseppenuelas\/wp-content\/uploads\/usu1492\/2020\/03\/Llengua-de-signes-300x237.jpg 300w, https:\/\/agora.xtec.cat\/escjoseppenuelas\/wp-content\/uploads\/usu1492\/2020\/03\/Llengua-de-signes.jpg 598w\" sizes=\"auto, (max-width: 300px) 100vw, 300px\" \/><\/a><\/p>\n<p>\u270d\ufe0f A PROP O LLUNY? Despr\u00e9s d&#8217;obervar molt b\u00e9 el dibuix, contesteu les preguntes a la mateixa fitxa, a la llibreta o en un full. PDF\u00a0<a href=\"https:\/\/agora.xtec.cat\/escjoseppenuelas\/wp-content\/uploads\/usu1492\/2020\/03\/1r-Lila.pdf\">1r Lila<\/a><\/p>\n<p>?Aquesta tasca \u00e9s de retorn. Feu-nos arribar una foto de la feina que heu fet.<\/p>\n<p>??\u200d\u2642\ufe0f Acabem la setmana amb una mica de meditaci\u00f3? Us passem un document amb alguns v\u00eddeos i propostes per treballar. PDF: <a href=\"https:\/\/agora.xtec.cat\/escjoseppenuelas\/wp-content\/uploads\/usu1492\/2020\/03\/Meditaci\u00f3.pdf\">Meditaci\u00f3<\/a><\/p>\n<p>? Recordeu anar guardant material de reciclatge.<\/p>\n<p>Bon cap de setmana! ??<\/p>\n<p><span style=\"color: #ffff00;\"><strong>Grup groc:<\/strong><\/span><\/p>\n<p><b>?<\/b>Continuem amb els sentits! Avui treballarem l&#8217;O\u00cfDA. Sabeu quin \u00e9s l&#8217;\u00f2rgan que s&#8217;encarrega d&#8217;aquest sentit? Comencem mirant el v\u00eddeo que us deixem a sota\u2b07\ufe0f<\/p>\n<p>Ara podeu jugar a endevinar sons amb la fam\u00edlia. Tapeu-vos els ulls i endevineu de que \u00e9s el so que sentiu i si est\u00e0 a prop o lluny.<\/p>\n<p>Si voleu continuar jugant, us deixem aquest joc:\u00a0<a href=\"https:\/\/youtu.be\/ZF29rHlRLZk\">https:\/\/youtu.be\/ZF29rHlRLZk<\/a><\/p>\n<p>Us animeu a aprendre a fer el vostre nom en Llengua de signes? ?<\/p>\n<p><a href=\"https:\/\/agora.xtec.cat\/escjoseppenuelas\/wp-content\/uploads\/usu1492\/2020\/03\/Llengua-de-signes.jpg\"><img loading=\"lazy\" decoding=\"async\" class=\"alignnone size-medium wp-image-3244\" src=\"https:\/\/agora.xtec.cat\/escjoseppenuelas\/wp-content\/uploads\/usu1492\/2020\/03\/Llengua-de-signes-300x237.jpg\" alt=\"\" width=\"300\" height=\"237\" srcset=\"https:\/\/agora.xtec.cat\/escjoseppenuelas\/wp-content\/uploads\/usu1492\/2020\/03\/Llengua-de-signes-300x237.jpg 300w, https:\/\/agora.xtec.cat\/escjoseppenuelas\/wp-content\/uploads\/usu1492\/2020\/03\/Llengua-de-signes.jpg 598w\" sizes=\"auto, (max-width: 300px) 100vw, 300px\" \/><\/a><\/p>\n<p>\u270d\ufe0f A PROP O LLUNY? Despr\u00e9s d&#8217;obervar molt b\u00e9 el dibuix, contesteu les preguntes a la mateixa fitxa, a la llibreta o en un full.PDF: <a href=\"https:\/\/agora.xtec.cat\/escjoseppenuelas\/wp-content\/uploads\/usu1492\/2020\/03\/1r-Groc.pdf\">1r Groc<\/a><\/p>\n<p>?Aquesta tasca \u00e9s de retorn. Feu-nos arribar una foto de la feina que heu fet.<\/p>\n<p>??\u200d\u2642\ufe0f Acabem la setmana amb una mica de meditaci\u00f3? Us passem un document amb alguns v\u00eddeos i propostes per treballar. PDF: <a href=\"https:\/\/agora.xtec.cat\/escjoseppenuelas\/wp-content\/uploads\/usu1492\/2020\/03\/Meditaci\u00f3.pdf\">Meditaci\u00f3<\/a><\/p>\n<p>? Recordeu anar guardant material de reciclatge.<\/p>\n<p>Bon cap de setmana! ??<\/p>\n<p><span style=\"color: #0000ff;\"><strong>Grup blau:<\/strong><\/span><\/p>\n<p><b>?<\/b>Continuem amb els sentits! Avui treballarem l&#8217;O\u00cfDA. Sabeu quin \u00e9s l&#8217;\u00f2rgan que s&#8217;encarrega d&#8217;aquest sentit? Comencem mirant el v\u00eddeo que us deixem a sota\u2b07\ufe0f<\/p>\n<p>Ara podeu jugar a endevinar sons amb la fam\u00edlia. Tapeu-vos els ulls i endevineu de que \u00e9s el so que sentiu i si est\u00e0 a prop o lluny.<\/p>\n<p>Si voleu continuar jugant, us deixem aquest joc:\u00a0<a href=\"https:\/\/youtu.be\/ZF29rHlRLZk\">https:\/\/youtu.be\/ZF29rHlRLZk<\/a><\/p>\n<p>Us animeu a aprendre a fer el vostre nom en Llengua de signes? ?<\/p>\n<p><a href=\"https:\/\/agora.xtec.cat\/escjoseppenuelas\/wp-content\/uploads\/usu1492\/2020\/03\/Llengua-de-signes.jpg\"><img loading=\"lazy\" decoding=\"async\" class=\"alignnone size-medium wp-image-3244\" src=\"https:\/\/agora.xtec.cat\/escjoseppenuelas\/wp-content\/uploads\/usu1492\/2020\/03\/Llengua-de-signes-300x237.jpg\" alt=\"\" width=\"300\" height=\"237\" srcset=\"https:\/\/agora.xtec.cat\/escjoseppenuelas\/wp-content\/uploads\/usu1492\/2020\/03\/Llengua-de-signes-300x237.jpg 300w, https:\/\/agora.xtec.cat\/escjoseppenuelas\/wp-content\/uploads\/usu1492\/2020\/03\/Llengua-de-signes.jpg 598w\" sizes=\"auto, (max-width: 300px) 100vw, 300px\" \/><\/a><\/p>\n<p>\u270d\ufe0f A PROP O LLUNY? Despr\u00e9s d&#8217;obervar molt b\u00e9 el dibuix, contesteu les preguntes a la mateixa fitxa, a la llibreta o en un full. PDF: <a href=\"https:\/\/agora.xtec.cat\/escjoseppenuelas\/wp-content\/uploads\/usu1492\/2020\/03\/1r-Blau.pdf\">1r Blau<\/a><\/p>\n<p>?Aquesta tasca \u00e9s de retorn. Feu-nos arribar una foto de la feina que heu fet.<\/p>\n<p>??\u200d\u2642\ufe0f Acabem la setmana amb una mica de meditaci\u00f3? Us passem un document amb alguns v\u00eddeos i propostes per treballar. PDF: <a href=\"https:\/\/agora.xtec.cat\/escjoseppenuelas\/wp-content\/uploads\/usu1492\/2020\/03\/Meditaci\u00f3.pdf\">Meditaci\u00f3<\/a><\/p>\n<p>? Recordeu anar guardant material de reciclatge.<\/p>\n<p>Bon cap de setmana! ??<\/p>\n<p>&nbsp;<\/p>\n<ul>\n<li><strong>ACTIVITATS DE SEGON:<\/strong><\/li>\n<\/ul>\n<p><span style=\"font-weight: 400;\">Bon dia ?<\/span><\/p>\n<p><span style=\"font-weight: 400;\">\u2713Comencem el dia amb alegria ??\u2600\ufe0f<\/span><\/p>\n<p><span style=\"font-weight: 400;\">\u00a0<\/span><a href=\"https:\/\/youtu.be\/fbEIibeZawI\"><span style=\"font-weight: 400;\">https:\/\/youtu.be\/fbEIibeZawI<\/span><\/a><\/p>\n<p><span style=\"font-weight: 400;\">\u2713En aquest enlla\u00e7 trobareu una activitat per a treballar el c\u00e0lcul ? En el v\u00eddeo us expliquem com fer-ho, i us donem alternatives sense ordinador ?\ufe0f<\/span><\/p>\n<p><a href=\"http:\/\/ares.cnice.mec.es\/matematicasep\/colegio\/maquina.html\"><span style=\"font-weight: 400;\">http:\/\/ares.cnice.mec.es\/matematicasep\/colegio\/maquina.html<\/span><\/a><\/p>\n<p><span style=\"font-weight: 400;\">\u2713 ?? Bonjour les enfants!<\/span><\/p>\n<p><span style=\"font-weight: 400;\">Avui farem una activitat de retorn, heu de fer un v\u00eddeo explicant que hi ha al vostre cistell &#8220;dans mon panier ? il y a&#8230;&#8221;. Jo, ja he fet el meu i estic esperant el vostre ?<\/span><\/p>\n<p><span style=\"font-weight: 400;\">\u2713 I avui tamb\u00e9&#8230; M\u00fasica a casa! ? <\/span>PDF:\u00a0<a href=\"https:\/\/agora.xtec.cat\/escjoseppenuelas\/wp-content\/uploads\/usu1492\/2020\/03\/M\u00fasica-a-casa.pdf\">M\u00fasica a casa!!!<\/a><\/p>\n<h4><span style=\"color: #008000;\"><strong>DILLUNS 27 D&#8217;ABRIL:<\/strong><\/span><\/h4>\n<ul>\n<li><strong>ACTIVITATS DE PRIMER:<\/strong><\/li>\n<\/ul>\n<p><span style=\"color: #800080;\"><strong>Grup lila:<\/strong><\/span><\/p>\n<p><span style=\"font-weight: 400;\">Bon dia ??!!!<\/span><\/p>\n<p><span style=\"font-weight: 400;\">Avui per comen\u00e7ar que us hi sembla si fem una mica de relaxaci\u00f3??<\/span><\/p>\n<p><span style=\"font-weight: 400;\">?Seguiu-me amb el video ??<\/span><\/p>\n<p><span style=\"font-weight: 400;\">? Despr\u00e9s de tocar el nostre cos us proposem 3 activitats:<\/span><\/p>\n<p><span style=\"font-weight: 400;\">1r ?Veure un video que ens parla del TACTE ja sabeu que el tenim a la nostra pell.<\/span><\/p>\n<p><a href=\"https:\/\/youtu.be\/ZezyVFIUi-A\"><span style=\"font-weight: 400;\">https:\/\/youtu.be\/ZezyVFIUi-A<\/span><\/a><span style=\"font-weight: 400;\">\u00a0<\/span><\/p>\n<p><span style=\"font-weight: 400;\">2n? Fer un jclic, per\u00f2 nom\u00e9s cal fer el TACTE.<\/span><\/p>\n<p><a href=\"https:\/\/clic.xtec.cat\/repo\/index.html?lang=ca&amp;prj=sentits2\"><span style=\"font-weight: 400;\">https:\/\/clic.xtec.cat\/repo\/index.html?lang=ca&amp;prj=sentits2<\/span><\/a><span style=\"font-weight: 400;\">\u00a0<\/span><\/p>\n<p><span style=\"font-weight: 400;\">3r?\u200d\u2642\ufe0f Un joc el&#8221; TOCA- TOCA.&#8221;<\/span><\/p>\n<p><span style=\"font-weight: 400;\">* Necessiteu un mocador i els papes i\/o germans que juguin amb vosaltres.<\/span><\/p>\n<p><span style=\"font-weight: 400;\"># Comencem: Amb els ulls tapats obeint les ordres.\u00a0 Per exemple, fes 2,3,4&#8230;. passes cap a la dreta, cap a l&#8217;esquerra, al davant, al darrere i TOCA-TOCA\u00a0 ( una taula, una cadira, una esponja, una cortina, el sof\u00e0, coses de la nevera etc) Tu has de dir com \u00e9s el que toques: suau\/ aspre, llis\/ rug\u00f3s, fred \/ calent dur\/tou.<\/span><\/p>\n<p><span style=\"font-weight: 400;\">Si ho encertes continues jugant sin\u00f3 li passes el mocador a un altre.\u00a0<\/span><\/p>\n<p><span style=\"font-weight: 400;\">\u00c9s molt divertit!!???\u00a0<\/span><\/p>\n<p><span style=\"font-weight: 400;\">?Ens ajudeu a solucionar aquests problemes?<\/span><\/p>\n<p><a href=\"https:\/\/agora.xtec.cat\/escjoseppenuelas\/wp-content\/uploads\/usu1492\/2020\/03\/PROBLEMES-DE-MATES-1.pdf\">PROBLEMES DE MATES-1<\/a><\/p>\n<p><span style=\"font-weight: 400;\">?Ahir ja vau poder sortir al carrer.?????? Quina sensaci\u00f3 heu sentit??? Ens la podeu explicar fent-nos un audio o escrivint-ho a la llibreta. Endavant!!!<\/span><\/p>\n<p><span style=\"color: #ffff00;\"><strong>Grup groc:<\/strong><\/span><\/p>\n<p><span style=\"font-weight: 400;\">Bon dia ??!!!<\/span><\/p>\n<p><span style=\"font-weight: 400;\">Avui per comen\u00e7ar que us hi sembla si fem una mica de relaxaci\u00f3??<\/span><\/p>\n<p><span style=\"font-weight: 400;\">?Seguiu-me amb el video ??<\/span><\/p>\n<p><span style=\"font-weight: 400;\">? Despr\u00e9s de tocar el nostre cos us proposem 3 activitats:<\/span><\/p>\n<p><span style=\"font-weight: 400;\">1r ?Veure un video que ens parla del TACTE ja sabeu que el tenim a la nostra pell.<\/span><\/p>\n<p><a href=\"https:\/\/youtu.be\/ZezyVFIUi-A\"><span style=\"font-weight: 400;\">https:\/\/youtu.be\/ZezyVFIUi-A<\/span><\/a><span style=\"font-weight: 400;\">\u00a0<\/span><\/p>\n<p><span style=\"font-weight: 400;\">2n? Fer un jclic, per\u00f2 nom\u00e9s cal fer el TACTE.<\/span><\/p>\n<p><a href=\"https:\/\/clic.xtec.cat\/repo\/index.html?lang=ca&amp;prj=sentits2\"><span style=\"font-weight: 400;\">https:\/\/clic.xtec.cat\/repo\/index.html?lang=ca&amp;prj=sentits2<\/span><\/a><span style=\"font-weight: 400;\">\u00a0<\/span><\/p>\n<p><span style=\"font-weight: 400;\">3r?\u200d\u2642\ufe0f Un joc el&#8221; TOCA- TOCA.&#8221;<\/span><\/p>\n<p><span style=\"font-weight: 400;\">* Necessiteu un mocador i els papes i\/o germans que juguin amb vosaltres.<\/span><\/p>\n<p><span style=\"font-weight: 400;\"># Comencem: Amb els ulls tapats obeint les ordres.\u00a0 Per exemple, fes 2,3,4&#8230;. passes cap a la dreta, cap a l&#8217;esquerra, al davant, al darrere i TOCA-TOCA\u00a0 ( una taula, una cadira, una esponja, una cortina, el sof\u00e0, coses de la nevera etc) Tu has de dir com \u00e9s el que toques: suau\/ aspre, llis\/ rug\u00f3s, fred \/ calent dur\/tou.<\/span><\/p>\n<p><span style=\"font-weight: 400;\">Si ho encertes continues jugant sin\u00f3 li passes el mocador a un altre.\u00a0<\/span><\/p>\n<p><span style=\"font-weight: 400;\">\u00c9s molt divertit!!???\u00a0<\/span><\/p>\n<p><span style=\"font-weight: 400;\">?Ens ajudeu a solucionar aquests problemes?<\/span><\/p>\n<p><a href=\"https:\/\/agora.xtec.cat\/escjoseppenuelas\/wp-content\/uploads\/usu1492\/2020\/03\/PROBLEMES-DE-MATES-1.pdf\">PROBLEMES DE MATES-1<\/a><\/p>\n<p><span style=\"font-weight: 400;\">?Ahir ja vau poder sortir al carrer.?????? Quina sensaci\u00f3 heu sentit??? Ens la podeu explicar fent-nos un audio o escrivint-ho a la llibreta. Endavant!!!<\/span><\/p>\n<p><span style=\"color: #0000ff;\"><strong>Grup blau:<\/strong><\/span><\/p>\n<p><span style=\"font-weight: 400;\">Bon dia ??!!!<\/span><\/p>\n<p><span style=\"font-weight: 400;\">Avui per comen\u00e7ar que us hi sembla si fem una mica de relaxaci\u00f3??<\/span><\/p>\n<p><span style=\"font-weight: 400;\">?Seguiu-me amb el video ??<\/span><\/p>\n<p><span style=\"font-weight: 400;\">? Despr\u00e9s de tocar el nostre cos us proposem 3 activitats:<\/span><\/p>\n<p><span style=\"font-weight: 400;\">1r ?Veure un video que ens parla del TACTE ja sabeu que el tenim a la nostra pell.<\/span><\/p>\n<p><a href=\"https:\/\/youtu.be\/ZezyVFIUi-A\"><span style=\"font-weight: 400;\">https:\/\/youtu.be\/ZezyVFIUi-A<\/span><\/a><span style=\"font-weight: 400;\">\u00a0<\/span><\/p>\n<p><span style=\"font-weight: 400;\">2n? Fer un jclic, per\u00f2 nom\u00e9s cal fer el TACTE.<\/span><\/p>\n<p><a href=\"https:\/\/clic.xtec.cat\/repo\/index.html?lang=ca&amp;prj=sentits2\"><span style=\"font-weight: 400;\">https:\/\/clic.xtec.cat\/repo\/index.html?lang=ca&amp;prj=sentits2<\/span><\/a><span style=\"font-weight: 400;\">\u00a0<\/span><\/p>\n<p><span style=\"font-weight: 400;\">3r?\u200d\u2642\ufe0f Un joc el&#8221; TOCA- TOCA.&#8221;<\/span><\/p>\n<p><span style=\"font-weight: 400;\">* Necessiteu un mocador i els papes i\/o germans que juguin amb vosaltres.<\/span><\/p>\n<p><span style=\"font-weight: 400;\"># Comencem: Amb els ulls tapats obeint les ordres.\u00a0 Per exemple, fes 2,3,4&#8230;. passes cap a la dreta, cap a l&#8217;esquerra, al davant, al darrere i TOCA-TOCA\u00a0 ( una taula, una cadira, una esponja, una cortina, el sof\u00e0, coses de la nevera etc) Tu has de dir com \u00e9s el que toques: suau\/ aspre, llis\/ rug\u00f3s, fred \/ calent dur\/tou.<\/span><\/p>\n<p><span style=\"font-weight: 400;\">Si ho encertes continues jugant sin\u00f3 li passes el mocador a un altre.\u00a0<\/span><\/p>\n<p><span style=\"font-weight: 400;\">\u00c9s molt divertit!!???\u00a0<\/span><\/p>\n<p><span style=\"font-weight: 400;\">?Ens ajudeu a solucionar aquests problemes?<\/span><\/p>\n<p><a href=\"https:\/\/agora.xtec.cat\/escjoseppenuelas\/wp-content\/uploads\/usu1492\/2020\/03\/COMPTEM-DENTS-I-DITS-grup-blau.pdf\">COMPTEM DENTS I DITS<\/a><\/p>\n<p><span style=\"font-weight: 400;\">?Ahir ja vau poder sortir al carrer.?????? Quina sensaci\u00f3 heu sentit??? Ens la podeu explicar fent-nos un audio o escrivint-ho a la llibreta. Endavant!!!<\/span><\/p>\n<ul>\n<li><strong>ACTIVITATS DE SEGON:<\/strong><\/li>\n<\/ul>\n<p><span style=\"font-weight: 400;\">Bon dia ?<\/span><\/p>\n<p><span style=\"font-weight: 400;\">\u2713Avui us deixem un v\u00eddeo on us explicaran la pir\u00e0mide d&#8217;aliments ?????<\/span><\/p>\n<p><a href=\"https:\/\/youtu.be\/i-b_5xD7jnI\"><span style=\"font-weight: 400;\">https:\/\/youtu.be\/i-b_5xD7jnI<\/span><\/a><span style=\"font-weight: 400;\">\u00a0<\/span><\/p>\n<p><span style=\"font-weight: 400;\">\u2713Heu estat atents al v\u00eddeo? Anem a comprovar-ho! En el seg\u00fcent joc heu de col\u2022locar cada aliment en el seu lloc.<\/span><\/p>\n<p><a href=\"https:\/\/media.diba.cat\/diba\/html\/salutpublica\/menjabe\/1\/\"><span style=\"font-weight: 400;\">https:\/\/media.diba.cat\/diba\/html\/salutpublica\/menjabe\/1\/<\/span><\/a><span style=\"font-weight: 400;\">\u00a0<\/span><\/p>\n<p><span style=\"font-weight: 400;\">\u00a0\u2713<strong>Activitat de retorn:<\/strong> Feu la vostra pir\u00e0mide d&#8217;aliments. Podeu fer-la amb aliments reals, dibuixant els aliments o escrivint el nom dels aliments. Us deixem un exemple:<\/span><\/p>\n<p><a href=\"https:\/\/agora.xtec.cat\/escjoseppenuelas\/wp-content\/uploads\/usu1492\/2020\/03\/IMG-20200426-WA0018.jpg\"><img loading=\"lazy\" decoding=\"async\" class=\"alignnone size-medium wp-image-3237\" src=\"https:\/\/agora.xtec.cat\/escjoseppenuelas\/wp-content\/uploads\/usu1492\/2020\/03\/IMG-20200426-WA0018-300x225.jpg\" alt=\"\" width=\"300\" height=\"225\" srcset=\"https:\/\/agora.xtec.cat\/escjoseppenuelas\/wp-content\/uploads\/usu1492\/2020\/03\/IMG-20200426-WA0018-300x225.jpg 300w, https:\/\/agora.xtec.cat\/escjoseppenuelas\/wp-content\/uploads\/usu1492\/2020\/03\/IMG-20200426-WA0018-200x150.jpg 200w, https:\/\/agora.xtec.cat\/escjoseppenuelas\/wp-content\/uploads\/usu1492\/2020\/03\/IMG-20200426-WA0018.jpg 512w\" sizes=\"auto, (max-width: 300px) 100vw, 300px\" \/><\/a><\/p>\n<p><span style=\"font-weight: 400;\">\u2713I per \u00faltim, tamb\u00e9 teniu una proposta d&#8217;educaci\u00f3 f\u00edsica.<\/span><\/p>\n<p><a href=\"https:\/\/agora.xtec.cat\/escjoseppenuelas\/wp-content\/uploads\/usu1492\/2020\/03\/2n.pdf\">Educaci\u00f3 F\u00edsica 2n<\/a><\/p>\n<p><span style=\"font-weight: 400;\">\u00c0nims ???<\/span><\/p>\n<h4><span style=\"color: #008000;\"><strong>DIVENDRES 24 D&#8217;ABRIL:<\/strong><\/span><\/h4>\n<ul>\n<li><strong>ACTIVITATS DE PRIMER:<\/strong><\/li>\n<\/ul>\n<p><span style=\"font-weight: 400;\">Bon dia ??!!<\/span><\/p>\n<p><span style=\"font-weight: 400;\">Avui ens fixarem en el sentit de la VISTA ?<\/span><\/p>\n<p><span style=\"font-weight: 400;\">? Per comen\u00e7ar us proposem que mireu aquest v\u00eddeo amb la can\u00e7\u00f3 del \u201cVeig,veig&#8230;\u201d<\/span><\/p>\n<p><a href=\"https:\/\/youtu.be\/FqLf7ldMnNY\"><span style=\"font-weight: 400;\">https:\/\/youtu.be\/FqLf7ldMnNY<\/span><\/a><span style=\"font-weight: 400;\">\u00a0<\/span><\/p>\n<p><span style=\"font-weight: 400;\">?Hi heu jugat mai al Veig, veig&#8230;? Doncs per fer-ho m\u00e9s divertit podeu construir uns prism\u00e0tics. Us enviem una foto perqu\u00e8 veieu com els podeu fer.<\/span><\/p>\n<p><a href=\"https:\/\/agora.xtec.cat\/escjoseppenuelas\/wp-content\/uploads\/usu1492\/2020\/03\/IMG-20200424-WA0001.jpg\"><img loading=\"lazy\" decoding=\"async\" class=\"alignnone size-medium wp-image-3221\" src=\"https:\/\/agora.xtec.cat\/escjoseppenuelas\/wp-content\/uploads\/usu1492\/2020\/03\/IMG-20200424-WA0001-300x209.jpg\" alt=\"\" width=\"300\" height=\"209\" srcset=\"https:\/\/agora.xtec.cat\/escjoseppenuelas\/wp-content\/uploads\/usu1492\/2020\/03\/IMG-20200424-WA0001-300x209.jpg 300w, https:\/\/agora.xtec.cat\/escjoseppenuelas\/wp-content\/uploads\/usu1492\/2020\/03\/IMG-20200424-WA0001.jpg 739w\" sizes=\"auto, (max-width: 300px) 100vw, 300px\" \/><\/a><\/p>\n<p><span style=\"font-weight: 400;\">?Ja esteu preparats? Doncs aneu a la vostra habitaci\u00f3, a la cuina, a la finestra,&#8230; i comenceu a jugar al Veig, veig&#8230; amb alg\u00fa de la fam\u00edlia. Podeu agafar llapis i paper i escriure tot el que aneu veient.<\/span><\/p>\n<p><span style=\"font-weight: 400;\">?Quantes coses heu escrit? Moltes? Vinga compteu-les, a veure quantes en teniu a la llista.<\/span><\/p>\n<p><span style=\"font-weight: 400;\">?? un jclic &#8220;La t\u00eate&#8221; <\/span><a href=\"https:\/\/clic.xtec.cat\/users\/esantist\/le_corps\/index.html\"><span style=\"font-weight: 400;\">https:\/\/clic.xtec.cat\/users\/esantist\/le_corps\/index.html<\/span><\/a><span style=\"font-weight: 400;\">\u00a0<\/span><\/p>\n<p><span style=\"font-weight: 400;\">Som-hi!<\/span><\/p>\n<ul>\n<li><strong>ACTIVITATS DE SEGON:<\/strong><\/li>\n<\/ul>\n<p><span style=\"font-weight: 400;\">Bon dia ?<\/span><\/p>\n<p><span style=\"font-weight: 400;\">\u2713Avui us deixem un v\u00eddeo d&#8217;endevinalles d&#8217;aliments. Les endevinareu totes? Quan acabeu, podeu copiar-ne una en un full i fer el dibuix.<\/span><\/p>\n<p><a href=\"https:\/\/youtu.be\/8uLqhAWERcI\"><span style=\"font-weight: 400;\">https:\/\/youtu.be\/8uLqhAWERcI<\/span><\/a><span style=\"font-weight: 400;\">\u00a0<\/span><\/p>\n<p><span style=\"font-weight: 400;\">\u2713Mireu quin joc m\u00e9s divertit per buscar i comptar aliments ?????? En la seg\u00fcent l\u00e0mina, haureu de comptar quants aliments de cada hi ha ?<\/span><\/p>\n<p><a href=\"https:\/\/agora.xtec.cat\/escjoseppenuelas\/wp-content\/uploads\/usu1492\/2020\/03\/IMG-20200420-WA0039.jpg\"><img loading=\"lazy\" decoding=\"async\" class=\"alignnone size-medium wp-image-3220\" src=\"https:\/\/agora.xtec.cat\/escjoseppenuelas\/wp-content\/uploads\/usu1492\/2020\/03\/IMG-20200420-WA0039-300x221.jpg\" alt=\"\" width=\"300\" height=\"221\" srcset=\"https:\/\/agora.xtec.cat\/escjoseppenuelas\/wp-content\/uploads\/usu1492\/2020\/03\/IMG-20200420-WA0039-300x221.jpg 300w, https:\/\/agora.xtec.cat\/escjoseppenuelas\/wp-content\/uploads\/usu1492\/2020\/03\/IMG-20200420-WA0039.jpg 750w\" sizes=\"auto, (max-width: 300px) 100vw, 300px\" \/><\/a><\/p>\n<p><span style=\"font-weight: 400;\">\u00c0nims ???<\/span><\/p>\n<p>&nbsp;<\/p>\n<h4><span style=\"color: #008000;\"><strong>DIMECRES 22 D&#8217;ABRIL:<\/strong><\/span><\/h4>\n<ul>\n<li><strong>ACTIVITATS DE PRIMER:<\/strong><\/li>\n<\/ul>\n<p><span style=\"color: #800080;\"><strong>Grup lila:<\/strong><\/span><\/p>\n<p><span style=\"font-weight: 400;\">Bon dia nens i nenes! Avui ens endinsarem en el m\u00f3n dels sentits. Sabeu quins s\u00f3n?\u00a0<\/span><\/p>\n<p><span style=\"font-weight: 400;\">? Per comen\u00e7ar us proposem que mireu aquest v\u00eddeo que us ajudar\u00e0 a recon\u00e8ixer els 5 sentits:<\/span><\/p>\n<p><a href=\"https:\/\/www.youtube.com\/watch?v=zCrKTEukeRc\"><span style=\"font-weight: 400;\">https:\/\/www.youtube.com\/watch?v=zCrKTEukeRc<\/span><\/a><span style=\"font-weight: 400;\">\u00a0<\/span><\/p>\n<p><span style=\"font-weight: 400;\">Ja saps quins s\u00f3n? Doncs ara investigarem EL GUST ?. Per fer aquesta activitat us enviem una graella amb les instruccions.<\/span><\/p>\n<p><a href=\"https:\/\/agora.xtec.cat\/escjoseppenuelas\/wp-content\/uploads\/usu1492\/2020\/03\/GRAELLA-DEL-GUST.pdf\">GRAELLA DEL GUST\u00a0<\/a><\/p>\n<p><span style=\"font-weight: 400;\">? Voleu jugar a endevinar? Us proposem un conjunt d&#8217;endevinalles que ens faran rumiar!\u00a0<\/span><\/p>\n<p><span style=\"font-weight: 400;\">?Aquesta tasca \u00e9s de retorn. Feu-nos arribar una foto de la feina.<\/span><\/p>\n<p><a href=\"https:\/\/agora.xtec.cat\/escjoseppenuelas\/wp-content\/uploads\/usu1492\/2020\/03\/ENDEVINALLES.pdf\">ENDEVINALLES\u00a0<\/a><\/p>\n<p><span style=\"font-weight: 400;\">? Per acabar, pintarem la rosa per Sant Jordi. Us deixem un v\u00eddeo perqu\u00e8 veieu com ho hem fet nosaltres.<\/span><\/p>\n<p><span style=\"font-weight: 400;\">Endavant!<\/span><\/p>\n<p><span style=\"color: #ffff00;\"><strong>Grup groc:<\/strong><\/span><\/p>\n<p><span style=\"font-weight: 400;\">Bon dia nens i nenes! Avui ens endinsarem en el m\u00f3n dels sentits. Sabeu quins s\u00f3n?\u00a0<\/span><\/p>\n<p><span style=\"font-weight: 400;\">? Per comen\u00e7ar us proposem que mireu aquest v\u00eddeo que us ajudar\u00e0 a recon\u00e8ixer els 5 sentits:<\/span><\/p>\n<p><a href=\"https:\/\/www.youtube.com\/watch?v=zCrKTEukeRc\"><span style=\"font-weight: 400;\">https:\/\/www.youtube.com\/watch?v=zCrKTEukeRc<\/span><\/a><span style=\"font-weight: 400;\">\u00a0<\/span><\/p>\n<p><span style=\"font-weight: 400;\">Ja saps quins s\u00f3n? Doncs ara investigarem EL GUST ?. Per fer aquesta activitat us enviem una graella amb les instruccions.<\/span><\/p>\n<p><a href=\"https:\/\/agora.xtec.cat\/escjoseppenuelas\/wp-content\/uploads\/usu1492\/2020\/03\/GRAELLA-DEL-GUST.pdf\">GRAELLA DEL GUST\u00a0<\/a><\/p>\n<p><span style=\"font-weight: 400;\">? Voleu jugar a endevinar? Us proposem un conjunt d&#8217;endevinalles que ens faran rumiar!\u00a0<\/span><\/p>\n<p><span style=\"font-weight: 400;\">?Aquesta tasca \u00e9s de retorn. Feu-nos arribar una foto de la feina.<\/span><\/p>\n<p><a href=\"https:\/\/agora.xtec.cat\/escjoseppenuelas\/wp-content\/uploads\/usu1492\/2020\/03\/ENDEVINALLES.pdf\">ENDEVINALLES\u00a0<\/a><\/p>\n<p><span style=\"font-weight: 400;\">? Per acabar, pintarem la rosa per Sant Jordi. Us deixem un v\u00eddeo perqu\u00e8 veieu com ho hem fet nosaltres.<\/span><\/p>\n<p><span style=\"font-weight: 400;\">Endavant!<\/span><\/p>\n<p><span style=\"color: #0000ff;\"><strong>Grup blau:<\/strong><\/span><\/p>\n<p><span style=\"font-weight: 400;\">Bon dia nens i nenes! Avui ens endinsarem en el m\u00f3n dels sentits. Sabeu quins s\u00f3n?\u00a0<\/span><\/p>\n<p><span style=\"font-weight: 400;\">? Per comen\u00e7ar us proposem que mireu aquest v\u00eddeo que us ajudar\u00e0 a recon\u00e8ixer els 5 sentits:<\/span><\/p>\n<p><a href=\"https:\/\/www.youtube.com\/watch?v=zCrKTEukeRc\"><span style=\"font-weight: 400;\">https:\/\/www.youtube.com\/watch?v=zCrKTEukeRc<\/span><\/a><span style=\"font-weight: 400;\">\u00a0<\/span><\/p>\n<p><span style=\"font-weight: 400;\">Ja saps quins s\u00f3n? Doncs ara investigarem EL GUST ?. Per fer aquesta activitat us enviem una graella amb les instruccions.<\/span><\/p>\n<p><a href=\"https:\/\/agora.xtec.cat\/escjoseppenuelas\/wp-content\/uploads\/usu1492\/2020\/03\/GRAELLA-DEL-GUST.pdf\">GRAELLA DEL GUST\u00a0<\/a><\/p>\n<p><span style=\"font-weight: 400;\">? Voleu jugar a endevinar? Us proposem un conjunt d&#8217;endevinalles que ens faran rumiar!\u00a0<\/span><\/p>\n<p><span style=\"font-weight: 400;\">?Aquesta tasca \u00e9s de retorn. Feu-nos arribar una foto de la feina.<\/span><\/p>\n<p><a href=\"https:\/\/agora.xtec.cat\/escjoseppenuelas\/wp-content\/uploads\/usu1492\/2020\/03\/ENDEVINALLES-GRUP-3-PDF.pdf\">ENDEVINALLES<\/a><\/p>\n<p><span style=\"font-weight: 400;\">? Per acabar, pintarem la rosa per Sant Jordi. Us deixem un v\u00eddeo perqu\u00e8 veieu com ho hem fet nosaltres.<\/span><\/p>\n<p><span style=\"font-weight: 400;\">Endavant!<\/span><\/p>\n<ul>\n<li><strong>ACTIVITATS DE SEGON:<\/strong><\/li>\n<\/ul>\n<p><span style=\"font-weight: 400;\">Bon dia ?<\/span><\/p>\n<p><span style=\"font-weight: 400;\">Les tasques que us proposem avui estan relacionades amb la diada de <strong>Sant Jordi<\/strong> ?? <\/span><\/p>\n<p><span style=\"font-weight: 400;\">Exacte, dem\u00e0 23 d&#8217;abril ????????<\/span><\/p>\n<p><span style=\"font-weight: 400;\">\u2713En primer lloc, us deixem un conte de les tres bessones i Sant Jordi ?<\/span><\/p>\n<p><a href=\"https:\/\/youtu.be\/IAJ8-pxoBAU\"><span style=\"font-weight: 400;\">https:\/\/youtu.be\/IAJ8-pxoBAU<\/span><\/a><span style=\"font-weight: 400;\">\u00a0\u00a0<\/span><\/p>\n<p><span style=\"font-weight: 400;\">\u2713Qui vol ajudar al drac a arribar fins el 100? Aneu omplint-lo amb n\u00fameros fins arribar a la centena ??????<\/span><\/p>\n<p><a href=\"https:\/\/agora.xtec.cat\/escjoseppenuelas\/wp-content\/uploads\/usu1492\/2020\/03\/Screenshot_20200421-130447_2.png\"><img loading=\"lazy\" decoding=\"async\" class=\"alignnone size-medium wp-image-3183\" src=\"https:\/\/agora.xtec.cat\/escjoseppenuelas\/wp-content\/uploads\/usu1492\/2020\/03\/Screenshot_20200421-130447_2-177x300.png\" alt=\"\" width=\"177\" height=\"300\" srcset=\"https:\/\/agora.xtec.cat\/escjoseppenuelas\/wp-content\/uploads\/usu1492\/2020\/03\/Screenshot_20200421-130447_2-177x300.png 177w, https:\/\/agora.xtec.cat\/escjoseppenuelas\/wp-content\/uploads\/usu1492\/2020\/03\/Screenshot_20200421-130447_2-604x1024.png 604w, https:\/\/agora.xtec.cat\/escjoseppenuelas\/wp-content\/uploads\/usu1492\/2020\/03\/Screenshot_20200421-130447_2.png 623w\" sizes=\"auto, (max-width: 177px) 100vw, 177px\" \/><\/a><\/p>\n<p><span style=\"font-weight: 400;\">\u2713I ara, que tal una manualitat? Mireu el v\u00eddeo que us hem enviat, i feu una rosa per regalar a les persones estimades ?\u2764<\/span><\/p>\n<p><span style=\"font-weight: 400;\">\u2713?? Avui us he preparat un jclic &#8220;Les fruits&#8221;: <\/span><a href=\"https:\/\/clic.xtec.cat\/users\/esantist\/blog\/index.html\"><span style=\"font-weight: 400;\">https:\/\/clic.xtec.cat\/users\/esantist\/blog\/index.html<\/span><\/a><span style=\"font-weight: 400;\">\u00a0<\/span><\/p>\n<p><span style=\"font-weight: 400;\">Atenci\u00f3 a l&#8217;activitat 5, als auriculars escoltareu la paraula, al micro l&#8217;heu de dir vosaltres i a l&#8217;altaveu &#8230; sorpresa ?<\/span><\/p>\n<p>&nbsp;<\/p>\n<h4><span style=\"color: #008000;\"><strong>DILLUNS 20 D&#8217;ABRIL:<\/strong><\/span><\/h4>\n<ul>\n<li><strong>ACTIVITATS DE PRIMER:<\/strong><\/li>\n<\/ul>\n<p><span style=\"font-weight: 400;\">BON DIA NENS I NENES DE PRIMER!!??<\/span><\/p>\n<p><span style=\"font-weight: 400;\">Avui farem les seg\u00fcents tasques. Us animeu???<\/span><\/p>\n<p><span style=\"font-weight: 400;\">1r- Amb el material que heu anant recopilant a casa fer un esquelet.\u00a0<\/span><\/p>\n<p><span style=\"font-weight: 400;\">Us deixem uns exemples, per\u00f2 volem la vostra creativitat , d&#8217;acord?<\/span><\/p>\n<p><a href=\"https:\/\/agora.xtec.cat\/escjoseppenuelas\/wp-content\/uploads\/usu1492\/2020\/03\/IMG-20200420-WA0016.jpg\"><img loading=\"lazy\" decoding=\"async\" class=\"alignnone size-medium wp-image-3169\" src=\"https:\/\/agora.xtec.cat\/escjoseppenuelas\/wp-content\/uploads\/usu1492\/2020\/03\/IMG-20200420-WA0016-169x300.jpg\" alt=\"\" width=\"169\" height=\"300\" srcset=\"https:\/\/agora.xtec.cat\/escjoseppenuelas\/wp-content\/uploads\/usu1492\/2020\/03\/IMG-20200420-WA0016-169x300.jpg 169w, https:\/\/agora.xtec.cat\/escjoseppenuelas\/wp-content\/uploads\/usu1492\/2020\/03\/IMG-20200420-WA0016-576x1024.jpg 576w, https:\/\/agora.xtec.cat\/escjoseppenuelas\/wp-content\/uploads\/usu1492\/2020\/03\/IMG-20200420-WA0016.jpg 750w\" sizes=\"auto, (max-width: 169px) 100vw, 169px\" \/><\/a> <a href=\"https:\/\/agora.xtec.cat\/escjoseppenuelas\/wp-content\/uploads\/usu1492\/2020\/03\/IMG-20200420-WA0017.jpg\"><img loading=\"lazy\" decoding=\"async\" class=\"alignnone size-medium wp-image-3170\" src=\"https:\/\/agora.xtec.cat\/escjoseppenuelas\/wp-content\/uploads\/usu1492\/2020\/03\/IMG-20200420-WA0017-169x300.jpg\" alt=\"\" width=\"169\" height=\"300\" srcset=\"https:\/\/agora.xtec.cat\/escjoseppenuelas\/wp-content\/uploads\/usu1492\/2020\/03\/IMG-20200420-WA0017-169x300.jpg 169w, https:\/\/agora.xtec.cat\/escjoseppenuelas\/wp-content\/uploads\/usu1492\/2020\/03\/IMG-20200420-WA0017-576x1024.jpg 576w, https:\/\/agora.xtec.cat\/escjoseppenuelas\/wp-content\/uploads\/usu1492\/2020\/03\/IMG-20200420-WA0017.jpg 750w\" sizes=\"auto, (max-width: 169px) 100vw, 169px\" \/><\/a><\/p>\n<p><span style=\"font-weight: 400;\">2n-\u00a0 *Activitat de retorn*.<\/span><\/p>\n<p><span style=\"font-weight: 400;\">Ens agradaria que ens envi\u00e9ssiu una foto de l&#8217;esquelet. A veure com us ha quedat, .Segur que molt b\u00e9.<\/span><\/p>\n<p><span style=\"font-weight: 400;\">3r-\u00a0 Activitat d&#8217;Educaci\u00f3 f\u00edsica.<\/span><\/p>\n<p><span style=\"font-weight: 400;\">El joc de l&#8217;oca del Pe\u00f1uelas.<\/span><\/p>\n<p><span style=\"font-weight: 400;\">Hi podreu jugar amb el tauler que he elaborat i les normes del joc. (2 documents en pdf).<\/span><\/p>\n<p><a href=\"https:\/\/agora.xtec.cat\/escjoseppenuelas\/wp-content\/uploads\/usu1492\/2020\/03\/El-joc-de-loca-Pe\u00f1uelas.pdf\">El joc de l&#8217;oca Pe\u00f1uelas<\/a><\/p>\n<p><a href=\"https:\/\/agora.xtec.cat\/escjoseppenuelas\/wp-content\/uploads\/usu1492\/2020\/03\/Instruccions-Oca-Pe\u00f1uelas.pdf\">Instruccions Oca Pe\u00f1uelas<\/a><\/p>\n<p><span style=\"font-weight: 400;\">Quan hi hagueu jugat m&#8217;envieu una foto o un \u00e0udio explicant que es el que us ha agradat o un v\u00eddeo, el que vulgueu per\u00f2 vull tenir not\u00edcies vostres.<\/span><\/p>\n<p><span style=\"font-weight: 400;\">4r-\u00a0 Recordeu-vos de pelar la taronja per la rosa de Sant Jordi, que dimecres la pintarem i cal estar seca.<\/span><\/p>\n<p><span style=\"font-weight: 400;\">Endavant trempats????<\/span><\/p>\n<ul>\n<li><strong>ACTIVITATS DE SEGON:<\/strong><\/li>\n<\/ul>\n<p><span style=\"font-weight: 400;\">Bon dia, aqu\u00ed teniu les propostes per avui. Recordeu fer les tasques del vostre color; verd, lila o taronja.<\/span><\/p>\n<p><strong><span style=\"color: #008000;\">Grup verd:<\/span><\/strong><\/p>\n<p><span style=\"font-weight: 400;\">Avui us portem un poema de Miquel Mart\u00ed i Pol titulat &#8220;Truita&#8221;.<\/span><\/p>\n<p><a href=\"https:\/\/agora.xtec.cat\/escjoseppenuelas\/wp-content\/uploads\/usu1492\/2020\/03\/Screenshot_20200419-112215_2.png\"><img loading=\"lazy\" decoding=\"async\" class=\"alignnone size-medium wp-image-3173\" src=\"https:\/\/agora.xtec.cat\/escjoseppenuelas\/wp-content\/uploads\/usu1492\/2020\/03\/Screenshot_20200419-112215_2-206x300.png\" alt=\"\" width=\"206\" height=\"300\" srcset=\"https:\/\/agora.xtec.cat\/escjoseppenuelas\/wp-content\/uploads\/usu1492\/2020\/03\/Screenshot_20200419-112215_2-206x300.png 206w, https:\/\/agora.xtec.cat\/escjoseppenuelas\/wp-content\/uploads\/usu1492\/2020\/03\/Screenshot_20200419-112215_2-768x1118.png 768w, https:\/\/agora.xtec.cat\/escjoseppenuelas\/wp-content\/uploads\/usu1492\/2020\/03\/Screenshot_20200419-112215_2-703x1024.png 703w, https:\/\/agora.xtec.cat\/escjoseppenuelas\/wp-content\/uploads\/usu1492\/2020\/03\/Screenshot_20200419-112215_2.png 1041w\" sizes=\"auto, (max-width: 206px) 100vw, 206px\" \/><\/a><\/p>\n<p><span style=\"font-weight: 400;\">\u2713La tasca que us proposem consisteix, en primer lloc, a copiar-lo en un paper i fer-ne un dibuix.\u00a0<\/span><\/p>\n<p><span style=\"font-weight: 400;\">\u2713 <\/span><b>Tasca de retorn<\/b><span style=\"font-weight: 400;\">: En segon lloc, us animem a memoritzar-lo i a enviar-nos un v\u00eddeo on ens el reciteu ??????<\/span><\/p>\n<p><span style=\"font-weight: 400;\">(no hi ha dia de retorn, quan estigueu preparats ??)<\/span><\/p>\n<p><span style=\"font-weight: 400;\">Us deixem un v\u00eddeo amb un exemple d&#8217;uns nens i nenes que ho han fet genial:<\/span><\/p>\n<p><a href=\"https:\/\/youtu.be\/NxkGQHvKkKk\"><span style=\"font-weight: 400;\">https:\/\/youtu.be\/NxkGQHvKkKk<\/span><\/a><\/p>\n<p><span style=\"font-weight: 400;\">\u2713I per \u00faltim, ja sabeu que la bona alimentaci\u00f3 i l&#8217;educaci\u00f3 f\u00edsica s\u00f3n molt amigues. Aqu\u00ed us deixem una proposta d&#8217;Educaci\u00f3 F\u00edsica:<\/span><\/p>\n<p><b><i>El joc de l\u2019oca del Pe\u00f1uelas.<\/i><\/b><\/p>\n<p><span style=\"font-weight: 400;\">Hi podreu jugar amb el tauler que he elaborat i les normes del joc. (2 documents en pdf).<\/span><\/p>\n<p><a href=\"https:\/\/agora.xtec.cat\/escjoseppenuelas\/wp-content\/uploads\/usu1492\/2020\/03\/El-joc-de-loca-Pe\u00f1uelas.pdf\">El joc de l&#8217;oca Pe\u00f1uelas<\/a><\/p>\n<p><a href=\"https:\/\/agora.xtec.cat\/escjoseppenuelas\/wp-content\/uploads\/usu1492\/2020\/03\/Instruccions-Oca-Pe\u00f1uelas.pdf\">Instruccions Oca Pe\u00f1uelas<\/a><\/p>\n<p><span style=\"font-weight: 400;\">Quan hi hagueu jugat m&#8217;envieu una foto o un \u00e0udio explicant que \u00e9s el que us ha agradat o un v\u00eddeo, el que vulgueu per\u00f2 vull tenir not\u00edcies vostres.<\/span><\/p>\n<p><span style=\"color: #800080;\"><strong>Grup lila:<\/strong><\/span><\/p>\n<p><span style=\"font-weight: 400;\">Avui us portem un poema de Miquel Mart\u00ed i Pol titulat &#8220;Truita&#8221;.<\/span><\/p>\n<p><a href=\"https:\/\/agora.xtec.cat\/escjoseppenuelas\/wp-content\/uploads\/usu1492\/2020\/03\/POEMA-2n-PDF.pdf\">POEMA 2n PDF<\/a><\/p>\n<p><span style=\"font-weight: 400;\">Us expliquem les tasques en un \u00e0udio al m\u00f2bil.<\/span><\/p>\n<p><span style=\"font-weight: 400;\">Us deixem un v\u00eddeo amb un exemple d&#8217;uns nens i nenes que ho han fet genial:<\/span><\/p>\n<p><a href=\"https:\/\/youtu.be\/NxkGQHvKkKk\"><span style=\"font-weight: 400;\">https:\/\/youtu.be\/NxkGQHvKkKk<\/span><\/a><span style=\"font-weight: 400;\">\u00a0<\/span><\/p>\n<p><span style=\"font-weight: 400;\">\u2713I per \u00faltim, ja sabeu que la bona alimentaci\u00f3 i l&#8217;educaci\u00f3 f\u00edsica s\u00f3n molt amigues. Aqui us deixem una proposta d&#8217;Educaci\u00f3 F\u00edsica:<\/span><\/p>\n<p><span style=\"font-weight: 400;\">\u00a0*_El joc de l\u2019oca del Pe\u00f1uelas._*\u00a0<\/span><\/p>\n<p><span style=\"font-weight: 400;\">Hi podreu jugar amb el tauler que he elaborat i les normes del joc. (2 documents en pdf).<\/span><\/p>\n<p><a href=\"https:\/\/agora.xtec.cat\/escjoseppenuelas\/wp-content\/uploads\/usu1492\/2020\/03\/Instruccions-Oca-Pe\u00f1uelas.pdf\">Instruccions Oca Pe\u00f1uelas<\/a><\/p>\n<p><a href=\"https:\/\/agora.xtec.cat\/escjoseppenuelas\/wp-content\/uploads\/usu1492\/2020\/03\/El-joc-de-loca-Pe\u00f1uelas.pdf\">El joc de l&#8217;oca Pe\u00f1uelas<\/a><\/p>\n<p><span style=\"font-weight: 400;\">Quan hi hagueu jugat m&#8217;envieu una foto o un \u00e0udio explicant que es el que us ha agradat o un v\u00eddeo, el que vulgueu per\u00f2 vull tenir not\u00edcies vostres.<\/span><\/p>\n<p><span style=\"color: #ff6600;\"><strong>Grup taronja:<\/strong><\/span><\/p>\n<p><span style=\"font-weight: 400;\">Avui us portem un poema de Miquel Mart\u00ed i Pol titulat &#8220;Truita&#8221;.<\/span><\/p>\n<p><a href=\"https:\/\/agora.xtec.cat\/escjoseppenuelas\/wp-content\/uploads\/usu1492\/2020\/03\/Screenshot_20200419-112215_2.png\"><img loading=\"lazy\" decoding=\"async\" class=\"alignnone size-medium wp-image-3173\" src=\"https:\/\/agora.xtec.cat\/escjoseppenuelas\/wp-content\/uploads\/usu1492\/2020\/03\/Screenshot_20200419-112215_2-206x300.png\" alt=\"\" width=\"206\" height=\"300\" srcset=\"https:\/\/agora.xtec.cat\/escjoseppenuelas\/wp-content\/uploads\/usu1492\/2020\/03\/Screenshot_20200419-112215_2-206x300.png 206w, https:\/\/agora.xtec.cat\/escjoseppenuelas\/wp-content\/uploads\/usu1492\/2020\/03\/Screenshot_20200419-112215_2-768x1118.png 768w, https:\/\/agora.xtec.cat\/escjoseppenuelas\/wp-content\/uploads\/usu1492\/2020\/03\/Screenshot_20200419-112215_2-703x1024.png 703w, https:\/\/agora.xtec.cat\/escjoseppenuelas\/wp-content\/uploads\/usu1492\/2020\/03\/Screenshot_20200419-112215_2.png 1041w\" sizes=\"auto, (max-width: 206px) 100vw, 206px\" \/><\/a><\/p>\n<p><span style=\"font-weight: 400;\">\u2713La tasca que us proposem consisteix, en primer lloc, a copiar-lo en un paper i fer-ne un dibuix.\u00a0<\/span><\/p>\n<p><span style=\"font-weight: 400;\">\u2713 <\/span><b>Tasca de retorn<\/b><span style=\"font-weight: 400;\">: En segon lloc, us animem a memoritzar-lo i a enviar-nos un v\u00eddeo on ens el reciteu ??????<\/span><\/p>\n<p><span style=\"font-weight: 400;\">(no hi ha dia de retorn, quan estigueu preparats ??)<\/span><\/p>\n<p><span style=\"font-weight: 400;\">Us deixem un v\u00eddeo amb un exemple d&#8217;uns nens i nenes que ho han fet genial:<\/span><\/p>\n<p><a href=\"https:\/\/youtu.be\/NxkGQHvKkKk\"><span style=\"font-weight: 400;\">https:\/\/youtu.be\/NxkGQHvKkKk<\/span><\/a><\/p>\n<p><span style=\"font-weight: 400;\">\u2713I per \u00faltim, ja sabeu que la bona alimentaci\u00f3 i l&#8217;educaci\u00f3 f\u00edsica s\u00f3n molt amigues. Aqu\u00ed us deixem una proposta d&#8217;Educaci\u00f3 F\u00edsica:<\/span><\/p>\n<p><b><i>El joc de l\u2019oca del Pe\u00f1uelas.<\/i><\/b><\/p>\n<p><span style=\"font-weight: 400;\">Hi podreu jugar amb el tauler que he elaborat i les normes del joc. (2 documents en pdf).<\/span><\/p>\n<p><a href=\"https:\/\/agora.xtec.cat\/escjoseppenuelas\/wp-content\/uploads\/usu1492\/2020\/03\/El-joc-de-loca-Pe\u00f1uelas.pdf\">El joc de l&#8217;oca Pe\u00f1uelas<\/a><\/p>\n<p><a href=\"https:\/\/agora.xtec.cat\/escjoseppenuelas\/wp-content\/uploads\/usu1492\/2020\/03\/Instruccions-Oca-Pe\u00f1uelas.pdf\">Instruccions Oca Pe\u00f1uelas<\/a><\/p>\n<p><span style=\"font-weight: 400;\">Quan hi hagueu jugat m&#8217;envieu una foto o un \u00e0udio explicant que \u00e9s el que us ha agradat o un v\u00eddeo, el que vulgueu per\u00f2 vull tenir not\u00edcies vostres.<\/span><\/p>\n<h4><span style=\"color: #008000;\"><strong>DIVENDRES 17 D&#8217;ABRIL:<\/strong><\/span><\/h4>\n<ul>\n<li><strong>ACTIVITATS DE PRIMER:<\/strong><\/li>\n<\/ul>\n<p><span style=\"font-weight: 400;\">Bon dia papallones i conills!\u00a0<\/span><\/p>\n<p><span style=\"font-weight: 400;\">?Avui farem de dentistes: Agafeu un mirall petit que tingueu a casa i observeu com \u00e9s la boca per dins. Quantes dents tenim? Ens en falta alguna?Tamb\u00e9 podeu fer de dentistes amb la fam\u00edlia! Tenen el mateix n\u00famero de dents que vosaltres? Tot seguit, fem un dibuix com el que us ensenyem de la vostra boca. Utilitzeu el mirall per dibuixar la cara per no oblidar-nos de cap part.<\/span><\/p>\n<p><a href=\"https:\/\/agora.xtec.cat\/escjoseppenuelas\/wp-content\/uploads\/usu1492\/2020\/03\/IMG-20200417-WA0006.jpg\"><img loading=\"lazy\" decoding=\"async\" class=\"alignnone size-medium wp-image-3159\" src=\"https:\/\/agora.xtec.cat\/escjoseppenuelas\/wp-content\/uploads\/usu1492\/2020\/03\/IMG-20200417-WA0006-182x300.jpg\" alt=\"\" width=\"182\" height=\"300\" srcset=\"https:\/\/agora.xtec.cat\/escjoseppenuelas\/wp-content\/uploads\/usu1492\/2020\/03\/IMG-20200417-WA0006-182x300.jpg 182w, https:\/\/agora.xtec.cat\/escjoseppenuelas\/wp-content\/uploads\/usu1492\/2020\/03\/IMG-20200417-WA0006-622x1024.jpg 622w, https:\/\/agora.xtec.cat\/escjoseppenuelas\/wp-content\/uploads\/usu1492\/2020\/03\/IMG-20200417-WA0006.jpg 750w\" sizes=\"auto, (max-width: 182px) 100vw, 182px\" \/><\/a><\/p>\n<p><span style=\"font-weight: 400;\">?\u200d\u2640\ufe0fI ara, per moure&#8217;ns una mica, us\u00a0 proposem un joc (us hem enviat un v\u00eddeo) per repassar les parts del cos en catal\u00e0. Quantes en\u00a0 coneixeu??<\/span><\/p>\n<p><span style=\"font-weight: 400;\">??\u00a0 Continuant amb el descobriment del cos, aqu\u00ed teniu un v\u00eddeo en franc\u00e8s:<\/span><\/p>\n<p><a href=\"https:\/\/m.youtube.com\/watch?v=uVP5hqPHMNE\"><span style=\"font-weight: 400;\">https:\/\/m.youtube.com\/watch?v=uVP5hqPHMNE<\/span><\/a><span style=\"font-weight: 400;\">\u00a0<\/span><\/p>\n<p><span style=\"font-weight: 400;\">Bon cap de setmana!! ??<\/span><\/p>\n<ul>\n<li><strong>ACTIVITATS DE SEGON:<\/strong><\/li>\n<\/ul>\n<p><span style=\"font-weight: 400;\">\u2713Avui us proposem fer una sopa de lletres. <\/span><span style=\"font-weight: 400;\">Aconseguireu trobar totes les fruites????<\/span><\/p>\n<p><a href=\"https:\/\/agora.xtec.cat\/escjoseppenuelas\/wp-content\/uploads\/usu1492\/2020\/03\/IMG-20200416-WA0026.jpg\"><img loading=\"lazy\" decoding=\"async\" class=\"alignnone size-medium wp-image-3160\" src=\"https:\/\/agora.xtec.cat\/escjoseppenuelas\/wp-content\/uploads\/usu1492\/2020\/03\/IMG-20200416-WA0026-300x212.jpg\" alt=\"\" width=\"300\" height=\"212\" srcset=\"https:\/\/agora.xtec.cat\/escjoseppenuelas\/wp-content\/uploads\/usu1492\/2020\/03\/IMG-20200416-WA0026-300x212.jpg 300w, https:\/\/agora.xtec.cat\/escjoseppenuelas\/wp-content\/uploads\/usu1492\/2020\/03\/IMG-20200416-WA0026-768x543.jpg 768w, https:\/\/agora.xtec.cat\/escjoseppenuelas\/wp-content\/uploads\/usu1492\/2020\/03\/IMG-20200416-WA0026-1024x724.jpg 1024w, https:\/\/agora.xtec.cat\/escjoseppenuelas\/wp-content\/uploads\/usu1492\/2020\/03\/IMG-20200416-WA0026.jpg 1280w\" sizes=\"auto, (max-width: 300px) 100vw, 300px\" \/><\/a><\/p>\n<p><span style=\"font-weight: 400;\">\u2713I ara, us deixem aquest conte que ens deixa un missatge preci\u00f3s ?\u2728<\/span><\/p>\n<p><a href=\"https:\/\/youtu.be\/F1dqTJEGI4w\"><span style=\"font-weight: 400;\">https:\/\/youtu.be\/F1dqTJEGI4w<\/span><\/a><\/p>\n<p><span style=\"font-weight: 400;\">\u2713I com que la cosa va de fruites i de treball en equip&#8230; qu\u00e8 us sembla si avui, prepareu una <strong>maced\u00f2nia<\/strong> entre tota la fam\u00edlia? ??????<\/span><\/p>\n<h4><span style=\"color: #008000;\"><strong>DIMECRES 15 D&#8217;ABRIL:<\/strong><\/span><\/h4>\n<div dir=\"auto\"><\/div>\n<ul>\n<li><strong>ACTIVITATS DE PRIMER:<\/strong><\/li>\n<\/ul>\n<p>Comencem el tercer trimestre amb un v\u00eddeo que us hem enviat aquest mat\u00ed i un parell d&#8217;enlla\u00e7os per recordar el que hav\u00edem treballat sobre el cos hum\u00e0:<\/p>\n<p><a style=\"color: #2795b6;\" href=\"https:\/\/youtu.be\/Tvy1DK5JcE8\" target=\"_blank\" rel=\"noopener noreferrer\" data-saferedirecturl=\"https:\/\/www.google.com\/url?q=https:\/\/youtu.be\/Tvy1DK5JcE8&amp;source=gmail&amp;ust=1587044477681000&amp;usg=AFQjCNFtqPJ297_ghoM5po5idRe6y5c7rA\">https:\/\/youtu.be\/Tvy1DK5JcE8<\/a><\/p>\n<p><a href=\"https:\/\/youtu.be\/b71Gt2JXlaI\" target=\"_blank\" rel=\"noopener noreferrer\" data-saferedirecturl=\"https:\/\/www.google.com\/url?q=https:\/\/youtu.be\/b71Gt2JXlaI&amp;source=gmail&amp;ust=1587044477681000&amp;usg=AFQjCNFm5Oq2XRx40pwSU12-Qu4ImtyzKQ\">https:\/\/youtu.be\/b71Gt2JXlaI<\/a><\/p>\n<ul>\n<li><strong>ACTIVITATS DE SEGON:<\/strong><\/li>\n<\/ul>\n<p>Com us hem explicat en el v\u00eddeo que us hem enviat, les tasques dels propers dies les farem al voltant del tema de l&#8217;alimentaci\u00f3.<\/p>\n<p>En el v\u00eddeo us proposem una tasca que consisteix en fe<span style=\"font-weight: 400;\">r-nos arribar, ja sigui amb un \u00e0udio, v\u00eddeo o escrit fotografiat, un men\u00fa de tot el que heu menjat en un dia. <span style=\"color: #800080;\"><strong>Aquesta tasca \u00e9s de retorn<\/strong><\/span>.<\/span><\/p>\n<p><span style=\"font-weight: 400;\">Una altra tasca \u00e9s un jclic per a veure qu\u00e8 sabem al voltant de l\u2019alimentaci\u00f3.<\/span><\/p>\n<p><a href=\"https:\/\/clic.xtec.cat\/projects\/menjabe\/jclic.js\/index.html\">https:\/\/clic.xtec.cat\/projects\/menjabe\/jclic.js\/index.html<\/a><\/p>\n<p>&nbsp;<\/p>\n<p><strong>NOVETATS!!<\/strong><\/p>\n<p>Bon dia!<br \/>\nTrieu un conte per llegir-lo i despr\u00e9s el podeu explicar a la fam\u00edlia. Podeu triar si preferiu amb lletra de pal o lletra lligada:<br \/>\n<a href=\"https:\/\/get.google.com\/albumarchive\/110258442099006389783\">https:\/\/get.google.com\/albumarchive\/110258442099006389783<\/a><\/p>\n<p>Treballem les accions:<br \/>\n<a href=\"https:\/\/clic.xtec.cat\/projects\/accions\/jclic.js\/index.html\">https:\/\/clic.xtec.cat\/projects\/accions\/jclic.js\/index.html<\/a><\/p>\n<p>Practiquem les sumes:<br \/>\n<a href=\"https:\/\/www.arcademics.com\/games\/jet-ski\">https:\/\/www.arcademics.com\/games\/jet-ski<\/a><\/p>\n<p>&nbsp;<\/p>\n<p>&#8211; Repassem conceptes matem\u00e0tics:<br \/>\n1r. Sumem: <a href=\"http:\/\/www.cyberkidz.es\/cyberkidz\/juego.php?spelUrl=library\/rekenen\/groep3\/rekenen2\/&amp;spelNaam=Sumar%20hasta%2020&amp;groep=3&amp;vak=rekenen\">http:\/\/www.cyberkidz.es\/cyberkidz\/juego.php?spelUrl=library\/rekenen\/groep3\/rekenen2\/&amp;spelNaam=Sumar%20hasta%2020&amp;groep=3&amp;vak=rekenen<\/a><\/p>\n<p>2n. Els Euros: <a href=\"https:\/\/teachingmoney.co.uk\/eurosite\/wb\/CLASSchangeEURO.html\">https:\/\/teachingmoney.co.uk\/eurosite\/wb\/CLASSchangeEURO.html<\/a><\/p>\n<p>-Saps recon\u00e8ixer aquests animals?<br \/>\n<a href=\"https:\/\/clic.xtec.cat\/projects\/animalma\/jclic.js\/index.html\">https:\/\/clic.xtec.cat\/projects\/animalma\/jclic.js\/index.html<\/a><\/p>\n<p>&#8211; Propostes de manualitats amb rotlles de paper hig\u00e8nic:<\/p>\n<div class=\"ast-oembed-container \" style=\"height: 100%;\"><iframe loading=\"lazy\" title=\"20 ideas con rollos de papel higi\u00e9nico - manualidades f\u00e1ciles con rollos de cart\u00f3n\" width=\"500\" height=\"281\" src=\"https:\/\/www.youtube.com\/embed\/etKYNLHKMjw?feature=oembed\" frameborder=\"0\" allow=\"accelerometer; autoplay; clipboard-write; encrypted-media; gyroscope; picture-in-picture; web-share\" referrerpolicy=\"strict-origin-when-cross-origin\" allowfullscreen><\/iframe><\/div>\n<p><strong>DILLUNS:<\/strong><\/p>\n<p>Bon dia!<br \/>\nJocs de l\u00f2gica i numeraci\u00f3 per barrinar una mica:<br \/>\n<a href=\"http:\/\/www.educa.jcyl.es\/educacyl\/cm\/gallery\/Recursos_Mundoprimaria\/infantil\/juegos-de-logica\/index.html\">http:\/\/www.educa.jcyl.es\/educacyl\/cm\/gallery\/Recursos_Mundoprimaria\/infantil\/juegos-de-logica\/index.html<\/a><\/p>\n<p><a href=\"https:\/\/vedoque.com\/html5\/matematicas\/SerieNumerica\/\">https:\/\/vedoque.com\/html5\/matematicas\/SerieNumerica\/<\/a><\/p>\n<p>Joc de taula que podeu jugar amb la fam\u00edlia. Si us ve de gust tamb\u00e9 us en podeu inventar un amb les proves que vulgueu! (Document adjunt pdf)<\/p>\n<p>Qu\u00e8 us sembla si muntem un concurs de karaoke?? Aqu\u00ed us deixem algunes can\u00e7ons en catal\u00e0 per practicar:<br \/>\n<a href=\"http:\/\/www.ceip-diputacio.com\/CI%201r%20i%202n\/MUSICA\/cancons3.htm\">http:\/\/www.ceip-diputacio.com\/CI%201r%20i%202n\/MUSICA\/cancons3.htm<\/a><\/p>\n<p><strong>2n SETMANA<\/strong><\/p>\n<p>Repassem el vocabulari en franc\u00e8s:<br \/>\n1r. Les num\u00e9ros:<br \/>\n<a href=\"https:\/\/jeux.ieducatif.fr\/jeu-educatif\/jeux-maternelle\/apprendre-les-chiffres-de-0-a-10-66\/\">https:\/\/jeux.ieducatif.fr\/jeu-educatif\/jeux-maternelle\/apprendre-les-chiffres-de-0-a-10-66\/<\/a><br \/>\nLes couleurs:<br \/>\n<a href=\"https:\/\/jeux.ieducatif.fr\/jeu-educatif\/jeux-maternelle\/apprendre-les-couleurs-70\/\">https:\/\/jeux.ieducatif.fr\/jeu-educatif\/jeux-maternelle\/apprendre-les-couleurs-70\/<\/a><\/p>\n<p>2n. Les m\u00e9tiers:<br \/>\n<a href=\"https:\/\/www.youtube.com\/watch?v=IXrBEYSV_K0\">https:\/\/www.youtube.com\/watch?v=IXrBEYSV_K0<\/a><\/p>\n<p>Activit\u00e9s pour associer :<br \/>\n<a href=\"https:\/\/learningapps.org\/watch?v=pe9ohgx0j17\">https:\/\/learningapps.org\/watch?v=pe9ohgx0j17<\/a><br \/>\n<a href=\"https:\/\/learningapps.org\/watch?v=pbjww35wc17\">https:\/\/learningapps.org\/watch?v=pbjww35wc17<\/a><br \/>\n<a href=\"https:\/\/learningapps.org\/watch?v=p2s7ve19n17\">https:\/\/learningapps.org\/watch?v=p2s7ve19n17<\/a><\/p>\n<p>Coneixes totes aquestes paraules dels mots encreuats? Saps com s&#8217;escriuen?<br \/>\n<a href=\"https:\/\/clic.xtec.cat\/projects\/encreuats\/jclic.js\/index.html\">https:\/\/clic.xtec.cat\/projects\/encreuats\/jclic.js\/index.html<\/a><\/p>\n<p>Juguem a sumar i restar d&#8217;una forma ben divertida:<br \/>\nPodeu utilitzar un joc de cartes o fer targetes amb els diferents n\u00fameros. A continuaci\u00f3 decidim si sumem o restem i un dels jugadors gira dues cartes. El primer que digui el resultat es queda les cartes. Hi podeu jugar amb la fam\u00edlia!<\/p>\n<p><strong>ACTIVITATS DIMARTS:<\/strong><\/p>\n<p>Recull d&#8217;activitats que ens ajudaran a millorar la lectura?<\/p>\n<p><a href=\"https:\/\/clic.xtec.cat\/projects\/pconsonants\/jclic.js\/index.html\"><img loading=\"lazy\" decoding=\"async\" class=\"alignleft size-medium wp-image-3050\" src=\"https:\/\/agora.xtec.cat\/escjoseppenuelas\/wp-content\/uploads\/usu1492\/2020\/03\/Captura-de-Pantalla-2020-03-25-a-les-11.27.46-300x129.png\" alt=\"\" width=\"300\" height=\"129\" srcset=\"https:\/\/agora.xtec.cat\/escjoseppenuelas\/wp-content\/uploads\/usu1492\/2020\/03\/Captura-de-Pantalla-2020-03-25-a-les-11.27.46-300x129.png 300w, https:\/\/agora.xtec.cat\/escjoseppenuelas\/wp-content\/uploads\/usu1492\/2020\/03\/Captura-de-Pantalla-2020-03-25-a-les-11.27.46.png 334w\" sizes=\"auto, (max-width: 300px) 100vw, 300px\" \/><\/a><\/p>\n<p>&nbsp;<\/p>\n<p>&nbsp;<\/p>\n<p>&nbsp;<\/p>\n<p>&nbsp;<\/p>\n<p>Una forma ben divertida de fer un dictat. Hi podeu posar lletres, paraules o frases! ?<br \/>\n<a href=\"https:\/\/pin.it\/6rrObru\">https:\/\/pin.it\/6rrObru<\/a><\/p>\n<p>Barrinem per resoldre aquests problemes de c\u00e0lcul mental? ?<br \/>\n<a href=\"https:\/\/clic.xtec.cat\/projects\/calcprim\/jclic.js\/index.html\"><img loading=\"lazy\" decoding=\"async\" class=\"alignleft size-medium wp-image-3051\" src=\"https:\/\/agora.xtec.cat\/escjoseppenuelas\/wp-content\/uploads\/usu1492\/2020\/03\/Captura-de-Pantalla-2020-03-25-a-les-11.30.28-300x154.png\" alt=\"\" width=\"300\" height=\"154\" srcset=\"https:\/\/agora.xtec.cat\/escjoseppenuelas\/wp-content\/uploads\/usu1492\/2020\/03\/Captura-de-Pantalla-2020-03-25-a-les-11.30.28-300x154.png 300w, https:\/\/agora.xtec.cat\/escjoseppenuelas\/wp-content\/uploads\/usu1492\/2020\/03\/Captura-de-Pantalla-2020-03-25-a-les-11.30.28.png 601w\" sizes=\"auto, (max-width: 300px) 100vw, 300px\" \/><\/a><\/p>\n<p>&nbsp;<\/p>\n<p>&nbsp;<\/p>\n<p>&nbsp;<\/p>\n<p>&nbsp;<\/p>\n<p>1. Practiquem les matem\u00e0tiques:<br \/>\n1r. <a href=\"https:\/\/es.ixl.com\/math\/1-primaria\">https:\/\/es.ixl.com\/math\/1-primaria<\/a><br \/>\n2n. <a href=\"https:\/\/es.ixl.com\/math\/2-primaria\">https:\/\/es.ixl.com\/math\/2-primaria<\/a><\/p>\n<p>2. Recordeu els projectes de medi?<\/p>\n<p><a href=\"https:\/\/clic.xtec.cat\/projects\/coshuma\/jclic.js\/index.html\"><img loading=\"lazy\" decoding=\"async\" class=\"alignleft size-medium wp-image-3022\" src=\"https:\/\/agora.xtec.cat\/escjoseppenuelas\/wp-content\/uploads\/usu1492\/2020\/03\/Captura-de-Pantalla-2020-03-23-a-les-11.50.59-300x199.png\" alt=\"\" width=\"300\" height=\"199\" srcset=\"https:\/\/agora.xtec.cat\/escjoseppenuelas\/wp-content\/uploads\/usu1492\/2020\/03\/Captura-de-Pantalla-2020-03-23-a-les-11.50.59-300x199.png 300w, https:\/\/agora.xtec.cat\/escjoseppenuelas\/wp-content\/uploads\/usu1492\/2020\/03\/Captura-de-Pantalla-2020-03-23-a-les-11.50.59.png 376w\" sizes=\"auto, (max-width: 300px) 100vw, 300px\" \/><\/a><\/p>\n<p>Per Primer!!<\/p>\n<p>&nbsp;<\/p>\n<p>&nbsp;<\/p>\n<p>&nbsp;<\/p>\n<p><a href=\"https:\/\/clic.xtec.cat\/projects\/barri2\/jclic.js\/index.html\"><img loading=\"lazy\" decoding=\"async\" class=\"alignleft size-medium wp-image-3023\" src=\"https:\/\/agora.xtec.cat\/escjoseppenuelas\/wp-content\/uploads\/usu1492\/2020\/03\/Captura-de-Pantalla-2020-03-23-a-les-11.52.20-300x141.png\" alt=\"\" width=\"300\" height=\"141\" srcset=\"https:\/\/agora.xtec.cat\/escjoseppenuelas\/wp-content\/uploads\/usu1492\/2020\/03\/Captura-de-Pantalla-2020-03-23-a-les-11.52.20-300x141.png 300w, https:\/\/agora.xtec.cat\/escjoseppenuelas\/wp-content\/uploads\/usu1492\/2020\/03\/Captura-de-Pantalla-2020-03-23-a-les-11.52.20-768x362.png 768w, https:\/\/agora.xtec.cat\/escjoseppenuelas\/wp-content\/uploads\/usu1492\/2020\/03\/Captura-de-Pantalla-2020-03-23-a-les-11.52.20-1024x482.png 1024w, https:\/\/agora.xtec.cat\/escjoseppenuelas\/wp-content\/uploads\/usu1492\/2020\/03\/Captura-de-Pantalla-2020-03-23-a-les-11.52.20.png 1085w\" sizes=\"auto, (max-width: 300px) 100vw, 300px\" \/><\/a><\/p>\n<p>&nbsp;<\/p>\n<p>Per segon!!<\/p>\n<p>&nbsp;<\/p>\n<p>&nbsp;<\/p>\n<p>&nbsp;<\/p>\n<p>3. Escolta el seg\u00fcent conte que ens parla de l&#8217;amabilitat i el respecte.<\/p>\n<div class=\"ast-oembed-container \" style=\"height: 100%;\"><iframe loading=\"lazy\" title=\"MOLTES GR\u00c0CIES! (Conte animat amb so)\" width=\"500\" height=\"281\" src=\"https:\/\/www.youtube.com\/embed\/MtJSDw9z9Ho?feature=oembed\" frameborder=\"0\" allow=\"accelerometer; autoplay; clipboard-write; encrypted-media; gyroscope; picture-in-picture; web-share\" referrerpolicy=\"strict-origin-when-cross-origin\" allowfullscreen><\/iframe><\/div>\n<p>Despr\u00e9s pots fer-ne un dibuix i escriure alguna de les paraules amables que hem de recordar utilitzar.<\/p>\n<p><strong>1era SETMANA<\/strong><\/p>\n<p>1- Avui us proposem constru\u00efr un d\u00f2mino o un memory\u00a0amb lletres, amb paraules, amb paraules i dibuix&#8230; Cadasc\u00fa al seu nivell. (podeu buscar tutorials a Youtube)<\/p>\n<p>2-El seg\u00fcent enlla\u00e7 \u00e9s d\u2019un blog per fer yoga, zumba,&#8230; perqu\u00e8 tot i estar dins a casa \u00e9s necessari que ens moguem una mica!!<br \/>\n<a href=\"http:\/\/www.ayudaparamaestros.com\/2020\/03\/16-videos-just-dance-para-que-los-ninos.html?m=1\"><img loading=\"lazy\" decoding=\"async\" class=\"alignleft size-medium wp-image-2985\" src=\"https:\/\/agora.xtec.cat\/escjoseppenuelas\/wp-content\/uploads\/usu1492\/2020\/03\/Captura-de-Pantalla-2020-03-20-a-les-10.33.30-300x152.png\" alt=\"\" width=\"300\" height=\"152\" srcset=\"https:\/\/agora.xtec.cat\/escjoseppenuelas\/wp-content\/uploads\/usu1492\/2020\/03\/Captura-de-Pantalla-2020-03-20-a-les-10.33.30-300x152.png 300w, https:\/\/agora.xtec.cat\/escjoseppenuelas\/wp-content\/uploads\/usu1492\/2020\/03\/Captura-de-Pantalla-2020-03-20-a-les-10.33.30-768x389.png 768w, https:\/\/agora.xtec.cat\/escjoseppenuelas\/wp-content\/uploads\/usu1492\/2020\/03\/Captura-de-Pantalla-2020-03-20-a-les-10.33.30.png 838w\" sizes=\"auto, (max-width: 300px) 100vw, 300px\" \/><\/a><\/p>\n<p>&nbsp;<\/p>\n<p>&nbsp;<\/p>\n<p>&nbsp;<\/p>\n<p>&nbsp;<\/p>\n<p>3- Per acabar us proposem que mireu els contes que explica l&#8217;Anna Llennas cada dia a les 12:00h per Instagram. L&#8217;heu de buscar amb l&#8217;usuari\u00a0@annallenas.<\/p>\n<p>Aquest clic es per fer frases, pero si entreu veureu que es adaptable a primer i segon.<\/p>\n<p><a href=\"https:\/\/clic.xtec.cat\/projects\/femfrases\/jclic.js\/index.html\"><img loading=\"lazy\" decoding=\"async\" class=\"alignleft size-medium wp-image-2937\" src=\"https:\/\/agora.xtec.cat\/escjoseppenuelas\/wp-content\/uploads\/usu1492\/2020\/03\/Captura-de-Pantalla-2020-03-18-a-les-13.32.57-300x163.png\" alt=\"\" width=\"300\" height=\"163\" srcset=\"https:\/\/agora.xtec.cat\/escjoseppenuelas\/wp-content\/uploads\/usu1492\/2020\/03\/Captura-de-Pantalla-2020-03-18-a-les-13.32.57-300x163.png 300w, https:\/\/agora.xtec.cat\/escjoseppenuelas\/wp-content\/uploads\/usu1492\/2020\/03\/Captura-de-Pantalla-2020-03-18-a-les-13.32.57.png 339w\" sizes=\"auto, (max-width: 300px) 100vw, 300px\" \/><\/a><\/p>\n<p>&nbsp;<\/p>\n<p>&nbsp;<\/p>\n<p>&nbsp;<\/p>\n<p>&nbsp;<\/p>\n<p>I aquest altre clic es per repassar i\/o aprendre els dies de la setmana i els mesos de l&#8217;any.<\/p>\n<p><a href=\"https:\/\/clic.xtec.cat\/projects\/setmes2\/jclic.js\/index.html\"><img loading=\"lazy\" decoding=\"async\" class=\"alignleft size-medium wp-image-2936\" src=\"https:\/\/agora.xtec.cat\/escjoseppenuelas\/wp-content\/uploads\/usu1492\/2020\/03\/Captura-de-Pantalla-2020-03-18-a-les-13.33.23-300x84.png\" alt=\"\" width=\"300\" height=\"84\" srcset=\"https:\/\/agora.xtec.cat\/escjoseppenuelas\/wp-content\/uploads\/usu1492\/2020\/03\/Captura-de-Pantalla-2020-03-18-a-les-13.33.23-300x84.png 300w, https:\/\/agora.xtec.cat\/escjoseppenuelas\/wp-content\/uploads\/usu1492\/2020\/03\/Captura-de-Pantalla-2020-03-18-a-les-13.33.23.png 412w\" sizes=\"auto, (max-width: 300px) 100vw, 300px\" \/><\/a><\/p>\n<p>&nbsp;<\/p>\n","protected":false},"excerpt":{"rendered":"<p>JUNY<\/p>\n","protected":false},"author":1,"featured_media":2937,"comment_status":"open","ping_status":"closed","sticky":false,"template":"","format":"standard","meta":{"_bbp_topic_count":0,"_bbp_reply_count":0,"_bbp_total_topic_count":0,"_bbp_total_reply_count":0,"_bbp_voice_count":0,"_bbp_anonymous_reply_count":0,"_bbp_topic_count_hidden":0,"_bbp_reply_count_hidden":0,"_bbp_forum_subforum_count":0,"site-sidebar-layout":"default","site-content-layout":"","ast-site-content-layout":"","site-content-style":"default","site-sidebar-style":"default","ast-global-header-display":"","ast-banner-title-visibility":"","ast-main-header-display":"","ast-hfb-above-header-display":"","ast-hfb-below-header-display":"","ast-hfb-mobile-header-display":"","site-post-title":"","ast-breadcrumbs-content":"","ast-featured-img":"","footer-sml-layout":"","theme-transparent-header-meta":"","adv-header-id-meta":"","stick-header-meta":"","header-above-stick-meta":"","header-main-stick-meta":"","header-below-stick-meta":"","astra-migrate-meta-layouts":"default","ast-page-background-enabled":"default","ast-page-background-meta":{"desktop":{"background-color":"var(--ast-global-color-4)","background-image":"","background-repeat":"repeat","background-position":"center center","background-size":"auto","background-attachment":"scroll","background-type":"","background-media":"","overlay-type":"","overlay-color":"","overlay-opacity":"","overlay-gradient":""},"tablet":{"background-color":"","background-image":"","background-repeat":"repeat","background-position":"center center","background-size":"auto","background-attachment":"scroll","background-type":"","background-media":"","overlay-type":"","overlay-color":"","overlay-opacity":"","overlay-gradient":""},"mobile":{"background-color":"","background-image":"","background-repeat":"repeat","background-position":"center center","background-size":"auto","background-attachment":"scroll","background-type":"","background-media":"","overlay-type":"","overlay-color":"","overlay-opacity":"","overlay-gradient":""}},"ast-content-background-meta":{"desktop":{"background-color":"var(--ast-global-color-5)","background-image":"","background-repeat":"repeat","background-position":"center center","background-size":"auto","background-attachment":"scroll","background-type":"","background-media":"","overlay-type":"","overlay-color":"","overlay-opacity":"","overlay-gradient":""},"tablet":{"background-color":"var(--ast-global-color-5)","background-image":"","background-repeat":"repeat","background-position":"center center","background-size":"auto","background-attachment":"scroll","background-type":"","background-media":"","overlay-type":"","overlay-color":"","overlay-opacity":"","overlay-gradient":""},"mobile":{"background-color":"var(--ast-global-color-5)","background-image":"","background-repeat":"repeat","background-position":"center center","background-size":"auto","background-attachment":"scroll","background-type":"","background-media":"","overlay-type":"","overlay-color":"","overlay-opacity":"","overlay-gradient":""}},"footnotes":""},"categories":[5],"tags":[],"class_list":["post-2935","post","type-post","status-publish","format-standard","has-post-thumbnail","hentry","category-primaria"],"post_mailing_queue_ids":[],"_links":{"self":[{"href":"https:\/\/agora.xtec.cat\/escjoseppenuelas\/wp-json\/wp\/v2\/posts\/2935","targetHints":{"allow":["GET"]}}],"collection":[{"href":"https:\/\/agora.xtec.cat\/escjoseppenuelas\/wp-json\/wp\/v2\/posts"}],"about":[{"href":"https:\/\/agora.xtec.cat\/escjoseppenuelas\/wp-json\/wp\/v2\/types\/post"}],"author":[{"embeddable":true,"href":"https:\/\/agora.xtec.cat\/escjoseppenuelas\/wp-json\/wp\/v2\/users\/1"}],"replies":[{"embeddable":true,"href":"https:\/\/agora.xtec.cat\/escjoseppenuelas\/wp-json\/wp\/v2\/comments?post=2935"}],"version-history":[{"count":3,"href":"https:\/\/agora.xtec.cat\/escjoseppenuelas\/wp-json\/wp\/v2\/posts\/2935\/revisions"}],"predecessor-version":[{"id":3527,"href":"https:\/\/agora.xtec.cat\/escjoseppenuelas\/wp-json\/wp\/v2\/posts\/2935\/revisions\/3527"}],"wp:featuredmedia":[{"embeddable":true,"href":"https:\/\/agora.xtec.cat\/escjoseppenuelas\/wp-json\/wp\/v2\/media\/2937"}],"wp:attachment":[{"href":"https:\/\/agora.xtec.cat\/escjoseppenuelas\/wp-json\/wp\/v2\/media?parent=2935"}],"wp:term":[{"taxonomy":"category","embeddable":true,"href":"https:\/\/agora.xtec.cat\/escjoseppenuelas\/wp-json\/wp\/v2\/categories?post=2935"},{"taxonomy":"post_tag","embeddable":true,"href":"https:\/\/agora.xtec.cat\/escjoseppenuelas\/wp-json\/wp\/v2\/tags?post=2935"}],"curies":[{"name":"wp","href":"https:\/\/api.w.org\/{rel}","templated":true}]}}