{"id":9987,"date":"2021-06-28T14:17:51","date_gmt":"2021-06-28T12:17:51","guid":{"rendered":"http:\/\/agora.xtec.cat\/escjoanxxiiilleida\/?p=9987"},"modified":"2022-06-09T11:51:24","modified_gmt":"2022-06-09T09:51:24","slug":"el-pas-per-lescola-del-jose-i-la-maria","status":"publish","type":"post","link":"https:\/\/agora.xtec.cat\/escjoanxxiiilleida\/portada\/el-pas-per-lescola-del-jose-i-la-maria\/","title":{"rendered":"EL PAS PER L&#8217;ESCOLA DEL JOSE I LA MARIA!"},"content":{"rendered":"<p>La passada setmana vam acabar el curs i amb tots els comiats tamb\u00e9 vam comptar amb el del Jose i la Maria, el mestre i la mestra en pr\u00e0ctiques que ens han estat acompanyant durant el curs i ens han fet les classes d&#8217;Educaci\u00f3 F\u00edsica. Us deixem els v\u00eddeos que els vam passar abans de qu\u00e8 marxessin.<\/p>\n<p>Gr\u00e0cies per tot Maria i Jose!!<\/p>\n<p>Cliqueu als enlla\u00e7os per veure els v\u00eddeos:<\/p>\n<p><iframe loading=\"lazy\" title=\"El pas per l&#039;Escola de la Maria!\" width=\"500\" height=\"281\" src=\"https:\/\/www.youtube.com\/embed\/pgGVDkOQNSk?feature=oembed\" frameborder=\"0\" allow=\"accelerometer; autoplay; clipboard-write; encrypted-media; gyroscope; picture-in-picture; web-share\" referrerpolicy=\"strict-origin-when-cross-origin\" allowfullscreen><\/iframe><\/p>\n<p><iframe loading=\"lazy\" title=\"El pas del Jose per l&#039;Escola\" width=\"500\" height=\"281\" src=\"https:\/\/www.youtube.com\/embed\/xdglo3mJhc8?feature=oembed\" frameborder=\"0\" allow=\"accelerometer; autoplay; clipboard-write; encrypted-media; gyroscope; picture-in-picture; web-share\" referrerpolicy=\"strict-origin-when-cross-origin\" allowfullscreen><\/iframe><\/p>\n","protected":false},"excerpt":{"rendered":"<p>La Maria i el Jose han deixat marca durant el seu pas per l&#8217;Escola. &hellip;  <a href=\"https:\/\/agora.xtec.cat\/escjoanxxiiilleida\/portada\/el-pas-per-lescola-del-jose-i-la-maria\/\" title=\"Read EL PAS PER L&#8217;ESCOLA DEL JOSE I LA MARIA!\">Llegeix m\u00e9s\u00bb<\/a><\/p>\n","protected":false},"author":1,"featured_media":9989,"comment_status":"open","ping_status":"closed","sticky":false,"template":"","format":"standard","meta":{"_bbp_topic_count":0,"_bbp_reply_count":0,"_bbp_total_topic_count":0,"_bbp_total_reply_count":0,"_bbp_voice_count":0,"_bbp_anonymous_reply_count":0,"_bbp_topic_count_hidden":0,"_bbp_reply_count_hidden":0,"_bbp_forum_subforum_count":0,"footnotes":""},"categories":[12,33,39,4],"tags":[],"class_list":["post-9987","post","type-post","status-publish","format-standard","has-post-thumbnail","hentry","category-3r","category-cm","category-educacio-fisica","category-portada"],"post_mailing_queue_ids":[],"_links":{"self":[{"href":"https:\/\/agora.xtec.cat\/escjoanxxiiilleida\/wp-json\/wp\/v2\/posts\/9987","targetHints":{"allow":["GET"]}}],"collection":[{"href":"https:\/\/agora.xtec.cat\/escjoanxxiiilleida\/wp-json\/wp\/v2\/posts"}],"about":[{"href":"https:\/\/agora.xtec.cat\/escjoanxxiiilleida\/wp-json\/wp\/v2\/types\/post"}],"author":[{"embeddable":true,"href":"https:\/\/agora.xtec.cat\/escjoanxxiiilleida\/wp-json\/wp\/v2\/users\/1"}],"replies":[{"embeddable":true,"href":"https:\/\/agora.xtec.cat\/escjoanxxiiilleida\/wp-json\/wp\/v2\/comments?post=9987"}],"version-history":[{"count":1,"href":"https:\/\/agora.xtec.cat\/escjoanxxiiilleida\/wp-json\/wp\/v2\/posts\/9987\/revisions"}],"predecessor-version":[{"id":9988,"href":"https:\/\/agora.xtec.cat\/escjoanxxiiilleida\/wp-json\/wp\/v2\/posts\/9987\/revisions\/9988"}],"wp:featuredmedia":[{"embeddable":true,"href":"https:\/\/agora.xtec.cat\/escjoanxxiiilleida\/wp-json\/wp\/v2\/media\/9989"}],"wp:attachment":[{"href":"https:\/\/agora.xtec.cat\/escjoanxxiiilleida\/wp-json\/wp\/v2\/media?parent=9987"}],"wp:term":[{"taxonomy":"category","embeddable":true,"href":"https:\/\/agora.xtec.cat\/escjoanxxiiilleida\/wp-json\/wp\/v2\/categories?post=9987"},{"taxonomy":"post_tag","embeddable":true,"href":"https:\/\/agora.xtec.cat\/escjoanxxiiilleida\/wp-json\/wp\/v2\/tags?post=9987"}],"curies":[{"name":"wp","href":"https:\/\/api.w.org\/{rel}","templated":true}]}}