{"id":18882,"date":"2026-04-25T10:34:13","date_gmt":"2026-04-25T08:34:13","guid":{"rendered":"https:\/\/agora.xtec.cat\/escjoanmaragall\/?p=18882"},"modified":"2026-04-25T10:34:20","modified_gmt":"2026-04-25T08:34:20","slug":"celebrem-la-diada-de-sant-jordi-amb-creativitat-i-participacio","status":"publish","type":"post","link":"https:\/\/agora.xtec.cat\/escjoanmaragall\/general\/celebrem-la-diada-de-sant-jordi-amb-creativitat-i-participacio\/","title":{"rendered":"CELEBREM LA DIADA DE SANT JORDI AMB CREATIVITAT I PARTICIPACI\u00d3"},"content":{"rendered":"<p><iframe loading=\"lazy\" title=\"Sant Jordi\" width=\"500\" height=\"375\" src=\"https:\/\/www.youtube.com\/embed\/xcZuFV9_ve8?feature=oembed\" frameborder=\"0\" allow=\"accelerometer; autoplay; clipboard-write; encrypted-media; gyroscope; picture-in-picture; web-share\" referrerpolicy=\"strict-origin-when-cross-origin\" allowfullscreen><\/iframe><\/p>\n<p>Aquest 23 d\u2019abril, l\u2019escola ha celebrat la Diada de Sant Jordi amb una jornada plena d\u2019activitats, il\u00b7lusi\u00f3 i participaci\u00f3 de tota la comunitat educativa.<\/p>\n<p>El dia ha comen\u00e7at amb una proposta de manualitats inspirades en Sant Jordi. Cada aula ha elaborat la seva pr\u00f2pia creaci\u00f3, mostrant gran imaginaci\u00f3 i dedicaci\u00f3 per part de l\u2019alumnat.<\/p>\n<p>Despr\u00e9s del pati, s\u2019ha dut a terme la primera entrega de premis del I certamen de relats breus de l\u2019escola. Aquest acte ha estat un moment molt especial, on s\u2019ha reconegut l\u2019esfor\u00e7 i la creativitat dels participants.<\/p>\n<p>A la tarda, la jornada ha continuat amb la ja tradicional marat\u00f3 de contes, que ha estat possible gr\u00e0cies a la implicaci\u00f3 del professorat i la col\u00b7laboraci\u00f3 d\u2019algunes fam\u00edlies. Aquesta activitat ha perm\u00e8s compartir hist\u00f2ries i fomentar el gust per la lectura en un ambient proper i enriquidor.<\/p>\n<p>Des de l\u2019escola volem agrair la participaci\u00f3 i implicaci\u00f3 de totes les persones que han fet possible aquesta diada tan especial!<\/p>\n","protected":false},"excerpt":{"rendered":"<p>Aquest 23 d\u2019abril, l\u2019escola ha celebrat la Diada de Sant Jordi amb una jornada plena d\u2019activitats, il\u00b7lusi\u00f3 i participaci\u00f3 de tota la comunitat educativa.<br \/>\nEl dia ha comen\u00e7at amb una proposta de manualitats inspirades en Sant Jordi. Cada aula ha elaborat la seva pr\u00f2pia creaci\u00f3, mostrant&hellip;  <a href=\"https:\/\/agora.xtec.cat\/escjoanmaragall\/general\/celebrem-la-diada-de-sant-jordi-amb-creativitat-i-participacio\/\" title=\"Read CELEBREM LA DIADA DE SANT JORDI AMB CREATIVITAT I PARTICIPACI\u00d3\">Llegeix m\u00e9s\u00bb<\/a><\/p>\n","protected":false},"author":28,"featured_media":0,"comment_status":"open","ping_status":"open","sticky":false,"template":"","format":"standard","meta":{"_bbp_topic_count":0,"_bbp_reply_count":0,"_bbp_total_topic_count":0,"_bbp_total_reply_count":0,"_bbp_voice_count":0,"_bbp_anonymous_reply_count":0,"_bbp_topic_count_hidden":0,"_bbp_reply_count_hidden":0,"_bbp_forum_subforum_count":0,"footnotes":""},"categories":[1,4],"tags":[],"class_list":["post-18882","post","type-post","status-publish","format-standard","hentry","category-general","category-portada"],"post_mailing_queue_ids":[],"_links":{"self":[{"href":"https:\/\/agora.xtec.cat\/escjoanmaragall\/wp-json\/wp\/v2\/posts\/18882","targetHints":{"allow":["GET"]}}],"collection":[{"href":"https:\/\/agora.xtec.cat\/escjoanmaragall\/wp-json\/wp\/v2\/posts"}],"about":[{"href":"https:\/\/agora.xtec.cat\/escjoanmaragall\/wp-json\/wp\/v2\/types\/post"}],"author":[{"embeddable":true,"href":"https:\/\/agora.xtec.cat\/escjoanmaragall\/wp-json\/wp\/v2\/users\/28"}],"replies":[{"embeddable":true,"href":"https:\/\/agora.xtec.cat\/escjoanmaragall\/wp-json\/wp\/v2\/comments?post=18882"}],"version-history":[{"count":2,"href":"https:\/\/agora.xtec.cat\/escjoanmaragall\/wp-json\/wp\/v2\/posts\/18882\/revisions"}],"predecessor-version":[{"id":18884,"href":"https:\/\/agora.xtec.cat\/escjoanmaragall\/wp-json\/wp\/v2\/posts\/18882\/revisions\/18884"}],"wp:attachment":[{"href":"https:\/\/agora.xtec.cat\/escjoanmaragall\/wp-json\/wp\/v2\/media?parent=18882"}],"wp:term":[{"taxonomy":"category","embeddable":true,"href":"https:\/\/agora.xtec.cat\/escjoanmaragall\/wp-json\/wp\/v2\/categories?post=18882"},{"taxonomy":"post_tag","embeddable":true,"href":"https:\/\/agora.xtec.cat\/escjoanmaragall\/wp-json\/wp\/v2\/tags?post=18882"}],"curies":[{"name":"wp","href":"https:\/\/api.w.org\/{rel}","templated":true}]}}