{"id":1419,"date":"2026-03-27T12:31:15","date_gmt":"2026-03-27T11:31:15","guid":{"rendered":"https:\/\/agora.xtec.cat\/escjoandomenechimoner\/?p=1419"},"modified":"2026-03-27T12:31:15","modified_gmt":"2026-03-27T11:31:15","slug":"fem-la-mona","status":"publish","type":"post","link":"https:\/\/agora.xtec.cat\/escjoandomenechimoner\/general\/fem-la-mona\/","title":{"rendered":"Fem la mona!"},"content":{"rendered":"<p data-pm-slice=\"1 1 []\">Avui amb motiu de <strong>Pasqua<\/strong> petits i grans ens hem trobat per acomiadar el trimestre, fer la nostra mona i menjar-la plegats! Els m\u00e9s grans han pogut acompanyar als m\u00e9s petits gaudint d&#8217;un mat\u00ed molt especial.<\/p>\n<p>&nbsp;<\/p>\n<div style=\"position: relative; width: 100%; height: 0; padding-top: 150.0000%; padding-bottom: 0; box-shadow: 0 2px 8px 0 rgba(63,69,81,0.16); margin-top: 1.6em; margin-bottom: 0.9em; overflow: hidden; border-radius: 8px; will-change: transform;\"><iframe style=\"position: absolute; width: 100%; height: 100%; top: 0; left: 0; border: none; padding: 0; margin: 0;\" src=\"https:\/\/www.canva.com\/design\/DAHFIZIF9BM\/5pjaJ3yg8M8m9hweU73ZmQ\/view?embed\" allowfullscreen=\"allowfullscreen\"><br \/>\n<\/iframe><\/div>\n<p><a href=\"https:\/\/www.canva.com\/design\/DAHFIZIF9BM\/5pjaJ3yg8M8m9hweU73ZmQ\/view?utm_content=DAHFIZIF9BM&amp;utm_campaign=designshare&amp;utm_medium=embeds&amp;utm_source=link\" target=\"_blank\" rel=\"noopener\">La mona a l&#8217;escola<\/a> de Centre reg. b7011078<\/p>\n","protected":false},"excerpt":{"rendered":"<p>Avui amb motiu de Pasqua petits i grans ens hem trobat per acomiadar el trimestre, fer la nostra mona i menjar-la plegats! Els m\u00e9s grans han pogut acompanyar als m\u00e9s petits gaudint d&#8217;un mat\u00ed molt especial.<br \/>\n&nbsp;<\/p>\n<p><a href=\"https:\/\/www.canva.com\/design\/DAHFIZIF9BM\/5pjaJ3yg8M8m9hweU73ZmQ\/view?utm_content=DAHFIZIF9BM&amp;utm_campaign=designshare&amp;utm_medium=embeds&amp;utm_source=link\" target=\"_blank\" rel=\"noopener\">La mona a l&#8217;escola<\/a> de Centre reg.&hellip;  <a href=\"https:\/\/agora.xtec.cat\/escjoandomenechimoner\/general\/fem-la-mona\/\" title=\"Read Fem la mona!\">Llegeix m\u00e9s\u00bb<\/a><\/p>\n","protected":false},"author":1,"featured_media":0,"comment_status":"closed","ping_status":"closed","sticky":false,"template":"","format":"standard","meta":{"_bbp_topic_count":0,"_bbp_reply_count":0,"_bbp_total_topic_count":0,"_bbp_total_reply_count":0,"_bbp_voice_count":0,"_bbp_anonymous_reply_count":0,"_bbp_topic_count_hidden":0,"_bbp_reply_count_hidden":0,"_bbp_forum_subforum_count":0,"footnotes":""},"categories":[1,4],"tags":[],"class_list":["post-1419","post","type-post","status-publish","format-standard","hentry","category-general","category-portada"],"post_mailing_queue_ids":[],"_links":{"self":[{"href":"https:\/\/agora.xtec.cat\/escjoandomenechimoner\/wp-json\/wp\/v2\/posts\/1419","targetHints":{"allow":["GET"]}}],"collection":[{"href":"https:\/\/agora.xtec.cat\/escjoandomenechimoner\/wp-json\/wp\/v2\/posts"}],"about":[{"href":"https:\/\/agora.xtec.cat\/escjoandomenechimoner\/wp-json\/wp\/v2\/types\/post"}],"author":[{"embeddable":true,"href":"https:\/\/agora.xtec.cat\/escjoandomenechimoner\/wp-json\/wp\/v2\/users\/1"}],"replies":[{"embeddable":true,"href":"https:\/\/agora.xtec.cat\/escjoandomenechimoner\/wp-json\/wp\/v2\/comments?post=1419"}],"version-history":[{"count":4,"href":"https:\/\/agora.xtec.cat\/escjoandomenechimoner\/wp-json\/wp\/v2\/posts\/1419\/revisions"}],"predecessor-version":[{"id":1423,"href":"https:\/\/agora.xtec.cat\/escjoandomenechimoner\/wp-json\/wp\/v2\/posts\/1419\/revisions\/1423"}],"wp:attachment":[{"href":"https:\/\/agora.xtec.cat\/escjoandomenechimoner\/wp-json\/wp\/v2\/media?parent=1419"}],"wp:term":[{"taxonomy":"category","embeddable":true,"href":"https:\/\/agora.xtec.cat\/escjoandomenechimoner\/wp-json\/wp\/v2\/categories?post=1419"},{"taxonomy":"post_tag","embeddable":true,"href":"https:\/\/agora.xtec.cat\/escjoandomenechimoner\/wp-json\/wp\/v2\/tags?post=1419"}],"curies":[{"name":"wp","href":"https:\/\/api.w.org\/{rel}","templated":true}]}}