{"id":1416,"date":"2026-03-03T11:25:35","date_gmt":"2026-03-03T10:25:35","guid":{"rendered":"https:\/\/agora.xtec.cat\/escjoandomenechimoner\/?p=1416"},"modified":"2026-03-03T11:25:35","modified_gmt":"2026-03-03T10:25:35","slug":"arrelant-tradicions-carnestoltes","status":"publish","type":"post","link":"https:\/\/agora.xtec.cat\/escjoandomenechimoner\/afa\/arrelant-tradicions-carnestoltes\/","title":{"rendered":"Arrelant tradicions: carnestoltes"},"content":{"rendered":"<p><span style=\"font-weight: 400;\">Recentment hem celebrat la festa de Carnestoltes. Equip educatiu i fam\u00edlies ens hem preparat activament per a aquesta celebraci\u00f3, pensada per viure-la i compartir-la tota la comunitat del Joan Dom\u00e8nech i Moner.<\/span><\/p>\n<p><span style=\"font-weight: 400;\">A la nostra secci\u00f3 mensual \u00abUn mes en tradicions\u00bb expliquem la cultura i els rituals que envolten aquesta celebraci\u00f3, i compartim Ilibres interessants sobre el tema del carnaval, que m\u00e9s endavant les fam\u00edlies podran trobar a la biblioteca municipal de Lloret.<\/span><\/p>\n<div style=\"position: relative; width: 100%; height: 0; padding-top: 56.2500%; padding-bottom: 0; box-shadow: 0 2px 8px 0 rgba(63,69,81,0.16); margin-top: 1.6em; margin-bottom: 0.9em; overflow: hidden; border-radius: 8px; will-change: transform;\"><iframe style=\"position: absolute; width: 100%; height: 100%; top: 0; left: 0; border: none; padding: 0; margin: 0;\" src=\"https:\/\/www.canva.com\/design\/DAHC4rH7aAk\/U6NUNHRZPOMG17bT0zhmLw\/view?embed\" allowfullscreen=\"allowfullscreen\"><br \/>\n<\/iframe><\/div>\n<p><span style=\"font-weight: 400;\">A m\u00e9s, ens vam divertir junts cantant, ballant i gaudint d&#8217;una deliciosa xocolata calenta amb galetes.<\/span><\/p>\n<div style=\"position: relative; width: 100%; height: 0; padding-top: 56.2500%; padding-bottom: 0; box-shadow: 0 2px 8px 0 rgba(63,69,81,0.16); margin-top: 1.6em; margin-bottom: 0.9em; overflow: hidden; border-radius: 8px; will-change: transform;\"><iframe style=\"position: absolute; width: 100%; height: 100%; top: 0; left: 0; border: none; padding: 0; margin: 0;\" src=\"https:\/\/www.canva.com\/design\/DAHC4kW8ROo\/RdpLrEDisjxvCskEzRl8nQ\/view?embed\" allowfullscreen=\"allowfullscreen\"><br \/>\n<\/iframe><\/div>\n<p><span style=\"font-weight: 400;\">Per tal de seguir millorant i oferint propostes a l\u2019escola vam preparar una petita enquesta, que ens ser\u00e0 de gran ajuda per a properes celebracions.\u00a0<\/span><\/p>\n<p><span style=\"font-weight: 400;\">Ens fa il\u00b7lusi\u00f3 poder continuar creant celebracions i un bon ambient a la nostra escola. Ja que sabem, que l\u2019escola la fem tots i totes!<\/span><\/p>\n<div style=\"position: relative; width: 100%; height: 0; padding-top: 56.2500%; padding-bottom: 0; box-shadow: 0 2px 8px 0 rgba(63,69,81,0.16); margin-top: 1.6em; margin-bottom: 0.9em; overflow: hidden; border-radius: 8px; will-change: transform;\"><iframe style=\"position: absolute; width: 100%; height: 100%; top: 0; left: 0; border: none; padding: 0; margin: 0;\" src=\"https:\/\/www.canva.com\/design\/DAHC4sSiipQ\/6iNdTv66QI0H5AoO2evFGA\/view?embed\" allowfullscreen=\"allowfullscreen\"><br \/>\n<\/iframe><\/div>\n<p><span style=\"font-weight: 400;\">Gr\u00e0cies pels vostres comentaris afectuosos, les aportacions constructives i les idees per millorar. Recollim totes les aportacions fetes per tenir present en futures edicions.<\/span><\/p>\n<p><i><span style=\"font-weight: 400;\">\u201cUn aplaudiment immens \ud83d\udc4f i sentit per a les fam\u00edlies volunt\u00e0ries del grup de treball de festes i del grup de treball de comunicaci\u00f3 i cultura, que hi han dedicat temps \u23f3, energia \u2728 i molt de carinyo \ud83d\udc95 per preparar-ho tot amb tanta cura. Sense vosaltres, res d\u2019aix\u00f2 seria possible.\u201d<\/span><\/i><\/p>\n","protected":false},"excerpt":{"rendered":"<p>Recentment hem celebrat la festa de Carnestoltes. Equip educatiu i fam\u00edlies ens hem preparat activament per a aquesta celebraci\u00f3, pensada per viure-la i compartir-la tota la comunitat del Joan Dom\u00e8nech i Moner.<br \/>\nA la nostra secci\u00f3 mensual \u00abUn mes en tradicions\u00bb expliquem la cultura i els&hellip;  <a href=\"https:\/\/agora.xtec.cat\/escjoandomenechimoner\/afa\/arrelant-tradicions-carnestoltes\/\" title=\"Read Arrelant tradicions: carnestoltes\">Llegeix m\u00e9s\u00bb<\/a><\/p>\n","protected":false},"author":1,"featured_media":0,"comment_status":"closed","ping_status":"closed","sticky":false,"template":"","format":"standard","meta":{"_bbp_topic_count":0,"_bbp_reply_count":0,"_bbp_total_topic_count":0,"_bbp_total_reply_count":0,"_bbp_voice_count":0,"_bbp_anonymous_reply_count":0,"_bbp_topic_count_hidden":0,"_bbp_reply_count_hidden":0,"_bbp_forum_subforum_count":0,"footnotes":""},"categories":[7],"tags":[],"class_list":["post-1416","post","type-post","status-publish","format-standard","hentry","category-afa"],"post_mailing_queue_ids":[],"_links":{"self":[{"href":"https:\/\/agora.xtec.cat\/escjoandomenechimoner\/wp-json\/wp\/v2\/posts\/1416","targetHints":{"allow":["GET"]}}],"collection":[{"href":"https:\/\/agora.xtec.cat\/escjoandomenechimoner\/wp-json\/wp\/v2\/posts"}],"about":[{"href":"https:\/\/agora.xtec.cat\/escjoandomenechimoner\/wp-json\/wp\/v2\/types\/post"}],"author":[{"embeddable":true,"href":"https:\/\/agora.xtec.cat\/escjoandomenechimoner\/wp-json\/wp\/v2\/users\/1"}],"replies":[{"embeddable":true,"href":"https:\/\/agora.xtec.cat\/escjoandomenechimoner\/wp-json\/wp\/v2\/comments?post=1416"}],"version-history":[{"count":2,"href":"https:\/\/agora.xtec.cat\/escjoandomenechimoner\/wp-json\/wp\/v2\/posts\/1416\/revisions"}],"predecessor-version":[{"id":1418,"href":"https:\/\/agora.xtec.cat\/escjoandomenechimoner\/wp-json\/wp\/v2\/posts\/1416\/revisions\/1418"}],"wp:attachment":[{"href":"https:\/\/agora.xtec.cat\/escjoandomenechimoner\/wp-json\/wp\/v2\/media?parent=1416"}],"wp:term":[{"taxonomy":"category","embeddable":true,"href":"https:\/\/agora.xtec.cat\/escjoandomenechimoner\/wp-json\/wp\/v2\/categories?post=1416"},{"taxonomy":"post_tag","embeddable":true,"href":"https:\/\/agora.xtec.cat\/escjoandomenechimoner\/wp-json\/wp\/v2\/tags?post=1416"}],"curies":[{"name":"wp","href":"https:\/\/api.w.org\/{rel}","templated":true}]}}