{"id":1409,"date":"2026-03-03T08:37:06","date_gmt":"2026-03-03T07:37:06","guid":{"rendered":"https:\/\/agora.xtec.cat\/escjoandomenechimoner\/?p=1409"},"modified":"2026-03-03T08:37:43","modified_gmt":"2026-03-03T07:37:43","slug":"portes-obertes-que-es-per-a-tu-la-nostra-escola","status":"publish","type":"post","link":"https:\/\/agora.xtec.cat\/escjoandomenechimoner\/general\/portes-obertes-que-es-per-a-tu-la-nostra-escola\/","title":{"rendered":"PORTES OBERTES: Qu\u00e8 \u00e9s per a tu la nostra escola?"},"content":{"rendered":"<p><span style=\"font-weight: 400;\">A finals de febrer, l\u2019Escola Joan Dom\u00e8nech i Moner va obrir les portes a les noves fam\u00edlies en el marc de les Jornades de Portes Obertes. Uns dies especials per mostrar el nostre <\/span><b>projecte, els espais, l\u2019equip hum\u00e0<\/b><span style=\"font-weight: 400;\"> i, sobretot,<\/span><b> la manera<\/b> <b>d\u2019entendre l\u2019educaci\u00f3<\/b><span style=\"font-weight: 400;\">.<\/span><\/p>\n<div style=\"position: relative; width: 100%; height: 0; padding-top: 56.2500%; padding-bottom: 0; box-shadow: 0 2px 8px 0 rgba(63,69,81,0.16); margin-top: 1.6em; margin-bottom: 0.9em; overflow: hidden; border-radius: 8px; will-change: transform;\"><iframe style=\"position: absolute; width: 100%; height: 100%; top: 0; left: 0; border: none; padding: 0; margin: 0;\" src=\"https:\/\/www.canva.com\/design\/DAHC3xJoG1g\/xrllB-T_AIM79A0n-lHk9Q\/view?embed\" allowfullscreen=\"allowfullscreen\"><br \/>\n<\/iframe><\/div>\n<p><span style=\"font-weight: 400;\">Si obrim les portes per explicar qui som, tamb\u00e9 \u00e9s important escoltar qu\u00e8 som per a les fam\u00edlies que ja formen part de la nostra comunitat. Per aix\u00f2 vam proposar als pares i mares del centre una pregunta senzilla per\u00f2 profunda:<\/span><\/p>\n<div style=\"position: relative; width: 100%; height: 0; padding-top: 141.4141%; padding-bottom: 0; box-shadow: 0 2px 8px 0 rgba(63,69,81,0.16); margin-top: 1.6em; margin-bottom: 0.9em; overflow: hidden; border-radius: 8px; will-change: transform;\"><iframe style=\"position: absolute; width: 100%; height: 100%; top: 0; left: 0; border: none; padding: 0; margin: 0;\" src=\"https:\/\/www.canva.com\/design\/DAHC3_bwTrk\/oFtAb6c7Ip1cG3oVAQMd7g\/view?embed\" allowfullscreen=\"allowfullscreen\"><br \/>\n<\/iframe><\/div>\n<p><span style=\"font-weight: 400;\">Les seves respostes, escrites en petites notes plenes d\u2019emoci\u00f3, han omplert un espai del centre amb paraules que parlen <\/span><b>de confian\u00e7a, d\u2019acompanyament, de creixement, de respecte, d\u2019il\u00b7lusi\u00f3 i de comunitat.<\/b><\/p>\n<p><span style=\"font-weight: 400;\">Aquest recull no \u00e9s nom\u00e9s un mural; \u00e9s el reflex viu de les <\/span><b>experi\u00e8ncies compartides<\/b><span style=\"font-weight: 400;\">, de les <\/span><b>viv\u00e8ncies quotidianes<\/b><span style=\"font-weight: 400;\"> i<\/span> <span style=\"font-weight: 400;\">del <\/span><b>vincle <\/b><span style=\"font-weight: 400;\">que es construeix dia a dia <\/span><b>entre escola i fam\u00edlia.<\/b><\/p>\n<p><span style=\"font-weight: 400;\">Gr\u00e0cies a totes les fam\u00edlies per posar paraules al que constru\u00efm plegats.<\/span><\/p>\n<p><span style=\"font-weight: 400;\">#JuntsFemCam\u00ed<\/span><\/p>\n","protected":false},"excerpt":{"rendered":"<p>A finals de febrer, l\u2019Escola Joan Dom\u00e8nech i Moner va obrir les portes a les noves fam\u00edlies en el marc de les Jornades de Portes Obertes. Uns dies especials per mostrar el nostre projecte, els espais, l\u2019equip hum\u00e0 i, sobretot, la manera d\u2019entendre l\u2019educaci\u00f3.<\/p>\n<p>Si obrim&hellip;  <a href=\"https:\/\/agora.xtec.cat\/escjoandomenechimoner\/general\/portes-obertes-que-es-per-a-tu-la-nostra-escola\/\" title=\"Read PORTES OBERTES: Qu\u00e8 \u00e9s per a tu la nostra escola?\">Llegeix m\u00e9s\u00bb<\/a><\/p>\n","protected":false},"author":1,"featured_media":0,"comment_status":"closed","ping_status":"closed","sticky":false,"template":"","format":"standard","meta":{"_bbp_topic_count":0,"_bbp_reply_count":0,"_bbp_total_topic_count":0,"_bbp_total_reply_count":0,"_bbp_voice_count":0,"_bbp_anonymous_reply_count":0,"_bbp_topic_count_hidden":0,"_bbp_reply_count_hidden":0,"_bbp_forum_subforum_count":0,"footnotes":""},"categories":[7,1,4],"tags":[],"class_list":["post-1409","post","type-post","status-publish","format-standard","hentry","category-afa","category-general","category-portada"],"post_mailing_queue_ids":[],"_links":{"self":[{"href":"https:\/\/agora.xtec.cat\/escjoandomenechimoner\/wp-json\/wp\/v2\/posts\/1409","targetHints":{"allow":["GET"]}}],"collection":[{"href":"https:\/\/agora.xtec.cat\/escjoandomenechimoner\/wp-json\/wp\/v2\/posts"}],"about":[{"href":"https:\/\/agora.xtec.cat\/escjoandomenechimoner\/wp-json\/wp\/v2\/types\/post"}],"author":[{"embeddable":true,"href":"https:\/\/agora.xtec.cat\/escjoandomenechimoner\/wp-json\/wp\/v2\/users\/1"}],"replies":[{"embeddable":true,"href":"https:\/\/agora.xtec.cat\/escjoandomenechimoner\/wp-json\/wp\/v2\/comments?post=1409"}],"version-history":[{"count":1,"href":"https:\/\/agora.xtec.cat\/escjoandomenechimoner\/wp-json\/wp\/v2\/posts\/1409\/revisions"}],"predecessor-version":[{"id":1410,"href":"https:\/\/agora.xtec.cat\/escjoandomenechimoner\/wp-json\/wp\/v2\/posts\/1409\/revisions\/1410"}],"wp:attachment":[{"href":"https:\/\/agora.xtec.cat\/escjoandomenechimoner\/wp-json\/wp\/v2\/media?parent=1409"}],"wp:term":[{"taxonomy":"category","embeddable":true,"href":"https:\/\/agora.xtec.cat\/escjoandomenechimoner\/wp-json\/wp\/v2\/categories?post=1409"},{"taxonomy":"post_tag","embeddable":true,"href":"https:\/\/agora.xtec.cat\/escjoandomenechimoner\/wp-json\/wp\/v2\/tags?post=1409"}],"curies":[{"name":"wp","href":"https:\/\/api.w.org\/{rel}","templated":true}]}}