{"id":1235,"date":"2025-05-22T13:48:16","date_gmt":"2025-05-22T11:48:16","guid":{"rendered":"https:\/\/agora.xtec.cat\/escjoandomenechimoner\/?p=1235"},"modified":"2025-05-22T13:48:16","modified_gmt":"2025-05-22T11:48:16","slug":"homenatge-a-en-joan-domenech-i-moner","status":"publish","type":"post","link":"https:\/\/agora.xtec.cat\/escjoandomenechimoner\/portada\/homenatge-a-en-joan-domenech-i-moner\/","title":{"rendered":"Homenatge a en Joan Dom\u00e8nech i Moner"},"content":{"rendered":"<p>La setmana passada vam tenir l&#8217;honor de viure a la nostra escola un dels actes de <em><strong>L&#8217;any Dom\u00e8nech<\/strong> <\/em>organitzats per l&#8217;Ajuntament de Lloret de Mar. En aquest acte vam poder con\u00e8ixer les seves <strong>aportacions en l&#8217;\u00e0mbit educatiu i cultural<\/strong> a partir de diferents testimonis. Per l&#8217;escola \u00e9s un privilegi portar el nom d&#8217;un mestre que al llarg de la seva traject\u00f2ria professional va transmetre <strong>cultura i valors amb humilitat<\/strong>. Esperem poder transmetre cultura i valors a tots els infants que passin per l&#8217;escola Joan Dom\u00e8nech i Moner amb la humilitat del <strong>gran mestre<\/strong> homenatjat.<\/p>\n<p><a href=\"https:\/\/agora.xtec.cat\/escjoandomenechimoner\/wp-content\/uploads\/usu3029\/2025\/05\/IMATGES-ESCOLA-horitzontal-e1747914377319.png\"><img loading=\"lazy\" decoding=\"async\" class=\"aligncenter wp-image-1254 size-full\" src=\"https:\/\/agora.xtec.cat\/escjoandomenechimoner\/wp-content\/uploads\/usu3029\/2025\/05\/IMATGES-ESCOLA-horitzontal-e1747914377319.png\" alt=\"\" width=\"1061\" height=\"371\" srcset=\"https:\/\/agora.xtec.cat\/escjoandomenechimoner\/wp-content\/uploads\/usu3029\/2025\/05\/IMATGES-ESCOLA-horitzontal-e1747914377319.png 1061w, https:\/\/agora.xtec.cat\/escjoandomenechimoner\/wp-content\/uploads\/usu3029\/2025\/05\/IMATGES-ESCOLA-horitzontal-e1747914377319-300x105.png 300w, https:\/\/agora.xtec.cat\/escjoandomenechimoner\/wp-content\/uploads\/usu3029\/2025\/05\/IMATGES-ESCOLA-horitzontal-e1747914377319-1024x358.png 1024w, https:\/\/agora.xtec.cat\/escjoandomenechimoner\/wp-content\/uploads\/usu3029\/2025\/05\/IMATGES-ESCOLA-horitzontal-e1747914377319-768x269.png 768w\" sizes=\"auto, (max-width: 1061px) 100vw, 1061px\" \/><\/a><\/p>\n<p>&nbsp;<\/p>\n<p>&nbsp;<\/p>\n<p>&nbsp;<\/p>\n<p>&nbsp;<\/p>\n","protected":false},"excerpt":{"rendered":"<p>La setmana passada vam tenir l&#8217;honor de viure a la nostra escola un dels actes de L&#8217;any Dom\u00e8nech organitzats per l&#8217;Ajuntament de Lloret de Mar. En aquest acte vam poder con\u00e8ixer les seves aportacions en l&#8217;\u00e0mbit educatiu i cultural a partir de diferents testimonis. Per&hellip;  <a href=\"https:\/\/agora.xtec.cat\/escjoandomenechimoner\/portada\/homenatge-a-en-joan-domenech-i-moner\/\" title=\"Read Homenatge a en Joan Dom\u00e8nech i Moner\">Llegeix m\u00e9s\u00bb<\/a><\/p>\n","protected":false},"author":1,"featured_media":0,"comment_status":"closed","ping_status":"closed","sticky":false,"template":"","format":"standard","meta":{"_bbp_topic_count":0,"_bbp_reply_count":0,"_bbp_total_topic_count":0,"_bbp_total_reply_count":0,"_bbp_voice_count":0,"_bbp_anonymous_reply_count":0,"_bbp_topic_count_hidden":0,"_bbp_reply_count_hidden":0,"_bbp_forum_subforum_count":0,"footnotes":""},"categories":[4],"tags":[],"class_list":["post-1235","post","type-post","status-publish","format-standard","hentry","category-portada"],"post_mailing_queue_ids":[],"_links":{"self":[{"href":"https:\/\/agora.xtec.cat\/escjoandomenechimoner\/wp-json\/wp\/v2\/posts\/1235","targetHints":{"allow":["GET"]}}],"collection":[{"href":"https:\/\/agora.xtec.cat\/escjoandomenechimoner\/wp-json\/wp\/v2\/posts"}],"about":[{"href":"https:\/\/agora.xtec.cat\/escjoandomenechimoner\/wp-json\/wp\/v2\/types\/post"}],"author":[{"embeddable":true,"href":"https:\/\/agora.xtec.cat\/escjoandomenechimoner\/wp-json\/wp\/v2\/users\/1"}],"replies":[{"embeddable":true,"href":"https:\/\/agora.xtec.cat\/escjoandomenechimoner\/wp-json\/wp\/v2\/comments?post=1235"}],"version-history":[{"count":6,"href":"https:\/\/agora.xtec.cat\/escjoandomenechimoner\/wp-json\/wp\/v2\/posts\/1235\/revisions"}],"predecessor-version":[{"id":1257,"href":"https:\/\/agora.xtec.cat\/escjoandomenechimoner\/wp-json\/wp\/v2\/posts\/1235\/revisions\/1257"}],"wp:attachment":[{"href":"https:\/\/agora.xtec.cat\/escjoandomenechimoner\/wp-json\/wp\/v2\/media?parent=1235"}],"wp:term":[{"taxonomy":"category","embeddable":true,"href":"https:\/\/agora.xtec.cat\/escjoandomenechimoner\/wp-json\/wp\/v2\/categories?post=1235"},{"taxonomy":"post_tag","embeddable":true,"href":"https:\/\/agora.xtec.cat\/escjoandomenechimoner\/wp-json\/wp\/v2\/tags?post=1235"}],"curies":[{"name":"wp","href":"https:\/\/api.w.org\/{rel}","templated":true}]}}