{"id":476,"date":"2017-11-27T13:41:04","date_gmt":"2017-11-27T12:41:04","guid":{"rendered":"http:\/\/agora.xtec.cat\/escjoanblanquer\/?p=476"},"modified":"2019-05-20T13:26:00","modified_gmt":"2019-05-20T11:26:00","slug":"projecte-patis","status":"publish","type":"post","link":"https:\/\/agora.xtec.cat\/escjoanblanquer\/general\/projecte-patis\/","title":{"rendered":"PROJECTE PATIS"},"content":{"rendered":"<p><strong>PROJECTE PATIS<\/strong><\/p>\n<p><a href=\"http:\/\/agora.xtec.cat\/escjoanblanquer\/wp-content\/uploads\/usu28\/2017\/11\/IMG_6572.jpg\"><img loading=\"lazy\" decoding=\"async\" class=\"alignnone size-large wp-image-477\" src=\"http:\/\/agora.xtec.cat\/escjoanblanquer\/wp-content\/uploads\/usu28\/2017\/11\/IMG_6572-1024x768.jpg\" alt=\"\" width=\"1024\" height=\"768\" srcset=\"https:\/\/agora.xtec.cat\/escjoanblanquer\/wp-content\/uploads\/usu28\/2017\/11\/IMG_6572-1024x768.jpg 1024w, https:\/\/agora.xtec.cat\/escjoanblanquer\/wp-content\/uploads\/usu28\/2017\/11\/IMG_6572-300x225.jpg 300w, https:\/\/agora.xtec.cat\/escjoanblanquer\/wp-content\/uploads\/usu28\/2017\/11\/IMG_6572-768x576.jpg 768w, https:\/\/agora.xtec.cat\/escjoanblanquer\/wp-content\/uploads\/usu28\/2017\/11\/IMG_6572-200x150.jpg 200w, https:\/\/agora.xtec.cat\/escjoanblanquer\/wp-content\/uploads\/usu28\/2017\/11\/IMG_6572.jpg 1312w\" sizes=\"auto, (max-width: 1024px) 100vw, 1024px\" \/><\/a>Des del curs passat i amb l&#8217;ajuda de les fam\u00edlies de l&#8217;escola, s&#8217;ha engegat el Projecte Patis. Consisteix en adequar-los amb finalitats pedag\u00f2giques a m\u00e9s de les l\u00fadiques. En teniu un mostra del qu\u00e8 s&#8217;ha anat fent. Moltes gr\u00e0cies a tothom qui ho est\u00e0 fent possible.<\/p>\n<p><a href=\"http:\/\/\u00c0LBUM DE FOTOGRAFIES, PATIS\">https:\/\/goo.gl\/photos\/aWaSc1pQpU3U3Lu67<\/a><\/p>\n<p>&nbsp;<\/p>\n<p>&nbsp;<\/p>\n","protected":false},"excerpt":{"rendered":"<p>PROJECTE PATIS&hellip;  <a href=\"https:\/\/agora.xtec.cat\/escjoanblanquer\/general\/projecte-patis\/\" title=\"Read PROJECTE PATIS\">Llegeix m\u00e9s\u00bb<\/a><\/p>\n","protected":false},"author":1,"featured_media":477,"comment_status":"open","ping_status":"closed","sticky":false,"template":"","format":"standard","meta":{"_bbp_topic_count":0,"_bbp_reply_count":0,"_bbp_total_topic_count":0,"_bbp_total_reply_count":0,"_bbp_voice_count":0,"_bbp_anonymous_reply_count":0,"_bbp_topic_count_hidden":0,"_bbp_reply_count_hidden":0,"_bbp_forum_subforum_count":0,"footnotes":""},"categories":[1],"tags":[64],"class_list":["post-476","post","type-post","status-publish","format-standard","has-post-thumbnail","hentry","category-general","tag-pati"],"post_mailing_queue_ids":[],"_links":{"self":[{"href":"https:\/\/agora.xtec.cat\/escjoanblanquer\/wp-json\/wp\/v2\/posts\/476","targetHints":{"allow":["GET"]}}],"collection":[{"href":"https:\/\/agora.xtec.cat\/escjoanblanquer\/wp-json\/wp\/v2\/posts"}],"about":[{"href":"https:\/\/agora.xtec.cat\/escjoanblanquer\/wp-json\/wp\/v2\/types\/post"}],"author":[{"embeddable":true,"href":"https:\/\/agora.xtec.cat\/escjoanblanquer\/wp-json\/wp\/v2\/users\/1"}],"replies":[{"embeddable":true,"href":"https:\/\/agora.xtec.cat\/escjoanblanquer\/wp-json\/wp\/v2\/comments?post=476"}],"version-history":[{"count":3,"href":"https:\/\/agora.xtec.cat\/escjoanblanquer\/wp-json\/wp\/v2\/posts\/476\/revisions"}],"predecessor-version":[{"id":497,"href":"https:\/\/agora.xtec.cat\/escjoanblanquer\/wp-json\/wp\/v2\/posts\/476\/revisions\/497"}],"wp:featuredmedia":[{"embeddable":true,"href":"https:\/\/agora.xtec.cat\/escjoanblanquer\/wp-json\/wp\/v2\/media\/477"}],"wp:attachment":[{"href":"https:\/\/agora.xtec.cat\/escjoanblanquer\/wp-json\/wp\/v2\/media?parent=476"}],"wp:term":[{"taxonomy":"category","embeddable":true,"href":"https:\/\/agora.xtec.cat\/escjoanblanquer\/wp-json\/wp\/v2\/categories?post=476"},{"taxonomy":"post_tag","embeddable":true,"href":"https:\/\/agora.xtec.cat\/escjoanblanquer\/wp-json\/wp\/v2\/tags?post=476"}],"curies":[{"name":"wp","href":"https:\/\/api.w.org\/{rel}","templated":true}]}}