{"id":4115,"date":"2025-12-16T12:51:17","date_gmt":"2025-12-16T11:51:17","guid":{"rendered":"https:\/\/agora.xtec.cat\/escjoanblanquer\/?p=4115"},"modified":"2026-02-04T12:51:51","modified_gmt":"2026-02-04T11:51:51","slug":"les-sortides-del-primer-trimestre-2","status":"publish","type":"post","link":"https:\/\/agora.xtec.cat\/escjoanblanquer\/general\/les-sortides-del-primer-trimestre-2\/","title":{"rendered":"LES SORTIDES DEL PRIMER TRIMESTRE"},"content":{"rendered":"<p><span style=\"font-weight: 400;\">Al llarg del primer trimestre, l\u2019alumnat de l\u2019escola ha realitzat sortides molt diverses que han enriquit el seu aprenentatge i han aportat experi\u00e8ncies significatives fora de l\u2019aula.<\/span><\/p>\n<p><span style=\"font-weight: 400;\">Els alumnes han pogut gaudir de visites a l\u2019auditori, dins la programaci\u00f3 de dansa, m\u00fasica i teatre que ofereix l\u2019Ajuntament, un recurs fant\u00e0stic per apropar-los a la cultura i reflexionar sobre els valors i missatges que transmeten les arts esc\u00e8niques. En aquest mateix context cultural, els m\u00e9s petits de l\u2019escola tamb\u00e9 van visitar els Pessebres del poble durant l\u2019\u00e8poca de Nadal, una activitat molt arrelada a la tradici\u00f3 local.<\/span><\/p>\n<p><span style=\"font-weight: 400;\">Alguns grups van tenir l\u2019oportunitat d\u2019agafar l\u2019autocar i despla\u00e7ar-se m\u00e9s enll\u00e0 del poble i del Vall\u00e8s.\u00a0<\/span><\/p>\n<p><span style=\"font-weight: 400;\">L\u2019alumnat de 6\u00e8 va visitar el MNATEC de Terrassa, on va participar en un taller sobre l\u2019electricitat i el funcionament dels circuits el\u00e8ctrics, treballant de manera pr\u00e0ctica i vivencial continguts abordats a l\u2019aula.<\/span><\/p>\n<p><span style=\"font-weight: 400;\">L\u2019alumnat de Cicle Mitj\u00e0 va realitzar una sortida al Jard\u00ed Bot\u00e0nic Marimurtra, un espai privilegiat per connectar amb la natura.\u00a0<\/span><\/p>\n<p><span style=\"font-weight: 400;\">Pel que fa al Cicle Infantil, els infants van viatjar fins al Cosmocaixa de Barcelona. L\u2019alumnat d\u2019I5 va gaudir d\u2019una xerrada molt interessant sobre els planetes i el sistema solar, mentre que els grups d\u2019I3 i I4 van participar en activitats d\u2019experimentaci\u00f3 a l\u2019espai CLIK, un entorn pensat per explorar, descobrir i aprendre de manera l\u00fadica i segura.<\/span><\/p>\n<p><span style=\"font-weight: 400;\">Aquestes sortides complementen l\u2019aprenentatge, fomenten la conviv\u00e8ncia i permeten refor\u00e7ar els vincles del grup en un entorn diferent del centre educatiu. En totes elles, els alumnes han apr\u00e8s molt i s\u2019ho han passat d\u2019all\u00f2 m\u00e9s b\u00e9!<\/span><\/p>\n<p>Un trimestre ple d\u2019aventures i descobertes!<b><br \/>\n<\/b><span style=\"font-weight: 400;\">L\u2019alumnat ha viscut un trimestre intens i emocionant, ple d\u2019experi\u00e8ncies que quedaran en el record.<\/span><\/p>\n<p>&nbsp;<\/p>\n<p><strong>M<\/strong><strong>NACTEC<\/strong><\/p>\n<p><span style=\"font-weight: 400;\">El grup de 6\u00e8 va participar en un taller de treball cooperatiu format per un conjunt d\u2019experi\u00e8ncies pr\u00e0ctiques en qu\u00e8 els nens i nenes van poder experimentar de manera directa les propietats el\u00e8ctriques i magn\u00e8tiques dels materials. Al llarg del taller, van descobrir com es pot generar electricitat i van con\u00e8ixer les seves principals caracter\u00edstiques d\u2019una manera vivencial i participativa.<\/span><\/p>\n<p><span style=\"font-weight: 400;\">Aquesta activitat va permetre treballar i consolidar els continguts ja abordats a l\u2019aula, com ara la c\u00e0rrega el\u00e8ctrica, les desc\u00e0rregues, l\u2019efecte punta, el magnetisme, l\u2019electromagnetisme i la generaci\u00f3 d\u2019electricitat, tot afavorint l\u2019aprenentatge significatiu a trav\u00e9s de l\u2019experimentaci\u00f3 directa.<\/span><\/p>\n<p><a href=\"https:\/\/drive.google.com\/drive\/folders\/1M-xszck7ykRDR2LMCFeAfREm6KQrcHqN?usp=sharing\">FOTOS<\/a><\/p>\n<p>&nbsp;<\/p>\n<p><strong>JARD\u00cd BOT\u00c0NIC MARIMURTRA<\/strong><\/p>\n<p><span style=\"font-weight: 400;\">Els grups de 3r i 4t van visitar el Jard\u00ed Bot\u00e0nic Marimurtra amb una visita guiada que els va permetre con\u00e8ixer en profunditat aquest espai natural tan singular. Al llarg del recorregut, van descobrir les diferents zones del jard\u00ed, representatives de climes diversos d\u2019arreu del m\u00f3n i van aprendre curiositats sobre una gran varietat d\u2019esp\u00e8cies vegetals. La visita va ser molt enriquidora i va despertar l\u2019inter\u00e8s de tots els infants pel respecte i la conservaci\u00f3 de la natura.<\/span><\/p>\n<p><span style=\"font-weight: 400;\">Despr\u00e9s de la visita, van aprofitar el bon temps per dinar a la platja, gaudint d\u2019un ambient tranquil i assolellat, que va servir per relaxar-se i compartir una bona estona tots plegats.\u00a0<\/span><\/p>\n<p><a href=\"https:\/\/drive.google.com\/drive\/folders\/1exuuLI1GXuwmxjMinxbs-xsvFcS2okXd?usp=sharing\">FOTOS<\/a><\/p>\n<p>&nbsp;<\/p>\n<p><strong>COSMOCAIXA<\/strong><\/p>\n<p><span style=\"font-weight: 400;\">L\u2019alumnat d\u2019I5 va gaudir d\u2019una xerrada molt interessant sobre els planetes i el sistema solar, que els va permetre apropar-se a l\u2019astronomia d\u2019una manera entenedora i engrescadora.<\/span><\/p>\n<p><span style=\"font-weight: 400;\">Per la seva banda, els grups d\u2019I3 i I4 van participar en una activitat d\u2019experimentaci\u00f3 a l\u2019espai CLIK. Aquest espai ofereix una experi\u00e8ncia educativa i l\u00fadica, on els m\u00e9s petits van poder explorar, experimentar i descobrir sobre el m\u00f3n que els envolta de manera segura i estimulant. L\u2019espai comptava amb diversos \u00e0mbits, com ara una zona dedicada a la llum i el color, un nou espai centrat en l\u2019aigua, una \u00e0rea de construcci\u00f3 amb diferents materials i, finalment, una zona destinada a l\u2019experimentaci\u00f3 amb l\u2019aire.<\/span><\/p>\n<p><a href=\"https:\/\/drive.google.com\/drive\/folders\/1cEl9QtaQjQUASQDAteWTOdSRbZHCf3al?usp=sharing\">FOTOS<\/a><\/p>\n","protected":false},"excerpt":{"rendered":"<p>Al llarg del primer trimestre, l\u2019alumnat de l\u2019escola ha realitzat sortides molt diverses que han enriquit el seu aprenentatge i han aportat experi\u00e8ncies significatives fora de l\u2019aula.<br \/>\nEls alumnes han pogut gaudir de visites a l\u2019auditori, dins la programaci\u00f3 de dansa, m\u00fasica i teatre que ofereix&hellip;  <a href=\"https:\/\/agora.xtec.cat\/escjoanblanquer\/general\/les-sortides-del-primer-trimestre-2\/\" title=\"Read LES SORTIDES DEL PRIMER TRIMESTRE\">Llegeix m\u00e9s\u00bb<\/a><\/p>\n","protected":false},"author":1,"featured_media":4116,"comment_status":"open","ping_status":"open","sticky":false,"template":"","format":"standard","meta":{"_bbp_topic_count":0,"_bbp_reply_count":0,"_bbp_total_topic_count":0,"_bbp_total_reply_count":0,"_bbp_voice_count":0,"_bbp_anonymous_reply_count":0,"_bbp_topic_count_hidden":0,"_bbp_reply_count_hidden":0,"_bbp_forum_subforum_count":0,"footnotes":""},"categories":[1,61,4],"tags":[],"class_list":["post-4115","post","type-post","status-publish","format-standard","has-post-thumbnail","hentry","category-general","category-inici","category-portada"],"post_mailing_queue_ids":[],"_links":{"self":[{"href":"https:\/\/agora.xtec.cat\/escjoanblanquer\/wp-json\/wp\/v2\/posts\/4115","targetHints":{"allow":["GET"]}}],"collection":[{"href":"https:\/\/agora.xtec.cat\/escjoanblanquer\/wp-json\/wp\/v2\/posts"}],"about":[{"href":"https:\/\/agora.xtec.cat\/escjoanblanquer\/wp-json\/wp\/v2\/types\/post"}],"author":[{"embeddable":true,"href":"https:\/\/agora.xtec.cat\/escjoanblanquer\/wp-json\/wp\/v2\/users\/1"}],"replies":[{"embeddable":true,"href":"https:\/\/agora.xtec.cat\/escjoanblanquer\/wp-json\/wp\/v2\/comments?post=4115"}],"version-history":[{"count":1,"href":"https:\/\/agora.xtec.cat\/escjoanblanquer\/wp-json\/wp\/v2\/posts\/4115\/revisions"}],"predecessor-version":[{"id":4117,"href":"https:\/\/agora.xtec.cat\/escjoanblanquer\/wp-json\/wp\/v2\/posts\/4115\/revisions\/4117"}],"wp:featuredmedia":[{"embeddable":true,"href":"https:\/\/agora.xtec.cat\/escjoanblanquer\/wp-json\/wp\/v2\/media\/4116"}],"wp:attachment":[{"href":"https:\/\/agora.xtec.cat\/escjoanblanquer\/wp-json\/wp\/v2\/media?parent=4115"}],"wp:term":[{"taxonomy":"category","embeddable":true,"href":"https:\/\/agora.xtec.cat\/escjoanblanquer\/wp-json\/wp\/v2\/categories?post=4115"},{"taxonomy":"post_tag","embeddable":true,"href":"https:\/\/agora.xtec.cat\/escjoanblanquer\/wp-json\/wp\/v2\/tags?post=4115"}],"curies":[{"name":"wp","href":"https:\/\/api.w.org\/{rel}","templated":true}]}}