{"id":4112,"date":"2025-11-04T10:53:27","date_gmt":"2025-11-04T09:53:27","guid":{"rendered":"https:\/\/agora.xtec.cat\/escjoanblanquer\/?p=4112"},"modified":"2026-02-04T10:53:52","modified_gmt":"2026-02-04T09:53:52","slug":"colonies-a-la-carral","status":"publish","type":"post","link":"https:\/\/agora.xtec.cat\/escjoanblanquer\/general\/colonies-a-la-carral\/","title":{"rendered":"COL\u00d2NIES A LA CARRAL"},"content":{"rendered":"<p><span style=\"font-weight: 400;\">Els dies 8, 9 i 10 d\u2019octubre, els alumnes d\u2019I5, segon i quart van anar de col\u00f2nies a\u00a0<\/span><span style=\"font-weight: 400;\">Solsona a la casa de la Carral.<\/span><\/p>\n<p><span style=\"font-weight: 400;\">Els infants de I5 van gaudir de diverses gimcanes d\u2019aventura, activitats de granja i jocs de nit a l\u2019exterior.<\/span><\/p>\n<p><span style=\"font-weight: 400;\">Els alumnes de segon van viure les aventures del Cromany\u00f3, van participar en gimcanes de jocs, activitats de granja, jocs de nit i una divertida discoteca.<\/span><\/p>\n<p><span style=\"font-weight: 400;\">Pel que fa a quart, van realitzar gimcanes variades, com la sospita de la senyora Hort\u00e8nsia, activitats de granja i olimp\u00edades rurals. Tant els alumnes de segon com els de quart van gaudir tamb\u00e9 dels jocs de nit i de la discoteca.<\/span><\/p>\n<p><span style=\"font-weight: 400;\">Tots els infants van gaudir molt de les can\u00e7ons que els monitors i les monitores cantaven i tocaven abans de cada \u00e0pat.<\/span><\/p>\n<p><span style=\"font-weight: 400;\">Va ser una experi\u00e8ncia molt engrescadora de tres dies, compartida amb els companys i companyes fora de l\u2019entorn escolar.<\/span><\/p>\n<p><a href=\"https:\/\/drive.google.com\/drive\/folders\/1supy2lE_D0J9iLn1bi8YHWHZjPkd5UUE?usp=sharing\">LES COL\u00d2NIES A LA CARRAL<\/a><\/p>\n","protected":false},"excerpt":{"rendered":"<p>Els dies 8, 9 i 10 d\u2019octubre, els alumnes d\u2019I5, segon i quart van anar de col\u00f2nies a\u00a0Solsona a la casa de la Carral.<br \/>\nEls infants de I5 van gaudir de diverses gimcanes d\u2019aventura, activitats de granja i jocs de nit a l\u2019exterior.<br \/>\nEls alumnes de segon&hellip;  <a href=\"https:\/\/agora.xtec.cat\/escjoanblanquer\/general\/colonies-a-la-carral\/\" title=\"Read COL\u00d2NIES A LA CARRAL\">Llegeix m\u00e9s\u00bb<\/a><\/p>\n","protected":false},"author":1,"featured_media":4113,"comment_status":"closed","ping_status":"closed","sticky":false,"template":"","format":"standard","meta":{"_bbp_topic_count":0,"_bbp_reply_count":0,"_bbp_total_topic_count":0,"_bbp_total_reply_count":0,"_bbp_voice_count":0,"_bbp_anonymous_reply_count":0,"_bbp_topic_count_hidden":0,"_bbp_reply_count_hidden":0,"_bbp_forum_subforum_count":0,"footnotes":""},"categories":[1,61,4],"tags":[],"class_list":["post-4112","post","type-post","status-publish","format-standard","has-post-thumbnail","hentry","category-general","category-inici","category-portada"],"post_mailing_queue_ids":[],"_links":{"self":[{"href":"https:\/\/agora.xtec.cat\/escjoanblanquer\/wp-json\/wp\/v2\/posts\/4112","targetHints":{"allow":["GET"]}}],"collection":[{"href":"https:\/\/agora.xtec.cat\/escjoanblanquer\/wp-json\/wp\/v2\/posts"}],"about":[{"href":"https:\/\/agora.xtec.cat\/escjoanblanquer\/wp-json\/wp\/v2\/types\/post"}],"author":[{"embeddable":true,"href":"https:\/\/agora.xtec.cat\/escjoanblanquer\/wp-json\/wp\/v2\/users\/1"}],"replies":[{"embeddable":true,"href":"https:\/\/agora.xtec.cat\/escjoanblanquer\/wp-json\/wp\/v2\/comments?post=4112"}],"version-history":[{"count":1,"href":"https:\/\/agora.xtec.cat\/escjoanblanquer\/wp-json\/wp\/v2\/posts\/4112\/revisions"}],"predecessor-version":[{"id":4114,"href":"https:\/\/agora.xtec.cat\/escjoanblanquer\/wp-json\/wp\/v2\/posts\/4112\/revisions\/4114"}],"wp:featuredmedia":[{"embeddable":true,"href":"https:\/\/agora.xtec.cat\/escjoanblanquer\/wp-json\/wp\/v2\/media\/4113"}],"wp:attachment":[{"href":"https:\/\/agora.xtec.cat\/escjoanblanquer\/wp-json\/wp\/v2\/media?parent=4112"}],"wp:term":[{"taxonomy":"category","embeddable":true,"href":"https:\/\/agora.xtec.cat\/escjoanblanquer\/wp-json\/wp\/v2\/categories?post=4112"},{"taxonomy":"post_tag","embeddable":true,"href":"https:\/\/agora.xtec.cat\/escjoanblanquer\/wp-json\/wp\/v2\/tags?post=4112"}],"curies":[{"name":"wp","href":"https:\/\/api.w.org\/{rel}","templated":true}]}}