{"id":4105,"date":"2026-02-04T10:49:30","date_gmt":"2026-02-04T09:49:30","guid":{"rendered":"https:\/\/agora.xtec.cat\/escjoanblanquer\/?p=4105"},"modified":"2026-02-04T10:49:30","modified_gmt":"2026-02-04T09:49:30","slug":"algunes-celebracions-del-joan-blanquer","status":"publish","type":"post","link":"https:\/\/agora.xtec.cat\/escjoanblanquer\/general\/algunes-celebracions-del-joan-blanquer\/","title":{"rendered":"ALGUNES CELEBRACIONS DEL JOAN BLANQUER"},"content":{"rendered":"<p><span style=\"font-weight: 400;\">El primer trimestre del curs ha estat ple de moments compartits, emocions i tradicions que ens ajuden a cr\u00e9ixer com a comunitat educativa. La Castanyada i Nadal han estat dues celebracions molt especials que hem viscut amb il\u00b7lusi\u00f3 i participaci\u00f3.<\/span><\/p>\n<p><b>Castanyada<\/b><\/p>\n<p><span style=\"font-weight: 400;\">La tardor va arribar a l\u2019escola amb olor de panellets i fruites de temporada. El dia 31 d\u2019octubre, al llarg del mat\u00ed, els alumnes m\u00e9s grans van compartir una estona molt enriquidora amb els seus fillols i filloles elaborant panellets, mentre que els infants dels cursos inicials van preparar brotxetes de fruites de tardor.\u00a0<\/span><\/p>\n<p><span style=\"font-weight: 400;\">A la tarda, el pati es va omplir de m\u00fasica i alegria amb la visita esperada de la Castanyera, que va fer una entrada ben original amb patins i va gaudir de les danses que cada grup havia preparat amb tanta dedicaci\u00f3. Va ser un moment ple de rialles, complicitat i molta energia positiva. Aquest any vam poder gaudir d\u2019un ball de bastons gr\u00e0cies a la col\u00b7laboraci\u00f3 de l\u2019entitat bastonera de Castellar del Vall\u00e8s. Els grups de 3r, 4t, 5\u00e8 i 6\u00e8 ens van oferir una petita mostra de les danses apreses.\u00a0<\/span><\/p>\n<p><span style=\"font-weight: 400;\">La jornada va acabar amb un berenar compartit, degustant tot all\u00f2 que s\u2019havia elaborat al mat\u00ed. Una celebraci\u00f3 senzilla per\u00f2 molt significativa, que any rere any continua sent un dels moments m\u00e9s esperats del trimestre.<\/span><\/p>\n<p><img loading=\"lazy\" decoding=\"async\" class=\"alignnone  wp-image-4107\" src=\"https:\/\/agora.xtec.cat\/escjoanblanquer\/wp-content\/uploads\/usu28\/2026\/02\/ballbastonscastanyada2025-scaled.jpg\" alt=\"\" width=\"521\" height=\"391\" srcset=\"https:\/\/agora.xtec.cat\/escjoanblanquer\/wp-content\/uploads\/usu28\/2026\/02\/ballbastonscastanyada2025-scaled.jpg 2560w, https:\/\/agora.xtec.cat\/escjoanblanquer\/wp-content\/uploads\/usu28\/2026\/02\/ballbastonscastanyada2025-300x225.jpg 300w, https:\/\/agora.xtec.cat\/escjoanblanquer\/wp-content\/uploads\/usu28\/2026\/02\/ballbastonscastanyada2025-1024x768.jpg 1024w, https:\/\/agora.xtec.cat\/escjoanblanquer\/wp-content\/uploads\/usu28\/2026\/02\/ballbastonscastanyada2025-768x576.jpg 768w, https:\/\/agora.xtec.cat\/escjoanblanquer\/wp-content\/uploads\/usu28\/2026\/02\/ballbastonscastanyada2025-1536x1152.jpg 1536w, https:\/\/agora.xtec.cat\/escjoanblanquer\/wp-content\/uploads\/usu28\/2026\/02\/ballbastonscastanyada2025-2048x1536.jpg 2048w, https:\/\/agora.xtec.cat\/escjoanblanquer\/wp-content\/uploads\/usu28\/2026\/02\/ballbastonscastanyada2025-200x150.jpg 200w\" sizes=\"auto, (max-width: 521px) 100vw, 521px\" \/> <img loading=\"lazy\" decoding=\"async\" class=\"alignnone wp-image-4110 \" src=\"https:\/\/agora.xtec.cat\/escjoanblanquer\/wp-content\/uploads\/usu28\/2026\/02\/Castanyera2025-1-1-scaled-e1770198473846.jpg\" alt=\"\" width=\"294\" height=\"392\" srcset=\"https:\/\/agora.xtec.cat\/escjoanblanquer\/wp-content\/uploads\/usu28\/2026\/02\/Castanyera2025-1-1-scaled-e1770198473846.jpg 1920w, https:\/\/agora.xtec.cat\/escjoanblanquer\/wp-content\/uploads\/usu28\/2026\/02\/Castanyera2025-1-1-scaled-e1770198473846-225x300.jpg 225w, https:\/\/agora.xtec.cat\/escjoanblanquer\/wp-content\/uploads\/usu28\/2026\/02\/Castanyera2025-1-1-scaled-e1770198473846-768x1024.jpg 768w, https:\/\/agora.xtec.cat\/escjoanblanquer\/wp-content\/uploads\/usu28\/2026\/02\/Castanyera2025-1-1-scaled-e1770198473846-1152x1536.jpg 1152w, https:\/\/agora.xtec.cat\/escjoanblanquer\/wp-content\/uploads\/usu28\/2026\/02\/Castanyera2025-1-1-scaled-e1770198473846-1536x2048.jpg 1536w\" sizes=\"auto, (max-width: 294px) 100vw, 294px\" \/>\u00a0 <img loading=\"lazy\" decoding=\"async\" class=\"alignnone  wp-image-4109\" src=\"https:\/\/agora.xtec.cat\/escjoanblanquer\/wp-content\/uploads\/usu28\/2026\/02\/panelletscastnyada2025-scaled.jpg\" alt=\"\" width=\"299\" height=\"399\" srcset=\"https:\/\/agora.xtec.cat\/escjoanblanquer\/wp-content\/uploads\/usu28\/2026\/02\/panelletscastnyada2025-scaled.jpg 1920w, https:\/\/agora.xtec.cat\/escjoanblanquer\/wp-content\/uploads\/usu28\/2026\/02\/panelletscastnyada2025-225x300.jpg 225w, https:\/\/agora.xtec.cat\/escjoanblanquer\/wp-content\/uploads\/usu28\/2026\/02\/panelletscastnyada2025-768x1024.jpg 768w, https:\/\/agora.xtec.cat\/escjoanblanquer\/wp-content\/uploads\/usu28\/2026\/02\/panelletscastnyada2025-1152x1536.jpg 1152w, https:\/\/agora.xtec.cat\/escjoanblanquer\/wp-content\/uploads\/usu28\/2026\/02\/panelletscastnyada2025-1536x2048.jpg 1536w\" sizes=\"auto, (max-width: 299px) 100vw, 299px\" \/><\/p>\n<p><b>Nadal<\/b><\/p>\n<p><span style=\"font-weight: 400;\">El mes de desembre ens va portar l\u2019esperit nadalenc a cada rac\u00f3 de l\u2019escola. Al llarg de les setmanes, es van dur a terme diverses activitats per treballar les tradicions, per\u00f2 sobretot per refor\u00e7ar valors com la solidaritat, el respecte i l\u2019agra\u00efment. L\u2019intercanvi de postals entre padrins, fillols i diferents cicles va ser una d\u2019aquestes experi\u00e8ncies que fomenten els vincles entre l\u2019alumnat.<\/span><\/p>\n<p><span style=\"font-weight: 400;\">Un dels moments m\u00e9s especials va ser el Concert de Nadal, celebrat el 12 de desembre. L\u2019alumnat va oferir les seves actuacions en tres torns, mostrant tot l\u2019esfor\u00e7, el treball en equip i la il\u00b7lusi\u00f3 que hi havien posat. M\u00fasica, emocions i molta complicitat van omplir la sala.<\/span><\/p>\n<p><span style=\"font-weight: 400;\">Per tancar el trimestre, el dia 19 vam comen\u00e7ar d\u2019all\u00f2 m\u00e9s b\u00e9, esmorzant torrons i neules. Els m\u00e9s petits van gaudir fent cagar el ti\u00f3, mentre que els alumnes de 3r a 6\u00e8 van participar en el tradicional quinto, compartint una estona l\u00fadica abans de les vacances.<\/span><\/p>\n<p><img loading=\"lazy\" decoding=\"async\" class=\"alignnone  wp-image-4106\" src=\"https:\/\/agora.xtec.cat\/escjoanblanquer\/wp-content\/uploads\/usu28\/2026\/02\/article-festes-Nadal2026.png\" alt=\"\" width=\"789\" height=\"297\" srcset=\"https:\/\/agora.xtec.cat\/escjoanblanquer\/wp-content\/uploads\/usu28\/2026\/02\/article-festes-Nadal2026.png 1164w, https:\/\/agora.xtec.cat\/escjoanblanquer\/wp-content\/uploads\/usu28\/2026\/02\/article-festes-Nadal2026-300x113.png 300w, https:\/\/agora.xtec.cat\/escjoanblanquer\/wp-content\/uploads\/usu28\/2026\/02\/article-festes-Nadal2026-1024x385.png 1024w, https:\/\/agora.xtec.cat\/escjoanblanquer\/wp-content\/uploads\/usu28\/2026\/02\/article-festes-Nadal2026-768x289.png 768w\" sizes=\"auto, (max-width: 789px) 100vw, 789px\" \/>\u00a0 \u00a0 <img loading=\"lazy\" decoding=\"async\" class=\"alignnone  wp-image-4108\" src=\"https:\/\/agora.xtec.cat\/escjoanblanquer\/wp-content\/uploads\/usu28\/2026\/02\/DecoracioconcertNadal25.jpg\" alt=\"\" width=\"385\" height=\"289\" srcset=\"https:\/\/agora.xtec.cat\/escjoanblanquer\/wp-content\/uploads\/usu28\/2026\/02\/DecoracioconcertNadal25.jpg 1600w, https:\/\/agora.xtec.cat\/escjoanblanquer\/wp-content\/uploads\/usu28\/2026\/02\/DecoracioconcertNadal25-300x225.jpg 300w, https:\/\/agora.xtec.cat\/escjoanblanquer\/wp-content\/uploads\/usu28\/2026\/02\/DecoracioconcertNadal25-1024x768.jpg 1024w, https:\/\/agora.xtec.cat\/escjoanblanquer\/wp-content\/uploads\/usu28\/2026\/02\/DecoracioconcertNadal25-768x576.jpg 768w, https:\/\/agora.xtec.cat\/escjoanblanquer\/wp-content\/uploads\/usu28\/2026\/02\/DecoracioconcertNadal25-1536x1152.jpg 1536w, https:\/\/agora.xtec.cat\/escjoanblanquer\/wp-content\/uploads\/usu28\/2026\/02\/DecoracioconcertNadal25-200x150.jpg 200w\" sizes=\"auto, (max-width: 385px) 100vw, 385px\" \/><\/p>\n<p><span style=\"font-weight: 400;\">Un final de trimestre ple de bons records que ens anima a continuar aprenent i compartint plegats.<\/span><span style=\"font-weight: 400;\"><br \/>\n<\/span><span style=\"font-weight: 400;\">Comencem el segon trimestre i el nou any amb energies renovades!\u00a0<\/span><\/p>\n","protected":false},"excerpt":{"rendered":"<p>El primer trimestre del curs ha estat ple de moments compartits, emocions i tradicions que ens ajuden a cr\u00e9ixer com a comunitat educativa. La Castanyada i Nadal han estat dues celebracions molt especials que hem viscut amb il\u00b7lusi\u00f3 i participaci\u00f3.<br \/>\nCastanyada<br \/>\nLa tardor va arribar a l\u2019escola&hellip;  <a href=\"https:\/\/agora.xtec.cat\/escjoanblanquer\/general\/algunes-celebracions-del-joan-blanquer\/\" title=\"Read ALGUNES CELEBRACIONS DEL JOAN BLANQUER\">Llegeix m\u00e9s\u00bb<\/a><\/p>\n","protected":false},"author":1,"featured_media":4109,"comment_status":"closed","ping_status":"closed","sticky":false,"template":"","format":"standard","meta":{"_bbp_topic_count":0,"_bbp_reply_count":0,"_bbp_total_topic_count":0,"_bbp_total_reply_count":0,"_bbp_voice_count":0,"_bbp_anonymous_reply_count":0,"_bbp_topic_count_hidden":0,"_bbp_reply_count_hidden":0,"_bbp_forum_subforum_count":0,"footnotes":""},"categories":[1,61,4],"tags":[],"class_list":["post-4105","post","type-post","status-publish","format-standard","has-post-thumbnail","hentry","category-general","category-inici","category-portada"],"post_mailing_queue_ids":[],"_links":{"self":[{"href":"https:\/\/agora.xtec.cat\/escjoanblanquer\/wp-json\/wp\/v2\/posts\/4105","targetHints":{"allow":["GET"]}}],"collection":[{"href":"https:\/\/agora.xtec.cat\/escjoanblanquer\/wp-json\/wp\/v2\/posts"}],"about":[{"href":"https:\/\/agora.xtec.cat\/escjoanblanquer\/wp-json\/wp\/v2\/types\/post"}],"author":[{"embeddable":true,"href":"https:\/\/agora.xtec.cat\/escjoanblanquer\/wp-json\/wp\/v2\/users\/1"}],"replies":[{"embeddable":true,"href":"https:\/\/agora.xtec.cat\/escjoanblanquer\/wp-json\/wp\/v2\/comments?post=4105"}],"version-history":[{"count":1,"href":"https:\/\/agora.xtec.cat\/escjoanblanquer\/wp-json\/wp\/v2\/posts\/4105\/revisions"}],"predecessor-version":[{"id":4111,"href":"https:\/\/agora.xtec.cat\/escjoanblanquer\/wp-json\/wp\/v2\/posts\/4105\/revisions\/4111"}],"wp:featuredmedia":[{"embeddable":true,"href":"https:\/\/agora.xtec.cat\/escjoanblanquer\/wp-json\/wp\/v2\/media\/4109"}],"wp:attachment":[{"href":"https:\/\/agora.xtec.cat\/escjoanblanquer\/wp-json\/wp\/v2\/media?parent=4105"}],"wp:term":[{"taxonomy":"category","embeddable":true,"href":"https:\/\/agora.xtec.cat\/escjoanblanquer\/wp-json\/wp\/v2\/categories?post=4105"},{"taxonomy":"post_tag","embeddable":true,"href":"https:\/\/agora.xtec.cat\/escjoanblanquer\/wp-json\/wp\/v2\/tags?post=4105"}],"curies":[{"name":"wp","href":"https:\/\/api.w.org\/{rel}","templated":true}]}}