{"id":4079,"date":"2025-10-28T13:38:21","date_gmt":"2025-10-28T12:38:21","guid":{"rendered":"https:\/\/agora.xtec.cat\/escjoanblanquer\/?p=4079"},"modified":"2026-01-28T13:52:40","modified_gmt":"2026-01-28T12:52:40","slug":"presentacio-noms-de-les-classes","status":"publish","type":"post","link":"https:\/\/agora.xtec.cat\/escjoanblanquer\/general\/presentacio-noms-de-les-classes\/","title":{"rendered":"PRESENTACI\u00d3 NOMS DE LES CLASSES"},"content":{"rendered":"<p><span style=\"font-weight: 400;\">Divendres 3 d\u2019octubre vam viure un dels moments m\u00e9s especials i significatius de l\u2019inici de curs: <\/span><b>la presentaci\u00f3 del nom de les classes<\/b><span style=\"font-weight: 400;\">. Tota la comunitat educativa es va reunir al <\/span><b>gimn\u00e0s de l\u2019escola<\/b><span style=\"font-weight: 400;\">, que es va convertir en un espai de trobada, il\u00b7lusi\u00f3 i celebraci\u00f3 compartida.<\/span><\/p>\n<p><span style=\"font-weight: 400;\">Cada grup va presentar amb orgull el nom que l\u2019acompanyar\u00e0 al llarg del curs, fruit del treball i la reflexi\u00f3 feta a l\u2019aula:<\/span><\/p>\n<ul>\n<li style=\"font-weight: 400;\" aria-level=\"1\"><b>I3:<\/b><span style=\"font-weight: 400;\"> Els exploradors<\/span><span style=\"font-weight: 400;\"><br \/>\n<img loading=\"lazy\" decoding=\"async\" class=\"alignnone size-full wp-image-4088\" style=\"font-family: inherit; font-size: 1em;\" src=\"https:\/\/agora.xtec.cat\/escjoanblanquer\/wp-content\/uploads\/usu28\/2026\/01\/IMG_20251005_224052_827.webp\" alt=\"\" width=\"1080\" height=\"894\" srcset=\"https:\/\/agora.xtec.cat\/escjoanblanquer\/wp-content\/uploads\/usu28\/2026\/01\/IMG_20251005_224052_827.webp 1080w, https:\/\/agora.xtec.cat\/escjoanblanquer\/wp-content\/uploads\/usu28\/2026\/01\/IMG_20251005_224052_827-300x248.webp 300w, https:\/\/agora.xtec.cat\/escjoanblanquer\/wp-content\/uploads\/usu28\/2026\/01\/IMG_20251005_224052_827-1024x848.webp 1024w, https:\/\/agora.xtec.cat\/escjoanblanquer\/wp-content\/uploads\/usu28\/2026\/01\/IMG_20251005_224052_827-768x636.webp 768w\" sizes=\"auto, (max-width: 1080px) 100vw, 1080px\" \/><\/span><\/li>\n<\/ul>\n<ul>\n<li style=\"font-weight: 400;\" aria-level=\"1\"><b>I4:<\/b><span style=\"font-weight: 400;\"> Els volcans<\/span><span style=\"font-weight: 400;\"><br \/>\n<img loading=\"lazy\" decoding=\"async\" class=\"alignnone size-full wp-image-4087\" style=\"font-family: inherit; font-size: 1em;\" src=\"https:\/\/agora.xtec.cat\/escjoanblanquer\/wp-content\/uploads\/usu28\/2026\/01\/IMG_20251005_224052_847.webp\" alt=\"\" width=\"1080\" height=\"894\" srcset=\"https:\/\/agora.xtec.cat\/escjoanblanquer\/wp-content\/uploads\/usu28\/2026\/01\/IMG_20251005_224052_847.webp 1080w, https:\/\/agora.xtec.cat\/escjoanblanquer\/wp-content\/uploads\/usu28\/2026\/01\/IMG_20251005_224052_847-300x248.webp 300w, https:\/\/agora.xtec.cat\/escjoanblanquer\/wp-content\/uploads\/usu28\/2026\/01\/IMG_20251005_224052_847-1024x848.webp 1024w, https:\/\/agora.xtec.cat\/escjoanblanquer\/wp-content\/uploads\/usu28\/2026\/01\/IMG_20251005_224052_847-768x636.webp 768w\" sizes=\"auto, (max-width: 1080px) 100vw, 1080px\" \/><\/span><\/li>\n<\/ul>\n<ul>\n<li style=\"font-weight: 400;\" aria-level=\"1\"><b>I5:<\/b><span style=\"font-weight: 400;\"> Els planetes<\/span><span style=\"font-weight: 400;\"><br \/>\n<img loading=\"lazy\" decoding=\"async\" class=\"alignnone size-full wp-image-4086\" style=\"font-family: inherit; font-size: 1em;\" src=\"https:\/\/agora.xtec.cat\/escjoanblanquer\/wp-content\/uploads\/usu28\/2026\/01\/IMG-20251003-WA0018.jpg\" alt=\"\" width=\"1600\" height=\"1200\" srcset=\"https:\/\/agora.xtec.cat\/escjoanblanquer\/wp-content\/uploads\/usu28\/2026\/01\/IMG-20251003-WA0018.jpg 1600w, https:\/\/agora.xtec.cat\/escjoanblanquer\/wp-content\/uploads\/usu28\/2026\/01\/IMG-20251003-WA0018-300x225.jpg 300w, https:\/\/agora.xtec.cat\/escjoanblanquer\/wp-content\/uploads\/usu28\/2026\/01\/IMG-20251003-WA0018-1024x768.jpg 1024w, https:\/\/agora.xtec.cat\/escjoanblanquer\/wp-content\/uploads\/usu28\/2026\/01\/IMG-20251003-WA0018-768x576.jpg 768w, https:\/\/agora.xtec.cat\/escjoanblanquer\/wp-content\/uploads\/usu28\/2026\/01\/IMG-20251003-WA0018-1536x1152.jpg 1536w, https:\/\/agora.xtec.cat\/escjoanblanquer\/wp-content\/uploads\/usu28\/2026\/01\/IMG-20251003-WA0018-200x150.jpg 200w\" sizes=\"auto, (max-width: 1600px) 100vw, 1600px\" \/><\/span><\/li>\n<\/ul>\n<ul>\n<li><b>1r:<\/b><span style=\"font-weight: 400;\"> Els minerals<\/span><span style=\"font-weight: 400;\"><br \/>\n<img loading=\"lazy\" decoding=\"async\" class=\"alignnone size-full wp-image-4085\" src=\"https:\/\/agora.xtec.cat\/escjoanblanquer\/wp-content\/uploads\/usu28\/2026\/01\/IMG_20251005_224052_865.webp\" alt=\"\" width=\"1080\" height=\"894\" srcset=\"https:\/\/agora.xtec.cat\/escjoanblanquer\/wp-content\/uploads\/usu28\/2026\/01\/IMG_20251005_224052_865.webp 1080w, https:\/\/agora.xtec.cat\/escjoanblanquer\/wp-content\/uploads\/usu28\/2026\/01\/IMG_20251005_224052_865-300x248.webp 300w, https:\/\/agora.xtec.cat\/escjoanblanquer\/wp-content\/uploads\/usu28\/2026\/01\/IMG_20251005_224052_865-1024x848.webp 1024w, https:\/\/agora.xtec.cat\/escjoanblanquer\/wp-content\/uploads\/usu28\/2026\/01\/IMG_20251005_224052_865-768x636.webp 768w\" sizes=\"auto, (max-width: 1080px) 100vw, 1080px\" \/><br \/>\n<\/span><\/li>\n<li style=\"font-weight: 400;\" aria-level=\"1\"><b>2n:<\/b><span style=\"font-weight: 400;\"> L&#8217;univers<\/span><span style=\"font-weight: 400;\"><br \/>\n<img loading=\"lazy\" decoding=\"async\" class=\"alignnone size-full wp-image-4084\" style=\"font-family: inherit; font-size: 1em;\" src=\"https:\/\/agora.xtec.cat\/escjoanblanquer\/wp-content\/uploads\/usu28\/2026\/01\/IMG-20251003-WA0025.jpg\" alt=\"\" width=\"1600\" height=\"1200\" srcset=\"https:\/\/agora.xtec.cat\/escjoanblanquer\/wp-content\/uploads\/usu28\/2026\/01\/IMG-20251003-WA0025.jpg 1600w, https:\/\/agora.xtec.cat\/escjoanblanquer\/wp-content\/uploads\/usu28\/2026\/01\/IMG-20251003-WA0025-300x225.jpg 300w, https:\/\/agora.xtec.cat\/escjoanblanquer\/wp-content\/uploads\/usu28\/2026\/01\/IMG-20251003-WA0025-1024x768.jpg 1024w, https:\/\/agora.xtec.cat\/escjoanblanquer\/wp-content\/uploads\/usu28\/2026\/01\/IMG-20251003-WA0025-768x576.jpg 768w, https:\/\/agora.xtec.cat\/escjoanblanquer\/wp-content\/uploads\/usu28\/2026\/01\/IMG-20251003-WA0025-1536x1152.jpg 1536w, https:\/\/agora.xtec.cat\/escjoanblanquer\/wp-content\/uploads\/usu28\/2026\/01\/IMG-20251003-WA0025-200x150.jpg 200w\" sizes=\"auto, (max-width: 1600px) 100vw, 1600px\" \/><\/span><\/li>\n<\/ul>\n<ul>\n<li style=\"font-weight: 400;\" aria-level=\"1\"><b>3r:<\/b><span style=\"font-weight: 400;\"> El mar<\/span><span style=\"font-weight: 400;\"><br \/>\n<img loading=\"lazy\" decoding=\"async\" class=\"alignnone size-full wp-image-4083\" style=\"font-family: inherit; font-size: 1em;\" src=\"https:\/\/agora.xtec.cat\/escjoanblanquer\/wp-content\/uploads\/usu28\/2026\/01\/IMG-20251003-WA0031.jpg\" alt=\"\" width=\"1600\" height=\"1200\" srcset=\"https:\/\/agora.xtec.cat\/escjoanblanquer\/wp-content\/uploads\/usu28\/2026\/01\/IMG-20251003-WA0031.jpg 1600w, https:\/\/agora.xtec.cat\/escjoanblanquer\/wp-content\/uploads\/usu28\/2026\/01\/IMG-20251003-WA0031-300x225.jpg 300w, https:\/\/agora.xtec.cat\/escjoanblanquer\/wp-content\/uploads\/usu28\/2026\/01\/IMG-20251003-WA0031-1024x768.jpg 1024w, https:\/\/agora.xtec.cat\/escjoanblanquer\/wp-content\/uploads\/usu28\/2026\/01\/IMG-20251003-WA0031-768x576.jpg 768w, https:\/\/agora.xtec.cat\/escjoanblanquer\/wp-content\/uploads\/usu28\/2026\/01\/IMG-20251003-WA0031-1536x1152.jpg 1536w, https:\/\/agora.xtec.cat\/escjoanblanquer\/wp-content\/uploads\/usu28\/2026\/01\/IMG-20251003-WA0031-200x150.jpg 200w\" sizes=\"auto, (max-width: 1600px) 100vw, 1600px\" \/><\/span><\/li>\n<\/ul>\n<ul>\n<li style=\"font-weight: 400;\" aria-level=\"1\"><b>4t:<\/b><span style=\"font-weight: 400;\"> TV-4t<\/span><\/li>\n<\/ul>\n<p><span style=\"font-weight: 400;\"><img loading=\"lazy\" decoding=\"async\" class=\"alignnone size-full wp-image-4082\" src=\"https:\/\/agora.xtec.cat\/escjoanblanquer\/wp-content\/uploads\/usu28\/2026\/01\/IMG-20251003-WA0037.jpg\" alt=\"\" width=\"1600\" height=\"1200\" srcset=\"https:\/\/agora.xtec.cat\/escjoanblanquer\/wp-content\/uploads\/usu28\/2026\/01\/IMG-20251003-WA0037.jpg 1600w, https:\/\/agora.xtec.cat\/escjoanblanquer\/wp-content\/uploads\/usu28\/2026\/01\/IMG-20251003-WA0037-300x225.jpg 300w, https:\/\/agora.xtec.cat\/escjoanblanquer\/wp-content\/uploads\/usu28\/2026\/01\/IMG-20251003-WA0037-1024x768.jpg 1024w, https:\/\/agora.xtec.cat\/escjoanblanquer\/wp-content\/uploads\/usu28\/2026\/01\/IMG-20251003-WA0037-768x576.jpg 768w, https:\/\/agora.xtec.cat\/escjoanblanquer\/wp-content\/uploads\/usu28\/2026\/01\/IMG-20251003-WA0037-1536x1152.jpg 1536w, https:\/\/agora.xtec.cat\/escjoanblanquer\/wp-content\/uploads\/usu28\/2026\/01\/IMG-20251003-WA0037-200x150.jpg 200w\" sizes=\"auto, (max-width: 1600px) 100vw, 1600px\" \/><br \/>\n<\/span><\/p>\n<p>&nbsp;<\/p>\n<ul>\n<li style=\"font-weight: 400;\" aria-level=\"1\"><b>5\u00e8:<\/b><span style=\"font-weight: 400;\"> Els xefs<\/span><span style=\"font-weight: 400;\"><br \/>\n<img loading=\"lazy\" decoding=\"async\" class=\"alignnone size-full wp-image-4081\" src=\"https:\/\/agora.xtec.cat\/escjoanblanquer\/wp-content\/uploads\/usu28\/2026\/01\/IMG-20251003-WA0038.jpg\" alt=\"\" width=\"1600\" height=\"1200\" srcset=\"https:\/\/agora.xtec.cat\/escjoanblanquer\/wp-content\/uploads\/usu28\/2026\/01\/IMG-20251003-WA0038.jpg 1600w, https:\/\/agora.xtec.cat\/escjoanblanquer\/wp-content\/uploads\/usu28\/2026\/01\/IMG-20251003-WA0038-300x225.jpg 300w, https:\/\/agora.xtec.cat\/escjoanblanquer\/wp-content\/uploads\/usu28\/2026\/01\/IMG-20251003-WA0038-1024x768.jpg 1024w, https:\/\/agora.xtec.cat\/escjoanblanquer\/wp-content\/uploads\/usu28\/2026\/01\/IMG-20251003-WA0038-768x576.jpg 768w, https:\/\/agora.xtec.cat\/escjoanblanquer\/wp-content\/uploads\/usu28\/2026\/01\/IMG-20251003-WA0038-1536x1152.jpg 1536w, https:\/\/agora.xtec.cat\/escjoanblanquer\/wp-content\/uploads\/usu28\/2026\/01\/IMG-20251003-WA0038-200x150.jpg 200w\" sizes=\"auto, (max-width: 1600px) 100vw, 1600px\" \/><br \/>\n<\/span><\/li>\n<li style=\"font-weight: 400;\" aria-level=\"1\"><b>6\u00e8:<\/b><span style=\"font-weight: 400;\"> Els animals ex\u00f2tics<\/span><span style=\"font-weight: 400;\"><br \/>\n<img loading=\"lazy\" decoding=\"async\" class=\"alignnone size-full wp-image-4080\" src=\"https:\/\/agora.xtec.cat\/escjoanblanquer\/wp-content\/uploads\/usu28\/2026\/01\/IMG-20251003-WA0045.jpg\" alt=\"\" width=\"1600\" height=\"1200\" srcset=\"https:\/\/agora.xtec.cat\/escjoanblanquer\/wp-content\/uploads\/usu28\/2026\/01\/IMG-20251003-WA0045.jpg 1600w, https:\/\/agora.xtec.cat\/escjoanblanquer\/wp-content\/uploads\/usu28\/2026\/01\/IMG-20251003-WA0045-300x225.jpg 300w, https:\/\/agora.xtec.cat\/escjoanblanquer\/wp-content\/uploads\/usu28\/2026\/01\/IMG-20251003-WA0045-1024x768.jpg 1024w, https:\/\/agora.xtec.cat\/escjoanblanquer\/wp-content\/uploads\/usu28\/2026\/01\/IMG-20251003-WA0045-768x576.jpg 768w, https:\/\/agora.xtec.cat\/escjoanblanquer\/wp-content\/uploads\/usu28\/2026\/01\/IMG-20251003-WA0045-1536x1152.jpg 1536w, https:\/\/agora.xtec.cat\/escjoanblanquer\/wp-content\/uploads\/usu28\/2026\/01\/IMG-20251003-WA0045-200x150.jpg 200w\" sizes=\"auto, (max-width: 1600px) 100vw, 1600px\" \/><br \/>\n<\/span><\/li>\n<\/ul>\n<p><span style=\"font-weight: 400;\">Les presentacions van posar de manifest la creativitat, l\u2019entusiasme i la identitat pr\u00f2pia de cada classe, i van refor\u00e7ar el sentiment de pertinen\u00e7a a l\u2019escola. Un cop totes les classes havien compartit el seu nom, <\/span><b>vam donar oficialment per inaugurat el curs 2025-2026<\/b><span style=\"font-weight: 400;\">, amb molta il\u00b7lusi\u00f3 i ganes d\u2019aprendre plegats.<\/span><\/p>\n<p><span style=\"font-weight: 400;\">Perqu\u00e8 a la nostra escola <\/span><b>tots tenim un lloc<\/b><span style=\"font-weight: 400;\">, i perqu\u00e8 <\/span><b>tots som Joan Blanquer<\/b><span style=\"font-weight: 400;\">.<\/span><\/p>\n","protected":false},"excerpt":{"rendered":"<p>Divendres 3 d\u2019octubre vam viure un dels moments m\u00e9s especials i significatius de l\u2019inici de curs: la presentaci\u00f3 del nom de les classes. Tota la comunitat educativa es va reunir al gimn\u00e0s de l\u2019escola, que es va convertir en un espai de trobada, il\u00b7lusi\u00f3 i&hellip;  <a href=\"https:\/\/agora.xtec.cat\/escjoanblanquer\/general\/presentacio-noms-de-les-classes\/\" title=\"Read PRESENTACI\u00d3 NOMS DE LES CLASSES\">Llegeix m\u00e9s\u00bb<\/a><\/p>\n","protected":false},"author":1,"featured_media":4089,"comment_status":"closed","ping_status":"closed","sticky":false,"template":"","format":"standard","meta":{"_bbp_topic_count":0,"_bbp_reply_count":0,"_bbp_total_topic_count":0,"_bbp_total_reply_count":0,"_bbp_voice_count":0,"_bbp_anonymous_reply_count":0,"_bbp_topic_count_hidden":0,"_bbp_reply_count_hidden":0,"_bbp_forum_subforum_count":0,"footnotes":""},"categories":[1,61,4],"tags":[],"class_list":["post-4079","post","type-post","status-publish","format-standard","has-post-thumbnail","hentry","category-general","category-inici","category-portada"],"post_mailing_queue_ids":[],"_links":{"self":[{"href":"https:\/\/agora.xtec.cat\/escjoanblanquer\/wp-json\/wp\/v2\/posts\/4079","targetHints":{"allow":["GET"]}}],"collection":[{"href":"https:\/\/agora.xtec.cat\/escjoanblanquer\/wp-json\/wp\/v2\/posts"}],"about":[{"href":"https:\/\/agora.xtec.cat\/escjoanblanquer\/wp-json\/wp\/v2\/types\/post"}],"author":[{"embeddable":true,"href":"https:\/\/agora.xtec.cat\/escjoanblanquer\/wp-json\/wp\/v2\/users\/1"}],"replies":[{"embeddable":true,"href":"https:\/\/agora.xtec.cat\/escjoanblanquer\/wp-json\/wp\/v2\/comments?post=4079"}],"version-history":[{"count":1,"href":"https:\/\/agora.xtec.cat\/escjoanblanquer\/wp-json\/wp\/v2\/posts\/4079\/revisions"}],"predecessor-version":[{"id":4090,"href":"https:\/\/agora.xtec.cat\/escjoanblanquer\/wp-json\/wp\/v2\/posts\/4079\/revisions\/4090"}],"wp:featuredmedia":[{"embeddable":true,"href":"https:\/\/agora.xtec.cat\/escjoanblanquer\/wp-json\/wp\/v2\/media\/4089"}],"wp:attachment":[{"href":"https:\/\/agora.xtec.cat\/escjoanblanquer\/wp-json\/wp\/v2\/media?parent=4079"}],"wp:term":[{"taxonomy":"category","embeddable":true,"href":"https:\/\/agora.xtec.cat\/escjoanblanquer\/wp-json\/wp\/v2\/categories?post=4079"},{"taxonomy":"post_tag","embeddable":true,"href":"https:\/\/agora.xtec.cat\/escjoanblanquer\/wp-json\/wp\/v2\/tags?post=4079"}],"curies":[{"name":"wp","href":"https:\/\/api.w.org\/{rel}","templated":true}]}}