{"id":4068,"date":"2026-01-28T13:35:21","date_gmt":"2026-01-28T12:35:21","guid":{"rendered":"https:\/\/agora.xtec.cat\/escjoanblanquer\/?p=4068"},"modified":"2026-01-28T13:37:11","modified_gmt":"2026-01-28T12:37:11","slug":"formacio-continuada-del-professorat","status":"publish","type":"post","link":"https:\/\/agora.xtec.cat\/escjoanblanquer\/general\/formacio-continuada-del-professorat\/","title":{"rendered":"FORMACI\u00d3 CONTINUADA DEL PROFESSORAT"},"content":{"rendered":"<p><span style=\"font-weight: 400;\">Com cada any, els mestres de l\u2019escola Joan Blanquer est<\/span><span style=\"font-weight: 400;\">an duent a terme diverses formacions per tal d\u2019actualitzar metodologies d\u2019ensenyament-aprenentatge, adquirir nous coneixements, o millorar les pr\u00f2pies habilitats envers diferents \u00e0mbits de la tasca docent.<\/span><\/p>\n<p><span style=\"font-weight: 400;\">La formaci\u00f3 continuada ens permet adaptar als canvis pedag\u00f2gics, tecnol\u00f2gics i socials que va patint la societat, aix\u00ed com enriquir la pr\u00e0ctica docent, tot contribuint a la millora de la qualitat educativa que s\u2019ofereix als infants.<\/span><\/p>\n<p><span style=\"font-weight: 400;\">Durant aquest curs, ja s\u2019han realitzat o s\u2019estan realitzant les seg\u00fcents formacions:<\/span><\/p>\n<ul>\n<li style=\"list-style-type: none;\">\n<ul>\n<li style=\"font-weight: 400;\" aria-level=\"1\"><b>C\u00e0psula formativa en edici\u00f3 de video:<\/b><span style=\"font-weight: 400;\"> aquesta formaci\u00f3 ha sorgit de la necessitat de con\u00e8ixer millor el Croma (un dels materials de la maleta audiovisual que el departament va dotar a les escoles el curs passat) per poder utilitzar-lo amb els nostres alumnes. S\u2019han portat a terme dues sessions, una centrada en la gravaci\u00f3 (\u00fas de la c\u00e0mera de v\u00eddeo i la gravadora) i l\u2019altra sessi\u00f3 per l\u2019edici\u00f3 de v\u00eddeo. \u00c9s una formaci\u00f3 que se\u2019ns va quedar curta i durant el segon trimestre es continuar\u00e0 amb dues sessions m\u00e9s.<\/span><\/li>\n<\/ul>\n<\/li>\n<\/ul>\n<p><img loading=\"lazy\" decoding=\"async\" class=\"wp-image-4070 aligncenter\" src=\"https:\/\/agora.xtec.cat\/escjoanblanquer\/wp-content\/uploads\/usu28\/2026\/01\/IMG_20251028_131227-1-scaled.jpg\" alt=\"\" width=\"310\" height=\"413\" srcset=\"https:\/\/agora.xtec.cat\/escjoanblanquer\/wp-content\/uploads\/usu28\/2026\/01\/IMG_20251028_131227-1-scaled.jpg 1920w, https:\/\/agora.xtec.cat\/escjoanblanquer\/wp-content\/uploads\/usu28\/2026\/01\/IMG_20251028_131227-1-225x300.jpg 225w, https:\/\/agora.xtec.cat\/escjoanblanquer\/wp-content\/uploads\/usu28\/2026\/01\/IMG_20251028_131227-1-768x1024.jpg 768w, https:\/\/agora.xtec.cat\/escjoanblanquer\/wp-content\/uploads\/usu28\/2026\/01\/IMG_20251028_131227-1-1152x1536.jpg 1152w, https:\/\/agora.xtec.cat\/escjoanblanquer\/wp-content\/uploads\/usu28\/2026\/01\/IMG_20251028_131227-1-1536x2048.jpg 1536w\" sizes=\"auto, (max-width: 310px) 100vw, 310px\" \/><\/p>\n<ul>\n<li style=\"list-style-type: none;\">\n<ul>\n<li aria-level=\"1\"><b>C\u00e0psula formativa en educaci\u00f3 inclusiva:<\/b><span style=\"font-weight: 400;\"> Aquesta p\u00edndola formativa, d\u2019una sola sessi\u00f3, ha anat adre\u00e7ada a tot el claustre i ha perm\u00e8s con\u00e8ixer les mesures universals, addicionals i intensives que es poden aplicar amb l\u2019alumnat. Tamb\u00e9 s\u2019ha incidit en la import\u00e0ncia que tots els docents comparteixin el mateix significat i criteris per a cada concepte.<\/span><\/li>\n<\/ul>\n<\/li>\n<\/ul>\n<ul>\n<li style=\"list-style-type: none;\">\n<ul>\n<li style=\"font-weight: 400;\" aria-level=\"1\"><b>C\u00e0psula formativa en IA:<\/b><span style=\"font-weight: 400;\"> En una primera sessi\u00f3, les docents hem descobert qu\u00e8 \u00e9s la intel\u00b7lig\u00e8ncia artificial, com est\u00e0 transformant la nostra vida quotidiana i de quina manera pot esdevenir una eina pedag\u00f2gica. Hem treballat exemples pr\u00e0ctics d\u2019eines d\u2019IA per al tractament i la transformaci\u00f3 de la informaci\u00f3. A la segona sessi\u00f3 ens hem centrat en com la IA pot ajudar els docents a crear materials educatius adaptats i atractius i a dissenyar activitats i instruments d&#8217;avaluaci\u00f3.\u00a0<\/span><\/li>\n<\/ul>\n<\/li>\n<\/ul>\n<ul>\n<li style=\"list-style-type: none;\">\n<ul>\n<li style=\"font-weight: 400;\" aria-level=\"1\"><b>C\u00e0psula formativa de R\u00e0dio: <\/b><span style=\"font-weight: 400;\">Aquesta formaci\u00f3 s\u2019est\u00e0 duent a terme durant el aquest segon trimestre en dues sessions. T\u00e9 com a objectiu introduir i potenciar l\u2019\u00fas de la r\u00e0dio com a eina educativa. Per altra banda, permet al professorat con\u00e8ixer les possibilitats pedag\u00f2giques d\u2019aquest recurs, aix\u00ed com els diferents rols i tasques que pot assumir l\u2019alumnat en un projecte radiof\u00f2nic. La r\u00e0dio esdev\u00e9 una eina motivadora que fomenta l\u2019expressi\u00f3 oral, el treball cooperatiu, la creativitat i la compet\u00e8ncia comunicativa, alhora que permet treballar continguts de manera transversal.<\/span><\/li>\n<\/ul>\n<\/li>\n<\/ul>\n<p><span style=\"font-weight: 400;\"><img loading=\"lazy\" decoding=\"async\" class=\"wp-image-4069 aligncenter\" src=\"https:\/\/agora.xtec.cat\/escjoanblanquer\/wp-content\/uploads\/usu28\/2026\/01\/IMG_20260120_132748-1-scaled.jpg\" alt=\"\" width=\"418\" height=\"313\" srcset=\"https:\/\/agora.xtec.cat\/escjoanblanquer\/wp-content\/uploads\/usu28\/2026\/01\/IMG_20260120_132748-1-scaled.jpg 2560w, https:\/\/agora.xtec.cat\/escjoanblanquer\/wp-content\/uploads\/usu28\/2026\/01\/IMG_20260120_132748-1-300x225.jpg 300w, https:\/\/agora.xtec.cat\/escjoanblanquer\/wp-content\/uploads\/usu28\/2026\/01\/IMG_20260120_132748-1-1024x768.jpg 1024w, https:\/\/agora.xtec.cat\/escjoanblanquer\/wp-content\/uploads\/usu28\/2026\/01\/IMG_20260120_132748-1-768x576.jpg 768w, https:\/\/agora.xtec.cat\/escjoanblanquer\/wp-content\/uploads\/usu28\/2026\/01\/IMG_20260120_132748-1-1536x1152.jpg 1536w, https:\/\/agora.xtec.cat\/escjoanblanquer\/wp-content\/uploads\/usu28\/2026\/01\/IMG_20260120_132748-1-2048x1536.jpg 2048w, https:\/\/agora.xtec.cat\/escjoanblanquer\/wp-content\/uploads\/usu28\/2026\/01\/IMG_20260120_132748-1-200x150.jpg 200w\" sizes=\"auto, (max-width: 418px) 100vw, 418px\" \/><\/span><\/p>\n<ul>\n<li style=\"list-style-type: none;\">\n<ul>\n<li aria-level=\"1\"><b>Programa Florence: <\/b><span style=\"font-weight: 400;\">el centre participa en un programa d\u2019innovaci\u00f3 basat en la millora de les matem\u00e0tiques de l\u2019alumnat, partint de la manipulaci\u00f3 i l\u2019experimentaci\u00f3 de material concret. Aquest programa ofereix al claustre una formaci\u00f3 de 10 hores amb format taller al llarg de tot el curs amb l\u2019objectiu que les mestres coneguin el marc del curr\u00edculum de l\u2019\u00e0mbit de les matem\u00e0tiques i adquireixen recursos did\u00e0ctics, vinculats amb unes pr\u00e0ctiques vivencials d&#8217;aula que s&#8217;ofereixen al centre.<\/span><\/li>\n<\/ul>\n<\/li>\n<\/ul>\n<ul>\n<li style=\"list-style-type: none;\">\n<ul>\n<li aria-level=\"1\"><img loading=\"lazy\" decoding=\"async\" class=\"wp-image-4071 alignleft\" src=\"https:\/\/agora.xtec.cat\/escjoanblanquer\/wp-content\/uploads\/usu28\/2026\/01\/IMG_20251021_131803-2-1-scaled.jpg\" alt=\"\" width=\"329\" height=\"439\" srcset=\"https:\/\/agora.xtec.cat\/escjoanblanquer\/wp-content\/uploads\/usu28\/2026\/01\/IMG_20251021_131803-2-1-scaled.jpg 1920w, https:\/\/agora.xtec.cat\/escjoanblanquer\/wp-content\/uploads\/usu28\/2026\/01\/IMG_20251021_131803-2-1-225x300.jpg 225w, https:\/\/agora.xtec.cat\/escjoanblanquer\/wp-content\/uploads\/usu28\/2026\/01\/IMG_20251021_131803-2-1-768x1024.jpg 768w, https:\/\/agora.xtec.cat\/escjoanblanquer\/wp-content\/uploads\/usu28\/2026\/01\/IMG_20251021_131803-2-1-1152x1536.jpg 1152w, https:\/\/agora.xtec.cat\/escjoanblanquer\/wp-content\/uploads\/usu28\/2026\/01\/IMG_20251021_131803-2-1-1536x2048.jpg 1536w\" sizes=\"auto, (max-width: 329px) 100vw, 329px\" \/> <img loading=\"lazy\" decoding=\"async\" class=\"alignnone wp-image-4073\" src=\"https:\/\/agora.xtec.cat\/escjoanblanquer\/wp-content\/uploads\/usu28\/2026\/01\/IMG_20251202_134525-1-scaled.jpg\" alt=\"\" width=\"327\" height=\"436\" srcset=\"https:\/\/agora.xtec.cat\/escjoanblanquer\/wp-content\/uploads\/usu28\/2026\/01\/IMG_20251202_134525-1-scaled.jpg 1920w, https:\/\/agora.xtec.cat\/escjoanblanquer\/wp-content\/uploads\/usu28\/2026\/01\/IMG_20251202_134525-1-225x300.jpg 225w, https:\/\/agora.xtec.cat\/escjoanblanquer\/wp-content\/uploads\/usu28\/2026\/01\/IMG_20251202_134525-1-768x1024.jpg 768w, https:\/\/agora.xtec.cat\/escjoanblanquer\/wp-content\/uploads\/usu28\/2026\/01\/IMG_20251202_134525-1-1152x1536.jpg 1152w, https:\/\/agora.xtec.cat\/escjoanblanquer\/wp-content\/uploads\/usu28\/2026\/01\/IMG_20251202_134525-1-1536x2048.jpg 1536w\" sizes=\"auto, (max-width: 327px) 100vw, 327px\" \/><\/li>\n<\/ul>\n<\/li>\n<\/ul>\n<p>&nbsp;<\/p>\n","protected":false},"excerpt":{"rendered":"<p>Com cada any, els mestres de l\u2019escola Joan Blanquer estan duent a terme diverses formacions per tal d\u2019actualitzar metodologies d\u2019ensenyament-aprenentatge, adquirir nous coneixements, o millorar les pr\u00f2pies habilitats envers diferents \u00e0mbits de la tasca docent.<br \/>\nLa formaci\u00f3 continuada ens permet adaptar als canvis pedag\u00f2gics, tecnol\u00f2gics i&hellip;  <a href=\"https:\/\/agora.xtec.cat\/escjoanblanquer\/general\/formacio-continuada-del-professorat\/\" title=\"Read FORMACI\u00d3 CONTINUADA DEL PROFESSORAT\">Llegeix m\u00e9s\u00bb<\/a><\/p>\n","protected":false},"author":1,"featured_media":4069,"comment_status":"open","ping_status":"open","sticky":false,"template":"","format":"standard","meta":{"_bbp_topic_count":0,"_bbp_reply_count":0,"_bbp_total_topic_count":0,"_bbp_total_reply_count":0,"_bbp_voice_count":0,"_bbp_anonymous_reply_count":0,"_bbp_topic_count_hidden":0,"_bbp_reply_count_hidden":0,"_bbp_forum_subforum_count":0,"footnotes":""},"categories":[1,61,4],"tags":[],"class_list":["post-4068","post","type-post","status-publish","format-standard","has-post-thumbnail","hentry","category-general","category-inici","category-portada"],"post_mailing_queue_ids":[],"_links":{"self":[{"href":"https:\/\/agora.xtec.cat\/escjoanblanquer\/wp-json\/wp\/v2\/posts\/4068","targetHints":{"allow":["GET"]}}],"collection":[{"href":"https:\/\/agora.xtec.cat\/escjoanblanquer\/wp-json\/wp\/v2\/posts"}],"about":[{"href":"https:\/\/agora.xtec.cat\/escjoanblanquer\/wp-json\/wp\/v2\/types\/post"}],"author":[{"embeddable":true,"href":"https:\/\/agora.xtec.cat\/escjoanblanquer\/wp-json\/wp\/v2\/users\/1"}],"replies":[{"embeddable":true,"href":"https:\/\/agora.xtec.cat\/escjoanblanquer\/wp-json\/wp\/v2\/comments?post=4068"}],"version-history":[{"count":3,"href":"https:\/\/agora.xtec.cat\/escjoanblanquer\/wp-json\/wp\/v2\/posts\/4068\/revisions"}],"predecessor-version":[{"id":4075,"href":"https:\/\/agora.xtec.cat\/escjoanblanquer\/wp-json\/wp\/v2\/posts\/4068\/revisions\/4075"}],"wp:featuredmedia":[{"embeddable":true,"href":"https:\/\/agora.xtec.cat\/escjoanblanquer\/wp-json\/wp\/v2\/media\/4069"}],"wp:attachment":[{"href":"https:\/\/agora.xtec.cat\/escjoanblanquer\/wp-json\/wp\/v2\/media?parent=4068"}],"wp:term":[{"taxonomy":"category","embeddable":true,"href":"https:\/\/agora.xtec.cat\/escjoanblanquer\/wp-json\/wp\/v2\/categories?post=4068"},{"taxonomy":"post_tag","embeddable":true,"href":"https:\/\/agora.xtec.cat\/escjoanblanquer\/wp-json\/wp\/v2\/tags?post=4068"}],"curies":[{"name":"wp","href":"https:\/\/api.w.org\/{rel}","templated":true}]}}