{"id":4013,"date":"2025-05-13T12:30:24","date_gmt":"2025-05-13T10:30:24","guid":{"rendered":"https:\/\/agora.xtec.cat\/escjoanblanquer\/?p=4013"},"modified":"2025-05-13T12:30:24","modified_gmt":"2025-05-13T10:30:24","slug":"projecte-school-doc-fest","status":"publish","type":"post","link":"https:\/\/agora.xtec.cat\/escjoanblanquer\/general\/projecte-school-doc-fest\/","title":{"rendered":"PROJECTE SCHOOL DOC FEST"},"content":{"rendered":"<p><span style=\"font-weight: 400;\">Els alumnes de 5\u00e8 hem participat en el projecte School Doc Fest creat per Amics del Nepal, dins l\u2019\u00e0rea de llengua anglesa.<\/span><\/p>\n<p><img loading=\"lazy\" decoding=\"async\" class=\"alignnone size-full wp-image-4016\" src=\"https:\/\/agora.xtec.cat\/escjoanblanquer\/wp-content\/uploads\/usu28\/2025\/05\/nepal1.jpg\" alt=\"\" width=\"661\" height=\"353\" srcset=\"https:\/\/agora.xtec.cat\/escjoanblanquer\/wp-content\/uploads\/usu28\/2025\/05\/nepal1.jpg 661w, https:\/\/agora.xtec.cat\/escjoanblanquer\/wp-content\/uploads\/usu28\/2025\/05\/nepal1-300x160.jpg 300w\" sizes=\"auto, (max-width: 661px) 100vw, 661px\" \/><\/p>\n<p><span style=\"font-weight: 400;\">Al llarg del primer i segon trimestre hem descobert el petit pa\u00eds al peu de L&#8217;Him\u00e0laia, a trav\u00e9s d\u2019un viatge virtual utilitzant un mapa interactiu. A cada ciutat del mapa, un expert diferent ens ha explicat, a trav\u00e9s de v\u00eddeos i diverses activitats, la cultura i tradicions del Nepal: el menjar, la biodiversitat, el relleu, les festes, la llengua, la cultura i l\u2019economia. A m\u00e9s de les activitats, els alumnes hem pogut enviar v\u00eddeos amb informacions, dubtes i preguntes per als estudiants del centre d\u2019activitats d\u2019Amics del Nepal a Katmand\u00fa.<\/span><\/p>\n<p><span style=\"font-weight: 400;\">Amb el material obtingut de les activitats de classe, els v\u00eddeos dels experts i l\u2019intercanvi amb els estudiants nepalesos,<\/span> <span style=\"font-weight: 400;\">l\u2019equip de Nepal ha creat un documental.<\/span><\/p>\n<p><span style=\"font-weight: 400;\">El projecte va concloure el dijous 3 d\u2019abril amb la presentaci\u00f3 del v\u00eddeo documental a l\u2019Auditori de Castellar del Vall\u00e8s amb la pres\u00e8ncia de les fam\u00edlies dels protagonistes.<\/span><\/p>\n<p><span style=\"font-weight: 400;\">El projecte ha estat molt motivador i enriquidor i ens ha perm\u00e8s practicar oralment la llengua anglesa!<\/span><\/p>\n<p><a href=\"https:\/\/drive.google.com\/file\/d\/1K6TVlo96LuxzQplEgi5Sw9maZn49TaXT\/view?usp=sharing\" target=\"_blank\" rel=\"noopener\">VIDEO DOCFEST<\/a><\/p>\n<p>&nbsp;<\/p>\n","protected":false},"excerpt":{"rendered":"<p>Els alumnes de 5\u00e8 hem participat en el projecte School Doc Fest creat per Amics del Nepal, dins l\u2019\u00e0rea de llengua anglesa.<\/p>\n<p>Al llarg del primer i segon trimestre hem descobert el petit pa\u00eds al peu de L&#8217;Him\u00e0laia, a trav\u00e9s d\u2019un viatge virtual utilitzant un mapa&hellip;  <a href=\"https:\/\/agora.xtec.cat\/escjoanblanquer\/general\/projecte-school-doc-fest\/\" title=\"Read PROJECTE SCHOOL DOC FEST\">Llegeix m\u00e9s\u00bb<\/a><\/p>\n","protected":false},"author":1,"featured_media":4016,"comment_status":"closed","ping_status":"closed","sticky":false,"template":"","format":"standard","meta":{"_bbp_topic_count":0,"_bbp_reply_count":0,"_bbp_total_topic_count":0,"_bbp_total_reply_count":0,"_bbp_voice_count":0,"_bbp_anonymous_reply_count":0,"_bbp_topic_count_hidden":0,"_bbp_reply_count_hidden":0,"_bbp_forum_subforum_count":0,"footnotes":""},"categories":[1,4],"tags":[],"class_list":["post-4013","post","type-post","status-publish","format-standard","has-post-thumbnail","hentry","category-general","category-portada"],"post_mailing_queue_ids":[],"_links":{"self":[{"href":"https:\/\/agora.xtec.cat\/escjoanblanquer\/wp-json\/wp\/v2\/posts\/4013","targetHints":{"allow":["GET"]}}],"collection":[{"href":"https:\/\/agora.xtec.cat\/escjoanblanquer\/wp-json\/wp\/v2\/posts"}],"about":[{"href":"https:\/\/agora.xtec.cat\/escjoanblanquer\/wp-json\/wp\/v2\/types\/post"}],"author":[{"embeddable":true,"href":"https:\/\/agora.xtec.cat\/escjoanblanquer\/wp-json\/wp\/v2\/users\/1"}],"replies":[{"embeddable":true,"href":"https:\/\/agora.xtec.cat\/escjoanblanquer\/wp-json\/wp\/v2\/comments?post=4013"}],"version-history":[{"count":1,"href":"https:\/\/agora.xtec.cat\/escjoanblanquer\/wp-json\/wp\/v2\/posts\/4013\/revisions"}],"predecessor-version":[{"id":4017,"href":"https:\/\/agora.xtec.cat\/escjoanblanquer\/wp-json\/wp\/v2\/posts\/4013\/revisions\/4017"}],"wp:featuredmedia":[{"embeddable":true,"href":"https:\/\/agora.xtec.cat\/escjoanblanquer\/wp-json\/wp\/v2\/media\/4016"}],"wp:attachment":[{"href":"https:\/\/agora.xtec.cat\/escjoanblanquer\/wp-json\/wp\/v2\/media?parent=4013"}],"wp:term":[{"taxonomy":"category","embeddable":true,"href":"https:\/\/agora.xtec.cat\/escjoanblanquer\/wp-json\/wp\/v2\/categories?post=4013"},{"taxonomy":"post_tag","embeddable":true,"href":"https:\/\/agora.xtec.cat\/escjoanblanquer\/wp-json\/wp\/v2\/tags?post=4013"}],"curies":[{"name":"wp","href":"https:\/\/api.w.org\/{rel}","templated":true}]}}