{"id":4001,"date":"2025-04-29T12:14:59","date_gmt":"2025-04-29T10:14:59","guid":{"rendered":"https:\/\/agora.xtec.cat\/escjoanblanquer\/?p=4001"},"modified":"2025-04-29T12:16:47","modified_gmt":"2025-04-29T10:16:47","slug":"sortida-a-roda-de-ter","status":"publish","type":"post","link":"https:\/\/agora.xtec.cat\/escjoanblanquer\/general\/sortida-a-roda-de-ter\/","title":{"rendered":"Sortida a Roda de Ter"},"content":{"rendered":"<p>Per tancar la setmana del projecte compartit d&#8217;en Miquel Mart\u00ed i Pol, hem fet una sortida per Roda de Ter, per poder visitar alguns llocs emblem\u00e0tics del poeta osonenc.<\/p>\n<p>Hem comen\u00e7at el mat\u00ed a la Fundaci\u00f3 que t\u00e9 al poble, on hem esmorzat. Despr\u00e9s d&#8217;agafar una mica d&#8217;energia hem iniciat la nostra ruta liter\u00e0ria visitant per fora la Blava, f\u00e0brica emblem\u00e0tica del poble, on Mart\u00ed i Pol va treballar durant molts anys i lloc d&#8217;inspiraci\u00f3 per un bon grapat dels seus poemes.<\/p>\n<p>Des d&#8217;aquest punt, cada cicle ha seguit un cam\u00ed diferents per con\u00e8ixer i descobrir llocs significatius per al poeta, que hem pogut anar relacionant amb all\u00f2 treballat a l&#8217;escola.<\/p>\n<p>Per acabar, hem tornat a la Blava per fer un dinar conjunt amb tots els nens i nenes de l&#8217;escola i celebrar els 20 anys del Joan Blanquer.<\/p>\n<figure class=\"figure wp-caption alignnone\"><img loading=\"lazy\" decoding=\"async\" class=\"size-full wp-image-4002\" src=\"https:\/\/agora.xtec.cat\/escjoanblanquer\/wp-content\/uploads\/usu28\/2025\/04\/IMG_20250429_120550.jpg\" alt=\"\" width=\"1600\" height=\"1228\" srcset=\"https:\/\/agora.xtec.cat\/escjoanblanquer\/wp-content\/uploads\/usu28\/2025\/04\/IMG_20250429_120550.jpg 1600w, https:\/\/agora.xtec.cat\/escjoanblanquer\/wp-content\/uploads\/usu28\/2025\/04\/IMG_20250429_120550-300x230.jpg 300w, https:\/\/agora.xtec.cat\/escjoanblanquer\/wp-content\/uploads\/usu28\/2025\/04\/IMG_20250429_120550-1024x786.jpg 1024w, https:\/\/agora.xtec.cat\/escjoanblanquer\/wp-content\/uploads\/usu28\/2025\/04\/IMG_20250429_120550-768x589.jpg 768w, https:\/\/agora.xtec.cat\/escjoanblanquer\/wp-content\/uploads\/usu28\/2025\/04\/IMG_20250429_120550-1536x1179.jpg 1536w\" sizes=\"auto, (max-width: 1600px) 100vw, 1600px\" \/><figcaption class=\"wp-caption-text\">Oplus_131072<\/figcaption><\/figure>\n","protected":false},"excerpt":{"rendered":"<p>Per tancar la setmana del projecte compartit d&#8217;en Miquel Mart\u00ed i Pol, hem fet una sortida per Roda de Ter, per poder visitar alguns llocs emblem\u00e0tics del poeta osonenc.<br \/>\nHem comen\u00e7at el mat\u00ed a la Fundaci\u00f3 que t\u00e9 al poble, on hem esmorzat. Despr\u00e9s d&#8217;agafar una&hellip;  <a href=\"https:\/\/agora.xtec.cat\/escjoanblanquer\/general\/sortida-a-roda-de-ter\/\" title=\"Read Sortida a Roda de Ter\">Llegeix m\u00e9s\u00bb<\/a><\/p>\n","protected":false},"author":1,"featured_media":4002,"comment_status":"closed","ping_status":"closed","sticky":false,"template":"","format":"standard","meta":{"_bbp_topic_count":0,"_bbp_reply_count":0,"_bbp_total_topic_count":0,"_bbp_total_reply_count":0,"_bbp_voice_count":0,"_bbp_anonymous_reply_count":0,"_bbp_topic_count_hidden":0,"_bbp_reply_count_hidden":0,"_bbp_forum_subforum_count":0,"footnotes":""},"categories":[1,4],"tags":[],"class_list":["post-4001","post","type-post","status-publish","format-standard","has-post-thumbnail","hentry","category-general","category-portada"],"post_mailing_queue_ids":[],"_links":{"self":[{"href":"https:\/\/agora.xtec.cat\/escjoanblanquer\/wp-json\/wp\/v2\/posts\/4001","targetHints":{"allow":["GET"]}}],"collection":[{"href":"https:\/\/agora.xtec.cat\/escjoanblanquer\/wp-json\/wp\/v2\/posts"}],"about":[{"href":"https:\/\/agora.xtec.cat\/escjoanblanquer\/wp-json\/wp\/v2\/types\/post"}],"author":[{"embeddable":true,"href":"https:\/\/agora.xtec.cat\/escjoanblanquer\/wp-json\/wp\/v2\/users\/1"}],"replies":[{"embeddable":true,"href":"https:\/\/agora.xtec.cat\/escjoanblanquer\/wp-json\/wp\/v2\/comments?post=4001"}],"version-history":[{"count":2,"href":"https:\/\/agora.xtec.cat\/escjoanblanquer\/wp-json\/wp\/v2\/posts\/4001\/revisions"}],"predecessor-version":[{"id":4005,"href":"https:\/\/agora.xtec.cat\/escjoanblanquer\/wp-json\/wp\/v2\/posts\/4001\/revisions\/4005"}],"wp:featuredmedia":[{"embeddable":true,"href":"https:\/\/agora.xtec.cat\/escjoanblanquer\/wp-json\/wp\/v2\/media\/4002"}],"wp:attachment":[{"href":"https:\/\/agora.xtec.cat\/escjoanblanquer\/wp-json\/wp\/v2\/media?parent=4001"}],"wp:term":[{"taxonomy":"category","embeddable":true,"href":"https:\/\/agora.xtec.cat\/escjoanblanquer\/wp-json\/wp\/v2\/categories?post=4001"},{"taxonomy":"post_tag","embeddable":true,"href":"https:\/\/agora.xtec.cat\/escjoanblanquer\/wp-json\/wp\/v2\/tags?post=4001"}],"curies":[{"name":"wp","href":"https:\/\/api.w.org\/{rel}","templated":true}]}}