{"id":3987,"date":"2025-03-17T13:21:55","date_gmt":"2025-03-17T12:21:55","guid":{"rendered":"https:\/\/agora.xtec.cat\/escjoanblanquer\/?p=3987"},"modified":"2025-05-13T12:22:13","modified_gmt":"2025-05-13T10:22:13","slug":"una-setmana-de-carnaval-plena-de-magia-a-la-nostra-escola","status":"publish","type":"post","link":"https:\/\/agora.xtec.cat\/escjoanblanquer\/general\/una-setmana-de-carnaval-plena-de-magia-a-la-nostra-escola\/","title":{"rendered":"UNA SETMANA DE CARNAVAL PLENA DE BOGERIA!"},"content":{"rendered":"<p data-pm-slice=\"1 1 []\"><a href=\"https:\/\/agora.xtec.cat\/escjoanblanquer\/wp-content\/uploads\/usu28\/2025\/03\/IMG-20250221-WA0015-1.jpg\"><img loading=\"lazy\" decoding=\"async\" class=\"alignnone size-large wp-image-3991\" src=\"https:\/\/agora.xtec.cat\/escjoanblanquer\/wp-content\/uploads\/usu28\/2025\/03\/IMG-20250221-WA0015-1-1024x768.jpg\" alt=\"\" width=\"1024\" height=\"768\" srcset=\"https:\/\/agora.xtec.cat\/escjoanblanquer\/wp-content\/uploads\/usu28\/2025\/03\/IMG-20250221-WA0015-1-1024x768.jpg 1024w, https:\/\/agora.xtec.cat\/escjoanblanquer\/wp-content\/uploads\/usu28\/2025\/03\/IMG-20250221-WA0015-1-300x225.jpg 300w, https:\/\/agora.xtec.cat\/escjoanblanquer\/wp-content\/uploads\/usu28\/2025\/03\/IMG-20250221-WA0015-1-768x576.jpg 768w, https:\/\/agora.xtec.cat\/escjoanblanquer\/wp-content\/uploads\/usu28\/2025\/03\/IMG-20250221-WA0015-1-1536x1152.jpg 1536w, https:\/\/agora.xtec.cat\/escjoanblanquer\/wp-content\/uploads\/usu28\/2025\/03\/IMG-20250221-WA0015-1-200x150.jpg 200w, https:\/\/agora.xtec.cat\/escjoanblanquer\/wp-content\/uploads\/usu28\/2025\/03\/IMG-20250221-WA0015-1.jpg 1600w\" sizes=\"auto, (max-width: 1024px) 100vw, 1024px\" \/><\/a>Aquest Carnaval ha estat espectacular! El divendres 21 de febrer, el gimn\u00e0s de la nostra escola es va omplir de rialles i nervis d\u2019emoci\u00f3 perqu\u00e8&#8230; arribava el Rei Carnestoltes! Els infants l\u2019esperaven impacients i, quan per fi va apar\u00e8ixer, la festa va comen\u00e7ar! Amb la seva energia contagiosa, ens va anunciar les consignes boges que haur\u00edem de seguir durant tota la setmana seg\u00fcent.<\/p>\n<p>I quina setmana m\u00e9s divertida vam passar! Dilluns, tots amb una sabata de cada color; dimarts, amb els cabells esbojarrats i originals; dimecres, amb pijama com si encara f\u00f3ssim al llit, i dijous, amb la cara pintada com aut\u00e8ntics artistes! L\u2019escola es va omplir de colors, somriures i molta diversi\u00f3.<\/p>\n<p>El divendres al mat\u00ed, els grups d&#8217;educaci\u00f3 infantil i cicle inicial vam despla\u00e7ar-nos fins a l\u2019Espai Tolr\u00e0 per gaudir del Papallongues. Va ser una estona de ball i rauxa amb aquest personatge tan fam\u00f3s al poble, que va fer-nos passar una estona inoblidable!<\/p>\n<p>Per\u00f2 el millor estava per arribar&#8230; Divendres 28 de febrer vam celebrar la gran festa de Carnaval! Els diferents grups van brillar a l\u2019escenari amb els seus balls espectaculars, que havien estat preparant durant tot el trimestre amb la Muntsa, la mestra d\u2019educaci\u00f3 f\u00edsica. Quina emoci\u00f3 veure a tots els nens i nenes ballant amb tanta energia i il\u00b7lusi\u00f3! Les fam\u00edlies van gaudir d\u2019all\u00f2 m\u00e9s i van aplaudir amb entusiasme cada actuaci\u00f3.<\/p>\n<p>Ha estat una setmana plena de m\u00e0gia, rialles i moments inoblidables! Des de la nostra escola volem donar les gr\u00e0cies a tothom que ha participat i ha fet possible aquesta celebraci\u00f3 tan especial. Ja comptem els dies per al proper Carnaval!<\/p>\n","protected":false},"excerpt":{"rendered":"<p><a href=\"https:\/\/agora.xtec.cat\/escjoanblanquer\/wp-content\/uploads\/usu28\/2025\/03\/IMG-20250221-WA0015-1.jpg\"><\/a>Aquest Carnaval ha estat espectacular! El divendres 21 de febrer, el gimn\u00e0s de la nostra escola es va omplir de rialles i nervis d\u2019emoci\u00f3 perqu\u00e8&#8230; arribava el Rei Carnestoltes! Els infants l\u2019esperaven impacients i, quan per fi va apar\u00e8ixer, la festa va comen\u00e7ar! Amb&hellip;  <a href=\"https:\/\/agora.xtec.cat\/escjoanblanquer\/general\/una-setmana-de-carnaval-plena-de-magia-a-la-nostra-escola\/\" title=\"Read UNA SETMANA DE CARNAVAL PLENA DE BOGERIA!\">Llegeix m\u00e9s\u00bb<\/a><\/p>\n","protected":false},"author":54,"featured_media":3991,"comment_status":"closed","ping_status":"closed","sticky":false,"template":"","format":"standard","meta":{"_bbp_topic_count":0,"_bbp_reply_count":0,"_bbp_total_topic_count":0,"_bbp_total_reply_count":0,"_bbp_voice_count":0,"_bbp_anonymous_reply_count":0,"_bbp_topic_count_hidden":0,"_bbp_reply_count_hidden":0,"_bbp_forum_subforum_count":0,"footnotes":""},"categories":[1,4],"tags":[],"class_list":["post-3987","post","type-post","status-publish","format-standard","has-post-thumbnail","hentry","category-general","category-portada"],"post_mailing_queue_ids":[],"_links":{"self":[{"href":"https:\/\/agora.xtec.cat\/escjoanblanquer\/wp-json\/wp\/v2\/posts\/3987","targetHints":{"allow":["GET"]}}],"collection":[{"href":"https:\/\/agora.xtec.cat\/escjoanblanquer\/wp-json\/wp\/v2\/posts"}],"about":[{"href":"https:\/\/agora.xtec.cat\/escjoanblanquer\/wp-json\/wp\/v2\/types\/post"}],"author":[{"embeddable":true,"href":"https:\/\/agora.xtec.cat\/escjoanblanquer\/wp-json\/wp\/v2\/users\/54"}],"replies":[{"embeddable":true,"href":"https:\/\/agora.xtec.cat\/escjoanblanquer\/wp-json\/wp\/v2\/comments?post=3987"}],"version-history":[{"count":4,"href":"https:\/\/agora.xtec.cat\/escjoanblanquer\/wp-json\/wp\/v2\/posts\/3987\/revisions"}],"predecessor-version":[{"id":3995,"href":"https:\/\/agora.xtec.cat\/escjoanblanquer\/wp-json\/wp\/v2\/posts\/3987\/revisions\/3995"}],"wp:featuredmedia":[{"embeddable":true,"href":"https:\/\/agora.xtec.cat\/escjoanblanquer\/wp-json\/wp\/v2\/media\/3991"}],"wp:attachment":[{"href":"https:\/\/agora.xtec.cat\/escjoanblanquer\/wp-json\/wp\/v2\/media?parent=3987"}],"wp:term":[{"taxonomy":"category","embeddable":true,"href":"https:\/\/agora.xtec.cat\/escjoanblanquer\/wp-json\/wp\/v2\/categories?post=3987"},{"taxonomy":"post_tag","embeddable":true,"href":"https:\/\/agora.xtec.cat\/escjoanblanquer\/wp-json\/wp\/v2\/tags?post=3987"}],"curies":[{"name":"wp","href":"https:\/\/api.w.org\/{rel}","templated":true}]}}