{"id":3899,"date":"2025-01-24T13:06:46","date_gmt":"2025-01-24T12:06:46","guid":{"rendered":"https:\/\/agora.xtec.cat\/escjoanblanquer\/?p=3899"},"modified":"2025-05-13T12:16:54","modified_gmt":"2025-05-13T10:16:54","slug":"les-festes-del-primer-trimestre","status":"publish","type":"post","link":"https:\/\/agora.xtec.cat\/escjoanblanquer\/general\/les-festes-del-primer-trimestre\/","title":{"rendered":"Les festes del primer trimestre"},"content":{"rendered":"<p><span style=\"font-weight: 400;\">Durant el primer trimestre d\u2019aquest curs 2024-2025 hem celebrat dues festes:\u00a0<\/span><\/p>\n<p><strong>Castanyada:\u00a0<\/strong><\/p>\n<p><span style=\"font-weight: 400;\">La festa de la Castanyada sempre \u00e9s molt especial per l\u2019escola Joan Blanquer.\u00a0 El dijous, 31 d\u2019octubre de 2024, al mat\u00ed, els cursos de 4t, 5\u00e8 i 6\u00e8 van fer panellets amb els seus fillols d\u2019I3 I4 i I5, mentre que els nens i nenes de 1r, 2n i 3r van fer brotxetes de fruites de tardor.<\/span><\/p>\n<p><span style=\"font-weight: 400;\">A la tarda, tots els nens i les nenes van rebre la visita de la Castanyera, que va sorprendre amb la seva arribada en moto! Seguidament, van ballar unes danses al pati gran. A la Castanyera li van encantar i no va parar de ballar!<\/span><\/p>\n<p><span style=\"font-weight: 400;\">Per acabar el dia, mestres i alumnes vam poder gaudir del berenar bon\u00edssim que hav\u00edem preparat al mat\u00ed: panellets i brotxetes.\u00a0<\/span><\/p>\n<p><span style=\"font-weight: 400;\">Vam compartir una tarda molt bonica i li vam demanar que torn\u00e9s l\u2019any que ve!!<\/span><\/p>\n<p><strong>Nadal:<\/strong><\/p>\n<p><span style=\"font-weight: 400;\">L\u2019\u00e8poca de Nadal \u00e9s molt entranyable per a nosaltres. Durant el mes de desembre hem gaudit de diferents activitats relacionades amb la tradici\u00f3 nadalenca, per\u00f2 sobretot centrades en fomentar els valors de generositat, inclusi\u00f3 i agra\u00efment. Hem intercanviat postals entre padrins, fillols i intercicles.\u00a0<\/span><\/p>\n<p><span style=\"font-weight: 400;\">Una de les jornades m\u00e9s importants del trimest<\/span><span style=\"font-family: inherit; font-size: 1em;\">re, la vam celebrar el 13 de desembre, on vam compartir un Concert en tres torns diferents: el primer torn va ser a c\u00e0rrec dels infants de I3, I4 i I5, seguidament van actuar els cursos de 1r, 2n i 3r i vam tancar el concert amb 4t, 5\u00e8 i 6\u00e8.<\/span><\/p>\n<p><span style=\"font-weight: 400;\">Emocionats i feli\u00e7os del que vam poder compartir tots plegats!\u00a0<\/span><\/p>\n<p><span style=\"font-weight: 400;\">Un regal de Nadal per a les fam\u00edlies, alumnes i per a tots els que vam participar en l\u2019organitzaci\u00f3.<\/span><\/p>\n<p><span style=\"font-weight: 400;\">L\u2019\u00faltim dia de trimestre, els m\u00e9s menuts van fer cag<\/span><span style=\"font-family: inherit; font-size: 1em;\">ar el ti\u00f3, ment<\/span><span style=\"font-family: inherit; font-size: 1em;\">re els cursos de 3r a 6\u00e8 van jugar al quinto.<\/span><\/p>\n<p><span style=\"font-weight: 400;\">Una fant\u00e0stica manera de finalitzar el trimestre! Estem preparats per encarar el 2025!!<\/span><\/p>\n<p><img loading=\"lazy\" decoding=\"async\" class=\"alignnone wp-image-3904 size-large\" src=\"https:\/\/agora.xtec.cat\/escjoanblanquer\/wp-content\/uploads\/usu28\/2025\/01\/IMG_1393-1-scaled-e1737720180771-768x1024.jpg\" alt=\"\" width=\"768\" height=\"1024\" srcset=\"https:\/\/agora.xtec.cat\/escjoanblanquer\/wp-content\/uploads\/usu28\/2025\/01\/IMG_1393-1-scaled-e1737720180771-768x1024.jpg 768w, https:\/\/agora.xtec.cat\/escjoanblanquer\/wp-content\/uploads\/usu28\/2025\/01\/IMG_1393-1-scaled-e1737720180771-225x300.jpg 225w, https:\/\/agora.xtec.cat\/escjoanblanquer\/wp-content\/uploads\/usu28\/2025\/01\/IMG_1393-1-scaled-e1737720180771-1152x1536.jpg 1152w, https:\/\/agora.xtec.cat\/escjoanblanquer\/wp-content\/uploads\/usu28\/2025\/01\/IMG_1393-1-scaled-e1737720180771-1536x2048.jpg 1536w, https:\/\/agora.xtec.cat\/escjoanblanquer\/wp-content\/uploads\/usu28\/2025\/01\/IMG_1393-1-scaled-e1737720180771.jpg 1920w\" sizes=\"auto, (max-width: 768px) 100vw, 768px\" \/><\/p>\n<p><img loading=\"lazy\" decoding=\"async\" class=\"alignnone wp-image-3901 size-large\" src=\"https:\/\/agora.xtec.cat\/escjoanblanquer\/wp-content\/uploads\/usu28\/2025\/01\/IMG-20241101-WA0019-1024x768.jpg\" alt=\"\" width=\"1024\" height=\"768\" srcset=\"https:\/\/agora.xtec.cat\/escjoanblanquer\/wp-content\/uploads\/usu28\/2025\/01\/IMG-20241101-WA0019-1024x768.jpg 1024w, https:\/\/agora.xtec.cat\/escjoanblanquer\/wp-content\/uploads\/usu28\/2025\/01\/IMG-20241101-WA0019-300x225.jpg 300w, https:\/\/agora.xtec.cat\/escjoanblanquer\/wp-content\/uploads\/usu28\/2025\/01\/IMG-20241101-WA0019-768x576.jpg 768w, https:\/\/agora.xtec.cat\/escjoanblanquer\/wp-content\/uploads\/usu28\/2025\/01\/IMG-20241101-WA0019-1536x1152.jpg 1536w, https:\/\/agora.xtec.cat\/escjoanblanquer\/wp-content\/uploads\/usu28\/2025\/01\/IMG-20241101-WA0019-200x150.jpg 200w, https:\/\/agora.xtec.cat\/escjoanblanquer\/wp-content\/uploads\/usu28\/2025\/01\/IMG-20241101-WA0019.jpg 1600w\" sizes=\"auto, (max-width: 1024px) 100vw, 1024px\" \/><\/p>\n<p><img loading=\"lazy\" decoding=\"async\" class=\"alignnone wp-image-3900 size-large\" src=\"https:\/\/agora.xtec.cat\/escjoanblanquer\/wp-content\/uploads\/usu28\/2025\/01\/IMG-20241101-WA0002-1024x768.jpg\" alt=\"\" width=\"1024\" height=\"768\" srcset=\"https:\/\/agora.xtec.cat\/escjoanblanquer\/wp-content\/uploads\/usu28\/2025\/01\/IMG-20241101-WA0002-1024x768.jpg 1024w, https:\/\/agora.xtec.cat\/escjoanblanquer\/wp-content\/uploads\/usu28\/2025\/01\/IMG-20241101-WA0002-300x225.jpg 300w, https:\/\/agora.xtec.cat\/escjoanblanquer\/wp-content\/uploads\/usu28\/2025\/01\/IMG-20241101-WA0002-768x576.jpg 768w, https:\/\/agora.xtec.cat\/escjoanblanquer\/wp-content\/uploads\/usu28\/2025\/01\/IMG-20241101-WA0002-1536x1152.jpg 1536w, https:\/\/agora.xtec.cat\/escjoanblanquer\/wp-content\/uploads\/usu28\/2025\/01\/IMG-20241101-WA0002-200x150.jpg 200w, https:\/\/agora.xtec.cat\/escjoanblanquer\/wp-content\/uploads\/usu28\/2025\/01\/IMG-20241101-WA0002.jpg 1824w\" sizes=\"auto, (max-width: 1024px) 100vw, 1024px\" \/><\/p>\n<p><img loading=\"lazy\" decoding=\"async\" class=\"alignnone wp-image-3903 size-large\" src=\"https:\/\/agora.xtec.cat\/escjoanblanquer\/wp-content\/uploads\/usu28\/2025\/01\/IMG-20241220-WA0052-1024x768.jpg\" alt=\"\" width=\"1024\" height=\"768\" srcset=\"https:\/\/agora.xtec.cat\/escjoanblanquer\/wp-content\/uploads\/usu28\/2025\/01\/IMG-20241220-WA0052-1024x768.jpg 1024w, https:\/\/agora.xtec.cat\/escjoanblanquer\/wp-content\/uploads\/usu28\/2025\/01\/IMG-20241220-WA0052-300x225.jpg 300w, https:\/\/agora.xtec.cat\/escjoanblanquer\/wp-content\/uploads\/usu28\/2025\/01\/IMG-20241220-WA0052-768x576.jpg 768w, https:\/\/agora.xtec.cat\/escjoanblanquer\/wp-content\/uploads\/usu28\/2025\/01\/IMG-20241220-WA0052-1536x1152.jpg 1536w, https:\/\/agora.xtec.cat\/escjoanblanquer\/wp-content\/uploads\/usu28\/2025\/01\/IMG-20241220-WA0052-200x150.jpg 200w, https:\/\/agora.xtec.cat\/escjoanblanquer\/wp-content\/uploads\/usu28\/2025\/01\/IMG-20241220-WA0052.jpg 1600w\" sizes=\"auto, (max-width: 1024px) 100vw, 1024px\" \/><\/p>\n<p><img loading=\"lazy\" decoding=\"async\" class=\"alignnone wp-image-3902 size-large\" src=\"https:\/\/agora.xtec.cat\/escjoanblanquer\/wp-content\/uploads\/usu28\/2025\/01\/IMG-20241216-WA0026-1024x768.jpg\" alt=\"\" width=\"1024\" height=\"768\" srcset=\"https:\/\/agora.xtec.cat\/escjoanblanquer\/wp-content\/uploads\/usu28\/2025\/01\/IMG-20241216-WA0026-1024x768.jpg 1024w, https:\/\/agora.xtec.cat\/escjoanblanquer\/wp-content\/uploads\/usu28\/2025\/01\/IMG-20241216-WA0026-300x225.jpg 300w, https:\/\/agora.xtec.cat\/escjoanblanquer\/wp-content\/uploads\/usu28\/2025\/01\/IMG-20241216-WA0026-768x576.jpg 768w, https:\/\/agora.xtec.cat\/escjoanblanquer\/wp-content\/uploads\/usu28\/2025\/01\/IMG-20241216-WA0026-1536x1152.jpg 1536w, https:\/\/agora.xtec.cat\/escjoanblanquer\/wp-content\/uploads\/usu28\/2025\/01\/IMG-20241216-WA0026-200x150.jpg 200w, https:\/\/agora.xtec.cat\/escjoanblanquer\/wp-content\/uploads\/usu28\/2025\/01\/IMG-20241216-WA0026.jpg 2048w\" sizes=\"auto, (max-width: 1024px) 100vw, 1024px\" \/><\/p>\n<p>&nbsp;<\/p>\n<p>&nbsp;<\/p>\n","protected":false},"excerpt":{"rendered":"<p>Durant el primer trimestre d\u2019aquest curs 2024-2025 hem celebrat dues festes:\u00a0<br \/>\nCastanyada:\u00a0<br \/>\nLa festa de la Castanyada sempre \u00e9s molt especial per l\u2019escola Joan Blanquer.\u00a0 El dijous, 31 d\u2019octubre de 2024, al mat\u00ed, els cursos de 4t, 5\u00e8 i 6\u00e8 van fer panellets amb els seus fillols&hellip;  <a href=\"https:\/\/agora.xtec.cat\/escjoanblanquer\/general\/les-festes-del-primer-trimestre\/\" title=\"Read Les festes del primer trimestre\">Llegeix m\u00e9s\u00bb<\/a><\/p>\n","protected":false},"author":1,"featured_media":3902,"comment_status":"closed","ping_status":"closed","sticky":false,"template":"","format":"standard","meta":{"_bbp_topic_count":0,"_bbp_reply_count":0,"_bbp_total_topic_count":0,"_bbp_total_reply_count":0,"_bbp_voice_count":0,"_bbp_anonymous_reply_count":0,"_bbp_topic_count_hidden":0,"_bbp_reply_count_hidden":0,"_bbp_forum_subforum_count":0,"footnotes":""},"categories":[1,4],"tags":[],"class_list":["post-3899","post","type-post","status-publish","format-standard","has-post-thumbnail","hentry","category-general","category-portada"],"post_mailing_queue_ids":[],"_links":{"self":[{"href":"https:\/\/agora.xtec.cat\/escjoanblanquer\/wp-json\/wp\/v2\/posts\/3899","targetHints":{"allow":["GET"]}}],"collection":[{"href":"https:\/\/agora.xtec.cat\/escjoanblanquer\/wp-json\/wp\/v2\/posts"}],"about":[{"href":"https:\/\/agora.xtec.cat\/escjoanblanquer\/wp-json\/wp\/v2\/types\/post"}],"author":[{"embeddable":true,"href":"https:\/\/agora.xtec.cat\/escjoanblanquer\/wp-json\/wp\/v2\/users\/1"}],"replies":[{"embeddable":true,"href":"https:\/\/agora.xtec.cat\/escjoanblanquer\/wp-json\/wp\/v2\/comments?post=3899"}],"version-history":[{"count":1,"href":"https:\/\/agora.xtec.cat\/escjoanblanquer\/wp-json\/wp\/v2\/posts\/3899\/revisions"}],"predecessor-version":[{"id":3905,"href":"https:\/\/agora.xtec.cat\/escjoanblanquer\/wp-json\/wp\/v2\/posts\/3899\/revisions\/3905"}],"wp:featuredmedia":[{"embeddable":true,"href":"https:\/\/agora.xtec.cat\/escjoanblanquer\/wp-json\/wp\/v2\/media\/3902"}],"wp:attachment":[{"href":"https:\/\/agora.xtec.cat\/escjoanblanquer\/wp-json\/wp\/v2\/media?parent=3899"}],"wp:term":[{"taxonomy":"category","embeddable":true,"href":"https:\/\/agora.xtec.cat\/escjoanblanquer\/wp-json\/wp\/v2\/categories?post=3899"},{"taxonomy":"post_tag","embeddable":true,"href":"https:\/\/agora.xtec.cat\/escjoanblanquer\/wp-json\/wp\/v2\/tags?post=3899"}],"curies":[{"name":"wp","href":"https:\/\/api.w.org\/{rel}","templated":true}]}}