{"id":3889,"date":"2025-01-24T12:47:43","date_gmt":"2025-01-24T11:47:43","guid":{"rendered":"https:\/\/agora.xtec.cat\/escjoanblanquer\/?p=3889"},"modified":"2025-05-13T12:16:01","modified_gmt":"2025-05-13T10:16:01","slug":"projecte-apilo-xii","status":"publish","type":"post","link":"https:\/\/agora.xtec.cat\/escjoanblanquer\/general\/projecte-apilo-xii\/","title":{"rendered":"PROJECTE APILO XII"},"content":{"rendered":"<p><strong>FAM\u00cdLIA! SOU UNA PART FONAMENTAL DE LA MISSI\u00d3 APILO XII: <\/strong><strong>HEU D&#8217;ENCARREGAR-VOS DE LOCALITZAR, RECOLLIR I PORTAR AL NOSTRE PUNT DE RECOLLIDA SELECTIVA APILO TOTES LES PILES I ACUMULADORS PORT\u00c0TILS. <\/strong><\/p>\n<p><strong>Estem envoltats d\u2019aparells de tot tipus que utilitzen piles<\/strong> com a font d\u2019energia. Les piles, les bateries, els acumuladors port\u00e0tils&#8230; s\u00f3n dispositius que contenen subst\u00e0ncies qu\u00edmiques i quan estan esgotades, aquestes subst\u00e0ncies qu\u00edmiques i materials poden fer malb\u00e9 i contaminar el medi ambient. <strong>Si les reciclem, el protegirem el planeta<\/strong> i tamb\u00e9 estalviarem molts recursos.<\/p>\n<p>La normativa europea i estatal estableix que a partir de l\u2019any 2015 s\u2019havia de recollir un 50% de les piles i acumuladors port\u00e0tils que surten al mercat. En aquestes 10 edicions de concurs, les piles recollides selectivament a Catalunya han anant augmentant, passant de les 904 tones recollides el 2015 fins a les 1.480 tones recollides el 2022, assolint-se un \u00edndex de recollida del 64%, i superant en 14 punts l\u2019objectiu establert a la normativa.<\/p>\n<p>Per aquest motiu, \u00e9s molt important continuar sumant entre tots, amb la <strong>participaci\u00f3 de totes i cadascuna de les escoles<\/strong> de Catalunya.<\/p>\n<p><strong>Des d\u2019avui, les fam\u00edlies del Joan Blanquer tamb\u00e9 som una part fonamental de la Missi\u00f3 Apilo XII<\/strong>: cada fam\u00edlia ha d&#8217;encarregar-se de localitzar, recollir i portar al nostre contenidor de recollida selectiva Apilo totes les piles, bateries i acumuladors esgotats que pugui, perqu\u00e8 es reciclin correctament! A m\u00e9s a m\u00e9s, si en recollim moltes, fins i tot podr\u00edem guanyar algun premi!<\/p>\n<p>Aix\u00ed doncs, sigueu tots benvinguts a l\u2019univers de l\u2019Apilo, el coet que fa que les piles esgotades arribin al Planeta Reciclatge.<\/p>\n<p><img loading=\"lazy\" decoding=\"async\" class=\"alignnone wp-image-3895\" src=\"https:\/\/agora.xtec.cat\/escjoanblanquer\/wp-content\/uploads\/usu28\/2025\/01\/apilo-4-300x168.png\" alt=\"\" width=\"355\" height=\"199\" srcset=\"https:\/\/agora.xtec.cat\/escjoanblanquer\/wp-content\/uploads\/usu28\/2025\/01\/apilo-4-300x168.png 300w, https:\/\/agora.xtec.cat\/escjoanblanquer\/wp-content\/uploads\/usu28\/2025\/01\/apilo-4.png 560w\" sizes=\"auto, (max-width: 355px) 100vw, 355px\" \/><\/p>\n<p>Voleu con\u00e8ixer millor el pr<span style=\"font-family: inherit; font-size: 1em;\">ojecte?\u00a0<\/span><\/p>\n<p>WEB del projecte Apilo: <a href=\"https:\/\/www.apilo.cat\/\">https:\/\/www.apilo.cat\/<\/a><\/p>\n<p>Conte del projecte Apilo:\u00a0<a href=\"https:\/\/www.apilo.cat\/apilo\/downloads\/ConteApilo.pdf\">https:\/\/www.apilo.cat\/apilo\/downloads\/ConteApilo.pdf<\/a><\/p>\n","protected":false},"excerpt":{"rendered":"<p>FAM\u00cdLIA! SOU UNA PART FONAMENTAL DE LA MISSI\u00d3 APILO XII: HEU D&#8217;ENCARREGAR-VOS DE LOCALITZAR, RECOLLIR I PORTAR AL NOSTRE PUNT DE RECOLLIDA SELECTIVA APILO TOTES LES PILES I ACUMULADORS PORT\u00c0TILS.<br \/>\nEstem envoltats d\u2019aparells de tot tipus que utilitzen piles com a font d\u2019energia. Les piles,&hellip;  <a href=\"https:\/\/agora.xtec.cat\/escjoanblanquer\/general\/projecte-apilo-xii\/\" title=\"Read PROJECTE APILO XII\">Llegeix m\u00e9s\u00bb<\/a><\/p>\n","protected":false},"author":1,"featured_media":3890,"comment_status":"closed","ping_status":"closed","sticky":false,"template":"","format":"standard","meta":{"_bbp_topic_count":0,"_bbp_reply_count":0,"_bbp_total_topic_count":0,"_bbp_total_reply_count":0,"_bbp_voice_count":0,"_bbp_anonymous_reply_count":0,"_bbp_topic_count_hidden":0,"_bbp_reply_count_hidden":0,"_bbp_forum_subforum_count":0,"footnotes":""},"categories":[1,61,4],"tags":[],"class_list":["post-3889","post","type-post","status-publish","format-standard","has-post-thumbnail","hentry","category-general","category-inici","category-portada"],"post_mailing_queue_ids":[],"_links":{"self":[{"href":"https:\/\/agora.xtec.cat\/escjoanblanquer\/wp-json\/wp\/v2\/posts\/3889","targetHints":{"allow":["GET"]}}],"collection":[{"href":"https:\/\/agora.xtec.cat\/escjoanblanquer\/wp-json\/wp\/v2\/posts"}],"about":[{"href":"https:\/\/agora.xtec.cat\/escjoanblanquer\/wp-json\/wp\/v2\/types\/post"}],"author":[{"embeddable":true,"href":"https:\/\/agora.xtec.cat\/escjoanblanquer\/wp-json\/wp\/v2\/users\/1"}],"replies":[{"embeddable":true,"href":"https:\/\/agora.xtec.cat\/escjoanblanquer\/wp-json\/wp\/v2\/comments?post=3889"}],"version-history":[{"count":4,"href":"https:\/\/agora.xtec.cat\/escjoanblanquer\/wp-json\/wp\/v2\/posts\/3889\/revisions"}],"predecessor-version":[{"id":3897,"href":"https:\/\/agora.xtec.cat\/escjoanblanquer\/wp-json\/wp\/v2\/posts\/3889\/revisions\/3897"}],"wp:featuredmedia":[{"embeddable":true,"href":"https:\/\/agora.xtec.cat\/escjoanblanquer\/wp-json\/wp\/v2\/media\/3890"}],"wp:attachment":[{"href":"https:\/\/agora.xtec.cat\/escjoanblanquer\/wp-json\/wp\/v2\/media?parent=3889"}],"wp:term":[{"taxonomy":"category","embeddable":true,"href":"https:\/\/agora.xtec.cat\/escjoanblanquer\/wp-json\/wp\/v2\/categories?post=3889"},{"taxonomy":"post_tag","embeddable":true,"href":"https:\/\/agora.xtec.cat\/escjoanblanquer\/wp-json\/wp\/v2\/tags?post=3889"}],"curies":[{"name":"wp","href":"https:\/\/api.w.org\/{rel}","templated":true}]}}