{"id":3867,"date":"2025-01-23T16:09:41","date_gmt":"2025-01-23T15:09:41","guid":{"rendered":"https:\/\/agora.xtec.cat\/escjoanblanquer\/?p=3867"},"modified":"2025-05-13T12:19:53","modified_gmt":"2025-05-13T10:19:53","slug":"arriben-dotacions-digitals-a-lescola","status":"publish","type":"post","link":"https:\/\/agora.xtec.cat\/escjoanblanquer\/general\/arriben-dotacions-digitals-a-lescola\/","title":{"rendered":"Arriben dotacions digitals a l&#8217;escola"},"content":{"rendered":"<p><span style=\"font-weight: 400;\">Des del curs passat, el nostre centre educatiu ha estat equipat amb una \u00e0mplia gamma d&#8217;eines tecnol\u00f2giques gr\u00e0cies a una iniciativa del Departament d&#8217;Educaci\u00f3. Aquesta dotaci\u00f3, que inclou kits de rob\u00f2tica (Codey Rocky, Lego Spike Prime, micro-bits), panells interactius i un estudi audiovisual complet t\u00e9 com a objectiu fomentar el desenvolupament de compet\u00e8ncies digitals i creatives en els nostres infants.<\/span><\/p>\n<p><span style=\"font-weight: 400;\">Les noves eines proporcionaran als i a les alumnes l&#8217;oportunitat d&#8217;explorar conceptes de programaci\u00f3, disseny digital i producci\u00f3 audiovisual de manera pr\u00e0ctica i divertida. A trav\u00e9s de projectes innovadors, els alumnes podran desenvolupar habilitats clau per al dia a dia, com ara el pensament computacional, la creativitat, la resoluci\u00f3 de problemes i la col\u00b7laboraci\u00f3.<\/span><\/p>\n<p><span style=\"font-weight: 400;\">Per garantir l\u2019\u00fas d\u2019aquests recursos a l\u2019aula, aquestes dotacions han vingut acompanyades d\u2019una petita formaci\u00f3 que els i les mestres han hagut de fer per con\u00e8ixer una mica millor la part t\u00e8cnica del materials.<\/span><\/p>\n<p><span style=\"font-weight: 400;\"> Estem conven\u00e7uts que aquesta iniciativa enriquir\u00e0 significativament el proc\u00e9s d&#8217;ensenyament-aprenentatge i preparar\u00e0 als nostres infants per afrontar els reptes del futur.<\/span><\/p>\n<p><img loading=\"lazy\" decoding=\"async\" class=\"alignnone wp-image-3868 size-large\" src=\"https:\/\/agora.xtec.cat\/escjoanblanquer\/wp-content\/uploads\/usu28\/2025\/01\/image_6483441-1-768x1024.jpg\" alt=\"\" width=\"768\" height=\"1024\" \/>\u00a0 <img loading=\"lazy\" decoding=\"async\" class=\"alignnone wp-image-3871 size-large\" src=\"https:\/\/agora.xtec.cat\/escjoanblanquer\/wp-content\/uploads\/usu28\/2025\/01\/image_6483441-3-768x1024.jpg\" alt=\"\" width=\"768\" height=\"1024\" srcset=\"https:\/\/agora.xtec.cat\/escjoanblanquer\/wp-content\/uploads\/usu28\/2025\/01\/image_6483441-3-768x1024.jpg 768w, https:\/\/agora.xtec.cat\/escjoanblanquer\/wp-content\/uploads\/usu28\/2025\/01\/image_6483441-3-225x300.jpg 225w, https:\/\/agora.xtec.cat\/escjoanblanquer\/wp-content\/uploads\/usu28\/2025\/01\/image_6483441-3-1152x1536.jpg 1152w, https:\/\/agora.xtec.cat\/escjoanblanquer\/wp-content\/uploads\/usu28\/2025\/01\/image_6483441-3.jpg 1200w\" sizes=\"auto, (max-width: 768px) 100vw, 768px\" \/><\/p>\n<p><img loading=\"lazy\" decoding=\"async\" class=\"alignnone wp-image-3878 size-full\" src=\"https:\/\/agora.xtec.cat\/escjoanblanquer\/wp-content\/uploads\/usu28\/2025\/01\/lego.png\" alt=\"\" width=\"859\" height=\"529\" srcset=\"https:\/\/agora.xtec.cat\/escjoanblanquer\/wp-content\/uploads\/usu28\/2025\/01\/lego.png 859w, https:\/\/agora.xtec.cat\/escjoanblanquer\/wp-content\/uploads\/usu28\/2025\/01\/lego-300x185.png 300w, https:\/\/agora.xtec.cat\/escjoanblanquer\/wp-content\/uploads\/usu28\/2025\/01\/lego-768x473.png 768w\" sizes=\"auto, (max-width: 859px) 100vw, 859px\" \/><\/p>\n","protected":false},"excerpt":{"rendered":"<p>Des del curs passat, el nostre centre educatiu ha estat equipat amb una \u00e0mplia gamma d&#8217;eines tecnol\u00f2giques gr\u00e0cies a una iniciativa del Departament d&#8217;Educaci\u00f3. Aquesta dotaci\u00f3, que inclou kits de rob\u00f2tica (Codey Rocky, Lego Spike Prime, micro-bits), panells interactius i un estudi audiovisual complet t\u00e9&hellip;  <a href=\"https:\/\/agora.xtec.cat\/escjoanblanquer\/general\/arriben-dotacions-digitals-a-lescola\/\" title=\"Read Arriben dotacions digitals a l&#8217;escola\">Llegeix m\u00e9s\u00bb<\/a><\/p>\n","protected":false},"author":1,"featured_media":3869,"comment_status":"closed","ping_status":"closed","sticky":false,"template":"","format":"standard","meta":{"_bbp_topic_count":0,"_bbp_reply_count":0,"_bbp_total_topic_count":0,"_bbp_total_reply_count":0,"_bbp_voice_count":0,"_bbp_anonymous_reply_count":0,"_bbp_topic_count_hidden":0,"_bbp_reply_count_hidden":0,"_bbp_forum_subforum_count":0,"footnotes":""},"categories":[1,4],"tags":[],"class_list":["post-3867","post","type-post","status-publish","format-standard","has-post-thumbnail","hentry","category-general","category-portada"],"post_mailing_queue_ids":[],"_links":{"self":[{"href":"https:\/\/agora.xtec.cat\/escjoanblanquer\/wp-json\/wp\/v2\/posts\/3867","targetHints":{"allow":["GET"]}}],"collection":[{"href":"https:\/\/agora.xtec.cat\/escjoanblanquer\/wp-json\/wp\/v2\/posts"}],"about":[{"href":"https:\/\/agora.xtec.cat\/escjoanblanquer\/wp-json\/wp\/v2\/types\/post"}],"author":[{"embeddable":true,"href":"https:\/\/agora.xtec.cat\/escjoanblanquer\/wp-json\/wp\/v2\/users\/1"}],"replies":[{"embeddable":true,"href":"https:\/\/agora.xtec.cat\/escjoanblanquer\/wp-json\/wp\/v2\/comments?post=3867"}],"version-history":[{"count":3,"href":"https:\/\/agora.xtec.cat\/escjoanblanquer\/wp-json\/wp\/v2\/posts\/3867\/revisions"}],"predecessor-version":[{"id":3875,"href":"https:\/\/agora.xtec.cat\/escjoanblanquer\/wp-json\/wp\/v2\/posts\/3867\/revisions\/3875"}],"wp:featuredmedia":[{"embeddable":true,"href":"https:\/\/agora.xtec.cat\/escjoanblanquer\/wp-json\/wp\/v2\/media\/3869"}],"wp:attachment":[{"href":"https:\/\/agora.xtec.cat\/escjoanblanquer\/wp-json\/wp\/v2\/media?parent=3867"}],"wp:term":[{"taxonomy":"category","embeddable":true,"href":"https:\/\/agora.xtec.cat\/escjoanblanquer\/wp-json\/wp\/v2\/categories?post=3867"},{"taxonomy":"post_tag","embeddable":true,"href":"https:\/\/agora.xtec.cat\/escjoanblanquer\/wp-json\/wp\/v2\/tags?post=3867"}],"curies":[{"name":"wp","href":"https:\/\/api.w.org\/{rel}","templated":true}]}}