{"id":3858,"date":"2025-01-23T14:19:58","date_gmt":"2025-01-23T13:19:58","guid":{"rendered":"https:\/\/agora.xtec.cat\/escjoanblanquer\/?p=3858"},"modified":"2025-01-23T16:16:10","modified_gmt":"2025-01-23T15:16:10","slug":"les-sortides-del-primer-trimestre","status":"publish","type":"post","link":"https:\/\/agora.xtec.cat\/escjoanblanquer\/general\/les-sortides-del-primer-trimestre\/","title":{"rendered":"Les sortides del primer trimestre"},"content":{"rendered":"<h2><b>Un trimestre ple d&#8217;aventures!<\/b><\/h2>\n<p><span style=\"font-weight: 400;\">L&#8217;alumnat ha viscut un trimestre intens i emocionant, ple d&#8217;activitats i sortides. Han explorat, han apr\u00e8s i s&#8217;ho han passat d&#8217;all\u00f2 m\u00e9s b\u00e9!<\/span><\/p>\n<h3><b>Exploradors de la natura<\/b><\/h3>\n<p><span style=\"font-weight: 400;\">Els nens i nenes s&#8217;han convertit en aut\u00e8ntics exploradors, descobrint els secrets del Bosc de Colobrers, seguint el curs del riu Ripoll i viatjant en el temps al Castell de Clasquer\u00ed. L&#8217;escola est\u00e0 envoltada de natura i hist\u00f2ria, i ells ho han pogut comprovar de primera m\u00e0.<\/span><\/p>\n<p><img loading=\"lazy\" decoding=\"async\" class=\"alignnone size-full wp-image-3859\" src=\"https:\/\/agora.xtec.cat\/escjoanblanquer\/wp-content\/uploads\/usu28\/2025\/01\/IMG-20241009-WA0003.jpg\" alt=\"\" width=\"2048\" height=\"1536\" srcset=\"https:\/\/agora.xtec.cat\/escjoanblanquer\/wp-content\/uploads\/usu28\/2025\/01\/IMG-20241009-WA0003.jpg 2048w, https:\/\/agora.xtec.cat\/escjoanblanquer\/wp-content\/uploads\/usu28\/2025\/01\/IMG-20241009-WA0003-300x225.jpg 300w, https:\/\/agora.xtec.cat\/escjoanblanquer\/wp-content\/uploads\/usu28\/2025\/01\/IMG-20241009-WA0003-1024x768.jpg 1024w, https:\/\/agora.xtec.cat\/escjoanblanquer\/wp-content\/uploads\/usu28\/2025\/01\/IMG-20241009-WA0003-768x576.jpg 768w, https:\/\/agora.xtec.cat\/escjoanblanquer\/wp-content\/uploads\/usu28\/2025\/01\/IMG-20241009-WA0003-1536x1152.jpg 1536w, https:\/\/agora.xtec.cat\/escjoanblanquer\/wp-content\/uploads\/usu28\/2025\/01\/IMG-20241009-WA0003-200x150.jpg 200w\" sizes=\"auto, (max-width: 2048px) 100vw, 2048px\" \/><\/p>\n<h3><img loading=\"lazy\" decoding=\"async\" class=\"alignnone size-full wp-image-3863\" src=\"https:\/\/agora.xtec.cat\/escjoanblanquer\/wp-content\/uploads\/usu28\/2025\/01\/IMG-20241210-WA0011.jpg\" alt=\"\" width=\"777\" height=\"1600\" srcset=\"https:\/\/agora.xtec.cat\/escjoanblanquer\/wp-content\/uploads\/usu28\/2025\/01\/IMG-20241210-WA0011.jpg 777w, https:\/\/agora.xtec.cat\/escjoanblanquer\/wp-content\/uploads\/usu28\/2025\/01\/IMG-20241210-WA0011-146x300.jpg 146w, https:\/\/agora.xtec.cat\/escjoanblanquer\/wp-content\/uploads\/usu28\/2025\/01\/IMG-20241210-WA0011-497x1024.jpg 497w, https:\/\/agora.xtec.cat\/escjoanblanquer\/wp-content\/uploads\/usu28\/2025\/01\/IMG-20241210-WA0011-768x1581.jpg 768w, https:\/\/agora.xtec.cat\/escjoanblanquer\/wp-content\/uploads\/usu28\/2025\/01\/IMG-20241210-WA0011-746x1536.jpg 746w\" sizes=\"auto, (max-width: 777px) 100vw, 777px\" \/><\/h3>\n<h3><b>Viatgers en el temps<\/b><\/h3>\n<p><span style=\"font-weight: 400;\">Han saltat en el temps i han viscut \u00e8poques passades. Els alumnes de sis\u00e8 han visitat la Generalitat de Catalunya i han descobert com es prenen les decisions importants. Els m\u00e9s petits, en canvi, han explorat el Museu d&#8217;Hist\u00f2ria de Catalunya i han vist com era la vida fa molts anys.<\/span><\/p>\n<p><img loading=\"lazy\" decoding=\"async\" class=\"alignnone size-full wp-image-3860\" src=\"https:\/\/agora.xtec.cat\/escjoanblanquer\/wp-content\/uploads\/usu28\/2025\/01\/IMG-20241021-WA0014.jpg\" alt=\"\" width=\"1368\" height=\"1824\" srcset=\"https:\/\/agora.xtec.cat\/escjoanblanquer\/wp-content\/uploads\/usu28\/2025\/01\/IMG-20241021-WA0014.jpg 1368w, https:\/\/agora.xtec.cat\/escjoanblanquer\/wp-content\/uploads\/usu28\/2025\/01\/IMG-20241021-WA0014-225x300.jpg 225w, https:\/\/agora.xtec.cat\/escjoanblanquer\/wp-content\/uploads\/usu28\/2025\/01\/IMG-20241021-WA0014-768x1024.jpg 768w, https:\/\/agora.xtec.cat\/escjoanblanquer\/wp-content\/uploads\/usu28\/2025\/01\/IMG-20241021-WA0014-1152x1536.jpg 1152w\" sizes=\"auto, (max-width: 1368px) 100vw, 1368px\" \/><\/p>\n<p>&nbsp;<\/p>\n<h3><b>Artistes i espectadors<\/b><\/h3>\n<p><span style=\"font-weight: 400;\">A m\u00e9s d&#8217;explorar i aprendre, tamb\u00e9 han gaudit de l&#8217;art! Han assistit a espectacles de dansa, m\u00fasica i teatre a l&#8217;auditori. I per Nadal, han visitat els pessebres del poble, tot un cl\u00e0ssic!<\/span><\/p>\n<p><img loading=\"lazy\" decoding=\"async\" class=\"alignnone size-full wp-image-3862\" src=\"https:\/\/agora.xtec.cat\/escjoanblanquer\/wp-content\/uploads\/usu28\/2025\/01\/IMG-20241207-WA0011.jpg\" alt=\"\" width=\"1536\" height=\"2048\" srcset=\"https:\/\/agora.xtec.cat\/escjoanblanquer\/wp-content\/uploads\/usu28\/2025\/01\/IMG-20241207-WA0011.jpg 1536w, https:\/\/agora.xtec.cat\/escjoanblanquer\/wp-content\/uploads\/usu28\/2025\/01\/IMG-20241207-WA0011-225x300.jpg 225w, https:\/\/agora.xtec.cat\/escjoanblanquer\/wp-content\/uploads\/usu28\/2025\/01\/IMG-20241207-WA0011-768x1024.jpg 768w, https:\/\/agora.xtec.cat\/escjoanblanquer\/wp-content\/uploads\/usu28\/2025\/01\/IMG-20241207-WA0011-1152x1536.jpg 1152w\" sizes=\"auto, (max-width: 1536px) 100vw, 1536px\" \/><\/p>\n<p><span style=\"font-weight: 400;\">Aquest trimestre ha estat ple d&#8217;experi\u00e8ncies que els quedaran en la mem\u00f2ria. Han apr\u00e8s moltes coses noves i s&#8217;han divertit molt.<\/span><\/p>\n<p><img loading=\"lazy\" decoding=\"async\" class=\"alignnone size-full wp-image-3864\" src=\"https:\/\/agora.xtec.cat\/escjoanblanquer\/wp-content\/uploads\/usu28\/2025\/01\/IMG-20241204-WA0006.jpg\" alt=\"\" width=\"2048\" height=\"1536\" srcset=\"https:\/\/agora.xtec.cat\/escjoanblanquer\/wp-content\/uploads\/usu28\/2025\/01\/IMG-20241204-WA0006.jpg 2048w, https:\/\/agora.xtec.cat\/escjoanblanquer\/wp-content\/uploads\/usu28\/2025\/01\/IMG-20241204-WA0006-300x225.jpg 300w, https:\/\/agora.xtec.cat\/escjoanblanquer\/wp-content\/uploads\/usu28\/2025\/01\/IMG-20241204-WA0006-1024x768.jpg 1024w, https:\/\/agora.xtec.cat\/escjoanblanquer\/wp-content\/uploads\/usu28\/2025\/01\/IMG-20241204-WA0006-768x576.jpg 768w, https:\/\/agora.xtec.cat\/escjoanblanquer\/wp-content\/uploads\/usu28\/2025\/01\/IMG-20241204-WA0006-1536x1152.jpg 1536w, https:\/\/agora.xtec.cat\/escjoanblanquer\/wp-content\/uploads\/usu28\/2025\/01\/IMG-20241204-WA0006-200x150.jpg 200w\" sizes=\"auto, (max-width: 2048px) 100vw, 2048px\" \/><\/p>\n","protected":false},"excerpt":{"rendered":"<p>Un trimestre ple d&#8217;aventures!<br \/>\nL&#8217;alumnat ha viscut un trimestre intens i emocionant, ple d&#8217;activitats i sortides. Han explorat, han apr\u00e8s i s&#8217;ho han passat d&#8217;all\u00f2 m\u00e9s b\u00e9!<br \/>\nExploradors de la natura<br \/>\nEls nens i nenes s&#8217;han convertit en aut\u00e8ntics exploradors, descobrint els secrets del Bosc de Colobrers, seguint&hellip;  <a href=\"https:\/\/agora.xtec.cat\/escjoanblanquer\/general\/les-sortides-del-primer-trimestre\/\" title=\"Read Les sortides del primer trimestre\">Llegeix m\u00e9s\u00bb<\/a><\/p>\n","protected":false},"author":1,"featured_media":3866,"comment_status":"open","ping_status":"closed","sticky":false,"template":"","format":"standard","meta":{"_bbp_topic_count":0,"_bbp_reply_count":0,"_bbp_total_topic_count":0,"_bbp_total_reply_count":0,"_bbp_voice_count":0,"_bbp_anonymous_reply_count":0,"_bbp_topic_count_hidden":0,"_bbp_reply_count_hidden":0,"_bbp_forum_subforum_count":0,"footnotes":""},"categories":[1,4],"tags":[],"class_list":["post-3858","post","type-post","status-publish","format-standard","has-post-thumbnail","hentry","category-general","category-portada"],"post_mailing_queue_ids":[],"_links":{"self":[{"href":"https:\/\/agora.xtec.cat\/escjoanblanquer\/wp-json\/wp\/v2\/posts\/3858","targetHints":{"allow":["GET"]}}],"collection":[{"href":"https:\/\/agora.xtec.cat\/escjoanblanquer\/wp-json\/wp\/v2\/posts"}],"about":[{"href":"https:\/\/agora.xtec.cat\/escjoanblanquer\/wp-json\/wp\/v2\/types\/post"}],"author":[{"embeddable":true,"href":"https:\/\/agora.xtec.cat\/escjoanblanquer\/wp-json\/wp\/v2\/users\/1"}],"replies":[{"embeddable":true,"href":"https:\/\/agora.xtec.cat\/escjoanblanquer\/wp-json\/wp\/v2\/comments?post=3858"}],"version-history":[{"count":1,"href":"https:\/\/agora.xtec.cat\/escjoanblanquer\/wp-json\/wp\/v2\/posts\/3858\/revisions"}],"predecessor-version":[{"id":3865,"href":"https:\/\/agora.xtec.cat\/escjoanblanquer\/wp-json\/wp\/v2\/posts\/3858\/revisions\/3865"}],"wp:featuredmedia":[{"embeddable":true,"href":"https:\/\/agora.xtec.cat\/escjoanblanquer\/wp-json\/wp\/v2\/media\/3866"}],"wp:attachment":[{"href":"https:\/\/agora.xtec.cat\/escjoanblanquer\/wp-json\/wp\/v2\/media?parent=3858"}],"wp:term":[{"taxonomy":"category","embeddable":true,"href":"https:\/\/agora.xtec.cat\/escjoanblanquer\/wp-json\/wp\/v2\/categories?post=3858"},{"taxonomy":"post_tag","embeddable":true,"href":"https:\/\/agora.xtec.cat\/escjoanblanquer\/wp-json\/wp\/v2\/tags?post=3858"}],"curies":[{"name":"wp","href":"https:\/\/api.w.org\/{rel}","templated":true}]}}