{"id":3851,"date":"2025-01-23T14:05:48","date_gmt":"2025-01-23T13:05:48","guid":{"rendered":"https:\/\/agora.xtec.cat\/escjoanblanquer\/?p=3851"},"modified":"2025-05-13T12:17:48","modified_gmt":"2025-05-13T10:17:48","slug":"colonies-al-castell-de-fluvia","status":"publish","type":"post","link":"https:\/\/agora.xtec.cat\/escjoanblanquer\/general\/colonies-al-castell-de-fluvia\/","title":{"rendered":"COL\u00d2NIES AL CASTELL DE FLUVI\u00c0"},"content":{"rendered":"<p><span style=\"font-weight: 400;\">Les col\u00f2nies dels grups d<\/span><b>\u2019I5, 2n i 4t <\/b><span style=\"font-weight: 400;\">d\u2019aquest curs van ser tot un \u00e8xit! Del <\/span><b>9 a l\u201911 d\u2019octubre<\/b><span style=\"font-weight: 400;\">, els nens i nenes van gaudir d\u2019una experi\u00e8ncia inoblidable al Castell del Fluvi\u00e0, una casa impressionant situada a <\/span><b>Santa Maria de Palautordera<\/b><span style=\"font-weight: 400;\">, en ple cor del <\/span><b>mass\u00eds del Montseny.<\/b><\/p>\n<p><span style=\"font-weight: 400;\">Durant tres dies, els infants van viure aventures plenes d\u2019emoci\u00f3 en un entorn natural privilegiat. Els <\/span><b>Pirates d\u2019I5 <\/b><span style=\"font-weight: 400;\">i el grup d\u2019<\/span><b>Investigadors de 2n<\/b><span style=\"font-weight: 400;\"> van descobrir la m\u00e0gia de la granja de la casa. Entre gallines, cabres i altres animals, van tenir l\u2019oportunitat d\u2019acariciar, alimentar i observar de ben a prop els habitants d\u2019aquest petit parad\u00eds rural. Les expressions d\u2019il\u00b7lusi\u00f3 i sorpresa dels m\u00e9s petits demostraven com estaven gaudint de l\u2019experi\u00e8ncia.<\/span><\/p>\n<p><span style=\"font-weight: 400;\">Per la seva banda, els<\/span><b> Artistes del M\u00f3n<\/b><span style=\"font-weight: 400;\">, el grup de 4t, es van submergir en un programa d\u2019activitats d\u2019aventura dissenyat per treballar la cohesi\u00f3 i el treball en equip. Des del roc\u00f2drom fins a reptes cooperatius i curses d\u2019obstacles, les activitats van posar a prova les habilitats cooperatives dels participants i van convertir cada moment en una gran fita compartida. Tres dies d\u2019adrenalina i emocions fortes que van deixar una empremta inesborrable.<\/span><\/p>\n<p><span style=\"font-weight: 400;\">Tot aix\u00f2 no hauria estat possible sense l\u2019excel\u00b7lent equip de monitoratge i el personal del <\/span><b>Castell del Fluvi\u00e0,<\/b><span style=\"font-weight: 400;\"> que van aconseguir crear una experi\u00e8ncia \u00fanica i plena de m\u00e0gia. Gr\u00e0cies a ells, aquestes col\u00f2nies es recordaran com un dels moments m\u00e9s especials del curs.<\/span><\/p>\n<p><span style=\"font-weight: 400;\">Una experi\u00e8ncia per emmarcar que els nens i nenes portaran al cor durant molt de temps!<\/span><\/p>\n<p><img loading=\"lazy\" decoding=\"async\" class=\"alignnone size-full wp-image-3852\" src=\"https:\/\/agora.xtec.cat\/escjoanblanquer\/wp-content\/uploads\/usu28\/2025\/01\/IMG-20241011-WA0000.jpg\" alt=\"\" width=\"2048\" height=\"1537\" srcset=\"https:\/\/agora.xtec.cat\/escjoanblanquer\/wp-content\/uploads\/usu28\/2025\/01\/IMG-20241011-WA0000.jpg 2048w, https:\/\/agora.xtec.cat\/escjoanblanquer\/wp-content\/uploads\/usu28\/2025\/01\/IMG-20241011-WA0000-300x225.jpg 300w, https:\/\/agora.xtec.cat\/escjoanblanquer\/wp-content\/uploads\/usu28\/2025\/01\/IMG-20241011-WA0000-1024x769.jpg 1024w, https:\/\/agora.xtec.cat\/escjoanblanquer\/wp-content\/uploads\/usu28\/2025\/01\/IMG-20241011-WA0000-768x576.jpg 768w, https:\/\/agora.xtec.cat\/escjoanblanquer\/wp-content\/uploads\/usu28\/2025\/01\/IMG-20241011-WA0000-1536x1153.jpg 1536w, https:\/\/agora.xtec.cat\/escjoanblanquer\/wp-content\/uploads\/usu28\/2025\/01\/IMG-20241011-WA0000-200x150.jpg 200w\" sizes=\"auto, (max-width: 2048px) 100vw, 2048px\" \/> <img loading=\"lazy\" decoding=\"async\" class=\"alignnone size-full wp-image-3853\" src=\"https:\/\/agora.xtec.cat\/escjoanblanquer\/wp-content\/uploads\/usu28\/2025\/01\/IMG-20241011-WA0008.jpg\" alt=\"\" width=\"1600\" height=\"1200\" srcset=\"https:\/\/agora.xtec.cat\/escjoanblanquer\/wp-content\/uploads\/usu28\/2025\/01\/IMG-20241011-WA0008.jpg 1600w, https:\/\/agora.xtec.cat\/escjoanblanquer\/wp-content\/uploads\/usu28\/2025\/01\/IMG-20241011-WA0008-300x225.jpg 300w, https:\/\/agora.xtec.cat\/escjoanblanquer\/wp-content\/uploads\/usu28\/2025\/01\/IMG-20241011-WA0008-1024x768.jpg 1024w, https:\/\/agora.xtec.cat\/escjoanblanquer\/wp-content\/uploads\/usu28\/2025\/01\/IMG-20241011-WA0008-768x576.jpg 768w, https:\/\/agora.xtec.cat\/escjoanblanquer\/wp-content\/uploads\/usu28\/2025\/01\/IMG-20241011-WA0008-1536x1152.jpg 1536w, https:\/\/agora.xtec.cat\/escjoanblanquer\/wp-content\/uploads\/usu28\/2025\/01\/IMG-20241011-WA0008-200x150.jpg 200w\" sizes=\"auto, (max-width: 1600px) 100vw, 1600px\" \/> <img loading=\"lazy\" decoding=\"async\" class=\"alignnone size-full wp-image-3854\" src=\"https:\/\/agora.xtec.cat\/escjoanblanquer\/wp-content\/uploads\/usu28\/2025\/01\/IMG-20241010-WA0025.jpg\" alt=\"\" width=\"1200\" height=\"1599\" srcset=\"https:\/\/agora.xtec.cat\/escjoanblanquer\/wp-content\/uploads\/usu28\/2025\/01\/IMG-20241010-WA0025.jpg 1200w, https:\/\/agora.xtec.cat\/escjoanblanquer\/wp-content\/uploads\/usu28\/2025\/01\/IMG-20241010-WA0025-225x300.jpg 225w, https:\/\/agora.xtec.cat\/escjoanblanquer\/wp-content\/uploads\/usu28\/2025\/01\/IMG-20241010-WA0025-768x1023.jpg 768w, https:\/\/agora.xtec.cat\/escjoanblanquer\/wp-content\/uploads\/usu28\/2025\/01\/IMG-20241010-WA0025-1153x1536.jpg 1153w\" sizes=\"auto, (max-width: 1200px) 100vw, 1200px\" \/><\/p>\n","protected":false},"excerpt":{"rendered":"<p>Les col\u00f2nies dels grups d\u2019I5, 2n i 4t d\u2019aquest curs van ser tot un \u00e8xit! Del 9 a l\u201911 d\u2019octubre, els nens i nenes van gaudir d\u2019una experi\u00e8ncia inoblidable al Castell del Fluvi\u00e0, una casa impressionant situada a Santa Maria de Palautordera, en ple cor&hellip;  <a href=\"https:\/\/agora.xtec.cat\/escjoanblanquer\/general\/colonies-al-castell-de-fluvia\/\" title=\"Read COL\u00d2NIES AL CASTELL DE FLUVI\u00c0\">Llegeix m\u00e9s\u00bb<\/a><\/p>\n","protected":false},"author":1,"featured_media":3854,"comment_status":"closed","ping_status":"closed","sticky":false,"template":"","format":"standard","meta":{"_bbp_topic_count":0,"_bbp_reply_count":0,"_bbp_total_topic_count":0,"_bbp_total_reply_count":0,"_bbp_voice_count":0,"_bbp_anonymous_reply_count":0,"_bbp_topic_count_hidden":0,"_bbp_reply_count_hidden":0,"_bbp_forum_subforum_count":0,"footnotes":""},"categories":[1,4],"tags":[],"class_list":["post-3851","post","type-post","status-publish","format-standard","has-post-thumbnail","hentry","category-general","category-portada"],"post_mailing_queue_ids":[],"_links":{"self":[{"href":"https:\/\/agora.xtec.cat\/escjoanblanquer\/wp-json\/wp\/v2\/posts\/3851","targetHints":{"allow":["GET"]}}],"collection":[{"href":"https:\/\/agora.xtec.cat\/escjoanblanquer\/wp-json\/wp\/v2\/posts"}],"about":[{"href":"https:\/\/agora.xtec.cat\/escjoanblanquer\/wp-json\/wp\/v2\/types\/post"}],"author":[{"embeddable":true,"href":"https:\/\/agora.xtec.cat\/escjoanblanquer\/wp-json\/wp\/v2\/users\/1"}],"replies":[{"embeddable":true,"href":"https:\/\/agora.xtec.cat\/escjoanblanquer\/wp-json\/wp\/v2\/comments?post=3851"}],"version-history":[{"count":1,"href":"https:\/\/agora.xtec.cat\/escjoanblanquer\/wp-json\/wp\/v2\/posts\/3851\/revisions"}],"predecessor-version":[{"id":3855,"href":"https:\/\/agora.xtec.cat\/escjoanblanquer\/wp-json\/wp\/v2\/posts\/3851\/revisions\/3855"}],"wp:featuredmedia":[{"embeddable":true,"href":"https:\/\/agora.xtec.cat\/escjoanblanquer\/wp-json\/wp\/v2\/media\/3854"}],"wp:attachment":[{"href":"https:\/\/agora.xtec.cat\/escjoanblanquer\/wp-json\/wp\/v2\/media?parent=3851"}],"wp:term":[{"taxonomy":"category","embeddable":true,"href":"https:\/\/agora.xtec.cat\/escjoanblanquer\/wp-json\/wp\/v2\/categories?post=3851"},{"taxonomy":"post_tag","embeddable":true,"href":"https:\/\/agora.xtec.cat\/escjoanblanquer\/wp-json\/wp\/v2\/tags?post=3851"}],"curies":[{"name":"wp","href":"https:\/\/api.w.org\/{rel}","templated":true}]}}