{"id":3842,"date":"2024-11-25T12:56:21","date_gmt":"2024-11-25T11:56:21","guid":{"rendered":"https:\/\/agora.xtec.cat\/escjoanblanquer\/?p=3842"},"modified":"2024-11-25T12:56:21","modified_gmt":"2024-11-25T11:56:21","slug":"el-dia-universal-dels-drets-dels-infants","status":"publish","type":"post","link":"https:\/\/agora.xtec.cat\/escjoanblanquer\/general\/el-dia-universal-dels-drets-dels-infants\/","title":{"rendered":"El Dia Universal dels Drets dels Infants"},"content":{"rendered":"<p style=\"text-align: center\"><strong>CELEBRACI\u00d3 DEL DUDI A L&#8217;ESCOLA<\/strong><\/p>\n<p>Els nens i nenes de 6\u00e8 hem estudiat que f<span style=\"font-weight: 400\">ins fa poc temps, en la hist\u00f2ria de la humanitat, els infants eren considerats persones sense drets i totalment sotmeses a les seves fam\u00edlies. Aquesta situaci\u00f3 va canviar al segle XX, \u00e9s a dir, a l\u2019Edat Contempor\u00e0nia.<\/span><\/p>\n<p><span style=\"font-weight: 400\">A 6\u00e8 hem treballat que a l\u2019Edat Moderna els infants no tenien drets i treballaven a les f\u00e0briques fins a 12 hores sense tenir llibertat ni educaci\u00f3.<\/span><\/p>\n<p><span style=\"font-weight: 400\">No va ser fins al final de l\u2019Edat Moderna, amb la Revoluci\u00f3 Francesa l\u2019any <\/span><span style=\"font-weight: 400\">1789 <\/span><span style=\"font-weight: 400\">que es van escriure els primers<\/span><b> Drets dels Humans a Europa.<\/b><\/p>\n<p><span style=\"font-weight: 400\">A l\u2019Edat Contempor\u00e0nia, \u00e9s a dir, a l\u2019edat on ens trobem ara, les Nacions Unides van celebrar la<\/span><b> Declaraci\u00f3 dels Drets del Nen<\/b><span style=\"font-weight: 400\"> (1959) on s\u2019establien una s\u00e8rie de drets i obligacions per protegir les persones m\u00e9s vulnerables, els infants. Aquests s\u00f3n drets dels nens i nenes per la simple ra\u00f3 de neixer. <\/span><span style=\"font-weight: 400\">\u00a0Aquests drets s\u00f3n innats, irrenunciables, inalienables i imprescindibles per a tenir una bona inf\u00e0ncia i, per tant, esdevenen obligatoris.<\/span><\/p>\n<p><span style=\"font-weight: 400\">No obstant aix\u00f2, amb aquesta declaraci\u00f3 no n\u2019hi havia prou per protegir-los perqu\u00e8 els pa\u00efsos que havien signat no estaven obligats a complir els drets. <\/span><span style=\"font-weight: 400\">Despr\u00e9s d\u2019anys de negociacions amb governs, ONGs i altres institucions, el <strong>20 de Novembre de 1989<\/strong> es va aprovar el text final de la Convenci\u00f3 sobre els Drets de l\u2019Infant. La Convenci\u00f3 es va convertir en llei l\u2019any 1990.<\/span><\/p>\n<p><span style=\"font-weight: 400\">Alguns dels drets que apareixen a la Declaraci\u00f3 dels drets dels Infants s\u00f3n:<\/span><\/p>\n<ol>\n<li style=\"font-weight: 400\"><span style=\"font-weight: 400\">Dret a la igualtat, sense distinci\u00f3 d\u2019\u00e8tnia, religi\u00f3 o nacionalitat.<\/span><\/li>\n<li style=\"font-weight: 400\"><span style=\"font-weight: 400\">Dret a una protecci\u00f3 especial que asseguri un creixement mental i social sa i lliure.<\/span><\/li>\n<li style=\"font-weight: 400\"><span style=\"font-weight: 400\">Dret a un nom i a una nacionalitat.<\/span><\/li>\n<li style=\"font-weight: 400\"><span style=\"font-weight: 400\">Dret a una alimentaci\u00f3, habitatge i atenci\u00f3 m\u00e8dica adequats.<\/span><\/li>\n<li style=\"font-weight: 400\"><span style=\"font-weight: 400\">Dret a una educaci\u00f3 i atenci\u00f3 especials per als infants amb diversitat funcional.<\/span><\/li>\n<li style=\"font-weight: 400\"><span style=\"font-weight: 400\">Dret a la comprensi\u00f3 i l\u2019afecte per part de les fam\u00edlies i de la societat.<\/span><\/li>\n<li style=\"font-weight: 400\"><span style=\"font-weight: 400\">Dret a l&#8217;educaci\u00f3 gratu\u00efta. Dret a divertir-se i a jugar.<\/span><\/li>\n<li style=\"font-weight: 400\"><span style=\"font-weight: 400\">Dret a una atenci\u00f3 i ajuda preferents en cas de perill.<\/span><\/li>\n<li style=\"font-weight: 400\"><span style=\"font-weight: 400\">Dret a la protecci\u00f3 contra l&#8217;abandonament i l&#8217;explotaci\u00f3 en el treball.<\/span><\/li>\n<li style=\"font-weight: 400\"><span style=\"font-weight: 400\">Dret a rebre una educaci\u00f3 que fomenti la solidaritat, l&#8217;amistat i la just\u00edcia entre tothom.<\/span><\/li>\n<\/ol>\n<p><span style=\"font-weight: 400\">Hi ha molts llocs al m\u00f3n en qu\u00e8 aquests drets no es contemplen. En pa\u00efsos com el nostre tenim encara molt a fer, per\u00f2 els drets del infants van prenent for\u00e7a poc a poc.<\/span><\/p>\n<p>Els nens i nenes de la classe del cinema han adaptat els coneixements apresos per poder explicar-los a l&#8217;alumnat de l&#8217;escola des d&#8217;I3 fins a 5\u00e8 amb una presentaci\u00f3 digital.<\/p>\n<p>Ho han fet GENIAL!<\/p>\n<p>&nbsp;<\/p>\n","protected":false},"excerpt":{"rendered":"<p>CELEBRACI\u00d3 DEL DUDI A L&#8217;ESCOLA<br \/>\nEls nens i nenes de 6\u00e8 hem estudiat que fins fa poc temps, en la hist\u00f2ria de la humanitat, els infants eren considerats persones sense drets i totalment sotmeses a les seves fam\u00edlies. Aquesta situaci\u00f3 va canviar al segle XX, \u00e9s&hellip;  <a href=\"https:\/\/agora.xtec.cat\/escjoanblanquer\/general\/el-dia-universal-dels-drets-dels-infants\/\" title=\"Read El Dia Universal dels Drets dels Infants\">Llegeix m\u00e9s\u00bb<\/a><\/p>\n","protected":false},"author":23,"featured_media":3844,"comment_status":"open","ping_status":"closed","sticky":false,"template":"","format":"standard","meta":{"_bbp_topic_count":0,"_bbp_reply_count":0,"_bbp_total_topic_count":0,"_bbp_total_reply_count":0,"_bbp_voice_count":0,"_bbp_anonymous_reply_count":0,"_bbp_topic_count_hidden":0,"_bbp_reply_count_hidden":0,"_bbp_forum_subforum_count":0,"footnotes":""},"categories":[15,1,4],"tags":[],"class_list":["post-3842","post","type-post","status-publish","format-standard","has-post-thumbnail","hentry","category-6e","category-general","category-portada"],"post_mailing_queue_ids":[],"_links":{"self":[{"href":"https:\/\/agora.xtec.cat\/escjoanblanquer\/wp-json\/wp\/v2\/posts\/3842","targetHints":{"allow":["GET"]}}],"collection":[{"href":"https:\/\/agora.xtec.cat\/escjoanblanquer\/wp-json\/wp\/v2\/posts"}],"about":[{"href":"https:\/\/agora.xtec.cat\/escjoanblanquer\/wp-json\/wp\/v2\/types\/post"}],"author":[{"embeddable":true,"href":"https:\/\/agora.xtec.cat\/escjoanblanquer\/wp-json\/wp\/v2\/users\/23"}],"replies":[{"embeddable":true,"href":"https:\/\/agora.xtec.cat\/escjoanblanquer\/wp-json\/wp\/v2\/comments?post=3842"}],"version-history":[{"count":2,"href":"https:\/\/agora.xtec.cat\/escjoanblanquer\/wp-json\/wp\/v2\/posts\/3842\/revisions"}],"predecessor-version":[{"id":3846,"href":"https:\/\/agora.xtec.cat\/escjoanblanquer\/wp-json\/wp\/v2\/posts\/3842\/revisions\/3846"}],"wp:featuredmedia":[{"embeddable":true,"href":"https:\/\/agora.xtec.cat\/escjoanblanquer\/wp-json\/wp\/v2\/media\/3844"}],"wp:attachment":[{"href":"https:\/\/agora.xtec.cat\/escjoanblanquer\/wp-json\/wp\/v2\/media?parent=3842"}],"wp:term":[{"taxonomy":"category","embeddable":true,"href":"https:\/\/agora.xtec.cat\/escjoanblanquer\/wp-json\/wp\/v2\/categories?post=3842"},{"taxonomy":"post_tag","embeddable":true,"href":"https:\/\/agora.xtec.cat\/escjoanblanquer\/wp-json\/wp\/v2\/tags?post=3842"}],"curies":[{"name":"wp","href":"https:\/\/api.w.org\/{rel}","templated":true}]}}