{"id":3754,"date":"2024-02-27T12:41:09","date_gmt":"2024-02-27T11:41:09","guid":{"rendered":"https:\/\/agora.xtec.cat\/escjoanblanquer\/?p=3754"},"modified":"2024-06-11T10:50:27","modified_gmt":"2024-06-11T08:50:27","slug":"calendari-de-preinscripcio-i-matricula-pel-curs-2024-2025","status":"publish","type":"post","link":"https:\/\/agora.xtec.cat\/escjoanblanquer\/general\/calendari-de-preinscripcio-i-matricula-pel-curs-2024-2025\/","title":{"rendered":"CALENDARI DE PREINSCRIPCI\u00d3 I MATR\u00cdCULA PEL CURS 2024-2025"},"content":{"rendered":"<p><strong>DATES DE PREINSCRIPCI\u00d3:<\/strong> del 6 al 20 de mar\u00e7 del 2024<\/p>\n<p><strong>DATES DE MATR\u00cdCULA:<\/strong> del 28 al 26 de juny del 2024<\/p>\n<p><img loading=\"lazy\" decoding=\"async\" class=\"alignnone size-full wp-image-3757\" src=\"https:\/\/agora.xtec.cat\/escjoanblanquer\/wp-content\/uploads\/usu28\/2024\/02\/calendari-matricula-24-25.jpg\" alt=\"\" width=\"581\" height=\"571\" srcset=\"https:\/\/agora.xtec.cat\/escjoanblanquer\/wp-content\/uploads\/usu28\/2024\/02\/calendari-matricula-24-25.jpg 581w, https:\/\/agora.xtec.cat\/escjoanblanquer\/wp-content\/uploads\/usu28\/2024\/02\/calendari-matricula-24-25-300x295.jpg 300w\" sizes=\"auto, (max-width: 581px) 100vw, 581px\" \/><\/p>\n<p><strong>Enlla\u00e7os d\u2019inter\u00e8s:<\/strong><\/p>\n<p><a href=\"https:\/\/drive.google.com\/file\/d\/1ka_cwm7DowRSF7qeW58ULc6c9w0Howub\/view?usp=sharing\">Llista d&#8217;admesos<\/a><\/p>\n<p><a href=\"https:\/\/drive.google.com\/file\/d\/1TyfRkhAJMFWwVFj_Esh7VLXv0tKw6tkw\/view?usp=sharing\">Publicaci\u00f3 de la llista ordenada<\/a><\/p>\n<p><a style=\"color: #2795b6;\" href=\"https:\/\/drive.google.com\/file\/d\/1DR9KF6kHZhe04KM17EBtxPwV7Q8r2lCw\/view?usp=sharing\">Publicaci\u00f3 del llistat amb puntuacions definitives<\/a><\/p>\n<p><a href=\"https:\/\/drive.google.com\/file\/d\/1FOSffvkP8dce6T1Vo5AE6c8_0Y4A_LNu\/view?usp=drive_link\">Publicaci\u00f3 del llistat provisional de barems\u00a0<\/a><\/p>\n<p><a href=\"https:\/\/agora.xtec.cat\/escjoanblanquer\/general\/oferta-inicial-de-places-curs-23-24\/\">Oferta inicial de places<\/a><\/p>\n<p><a href=\"https:\/\/preinscripcio.gencat.cat\/ca\/inici\">Web de preinscripci\u00f3 del Departament d\u2019Educaci\u00f3<\/a><\/p>\n<p><a href=\"https:\/\/preinscripcio.gencat.cat\/ca\/estudis\/infantil-3-6\/inici\/\">El proc\u00e9s de preinscripci\u00f3<\/a><\/p>\n<p><a href=\"https:\/\/preinscripcio.gencat.cat\/ca\/estudis\/infantil-3-6\/informat\/calendari\/\">Terminis i informaci\u00f3 general<\/a><\/p>\n<p><a href=\"https:\/\/preinscripcio.gencat.cat\/ca\/estudis\/infantil-3-6\/preinscriute\/sollicitud\/\">Sol\u00b7licitud de preinscripci\u00f3<\/a><\/p>\n<p>&nbsp;<\/p>\n","protected":false},"excerpt":{"rendered":"<p>DATES DE PREINSCRIPCI\u00d3: del 6 al 20 de mar\u00e7 del 2024<br \/>\nDATES DE MATR\u00cdCULA: del 28 al 26 de juny del 2024<\/p>\n<p>Enlla\u00e7os d\u2019inter\u00e8s:<br \/>\n<a href=\"https:\/\/drive.google.com\/file\/d\/1ka_cwm7DowRSF7qeW58ULc6c9w0Howub\/view?usp=sharing\">Llista d&#8217;admesos<\/a><br \/>\n<a href=\"https:\/\/drive.google.com\/file\/d\/1TyfRkhAJMFWwVFj_Esh7VLXv0tKw6tkw\/view?usp=sharing\">Publicaci\u00f3 de la llista ordenada<\/a><br \/>\n<a style=\"color: #2795b6;\" href=\"https:\/\/drive.google.com\/file\/d\/1DR9KF6kHZhe04KM17EBtxPwV7Q8r2lCw\/view?usp=sharing\">Publicaci\u00f3 del llistat amb puntuacions definitives<\/a><br \/>\n<a href=\"https:\/\/drive.google.com\/file\/d\/1FOSffvkP8dce6T1Vo5AE6c8_0Y4A_LNu\/view?usp=drive_link\">Publicaci\u00f3 del llistat provisional de barems\u00a0<\/a><br \/>\n<a href=\"https:\/\/agora.xtec.cat\/escjoanblanquer\/general\/oferta-inicial-de-places-curs-23-24\/\">Oferta inicial&hellip;  <a href=\"https:\/\/agora.xtec.cat\/escjoanblanquer\/general\/calendari-de-preinscripcio-i-matricula-pel-curs-2024-2025\/\" title=\"Read CALENDARI DE PREINSCRIPCI\u00d3 I MATR\u00cdCULA PEL CURS 2024-2025\">Llegeix m\u00e9s\u00bb<\/a><\/p>\n","protected":false},"author":1,"featured_media":3759,"comment_status":"open","ping_status":"closed","sticky":false,"template":"","format":"standard","meta":{"_bbp_topic_count":0,"_bbp_reply_count":0,"_bbp_total_topic_count":0,"_bbp_total_reply_count":0,"_bbp_voice_count":0,"_bbp_anonymous_reply_count":0,"_bbp_topic_count_hidden":0,"_bbp_reply_count_hidden":0,"_bbp_forum_subforum_count":0,"footnotes":""},"categories":[1,61,4],"tags":[],"class_list":["post-3754","post","type-post","status-publish","format-standard","has-post-thumbnail","hentry","category-general","category-inici","category-portada"],"post_mailing_queue_ids":[],"_links":{"self":[{"href":"https:\/\/agora.xtec.cat\/escjoanblanquer\/wp-json\/wp\/v2\/posts\/3754","targetHints":{"allow":["GET"]}}],"collection":[{"href":"https:\/\/agora.xtec.cat\/escjoanblanquer\/wp-json\/wp\/v2\/posts"}],"about":[{"href":"https:\/\/agora.xtec.cat\/escjoanblanquer\/wp-json\/wp\/v2\/types\/post"}],"author":[{"embeddable":true,"href":"https:\/\/agora.xtec.cat\/escjoanblanquer\/wp-json\/wp\/v2\/users\/1"}],"replies":[{"embeddable":true,"href":"https:\/\/agora.xtec.cat\/escjoanblanquer\/wp-json\/wp\/v2\/comments?post=3754"}],"version-history":[{"count":7,"href":"https:\/\/agora.xtec.cat\/escjoanblanquer\/wp-json\/wp\/v2\/posts\/3754\/revisions"}],"predecessor-version":[{"id":3791,"href":"https:\/\/agora.xtec.cat\/escjoanblanquer\/wp-json\/wp\/v2\/posts\/3754\/revisions\/3791"}],"wp:featuredmedia":[{"embeddable":true,"href":"https:\/\/agora.xtec.cat\/escjoanblanquer\/wp-json\/wp\/v2\/media\/3759"}],"wp:attachment":[{"href":"https:\/\/agora.xtec.cat\/escjoanblanquer\/wp-json\/wp\/v2\/media?parent=3754"}],"wp:term":[{"taxonomy":"category","embeddable":true,"href":"https:\/\/agora.xtec.cat\/escjoanblanquer\/wp-json\/wp\/v2\/categories?post=3754"},{"taxonomy":"post_tag","embeddable":true,"href":"https:\/\/agora.xtec.cat\/escjoanblanquer\/wp-json\/wp\/v2\/tags?post=3754"}],"curies":[{"name":"wp","href":"https:\/\/api.w.org\/{rel}","templated":true}]}}