{"id":3722,"date":"2023-11-24T16:30:57","date_gmt":"2023-11-24T15:30:57","guid":{"rendered":"https:\/\/agora.xtec.cat\/escjoanblanquer\/?p=3722"},"modified":"2023-11-24T16:30:57","modified_gmt":"2023-11-24T15:30:57","slug":"la-castanyada-del-joan-blanquer","status":"publish","type":"post","link":"https:\/\/agora.xtec.cat\/escjoanblanquer\/general\/la-castanyada-del-joan-blanquer\/","title":{"rendered":"LA CASTANYADA DEL JOAN BLANQUER"},"content":{"rendered":"<p style=\"text-align: left;\"><span style=\"font-weight: 400;\">Aquesta Castanyada va ser molt especial per l&#8217;escola Joan Blanquer.\u00a0<\/span><\/p>\n<p style=\"text-align: left;\"><span style=\"font-weight: 400;\">Al mat\u00ed, els cursos de 4t, 5\u00e8 i 6\u00e8 van fer panellets amb els seus fillols d\u2019I3 I4 i I5, mentre que els nens i nenes de 1r, 2n i 3r van fer brotxetes de fruites de tardor.<\/span><\/p>\n<p style=\"text-align: left;\"><span style=\"font-weight: 400;\">Els infants que es van quedar al menjador van tenir un men\u00fa especial de Castanyada: crema de carbassa, porro i moniato, pollastre al forn amb castanyes i de postres, \u2018cupcakes\u2019. La decoraci\u00f3 del menjador tamb\u00e9 la van fer els nens i nenes amb cartolina i gomets de colors variats.\u00a0\u00a0<\/span><\/p>\n<p style=\"text-align: left;\"><span style=\"font-weight: 400;\">A la tarda, tots els nens i les nenes van rebre la visita de la Castanyera i van ballar-li unes danses al pati gran. La Castanyera els va felicitar perqu\u00e8 ho van fer molt i molt b\u00e9.\u00a0<\/span><\/p>\n<p style=\"text-align: left;\"><span style=\"font-weight: 400;\">Per acabar el dia, mestres i alumnes vam poder gaudir del berenar bon\u00edssim que hav\u00edem preparat al mat\u00ed: panellets i brotxetes. I us hem de dir que no en va quedar res!<\/span><\/p>\n<p style=\"text-align: left;\"><span style=\"font-weight: 400;\">Fins l&#8217;any vinent, Castanyera!<\/span><\/p>\n<p>\u00a0 \u00a0 \u00a0 \u00a0 \u00a0 \u00a0 \u00a0 \u00a0 \u00a0 \u00a0 \u00a0 \u00a0 \u00a0 \u00a0 \u00a0 \u00a0 \u00a0 \u00a0 \u00a0 \u00a0 \u00a0 \u00a0 \u00a0 \u00a0 \u00a0 \u00a0 \u00a0 \u00a0 \u00a0 \u00a0 \u00a0 \u00a0 \u00a0 \u00a0 \u00a0 \u00a0 \u00a0 \u00a0 \u00a0 \u00a0 \u00a0 \u00a0 \u00a0 \u00a0 \u00a0 \u00a0 \u00a0 \u00a0 \u00a0 \u00a0 \u00a0 \u00a0 \u00a0 \u00a0 \u00a0 \u00a0 \u00a0 \u00a0 \u00a0 \u00a0 \u00a0 \u00a0(Article escrit pels i les alumnes de 5\u00e8)<\/p>\n<p><img loading=\"lazy\" decoding=\"async\" class=\"wp-image-3726 aligncenter\" src=\"https:\/\/agora.xtec.cat\/escjoanblanquer\/wp-content\/uploads\/usu28\/2023\/11\/berenar-castanyada-1.jpg\" alt=\"\" width=\"558\" height=\"362\" srcset=\"https:\/\/agora.xtec.cat\/escjoanblanquer\/wp-content\/uploads\/usu28\/2023\/11\/berenar-castanyada-1.jpg 345w, https:\/\/agora.xtec.cat\/escjoanblanquer\/wp-content\/uploads\/usu28\/2023\/11\/berenar-castanyada-1-300x195.jpg 300w\" sizes=\"auto, (max-width: 558px) 100vw, 558px\" \/><span style=\"font-family: inherit; font-size: 1em;\">\u00a0<\/span><img loading=\"lazy\" decoding=\"async\" class=\"size-full wp-image-3728 aligncenter\" src=\"https:\/\/agora.xtec.cat\/escjoanblanquer\/wp-content\/uploads\/usu28\/2023\/11\/csatanyada2.jpg\" alt=\"\" width=\"559\" height=\"361\" srcset=\"https:\/\/agora.xtec.cat\/escjoanblanquer\/wp-content\/uploads\/usu28\/2023\/11\/csatanyada2.jpg 559w, https:\/\/agora.xtec.cat\/escjoanblanquer\/wp-content\/uploads\/usu28\/2023\/11\/csatanyada2-300x194.jpg 300w\" sizes=\"auto, (max-width: 559px) 100vw, 559px\" \/><\/p>\n<p><img loading=\"lazy\" decoding=\"async\" class=\"alignnone  wp-image-3724 aligncenter\" src=\"https:\/\/agora.xtec.cat\/escjoanblanquer\/wp-content\/uploads\/usu28\/2023\/11\/castanyera3.jpg\" alt=\"\" width=\"563\" height=\"392\" srcset=\"https:\/\/agora.xtec.cat\/escjoanblanquer\/wp-content\/uploads\/usu28\/2023\/11\/castanyera3.jpg 525w, https:\/\/agora.xtec.cat\/escjoanblanquer\/wp-content\/uploads\/usu28\/2023\/11\/castanyera3-300x209.jpg 300w\" sizes=\"auto, (max-width: 563px) 100vw, 563px\" \/><\/p>\n","protected":false},"excerpt":{"rendered":"<p>Aquesta Castanyada va ser molt especial per l&#8217;escola Joan Blanquer.\u00a0<br \/>\nAl mat\u00ed, els cursos de 4t, 5\u00e8 i 6\u00e8 van fer panellets amb els seus fillols d\u2019I3 I4 i I5, mentre que els nens i nenes de 1r, 2n i 3r van fer brotxetes de fruites&hellip;  <a href=\"https:\/\/agora.xtec.cat\/escjoanblanquer\/general\/la-castanyada-del-joan-blanquer\/\" title=\"Read LA CASTANYADA DEL JOAN BLANQUER\">Llegeix m\u00e9s\u00bb<\/a><\/p>\n","protected":false},"author":1,"featured_media":3727,"comment_status":"open","ping_status":"closed","sticky":false,"template":"","format":"standard","meta":{"_bbp_topic_count":0,"_bbp_reply_count":0,"_bbp_total_topic_count":0,"_bbp_total_reply_count":0,"_bbp_voice_count":0,"_bbp_anonymous_reply_count":0,"_bbp_topic_count_hidden":0,"_bbp_reply_count_hidden":0,"_bbp_forum_subforum_count":0,"footnotes":""},"categories":[1,61,4],"tags":[],"class_list":["post-3722","post","type-post","status-publish","format-standard","has-post-thumbnail","hentry","category-general","category-inici","category-portada"],"post_mailing_queue_ids":[],"_links":{"self":[{"href":"https:\/\/agora.xtec.cat\/escjoanblanquer\/wp-json\/wp\/v2\/posts\/3722","targetHints":{"allow":["GET"]}}],"collection":[{"href":"https:\/\/agora.xtec.cat\/escjoanblanquer\/wp-json\/wp\/v2\/posts"}],"about":[{"href":"https:\/\/agora.xtec.cat\/escjoanblanquer\/wp-json\/wp\/v2\/types\/post"}],"author":[{"embeddable":true,"href":"https:\/\/agora.xtec.cat\/escjoanblanquer\/wp-json\/wp\/v2\/users\/1"}],"replies":[{"embeddable":true,"href":"https:\/\/agora.xtec.cat\/escjoanblanquer\/wp-json\/wp\/v2\/comments?post=3722"}],"version-history":[{"count":1,"href":"https:\/\/agora.xtec.cat\/escjoanblanquer\/wp-json\/wp\/v2\/posts\/3722\/revisions"}],"predecessor-version":[{"id":3729,"href":"https:\/\/agora.xtec.cat\/escjoanblanquer\/wp-json\/wp\/v2\/posts\/3722\/revisions\/3729"}],"wp:featuredmedia":[{"embeddable":true,"href":"https:\/\/agora.xtec.cat\/escjoanblanquer\/wp-json\/wp\/v2\/media\/3727"}],"wp:attachment":[{"href":"https:\/\/agora.xtec.cat\/escjoanblanquer\/wp-json\/wp\/v2\/media?parent=3722"}],"wp:term":[{"taxonomy":"category","embeddable":true,"href":"https:\/\/agora.xtec.cat\/escjoanblanquer\/wp-json\/wp\/v2\/categories?post=3722"},{"taxonomy":"post_tag","embeddable":true,"href":"https:\/\/agora.xtec.cat\/escjoanblanquer\/wp-json\/wp\/v2\/tags?post=3722"}],"curies":[{"name":"wp","href":"https:\/\/api.w.org\/{rel}","templated":true}]}}