{"id":3715,"date":"2023-11-13T16:28:15","date_gmt":"2023-11-13T15:28:15","guid":{"rendered":"https:\/\/agora.xtec.cat\/escjoanblanquer\/?p=3715"},"modified":"2023-11-13T16:28:15","modified_gmt":"2023-11-13T15:28:15","slug":"com-ens-diem","status":"publish","type":"post","link":"https:\/\/agora.xtec.cat\/escjoanblanquer\/general\/com-ens-diem\/","title":{"rendered":"COM ENS DIEM"},"content":{"rendered":"<p>Benvolgudes fam\u00edlies i amics!<\/p>\n<p>Durant aquest trimestre estem fent moltes activitats al Joan Blanquer, per\u00f2 volem compartir amb vosaltres una de les que m\u00e9s ens agrada fer cada any i \u00e9s la d&#8217;escollir un nom per tots els grups de l&#8217;escola.<\/p>\n<p>Durant el mes de setembre, tot alumnat va pensar en diferents propostes i despr\u00e9s va comen\u00e7ar un per\u00edode de presentaci\u00f3, debat i votaci\u00f3 per escollir el nom definitiu per a cada classe. Finalment, al mes d&#8217;octubre es va fer la presentaci\u00f3 oficial al gimn\u00e0s, davant de tota l&#8217;escola, <span style=\"font-family: inherit; font-size: 1em;\">dels noms triats.<\/span><\/p>\n<p><span style=\"font-family: inherit; font-size: 1em;\">Aqu\u00ed els teniu! <\/span><\/p>\n<p><span style=\"font-family: inherit; font-size: 1em;\"><strong>I3<\/strong> s\u00f3n <strong>els indis i les \u00edndies.<\/strong><\/span><\/p>\n<p><strong>I4<\/strong> s\u00f3n <strong>les abelles<\/strong><\/p>\n<p><strong>I5<\/strong> s\u00f3n <strong>els i les dinosaures<\/strong><\/p>\n<p><strong>1r<\/strong> s\u00f3n <strong>els i les astronautes<\/strong><\/p>\n<p><strong>2n<\/strong> s\u00f3n <strong>els i les turistes<\/strong><\/p>\n<p><strong>3r<\/strong> s\u00f3n <strong>els i les esportistes<\/strong><\/p>\n<p><strong>4t<\/strong> s\u00f3n la <strong>classe de la m\u00fasica<\/strong><\/p>\n<p><strong>5\u00e8<\/strong> s\u00f3n <strong>els i les artistes<\/strong><\/p>\n<p><strong>6\u00e8<\/strong> s\u00f3n <strong>els curiosos i les curioses.<\/strong><\/p>\n<p><img loading=\"lazy\" decoding=\"async\" class=\"alignnone  wp-image-3716 aligncenter\" src=\"https:\/\/agora.xtec.cat\/escjoanblanquer\/wp-content\/uploads\/usu28\/2023\/11\/totes-les-fotos-classes.jpg\" alt=\"\" width=\"633\" height=\"779\" srcset=\"https:\/\/agora.xtec.cat\/escjoanblanquer\/wp-content\/uploads\/usu28\/2023\/11\/totes-les-fotos-classes.jpg 486w, https:\/\/agora.xtec.cat\/escjoanblanquer\/wp-content\/uploads\/usu28\/2023\/11\/totes-les-fotos-classes-244x300.jpg 244w\" sizes=\"auto, (max-width: 633px) 100vw, 633px\" \/><\/p>\n","protected":false},"excerpt":{"rendered":"<p>Benvolgudes fam\u00edlies i amics!<br \/>\nDurant aquest trimestre estem fent moltes activitats al Joan Blanquer, per\u00f2 volem compartir amb vosaltres una de les que m\u00e9s ens agrada fer cada any i \u00e9s la d&#8217;escollir un nom per tots els grups de l&#8217;escola.<br \/>\nDurant el mes de setembre, tot&hellip;  <a href=\"https:\/\/agora.xtec.cat\/escjoanblanquer\/general\/com-ens-diem\/\" title=\"Read COM ENS DIEM\">Llegeix m\u00e9s\u00bb<\/a><\/p>\n","protected":false},"author":1,"featured_media":3717,"comment_status":"open","ping_status":"closed","sticky":false,"template":"","format":"standard","meta":{"_bbp_topic_count":0,"_bbp_reply_count":0,"_bbp_total_topic_count":0,"_bbp_total_reply_count":0,"_bbp_voice_count":0,"_bbp_anonymous_reply_count":0,"_bbp_topic_count_hidden":0,"_bbp_reply_count_hidden":0,"_bbp_forum_subforum_count":0,"footnotes":""},"categories":[1,61,4],"tags":[],"class_list":["post-3715","post","type-post","status-publish","format-standard","has-post-thumbnail","hentry","category-general","category-inici","category-portada"],"post_mailing_queue_ids":[],"_links":{"self":[{"href":"https:\/\/agora.xtec.cat\/escjoanblanquer\/wp-json\/wp\/v2\/posts\/3715","targetHints":{"allow":["GET"]}}],"collection":[{"href":"https:\/\/agora.xtec.cat\/escjoanblanquer\/wp-json\/wp\/v2\/posts"}],"about":[{"href":"https:\/\/agora.xtec.cat\/escjoanblanquer\/wp-json\/wp\/v2\/types\/post"}],"author":[{"embeddable":true,"href":"https:\/\/agora.xtec.cat\/escjoanblanquer\/wp-json\/wp\/v2\/users\/1"}],"replies":[{"embeddable":true,"href":"https:\/\/agora.xtec.cat\/escjoanblanquer\/wp-json\/wp\/v2\/comments?post=3715"}],"version-history":[{"count":2,"href":"https:\/\/agora.xtec.cat\/escjoanblanquer\/wp-json\/wp\/v2\/posts\/3715\/revisions"}],"predecessor-version":[{"id":3719,"href":"https:\/\/agora.xtec.cat\/escjoanblanquer\/wp-json\/wp\/v2\/posts\/3715\/revisions\/3719"}],"wp:featuredmedia":[{"embeddable":true,"href":"https:\/\/agora.xtec.cat\/escjoanblanquer\/wp-json\/wp\/v2\/media\/3717"}],"wp:attachment":[{"href":"https:\/\/agora.xtec.cat\/escjoanblanquer\/wp-json\/wp\/v2\/media?parent=3715"}],"wp:term":[{"taxonomy":"category","embeddable":true,"href":"https:\/\/agora.xtec.cat\/escjoanblanquer\/wp-json\/wp\/v2\/categories?post=3715"},{"taxonomy":"post_tag","embeddable":true,"href":"https:\/\/agora.xtec.cat\/escjoanblanquer\/wp-json\/wp\/v2\/tags?post=3715"}],"curies":[{"name":"wp","href":"https:\/\/api.w.org\/{rel}","templated":true}]}}