{"id":3656,"date":"2023-05-31T15:47:40","date_gmt":"2023-05-31T13:47:40","guid":{"rendered":"https:\/\/agora.xtec.cat\/escjoanblanquer\/?p=3656"},"modified":"2023-05-31T15:57:24","modified_gmt":"2023-05-31T13:57:24","slug":"tallers-en-familia-2023","status":"publish","type":"post","link":"https:\/\/agora.xtec.cat\/escjoanblanquer\/general\/tallers-en-familia-2023\/","title":{"rendered":"TALLERS EN FAM\u00cdLIA 2023"},"content":{"rendered":"<p>&nbsp;<\/p>\n<p>Un curs m\u00e9s a l&#8217;escola s&#8217;ha dut a terme una proposta molt especial, els tallers en fam\u00edlia.<\/p>\n<p>Amb aquesta activitat, el centre obre les portes a totes aquelles fam\u00edlies que volen implicar-se durant l\u2019horari lectiu en el dia a dia del treball a l\u2019aula, tot ideant, preparant i conduint directament diferents tallers per fer amb els alumnes des de l&#8217;\u00e0mbit de l&#8217;educaci\u00f3 art\u00edstica.<\/p>\n<p>Durant tot el mes de maig, <span style=\"font-family: inherit; font-size: 1em;\">els grups d&#8217;Infantil, Cicle inicial, Cicle mitj\u00e0 i Cicle superior han pogut viure i compartir aquesta experi\u00e8ncia a les aules amb tots els familiars que hi han participat.\u00a0 \u00a0\u00a0<\/span><\/p>\n<p>Els tallers en fam\u00edlia d&#8217;aquest any han estat tot un \u00e8xit i volem felicitar a totes les fam\u00edlies volunt\u00e0ries, per les ganes que hi han posat, les bones idees i el temps que hi han destinat.<\/p>\n<p><img loading=\"lazy\" decoding=\"async\" class=\"alignnone wp-image-3657\" src=\"https:\/\/agora.xtec.cat\/escjoanblanquer\/wp-content\/uploads\/usu28\/2023\/05\/IMG-20230531-WA0015-768x1024.jpg\" alt=\"\" width=\"373\" height=\"497\" srcset=\"https:\/\/agora.xtec.cat\/escjoanblanquer\/wp-content\/uploads\/usu28\/2023\/05\/IMG-20230531-WA0015-768x1024.jpg 768w, https:\/\/agora.xtec.cat\/escjoanblanquer\/wp-content\/uploads\/usu28\/2023\/05\/IMG-20230531-WA0015-225x300.jpg 225w, https:\/\/agora.xtec.cat\/escjoanblanquer\/wp-content\/uploads\/usu28\/2023\/05\/IMG-20230531-WA0015-1152x1536.jpg 1152w, https:\/\/agora.xtec.cat\/escjoanblanquer\/wp-content\/uploads\/usu28\/2023\/05\/IMG-20230531-WA0015.jpg 1200w\" sizes=\"auto, (max-width: 373px) 100vw, 373px\" \/>.\u00a0\u00a0<img loading=\"lazy\" decoding=\"async\" class=\"alignnone wp-image-3658\" src=\"https:\/\/agora.xtec.cat\/escjoanblanquer\/wp-content\/uploads\/usu28\/2023\/05\/IMG-20230531-WA0016-768x1024.jpg\" alt=\"\" width=\"371\" height=\"495\" srcset=\"https:\/\/agora.xtec.cat\/escjoanblanquer\/wp-content\/uploads\/usu28\/2023\/05\/IMG-20230531-WA0016-768x1024.jpg 768w, https:\/\/agora.xtec.cat\/escjoanblanquer\/wp-content\/uploads\/usu28\/2023\/05\/IMG-20230531-WA0016-225x300.jpg 225w, https:\/\/agora.xtec.cat\/escjoanblanquer\/wp-content\/uploads\/usu28\/2023\/05\/IMG-20230531-WA0016-1152x1536.jpg 1152w, https:\/\/agora.xtec.cat\/escjoanblanquer\/wp-content\/uploads\/usu28\/2023\/05\/IMG-20230531-WA0016.jpg 1200w\" sizes=\"auto, (max-width: 371px) 100vw, 371px\" \/><\/p>\n<p><img loading=\"lazy\" decoding=\"async\" class=\"alignnone wp-image-3659\" src=\"https:\/\/agora.xtec.cat\/escjoanblanquer\/wp-content\/uploads\/usu28\/2023\/05\/IMG-20230531-WA0017-768x1024.jpg\" alt=\"\" width=\"372\" height=\"496\" srcset=\"https:\/\/agora.xtec.cat\/escjoanblanquer\/wp-content\/uploads\/usu28\/2023\/05\/IMG-20230531-WA0017-768x1024.jpg 768w, https:\/\/agora.xtec.cat\/escjoanblanquer\/wp-content\/uploads\/usu28\/2023\/05\/IMG-20230531-WA0017-225x300.jpg 225w, https:\/\/agora.xtec.cat\/escjoanblanquer\/wp-content\/uploads\/usu28\/2023\/05\/IMG-20230531-WA0017-1152x1536.jpg 1152w, https:\/\/agora.xtec.cat\/escjoanblanquer\/wp-content\/uploads\/usu28\/2023\/05\/IMG-20230531-WA0017.jpg 1200w\" sizes=\"auto, (max-width: 372px) 100vw, 372px\" \/>\u00a0 \u00a0<img loading=\"lazy\" decoding=\"async\" class=\"alignnone wp-image-3660\" src=\"https:\/\/agora.xtec.cat\/escjoanblanquer\/wp-content\/uploads\/usu28\/2023\/05\/IMG-20230531-WA0018-768x1024.jpg\" alt=\"\" width=\"372\" height=\"496\" srcset=\"https:\/\/agora.xtec.cat\/escjoanblanquer\/wp-content\/uploads\/usu28\/2023\/05\/IMG-20230531-WA0018-768x1024.jpg 768w, https:\/\/agora.xtec.cat\/escjoanblanquer\/wp-content\/uploads\/usu28\/2023\/05\/IMG-20230531-WA0018-225x300.jpg 225w, https:\/\/agora.xtec.cat\/escjoanblanquer\/wp-content\/uploads\/usu28\/2023\/05\/IMG-20230531-WA0018-1152x1536.jpg 1152w, https:\/\/agora.xtec.cat\/escjoanblanquer\/wp-content\/uploads\/usu28\/2023\/05\/IMG-20230531-WA0018.jpg 1200w\" sizes=\"auto, (max-width: 372px) 100vw, 372px\" \/><\/p>\n<p><img loading=\"lazy\" decoding=\"async\" class=\"alignnone wp-image-3661\" src=\"https:\/\/agora.xtec.cat\/escjoanblanquer\/wp-content\/uploads\/usu28\/2023\/05\/IMG-20230531-WA0019-768x1024.jpg\" alt=\"\" width=\"755\" height=\"1007\" srcset=\"https:\/\/agora.xtec.cat\/escjoanblanquer\/wp-content\/uploads\/usu28\/2023\/05\/IMG-20230531-WA0019-768x1024.jpg 768w, https:\/\/agora.xtec.cat\/escjoanblanquer\/wp-content\/uploads\/usu28\/2023\/05\/IMG-20230531-WA0019-225x300.jpg 225w, https:\/\/agora.xtec.cat\/escjoanblanquer\/wp-content\/uploads\/usu28\/2023\/05\/IMG-20230531-WA0019-1152x1536.jpg 1152w, https:\/\/agora.xtec.cat\/escjoanblanquer\/wp-content\/uploads\/usu28\/2023\/05\/IMG-20230531-WA0019.jpg 1200w\" sizes=\"auto, (max-width: 755px) 100vw, 755px\" \/><\/p>\n","protected":false},"excerpt":{"rendered":"<p>&nbsp;<br \/>\nUn curs m\u00e9s a l&#8217;escola s&#8217;ha dut a terme una proposta molt especial, els tallers en fam\u00edlia.<br \/>\nAmb aquesta activitat, el centre obre les portes a totes aquelles fam\u00edlies que volen implicar-se durant l\u2019horari lectiu en el dia a dia del treball a l\u2019aula, tot ideant,&hellip;  <a href=\"https:\/\/agora.xtec.cat\/escjoanblanquer\/general\/tallers-en-familia-2023\/\" title=\"Read TALLERS EN FAM\u00cdLIA 2023\">Llegeix m\u00e9s\u00bb<\/a><\/p>\n","protected":false},"author":1,"featured_media":3664,"comment_status":"open","ping_status":"closed","sticky":false,"template":"","format":"standard","meta":{"_bbp_topic_count":0,"_bbp_reply_count":0,"_bbp_total_topic_count":0,"_bbp_total_reply_count":0,"_bbp_voice_count":0,"_bbp_anonymous_reply_count":0,"_bbp_topic_count_hidden":0,"_bbp_reply_count_hidden":0,"_bbp_forum_subforum_count":0,"footnotes":""},"categories":[1,61,4],"tags":[],"class_list":["post-3656","post","type-post","status-publish","format-standard","has-post-thumbnail","hentry","category-general","category-inici","category-portada"],"post_mailing_queue_ids":[],"_links":{"self":[{"href":"https:\/\/agora.xtec.cat\/escjoanblanquer\/wp-json\/wp\/v2\/posts\/3656","targetHints":{"allow":["GET"]}}],"collection":[{"href":"https:\/\/agora.xtec.cat\/escjoanblanquer\/wp-json\/wp\/v2\/posts"}],"about":[{"href":"https:\/\/agora.xtec.cat\/escjoanblanquer\/wp-json\/wp\/v2\/types\/post"}],"author":[{"embeddable":true,"href":"https:\/\/agora.xtec.cat\/escjoanblanquer\/wp-json\/wp\/v2\/users\/1"}],"replies":[{"embeddable":true,"href":"https:\/\/agora.xtec.cat\/escjoanblanquer\/wp-json\/wp\/v2\/comments?post=3656"}],"version-history":[{"count":1,"href":"https:\/\/agora.xtec.cat\/escjoanblanquer\/wp-json\/wp\/v2\/posts\/3656\/revisions"}],"predecessor-version":[{"id":3662,"href":"https:\/\/agora.xtec.cat\/escjoanblanquer\/wp-json\/wp\/v2\/posts\/3656\/revisions\/3662"}],"wp:featuredmedia":[{"embeddable":true,"href":"https:\/\/agora.xtec.cat\/escjoanblanquer\/wp-json\/wp\/v2\/media\/3664"}],"wp:attachment":[{"href":"https:\/\/agora.xtec.cat\/escjoanblanquer\/wp-json\/wp\/v2\/media?parent=3656"}],"wp:term":[{"taxonomy":"category","embeddable":true,"href":"https:\/\/agora.xtec.cat\/escjoanblanquer\/wp-json\/wp\/v2\/categories?post=3656"},{"taxonomy":"post_tag","embeddable":true,"href":"https:\/\/agora.xtec.cat\/escjoanblanquer\/wp-json\/wp\/v2\/tags?post=3656"}],"curies":[{"name":"wp","href":"https:\/\/api.w.org\/{rel}","templated":true}]}}